{"id":1013,"date":"2008-12-10T22:47:05","date_gmt":"2008-12-10T21:47:05","guid":{"rendered":"http:\/\/www.article-marketing.eu\/comunicati\/senza-categoria\/innovative-day-2008-una-giornata-dedicata-allinnovazione-applicata\/"},"modified":"2018-06-04T20:10:25","modified_gmt":"2018-06-04T18:10:25","slug":"innovative-day-2008-una-giornata-dedicata-allinnovazione-applicata","status":"publish","type":"post","link":"https:\/\/www.article-marketing.eu\/comunicati\/comunicati-stampa\/eventi\/innovative-day-2008-una-giornata-dedicata-allinnovazione-applicata\/","title":{"rendered":"Innovative Day 2008: una giornata dedicata all\u2019innovazione applicata"},"content":{"rendered":"<p style=\"TEXT-ALIGN: justify\">Milano, 10.12.2008. Luned\u00ec 15 dicembre 2008 dalle ore 10 si terr\u00e0 a Milano l\u2019<strong>Innovative Day<\/strong>, un open day organizzato per diffondere la cultura della tecnologia, della creativit\u00e0 e dell\u2019innovazione con una metodologia basata sul \u201c<em>learning by doing<\/em>\u201d. L\u2019evento, nel quadro di una presenza delle Istituzioni sempre pi\u00f9 incisiva sul fronte dei progetti innovativi, \u00e8 nato in collaborazione con Innovhub, l\u2019Azienda speciale della Camera di Commercio di Milano per l\u2019innovazione.<\/p>\n<p style=\"TEXT-ALIGN: justify\">Durante la giornata, dal claim \u201cl\u2019innovazione vuol dire pi\u00f9 idee, pi\u00f9 produttivit\u00e0, pi\u00f9 successo insieme ad un maggior risparmio\u201d, si articoleranno un camp, un <em>lunch<\/em> e due workshop nei seguenti orari:<\/p>\n<p style=\"TEXT-INDENT: -18pt; TEXT-ALIGN: justify\">&#8211;&nbsp;&nbsp;&nbsp;&nbsp;&nbsp;&nbsp;&nbsp;&nbsp;&nbsp;&#8211; dalle 10 alle 13.15: camp<strong> \u201c<\/strong>Nuove tecnologie e le PMI: risparmio e risultati efficaci\u201d;<\/p>\n<p style=\"TEXT-INDENT: -18pt; TEXT-ALIGN: justify\"><strong>&#8211;&nbsp;&nbsp;&nbsp;&nbsp;&nbsp;&nbsp;&nbsp;&nbsp;&nbsp; &#8211; <\/strong>dalle 13,15 alle 14,15: lunch che<strong> segue i dettami del \u201c<\/strong><strong>Food Design<\/strong><strong>\u201d;<\/strong><\/p>\n<p style=\"TEXT-INDENT: -18pt; TEXT-ALIGN: justify\">&#8211;&nbsp;&nbsp;&nbsp;&nbsp;&nbsp;&nbsp;&nbsp;&nbsp;&nbsp; &#8211; dalle 14,15 alle 16,00: workshop \u201c<strong>CreAttivit\u00e0<\/strong>\u201d, pensato per sensibilizzare i partecipanti verso le logiche alla base del \u201cPensiero Laterale\u201d e per stimolare la curiosit\u00e0 nei confronti del pensiero creativo;<\/p>\n<p style=\"TEXT-INDENT: -18pt; TEXT-ALIGN: justify\">&#8211;&nbsp;&nbsp;&nbsp;&nbsp;&nbsp;&nbsp;&nbsp;&nbsp;&nbsp; &#8211; dalle 16,00 alle 17,30: workshop \u201c<strong>Dire\/Fare<\/strong>\u201d, in cui i canali saranno provati in diretta (wiki, blog, social network e web tv) e si toccheranno con mano i vantaggi delle nuove tecnologie, la loro facilit\u00e0 d\u2019uso unitamente alla nuova mentalit\u00e0 che le sostiene.<\/p>\n<p style=\"TEXT-ALIGN: justify\">In occasione dell\u2019Innovative Day, alcuni degli oratori del camp, intervistati, hanno proposto la loro ricetta per innovare in tempo di crisi. <\/p>\n<p style=\"TEXT-ALIGN: justify\"><strong>Alessandro Spada<\/strong>, Presidente di Innovhub, azienda speciale della Camera di commercio di Milano, afferma: \u201c<em>I tre ingredienti principali dell\u2019innovazione grazie ai quali poter affrontare le sfide della crisi globale sono: lo spirito pioneristico, l\u2019apertura al cambiamento e la ricerca della conoscenza. \u00c8 di vitale importanza saper ritrovare la capacit\u00e0 creativa e rilanciare l\u2019innovazione, per questo anche le Istituzioni stanno cercando di aiutare le PMI a riscoprire questi elementi, grazie ad una serie di attivit\u00e0 a supporto della diffusione della cultura innovativa<\/em>\u201d. <strong>Alessandro Cederle <\/strong>A.D. Reed Business Information: \u201c<em>Gli ingredienti pi\u00f9 importanti per innovare in tempi di crisi sono: concentrarsi sulle proprie abilit\u00e0 chiave e stabilire alleanze a valore aggiunto per le altre, rovesciare la visione dell\u2019azienda guardandola con gli occhi del cliente ed infine riconfigurare i prodotti facendo leva sugli aspetti chiave (competenze, base clienti, marchi, ecc.) per ripensarli in termini di conoscenza, al di l\u00e0 degli aspetti fisici e dei vincoli con la tradizione<\/em>\u201d.<strong> Giuseppe Mascitelli<\/strong>, CEO Mediolanum Comunicazione: \u201c<em>Considererei come primo ingrediente proprio la crisi stessa, capace di spingerci nella ricerca di nuove idee; come secondo, curare maggiormente il rapporto con i propri collaboratori e come ultimo ingrediente l\u2019importanza di avere un atteggiamento di ascolto, ovvero sensibile ad ogni possibile occasione di agguantare opportunit\u00e0 generate dalla crisi, durante la quale anche piccole innovazioni possono produrre risultati eclatanti<\/em>\u201d.<strong> Massimo Giordani<\/strong>,<strong> <\/strong>CEO Time &amp; Mind: \u201c<em>A mio avviso i tre ingredienti sono:<strong> <\/strong>il coraggio di credere nelle proprie idee (soprattutto se innovative), la positivit\u00e0 che ogni situazione ha in s\u00e9 (anche le pi\u00f9 negative) e<strong> <\/strong>il lavoro di squadra, senza aver paura di condividere il proprio orticello<\/em>&quot;.<strong> Marco Camisani Calzolari<\/strong>, CEO Speakage, sinteticamente propone: \u201c<em>Dentro-Fuori, Dentro-Dentro e Fuori-Dentro, cio\u00e8 tre delle quattro direzioni <\/em><em>in cui si manifesta la Relazione Comunicativa d\u2019Impresa,<\/em> <em>come strumento interpretativo affinch\u00e9 le potenzialit\u00e0 messe a diposizione dal Nuovo Web siano sfruttate correttamente dalle aziende<\/em>\u201d. <strong>Fabrizio Bellavista<\/strong>, Partner Psycho-Research, afferma: \u201c<em>Un famoso aneddoto dice che la miglior ricetta \u00e8 la fame e in questo senso credo che i periodi di crisi coincidano con il concetto di fame e siano occasione per far emergere nuovi talenti. Dunque la mia risposta \u00e8: talento, creativit\u00e0, visione<\/em>\u201d. <strong>Chiara De Caro<\/strong>, fondatrice di Pickwicki.com: \u201c<em>Pensando alla mia attivit\u00e0, direi un mix tra coraggio di intraprendere nuove strade, creativit\u00e0 e un ritorno alla dimensione locale, riferito nel mio caso alle librerie che fanno parte del circuito Pickwicki. Quindi la dimensione reale, pur parlando di web 2.0, mantiene una ruolo importante<\/em>\u201d. <strong>Valeria Loretti<\/strong>, Partner di CreactiveFour: \u201c<em>I tre ingredienti sono:<strong> <\/strong>coraggio, creAttivit\u00e0 e nuove tecnologie<\/em>\u201d. Infine,<strong> Roberto Galli<\/strong>, A.D. di Erremme Srl: \u201c<em>Per innovare in tempo di crisi \u00e8 necessario:<strong> <\/strong>ascoltare i collaboratori, i clienti e infine<strong> <\/strong>aumentare la comunicazione, rielaborando i feedback ricevuti<\/em>.\u201d<strong> <\/strong><\/p>\n<p style=\"TEXT-ALIGN: justify\"><strong>Innovative Day 2008<\/strong>. Sala Esposizioni e Sala Videoconferenze. Palazzo Giureconsulti. Via Mercanti, 2. Milano. 15.12.2008. Ore 10-18.<\/p>\n<p style=\"TEXT-ALIGN: justify\">Per info: www.innovativeday.com<\/p>\n<p style=\"TEXT-ALIGN: justify\">&nbsp;&nbsp;&nbsp;&nbsp;&nbsp;&nbsp;&nbsp;&nbsp;&nbsp;&nbsp;&nbsp; &nbsp;&nbsp;&nbsp; www.innovhub.it <\/p>\n","protected":false},"excerpt":{"rendered":"<p>Luned\u00ec 15 dicembre 2008 dalle ore 10 si terr\u00e0 a Milano l\u2019Innovative Day, un open day organizzato per diffondere la cultura della tecnologia, della creativit\u00e0 e dell\u2019innovazione con una metodologia basata sul \u201clearning by doing\u201d.<\/p>\n","protected":false},"author":10,"featured_media":0,"comment_status":"open","ping_status":"open","sticky":false,"template":"","format":"standard","meta":{"cybocfi_hide_featured_image":"","footnotes":""},"categories":[388],"tags":[3482,2593,1341,1342,3473,3479,3480,3472,1826,3481,3478,1343,3476,3474,3477,3475,975],"class_list":["post-1013","post","type-post","status-publish","format-standard","hentry","category-eventi","tag-camera-commercio","tag-camp","tag-creativita","tag-de-bono","tag-dicembre","tag-food-design","tag-incontro","tag-innovative-day","tag-innovazione","tag-innovhub","tag-lunch","tag-milano","tag-palazzo-giureconsulti","tag-sala-esposizioni","tag-via-mercanti","tag-videoconferenze","tag-workshop"],"yoast_head":"<!-- This site is optimized with the Yoast SEO plugin v27.0 - https:\/\/yoast.com\/product\/yoast-seo-wordpress\/ -->\n<title>Innovative Day 2008: una giornata dedicata all\u2019innovazione applicata - Article Marketing<\/title>\n<meta name=\"robots\" content=\"index, follow, max-snippet:-1, max-image-preview:large, max-video-preview:-1\" \/>\n<link rel=\"canonical\" href=\"https:\/\/www.article-marketing.eu\/comunicati\/comunicati-stampa\/eventi\/innovative-day-2008-una-giornata-dedicata-allinnovazione-applicata\/\" \/>\n<meta property=\"og:locale\" content=\"it_IT\" \/>\n<meta property=\"og:type\" content=\"article\" \/>\n<meta property=\"og:title\" content=\"Innovative Day 2008: una giornata dedicata all\u2019innovazione applicata - Article Marketing\" \/>\n<meta property=\"og:description\" content=\"Luned\u00ec 15 dicembre 2008 dalle ore 10 si terr\u00e0 a Milano l\u2019Innovative Day, un open day organizzato per diffondere la cultura della tecnologia, della creativit\u00e0 e dell\u2019innovazione con una metodologia basata sul \u201clearning by doing\u201d.\" \/>\n<meta property=\"og:url\" content=\"https:\/\/www.article-marketing.eu\/comunicati\/comunicati-stampa\/eventi\/innovative-day-2008-una-giornata-dedicata-allinnovazione-applicata\/\" \/>\n<meta property=\"og:site_name\" content=\"Article Marketing\" \/>\n<meta property=\"article:published_time\" content=\"2008-12-10T21:47:05+00:00\" \/>\n<meta property=\"article:modified_time\" content=\"2018-06-04T18:10:25+00:00\" \/>\n<meta name=\"author\" content=\"Redazione Comunicati Stampa\" \/>\n<meta name=\"twitter:card\" content=\"summary_large_image\" \/>\n<meta name=\"twitter:label1\" content=\"Scritto da\" \/>\n\t<meta name=\"twitter:data1\" content=\"Redazione Comunicati Stampa\" \/>\n\t<meta name=\"twitter:label2\" content=\"Tempo di lettura stimato\" \/>\n\t<meta name=\"twitter:data2\" content=\"4 minuti\" \/>\n<script type=\"application\/ld+json\" class=\"yoast-schema-graph\">{\"@context\":\"https:\/\/schema.org\",\"@graph\":[{\"@type\":\"Article\",\"@id\":\"https:\/\/www.article-marketing.eu\/comunicati\/comunicati-stampa\/eventi\/innovative-day-2008-una-giornata-dedicata-allinnovazione-applicata\/#article\",\"isPartOf\":{\"@id\":\"https:\/\/www.article-marketing.eu\/comunicati\/comunicati-stampa\/eventi\/innovative-day-2008-una-giornata-dedicata-allinnovazione-applicata\/\"},\"author\":{\"name\":\"Redazione Comunicati Stampa\",\"@id\":\"https:\/\/www.article-marketing.eu\/comunicati\/#\/schema\/person\/44372e4d4d0fa797b18e03ed1ace9017\"},\"headline\":\"Innovative Day 2008: una giornata dedicata all\u2019innovazione applicata\",\"datePublished\":\"2008-12-10T21:47:05+00:00\",\"dateModified\":\"2018-06-04T18:10:25+00:00\",\"mainEntityOfPage\":{\"@id\":\"https:\/\/www.article-marketing.eu\/comunicati\/comunicati-stampa\/eventi\/innovative-day-2008-una-giornata-dedicata-allinnovazione-applicata\/\"},\"wordCount\":757,\"commentCount\":0,\"keywords\":[\"camera commercio\",\"camp\",\"creativit\u00e0\",\"de bono\",\"dicembre\",\"food design\",\"incontro\",\"innovative day\",\"innovazione\",\"innovhub\",\"lunch\",\"milano\",\"Palazzo Giureconsulti\",\"Sala Esposizioni\",\"Via Mercanti\",\"Videoconferenze\",\"workshop\"],\"articleSection\":[\"Eventi\"],\"inLanguage\":\"it-IT\",\"potentialAction\":[{\"@type\":\"CommentAction\",\"name\":\"Comment\",\"target\":[\"https:\/\/www.article-marketing.eu\/comunicati\/comunicati-stampa\/eventi\/innovative-day-2008-una-giornata-dedicata-allinnovazione-applicata\/#respond\"]}]},{\"@type\":\"WebPage\",\"@id\":\"https:\/\/www.article-marketing.eu\/comunicati\/comunicati-stampa\/eventi\/innovative-day-2008-una-giornata-dedicata-allinnovazione-applicata\/\",\"url\":\"https:\/\/www.article-marketing.eu\/comunicati\/comunicati-stampa\/eventi\/innovative-day-2008-una-giornata-dedicata-allinnovazione-applicata\/\",\"name\":\"Innovative Day 2008: una giornata dedicata all\u2019innovazione applicata - Article Marketing\",\"isPartOf\":{\"@id\":\"https:\/\/www.article-marketing.eu\/comunicati\/#website\"},\"datePublished\":\"2008-12-10T21:47:05+00:00\",\"dateModified\":\"2018-06-04T18:10:25+00:00\",\"author\":{\"@id\":\"https:\/\/www.article-marketing.eu\/comunicati\/#\/schema\/person\/44372e4d4d0fa797b18e03ed1ace9017\"},\"breadcrumb\":{\"@id\":\"https:\/\/www.article-marketing.eu\/comunicati\/comunicati-stampa\/eventi\/innovative-day-2008-una-giornata-dedicata-allinnovazione-applicata\/#breadcrumb\"},\"inLanguage\":\"it-IT\",\"potentialAction\":[{\"@type\":\"ReadAction\",\"target\":[\"https:\/\/www.article-marketing.eu\/comunicati\/comunicati-stampa\/eventi\/innovative-day-2008-una-giornata-dedicata-allinnovazione-applicata\/\"]}]},{\"@type\":\"BreadcrumbList\",\"@id\":\"https:\/\/www.article-marketing.eu\/comunicati\/comunicati-stampa\/eventi\/innovative-day-2008-una-giornata-dedicata-allinnovazione-applicata\/#breadcrumb\",\"itemListElement\":[{\"@type\":\"ListItem\",\"position\":1,\"name\":\"Home\",\"item\":\"https:\/\/www.article-marketing.eu\/comunicati\/\"},{\"@type\":\"ListItem\",\"position\":2,\"name\":\"Innovative Day 2008: una giornata dedicata all\u2019innovazione applicata\"}]},{\"@type\":\"WebSite\",\"@id\":\"https:\/\/www.article-marketing.eu\/comunicati\/#website\",\"url\":\"https:\/\/www.article-marketing.eu\/comunicati\/\",\"name\":\"Article Marketing\",\"description\":\"article marketing &amp; press release\",\"potentialAction\":[{\"@type\":\"SearchAction\",\"target\":{\"@type\":\"EntryPoint\",\"urlTemplate\":\"https:\/\/www.article-marketing.eu\/comunicati\/?s={search_term_string}\"},\"query-input\":{\"@type\":\"PropertyValueSpecification\",\"valueRequired\":true,\"valueName\":\"search_term_string\"}}],\"inLanguage\":\"it-IT\"},{\"@type\":\"Person\",\"@id\":\"https:\/\/www.article-marketing.eu\/comunicati\/#\/schema\/person\/44372e4d4d0fa797b18e03ed1ace9017\",\"name\":\"Redazione Comunicati Stampa\",\"image\":{\"@type\":\"ImageObject\",\"inLanguage\":\"it-IT\",\"@id\":\"https:\/\/www.article-marketing.eu\/comunicati\/#\/schema\/person\/image\/\",\"url\":\"https:\/\/secure.gravatar.com\/avatar\/50e5c6421d3072f42e7ace803501602c60d75233d34e29fd05feb91c8760b792?s=96&d=mm&r=g\",\"contentUrl\":\"https:\/\/secure.gravatar.com\/avatar\/50e5c6421d3072f42e7ace803501602c60d75233d34e29fd05feb91c8760b792?s=96&d=mm&r=g\",\"caption\":\"Redazione Comunicati Stampa\"},\"url\":\"https:\/\/www.article-marketing.eu\/comunicati\/author\/redazione-comunicati-stampa\/\"}]}<\/script>\n<!-- \/ Yoast SEO plugin. -->","yoast_head_json":{"title":"Innovative Day 2008: una giornata dedicata all\u2019innovazione applicata - Article Marketing","robots":{"index":"index","follow":"follow","max-snippet":"max-snippet:-1","max-image-preview":"max-image-preview:large","max-video-preview":"max-video-preview:-1"},"canonical":"https:\/\/www.article-marketing.eu\/comunicati\/comunicati-stampa\/eventi\/innovative-day-2008-una-giornata-dedicata-allinnovazione-applicata\/","og_locale":"it_IT","og_type":"article","og_title":"Innovative Day 2008: una giornata dedicata all\u2019innovazione applicata - Article Marketing","og_description":"Luned\u00ec 15 dicembre 2008 dalle ore 10 si terr\u00e0 a Milano l\u2019Innovative Day, un open day organizzato per diffondere la cultura della tecnologia, della creativit\u00e0 e dell\u2019innovazione con una metodologia basata sul \u201clearning by doing\u201d.","og_url":"https:\/\/www.article-marketing.eu\/comunicati\/comunicati-stampa\/eventi\/innovative-day-2008-una-giornata-dedicata-allinnovazione-applicata\/","og_site_name":"Article Marketing","article_published_time":"2008-12-10T21:47:05+00:00","article_modified_time":"2018-06-04T18:10:25+00:00","author":"Redazione Comunicati Stampa","twitter_card":"summary_large_image","twitter_misc":{"Scritto da":"Redazione Comunicati Stampa","Tempo di lettura stimato":"4 minuti"},"schema":{"@context":"https:\/\/schema.org","@graph":[{"@type":"Article","@id":"https:\/\/www.article-marketing.eu\/comunicati\/comunicati-stampa\/eventi\/innovative-day-2008-una-giornata-dedicata-allinnovazione-applicata\/#article","isPartOf":{"@id":"https:\/\/www.article-marketing.eu\/comunicati\/comunicati-stampa\/eventi\/innovative-day-2008-una-giornata-dedicata-allinnovazione-applicata\/"},"author":{"name":"Redazione Comunicati Stampa","@id":"https:\/\/www.article-marketing.eu\/comunicati\/#\/schema\/person\/44372e4d4d0fa797b18e03ed1ace9017"},"headline":"Innovative Day 2008: una giornata dedicata all\u2019innovazione applicata","datePublished":"2008-12-10T21:47:05+00:00","dateModified":"2018-06-04T18:10:25+00:00","mainEntityOfPage":{"@id":"https:\/\/www.article-marketing.eu\/comunicati\/comunicati-stampa\/eventi\/innovative-day-2008-una-giornata-dedicata-allinnovazione-applicata\/"},"wordCount":757,"commentCount":0,"keywords":["camera commercio","camp","creativit\u00e0","de bono","dicembre","food design","incontro","innovative day","innovazione","innovhub","lunch","milano","Palazzo Giureconsulti","Sala Esposizioni","Via Mercanti","Videoconferenze","workshop"],"articleSection":["Eventi"],"inLanguage":"it-IT","potentialAction":[{"@type":"CommentAction","name":"Comment","target":["https:\/\/www.article-marketing.eu\/comunicati\/comunicati-stampa\/eventi\/innovative-day-2008-una-giornata-dedicata-allinnovazione-applicata\/#respond"]}]},{"@type":"WebPage","@id":"https:\/\/www.article-marketing.eu\/comunicati\/comunicati-stampa\/eventi\/innovative-day-2008-una-giornata-dedicata-allinnovazione-applicata\/","url":"https:\/\/www.article-marketing.eu\/comunicati\/comunicati-stampa\/eventi\/innovative-day-2008-una-giornata-dedicata-allinnovazione-applicata\/","name":"Innovative Day 2008: una giornata dedicata all\u2019innovazione applicata - Article Marketing","isPartOf":{"@id":"https:\/\/www.article-marketing.eu\/comunicati\/#website"},"datePublished":"2008-12-10T21:47:05+00:00","dateModified":"2018-06-04T18:10:25+00:00","author":{"@id":"https:\/\/www.article-marketing.eu\/comunicati\/#\/schema\/person\/44372e4d4d0fa797b18e03ed1ace9017"},"breadcrumb":{"@id":"https:\/\/www.article-marketing.eu\/comunicati\/comunicati-stampa\/eventi\/innovative-day-2008-una-giornata-dedicata-allinnovazione-applicata\/#breadcrumb"},"inLanguage":"it-IT","potentialAction":[{"@type":"ReadAction","target":["https:\/\/www.article-marketing.eu\/comunicati\/comunicati-stampa\/eventi\/innovative-day-2008-una-giornata-dedicata-allinnovazione-applicata\/"]}]},{"@type":"BreadcrumbList","@id":"https:\/\/www.article-marketing.eu\/comunicati\/comunicati-stampa\/eventi\/innovative-day-2008-una-giornata-dedicata-allinnovazione-applicata\/#breadcrumb","itemListElement":[{"@type":"ListItem","position":1,"name":"Home","item":"https:\/\/www.article-marketing.eu\/comunicati\/"},{"@type":"ListItem","position":2,"name":"Innovative Day 2008: una giornata dedicata all\u2019innovazione applicata"}]},{"@type":"WebSite","@id":"https:\/\/www.article-marketing.eu\/comunicati\/#website","url":"https:\/\/www.article-marketing.eu\/comunicati\/","name":"Article Marketing","description":"article marketing &amp; press release","potentialAction":[{"@type":"SearchAction","target":{"@type":"EntryPoint","urlTemplate":"https:\/\/www.article-marketing.eu\/comunicati\/?s={search_term_string}"},"query-input":{"@type":"PropertyValueSpecification","valueRequired":true,"valueName":"search_term_string"}}],"inLanguage":"it-IT"},{"@type":"Person","@id":"https:\/\/www.article-marketing.eu\/comunicati\/#\/schema\/person\/44372e4d4d0fa797b18e03ed1ace9017","name":"Redazione Comunicati Stampa","image":{"@type":"ImageObject","inLanguage":"it-IT","@id":"https:\/\/www.article-marketing.eu\/comunicati\/#\/schema\/person\/image\/","url":"https:\/\/secure.gravatar.com\/avatar\/50e5c6421d3072f42e7ace803501602c60d75233d34e29fd05feb91c8760b792?s=96&d=mm&r=g","contentUrl":"https:\/\/secure.gravatar.com\/avatar\/50e5c6421d3072f42e7ace803501602c60d75233d34e29fd05feb91c8760b792?s=96&d=mm&r=g","caption":"Redazione Comunicati Stampa"},"url":"https:\/\/www.article-marketing.eu\/comunicati\/author\/redazione-comunicati-stampa\/"}]}},"_links":{"self":[{"href":"https:\/\/www.article-marketing.eu\/comunicati\/wp-json\/wp\/v2\/posts\/1013","targetHints":{"allow":["GET"]}}],"collection":[{"href":"https:\/\/www.article-marketing.eu\/comunicati\/wp-json\/wp\/v2\/posts"}],"about":[{"href":"https:\/\/www.article-marketing.eu\/comunicati\/wp-json\/wp\/v2\/types\/post"}],"author":[{"embeddable":true,"href":"https:\/\/www.article-marketing.eu\/comunicati\/wp-json\/wp\/v2\/users\/10"}],"replies":[{"embeddable":true,"href":"https:\/\/www.article-marketing.eu\/comunicati\/wp-json\/wp\/v2\/comments?post=1013"}],"version-history":[{"count":1,"href":"https:\/\/www.article-marketing.eu\/comunicati\/wp-json\/wp\/v2\/posts\/1013\/revisions"}],"predecessor-version":[{"id":55235,"href":"https:\/\/www.article-marketing.eu\/comunicati\/wp-json\/wp\/v2\/posts\/1013\/revisions\/55235"}],"wp:attachment":[{"href":"https:\/\/www.article-marketing.eu\/comunicati\/wp-json\/wp\/v2\/media?parent=1013"}],"wp:term":[{"taxonomy":"category","embeddable":true,"href":"https:\/\/www.article-marketing.eu\/comunicati\/wp-json\/wp\/v2\/categories?post=1013"},{"taxonomy":"post_tag","embeddable":true,"href":"https:\/\/www.article-marketing.eu\/comunicati\/wp-json\/wp\/v2\/tags?post=1013"}],"curies":[{"name":"wp","href":"https:\/\/api.w.org\/{rel}","templated":true}]}}