{"id":10133,"date":"2010-12-02T18:30:55","date_gmt":"2010-12-02T17:30:55","guid":{"rendered":"http:\/\/www.article-marketing.eu\/comunicati\/senza-categoria\/natale-in-musica-paula-almerares-e-i-solisti-veneti-ospiti-di-mousik%25c3%25a8\/"},"modified":"2020-08-10T01:16:08","modified_gmt":"2020-08-09T23:16:08","slug":"natale-in-musica-paula-almerares-e-i-solisti-veneti-ospiti-di-mousik%25c3%25a8","status":"publish","type":"post","link":"https:\/\/www.article-marketing.eu\/comunicati\/arte-e-cultura\/musica\/natale-in-musica-paula-almerares-e-i-solisti-veneti-ospiti-di-mousik%25c3%25a8\/","title":{"rendered":"Natale in musica: Paula Almerares e i Solisti Veneti ospiti di Mousik\u00e8"},"content":{"rendered":"<p><strong>FONDAZIONE CASSA DI RISPARMIO DI PADOVA E ROVIGO<br \/> Mousik&egrave; &#8211; I Concerti della Fondazione<br \/> nelle provincie di Padova e Rovigo <br \/> 17^edizione 14 ottobre 2010 &#8211; 11 giugno 2010<\/strong><\/p>\n<p> <strong>Natale in musica: Paula Almerares e i Solisti Veneti ospiti di Mousik&egrave;<\/strong><br \/> <em><strong>Il direttore Claudio Scimone guider&agrave; i Solisti e il soprano argentino venerd&igrave; 10 dicembre a Cittadella (PD)<\/p>\n<p> <\/strong><\/em>Saranno <strong>i Solisti Veneti<\/strong>, con la musica dei grandi compositori del Settecento, a introdurre il pubblico di <em><strong>&ldquo;Mousik&egrave;. I concerti della Fondazione&rdquo; <\/strong><\/em>alle festivit&agrave; del Natale. L&rsquo;ottavo appuntamento della rassegna di eventi musicali promossa dalla Fondazione Cassa di Risparmio di Padova e Rovigo avr&agrave; luogo <strong>venerd&igrave; 10 dicembre 2010 alle ore 21.00 presso il Duomo di Cittadella (PD)<\/strong>, edificio in stile neoclassico che sar&agrave; degna cornice dell&rsquo;evento.<\/p>\n<p> Protagonisti della serata saranno <strong>I Solisti Veneti<\/strong>: compagine apprezzata e conosciuta in tutto il mondo con all&rsquo;attivo pi&ugrave; di 300 dischi LP e CD. La direzione spetter&agrave; a <strong>Claudio Scimone<\/strong>, fondatore e anima della formazione padovana. La serata sar&agrave; impreziosita dalla presenza del soprano argentino <strong>Paula Almerares,<\/strong> vincitrice di numerosi concorsi internazionali e protagonista in teatri prestigiosi quali, per citarne alcuni, il Teatro La Fenice di Venezia, il Teatro Colon di Buenos Aires, il Regio di Torino, l&rsquo;Opera di Marsiglia e il M&uuml;nchen Opera Haus.<\/p>\n<p> Il programma prender&agrave; il via con i <em><strong>Preludi <\/strong><\/em>di alcune <em><strong>Cantate<\/strong><\/em> che <strong>Johann Sebastian Bach<\/strong> compose a Weimar e Lipsia: <em><strong>Herz und Mund und Tat und Leben BWV 147<\/strong><\/em>, <em><strong>Himmelsk&ouml;nig, sei willkommen BWV 182<\/strong><\/em>, <em><strong>Ich steh&rsquo; mit einem Fuss im Grabe BWV 156<\/strong><\/em>, <em><strong>Am Abend aber desselbigen Sabbats BWV 42<\/strong><\/em>. Sar&agrave; poi la volta della cantante argentina <strong>Paula Almerares<\/strong>, impegnata nell&rsquo;esecuzione di due brani, per soprano e archi, tratti da altrettanti oratori<strong> di Georg Friedrich H&auml;ndel<\/strong>: <strong><em>Rejoice dal Messiah<\/em><\/strong> e <em><strong>Let the bright Seraphim da Samson<\/strong><\/em>. Al soprano, accompagnato dagli archi, saranno affidate anche le note del celebre mottetto <em><strong>Exsultate, jubilate, K 165<\/strong><\/em> di <em><strong>Wolfgang Amadeus Mozart<\/strong><\/em>. Composizione giovanile (risale al 1773), il mottetto fu completato a Milano e dedicato al cantante Venanzio Rauzzini.<\/p>\n<p> Non mancher&agrave; il virtuosismo strumentale, cifra caratteristica dei Solisti. La violinista <strong>Chiara Parrini<\/strong> si esibir&agrave; come solista nell&rsquo;<em><strong>Inverno <\/strong><\/em><strong>di Antonio Vivaldi,<\/strong> quarto concerto della <strong>raccolta op. VIII, intitolata Il Cimento dell&rsquo;Armonia e dell&rsquo;Invenzione<\/strong>. <strong>Mauro Maur<\/strong>, tromba, eseguir&agrave;, accompagnato dall&rsquo;orchestra, <em><strong>l&rsquo;Introduzione, tema e variazioni op. 102 per tromba e orchestra<\/strong><\/em> di <strong>Johann Nepomuk Hummel.<\/strong> Quest&rsquo;ultimo sar&agrave; un omaggio all&rsquo;Ottocento, tema che, insieme alle celebrazioni dei 150 anni dell&rsquo;Unit&agrave; d&rsquo;Italia, rappresenta il filo conduttore per la scelta dei brani della rassegna di quest&rsquo;anno. Completano il programma le due composizioni tradizionali natalizie: <em><strong>Adeste fideles<\/strong><\/em> e <em><strong>Jingle bells.<\/p>\n<p> <\/strong><\/em>Mousik&egrave; ritorner&agrave; <strong>marted&igrave; 21 dicembre a Fratta Polesine (RO)<\/strong> con un appuntamento interamente dedicato a <strong>Felix Mendelssohn-Bartholdy<\/strong>. L&rsquo;esecuzione vedr&agrave; impegnati l&rsquo;<strong>Orchestra di Padova e del Veneto<\/strong>,<strong> tre cori<\/strong>, i soprani <strong>Johanna Winkel e Katharina Persicke<\/strong>, e il <strong>tenore Bernhard G&auml;rtner<\/strong>, tutti diretti dalla bacchetta di <strong>Hans Michael Beuerle<\/strong>.<\/p>\n<p> <strong>L&rsquo;ingresso &egrave; libero e gratuito fino ad esaurimento dei posti<br \/> <\/strong>Per informazioni: <a href=\"http:\/\/www.fondazionecariparo.it\/index.php\">www.fondazionecariparo.it<\/a> <\/p>\n<p><strong><br \/><\/strong><\/p>\n","protected":false},"excerpt":{"rendered":"<p>Il direttore Claudio Scimone guider\u00e0 i Solisti e il soprano argentino venerd\u00ec 10 dicembre a Cittadella (PD)<\/p>\n","protected":false},"author":10,"featured_media":0,"comment_status":"open","ping_status":"open","sticky":false,"template":"","format":"standard","meta":{"cybocfi_hide_featured_image":"","footnotes":""},"categories":[42],"tags":[19452,20031,19686,20034,20033,20032,19685,20035,19688],"class_list":["post-10133","post","type-post","status-publish","format-standard","hentry","category-musica","tag-bach","tag-cittadella","tag-claudio-scimone","tag-handel","tag-mozart","tag-paula-almenares","tag-solisti-veneti","tag-venerdi-10-dicembre","tag-vivaldi"],"yoast_head":"<!-- This site is optimized with the Yoast SEO plugin v27.0 - https:\/\/yoast.com\/product\/yoast-seo-wordpress\/ -->\n<title>Natale in musica: Paula Almerares e i Solisti Veneti ospiti di Mousik\u00e8 - Article Marketing<\/title>\n<meta name=\"robots\" content=\"index, follow, max-snippet:-1, max-image-preview:large, max-video-preview:-1\" \/>\n<link rel=\"canonical\" href=\"https:\/\/www.article-marketing.eu\/comunicati\/arte-e-cultura\/musica\/natale-in-musica-paula-almerares-e-i-solisti-veneti-ospiti-di-mousik%c3%a8\/\" \/>\n<meta property=\"og:locale\" content=\"it_IT\" \/>\n<meta property=\"og:type\" content=\"article\" \/>\n<meta property=\"og:title\" content=\"Natale in musica: Paula Almerares e i Solisti Veneti ospiti di Mousik\u00e8 - Article Marketing\" \/>\n<meta property=\"og:description\" content=\"Il direttore Claudio Scimone guider\u00e0 i Solisti e il soprano argentino venerd\u00ec 10 dicembre a Cittadella (PD)\" \/>\n<meta property=\"og:url\" content=\"https:\/\/www.article-marketing.eu\/comunicati\/arte-e-cultura\/musica\/natale-in-musica-paula-almerares-e-i-solisti-veneti-ospiti-di-mousik%c3%a8\/\" \/>\n<meta property=\"og:site_name\" content=\"Article Marketing\" \/>\n<meta property=\"article:published_time\" content=\"2010-12-02T17:30:55+00:00\" \/>\n<meta property=\"article:modified_time\" content=\"2020-08-09T23:16:08+00:00\" \/>\n<meta name=\"author\" content=\"Redazione Comunicati Stampa\" \/>\n<meta name=\"twitter:card\" content=\"summary_large_image\" \/>\n<meta name=\"twitter:label1\" content=\"Scritto da\" \/>\n\t<meta name=\"twitter:data1\" content=\"Redazione Comunicati Stampa\" \/>\n\t<meta name=\"twitter:label2\" content=\"Tempo di lettura stimato\" \/>\n\t<meta name=\"twitter:data2\" content=\"3 minuti\" \/>\n<script type=\"application\/ld+json\" class=\"yoast-schema-graph\">{\"@context\":\"https:\/\/schema.org\",\"@graph\":[{\"@type\":\"Article\",\"@id\":\"https:\/\/www.article-marketing.eu\/comunicati\/arte-e-cultura\/musica\/natale-in-musica-paula-almerares-e-i-solisti-veneti-ospiti-di-mousik%25c3%25a8\/#article\",\"isPartOf\":{\"@id\":\"https:\/\/www.article-marketing.eu\/comunicati\/arte-e-cultura\/musica\/natale-in-musica-paula-almerares-e-i-solisti-veneti-ospiti-di-mousik%25c3%25a8\/\"},\"author\":{\"name\":\"Redazione Comunicati Stampa\",\"@id\":\"https:\/\/www.article-marketing.eu\/comunicati\/#\/schema\/person\/44372e4d4d0fa797b18e03ed1ace9017\"},\"headline\":\"Natale in musica: Paula Almerares e i Solisti Veneti ospiti di Mousik\u00e8\",\"datePublished\":\"2010-12-02T17:30:55+00:00\",\"dateModified\":\"2020-08-09T23:16:08+00:00\",\"mainEntityOfPage\":{\"@id\":\"https:\/\/www.article-marketing.eu\/comunicati\/arte-e-cultura\/musica\/natale-in-musica-paula-almerares-e-i-solisti-veneti-ospiti-di-mousik%25c3%25a8\/\"},\"wordCount\":554,\"commentCount\":0,\"keywords\":[\"bach\",\"Cittadella\",\"Claudio Scimone\",\"Handel\",\"Mozart\",\"Paula Almenares\",\"Solisti Veneti\",\"venerd\u00ec 10 dicembre\",\"Vivaldi\"],\"articleSection\":[\"Musica\"],\"inLanguage\":\"it-IT\",\"potentialAction\":[{\"@type\":\"CommentAction\",\"name\":\"Comment\",\"target\":[\"https:\/\/www.article-marketing.eu\/comunicati\/arte-e-cultura\/musica\/natale-in-musica-paula-almerares-e-i-solisti-veneti-ospiti-di-mousik%25c3%25a8\/#respond\"]}]},{\"@type\":\"WebPage\",\"@id\":\"https:\/\/www.article-marketing.eu\/comunicati\/arte-e-cultura\/musica\/natale-in-musica-paula-almerares-e-i-solisti-veneti-ospiti-di-mousik%25c3%25a8\/\",\"url\":\"https:\/\/www.article-marketing.eu\/comunicati\/arte-e-cultura\/musica\/natale-in-musica-paula-almerares-e-i-solisti-veneti-ospiti-di-mousik%25c3%25a8\/\",\"name\":\"Natale in musica: Paula Almerares e i Solisti Veneti ospiti di Mousik\u00e8 - Article Marketing\",\"isPartOf\":{\"@id\":\"https:\/\/www.article-marketing.eu\/comunicati\/#website\"},\"datePublished\":\"2010-12-02T17:30:55+00:00\",\"dateModified\":\"2020-08-09T23:16:08+00:00\",\"author\":{\"@id\":\"https:\/\/www.article-marketing.eu\/comunicati\/#\/schema\/person\/44372e4d4d0fa797b18e03ed1ace9017\"},\"breadcrumb\":{\"@id\":\"https:\/\/www.article-marketing.eu\/comunicati\/arte-e-cultura\/musica\/natale-in-musica-paula-almerares-e-i-solisti-veneti-ospiti-di-mousik%25c3%25a8\/#breadcrumb\"},\"inLanguage\":\"it-IT\",\"potentialAction\":[{\"@type\":\"ReadAction\",\"target\":[\"https:\/\/www.article-marketing.eu\/comunicati\/arte-e-cultura\/musica\/natale-in-musica-paula-almerares-e-i-solisti-veneti-ospiti-di-mousik%25c3%25a8\/\"]}]},{\"@type\":\"BreadcrumbList\",\"@id\":\"https:\/\/www.article-marketing.eu\/comunicati\/arte-e-cultura\/musica\/natale-in-musica-paula-almerares-e-i-solisti-veneti-ospiti-di-mousik%25c3%25a8\/#breadcrumb\",\"itemListElement\":[{\"@type\":\"ListItem\",\"position\":1,\"name\":\"Home\",\"item\":\"https:\/\/www.article-marketing.eu\/comunicati\/\"},{\"@type\":\"ListItem\",\"position\":2,\"name\":\"Natale in musica: Paula Almerares e i Solisti Veneti ospiti di Mousik\u00e8\"}]},{\"@type\":\"WebSite\",\"@id\":\"https:\/\/www.article-marketing.eu\/comunicati\/#website\",\"url\":\"https:\/\/www.article-marketing.eu\/comunicati\/\",\"name\":\"Article Marketing\",\"description\":\"article marketing &amp; press release\",\"potentialAction\":[{\"@type\":\"SearchAction\",\"target\":{\"@type\":\"EntryPoint\",\"urlTemplate\":\"https:\/\/www.article-marketing.eu\/comunicati\/?s={search_term_string}\"},\"query-input\":{\"@type\":\"PropertyValueSpecification\",\"valueRequired\":true,\"valueName\":\"search_term_string\"}}],\"inLanguage\":\"it-IT\"},{\"@type\":\"Person\",\"@id\":\"https:\/\/www.article-marketing.eu\/comunicati\/#\/schema\/person\/44372e4d4d0fa797b18e03ed1ace9017\",\"name\":\"Redazione Comunicati Stampa\",\"image\":{\"@type\":\"ImageObject\",\"inLanguage\":\"it-IT\",\"@id\":\"https:\/\/www.article-marketing.eu\/comunicati\/#\/schema\/person\/image\/\",\"url\":\"https:\/\/secure.gravatar.com\/avatar\/50e5c6421d3072f42e7ace803501602c60d75233d34e29fd05feb91c8760b792?s=96&d=mm&r=g\",\"contentUrl\":\"https:\/\/secure.gravatar.com\/avatar\/50e5c6421d3072f42e7ace803501602c60d75233d34e29fd05feb91c8760b792?s=96&d=mm&r=g\",\"caption\":\"Redazione Comunicati Stampa\"},\"url\":\"https:\/\/www.article-marketing.eu\/comunicati\/author\/redazione-comunicati-stampa\/\"}]}<\/script>\n<!-- \/ Yoast SEO plugin. -->","yoast_head_json":{"title":"Natale in musica: Paula Almerares e i Solisti Veneti ospiti di Mousik\u00e8 - Article Marketing","robots":{"index":"index","follow":"follow","max-snippet":"max-snippet:-1","max-image-preview":"max-image-preview:large","max-video-preview":"max-video-preview:-1"},"canonical":"https:\/\/www.article-marketing.eu\/comunicati\/arte-e-cultura\/musica\/natale-in-musica-paula-almerares-e-i-solisti-veneti-ospiti-di-mousik%c3%a8\/","og_locale":"it_IT","og_type":"article","og_title":"Natale in musica: Paula Almerares e i Solisti Veneti ospiti di Mousik\u00e8 - Article Marketing","og_description":"Il direttore Claudio Scimone guider\u00e0 i Solisti e il soprano argentino venerd\u00ec 10 dicembre a Cittadella (PD)","og_url":"https:\/\/www.article-marketing.eu\/comunicati\/arte-e-cultura\/musica\/natale-in-musica-paula-almerares-e-i-solisti-veneti-ospiti-di-mousik%c3%a8\/","og_site_name":"Article Marketing","article_published_time":"2010-12-02T17:30:55+00:00","article_modified_time":"2020-08-09T23:16:08+00:00","author":"Redazione Comunicati Stampa","twitter_card":"summary_large_image","twitter_misc":{"Scritto da":"Redazione Comunicati Stampa","Tempo di lettura stimato":"3 minuti"},"schema":{"@context":"https:\/\/schema.org","@graph":[{"@type":"Article","@id":"https:\/\/www.article-marketing.eu\/comunicati\/arte-e-cultura\/musica\/natale-in-musica-paula-almerares-e-i-solisti-veneti-ospiti-di-mousik%25c3%25a8\/#article","isPartOf":{"@id":"https:\/\/www.article-marketing.eu\/comunicati\/arte-e-cultura\/musica\/natale-in-musica-paula-almerares-e-i-solisti-veneti-ospiti-di-mousik%25c3%25a8\/"},"author":{"name":"Redazione Comunicati Stampa","@id":"https:\/\/www.article-marketing.eu\/comunicati\/#\/schema\/person\/44372e4d4d0fa797b18e03ed1ace9017"},"headline":"Natale in musica: Paula Almerares e i Solisti Veneti ospiti di Mousik\u00e8","datePublished":"2010-12-02T17:30:55+00:00","dateModified":"2020-08-09T23:16:08+00:00","mainEntityOfPage":{"@id":"https:\/\/www.article-marketing.eu\/comunicati\/arte-e-cultura\/musica\/natale-in-musica-paula-almerares-e-i-solisti-veneti-ospiti-di-mousik%25c3%25a8\/"},"wordCount":554,"commentCount":0,"keywords":["bach","Cittadella","Claudio Scimone","Handel","Mozart","Paula Almenares","Solisti Veneti","venerd\u00ec 10 dicembre","Vivaldi"],"articleSection":["Musica"],"inLanguage":"it-IT","potentialAction":[{"@type":"CommentAction","name":"Comment","target":["https:\/\/www.article-marketing.eu\/comunicati\/arte-e-cultura\/musica\/natale-in-musica-paula-almerares-e-i-solisti-veneti-ospiti-di-mousik%25c3%25a8\/#respond"]}]},{"@type":"WebPage","@id":"https:\/\/www.article-marketing.eu\/comunicati\/arte-e-cultura\/musica\/natale-in-musica-paula-almerares-e-i-solisti-veneti-ospiti-di-mousik%25c3%25a8\/","url":"https:\/\/www.article-marketing.eu\/comunicati\/arte-e-cultura\/musica\/natale-in-musica-paula-almerares-e-i-solisti-veneti-ospiti-di-mousik%25c3%25a8\/","name":"Natale in musica: Paula Almerares e i Solisti Veneti ospiti di Mousik\u00e8 - Article Marketing","isPartOf":{"@id":"https:\/\/www.article-marketing.eu\/comunicati\/#website"},"datePublished":"2010-12-02T17:30:55+00:00","dateModified":"2020-08-09T23:16:08+00:00","author":{"@id":"https:\/\/www.article-marketing.eu\/comunicati\/#\/schema\/person\/44372e4d4d0fa797b18e03ed1ace9017"},"breadcrumb":{"@id":"https:\/\/www.article-marketing.eu\/comunicati\/arte-e-cultura\/musica\/natale-in-musica-paula-almerares-e-i-solisti-veneti-ospiti-di-mousik%25c3%25a8\/#breadcrumb"},"inLanguage":"it-IT","potentialAction":[{"@type":"ReadAction","target":["https:\/\/www.article-marketing.eu\/comunicati\/arte-e-cultura\/musica\/natale-in-musica-paula-almerares-e-i-solisti-veneti-ospiti-di-mousik%25c3%25a8\/"]}]},{"@type":"BreadcrumbList","@id":"https:\/\/www.article-marketing.eu\/comunicati\/arte-e-cultura\/musica\/natale-in-musica-paula-almerares-e-i-solisti-veneti-ospiti-di-mousik%25c3%25a8\/#breadcrumb","itemListElement":[{"@type":"ListItem","position":1,"name":"Home","item":"https:\/\/www.article-marketing.eu\/comunicati\/"},{"@type":"ListItem","position":2,"name":"Natale in musica: Paula Almerares e i Solisti Veneti ospiti di Mousik\u00e8"}]},{"@type":"WebSite","@id":"https:\/\/www.article-marketing.eu\/comunicati\/#website","url":"https:\/\/www.article-marketing.eu\/comunicati\/","name":"Article Marketing","description":"article marketing &amp; press release","potentialAction":[{"@type":"SearchAction","target":{"@type":"EntryPoint","urlTemplate":"https:\/\/www.article-marketing.eu\/comunicati\/?s={search_term_string}"},"query-input":{"@type":"PropertyValueSpecification","valueRequired":true,"valueName":"search_term_string"}}],"inLanguage":"it-IT"},{"@type":"Person","@id":"https:\/\/www.article-marketing.eu\/comunicati\/#\/schema\/person\/44372e4d4d0fa797b18e03ed1ace9017","name":"Redazione Comunicati Stampa","image":{"@type":"ImageObject","inLanguage":"it-IT","@id":"https:\/\/www.article-marketing.eu\/comunicati\/#\/schema\/person\/image\/","url":"https:\/\/secure.gravatar.com\/avatar\/50e5c6421d3072f42e7ace803501602c60d75233d34e29fd05feb91c8760b792?s=96&d=mm&r=g","contentUrl":"https:\/\/secure.gravatar.com\/avatar\/50e5c6421d3072f42e7ace803501602c60d75233d34e29fd05feb91c8760b792?s=96&d=mm&r=g","caption":"Redazione Comunicati Stampa"},"url":"https:\/\/www.article-marketing.eu\/comunicati\/author\/redazione-comunicati-stampa\/"}]}},"_links":{"self":[{"href":"https:\/\/www.article-marketing.eu\/comunicati\/wp-json\/wp\/v2\/posts\/10133","targetHints":{"allow":["GET"]}}],"collection":[{"href":"https:\/\/www.article-marketing.eu\/comunicati\/wp-json\/wp\/v2\/posts"}],"about":[{"href":"https:\/\/www.article-marketing.eu\/comunicati\/wp-json\/wp\/v2\/types\/post"}],"author":[{"embeddable":true,"href":"https:\/\/www.article-marketing.eu\/comunicati\/wp-json\/wp\/v2\/users\/10"}],"replies":[{"embeddable":true,"href":"https:\/\/www.article-marketing.eu\/comunicati\/wp-json\/wp\/v2\/comments?post=10133"}],"version-history":[{"count":1,"href":"https:\/\/www.article-marketing.eu\/comunicati\/wp-json\/wp\/v2\/posts\/10133\/revisions"}],"predecessor-version":[{"id":67174,"href":"https:\/\/www.article-marketing.eu\/comunicati\/wp-json\/wp\/v2\/posts\/10133\/revisions\/67174"}],"wp:attachment":[{"href":"https:\/\/www.article-marketing.eu\/comunicati\/wp-json\/wp\/v2\/media?parent=10133"}],"wp:term":[{"taxonomy":"category","embeddable":true,"href":"https:\/\/www.article-marketing.eu\/comunicati\/wp-json\/wp\/v2\/categories?post=10133"},{"taxonomy":"post_tag","embeddable":true,"href":"https:\/\/www.article-marketing.eu\/comunicati\/wp-json\/wp\/v2\/tags?post=10133"}],"curies":[{"name":"wp","href":"https:\/\/api.w.org\/{rel}","templated":true}]}}