{"id":10139,"date":"2010-12-02T22:59:58","date_gmt":"2010-12-02T21:59:58","guid":{"rendered":"http:\/\/www.article-marketing.eu\/comunicati\/senza-categoria\/enel-e-citro%2525252525c3%2525252525abn-un-nuovo-passo-verso-diffusione-della-mobilit%2525252525c3%2525252525a0-sostenibile-con-lauto-elettrica\/"},"modified":"2010-12-02T22:59:58","modified_gmt":"2010-12-02T21:59:58","slug":"enel-e-citro%2525252525c3%2525252525abn-un-nuovo-passo-verso-diffusione-della-mobilit%2525252525c3%2525252525a0-sostenibile-con-lauto-elettrica","status":"publish","type":"post","link":"https:\/\/www.article-marketing.eu\/comunicati\/motori\/auto\/enel-e-citro%2525252525c3%2525252525abn-un-nuovo-passo-verso-diffusione-della-mobilit%2525252525c3%2525252525a0-sostenibile-con-lauto-elettrica\/","title":{"rendered":"Enel e Citro\u00ebn, un nuovo passo verso diffusione della mobilit\u00e0 sostenibile con l&#8217;auto elettrica"},"content":{"rendered":"<p>La marca automobilistica Citro&euml;n &egrave; la prima casa automobilistica ad avere nel proprio listino una autovettura elettrica di ultima generazione. La CITRO&Euml;N C-Zero &egrave; un veicolo interamente elettrico con un magnete permanente che fornisce una potenza di 47 KW. Il motore della CITRO&Euml;N C-Zero &egrave; alimentato da batterie aglio ioni di Litio. Le prestazioni di questa auto elettrica sono allettanti, una velocit&agrave; massima di 130 km\/h, una accelerazione da 0 a 100 in 6 secondi ed una autonomia di 140 Km fanno della auto elettrica di Citro&euml;n una vettura che pu&ograve; essere un valido supporto anche fuori dalla citt&agrave;.<br \/>\nCon questa vettura Citro&euml;n ed ENEL anch&#8217;essa da tempo impegnata nello sviluppo e realizzazione di progetti per la mobilit&agrave; sostenibile, hanno siglato un accordo volto allo sviluppo crescente ed integrato di questo mercato anche in Italia..<br \/>\nPer favorire tale prospettiva i due attori, molto significativi rispettivamente nei loro settori di appartenenza si sono concentrati nel progetto e nella definizione di una proposta commerciale che comprende una offerta &ldquo;tutto incluso&rdquo;.<br \/>\nLa proposta in oggetto al &ldquo;tutto incluso&rdquo; comprende infatti anche la fornitura di servizi a corredo che mira a semplificare l&#8217;utilizzo della Citro&euml;n C-Zero, con particolare attenzione alle modalit&agrave; di ricarica delle batterie agli ioni di Litio.<br \/>\nL&#8217;offerta congiunta di Citro&euml;n ed ENEL prevede oltre alla fornitura di energia certificata dal RECS (sistema di certificazione internazionale per lo sviluppo delle fonti rinnovabili) anche alcuni servizi che saranno gestiti direttamente dalla rete ENEL direttamente a casa del cliente.<br \/>\nTali servizi personalizzati comprendono un sopralluogo di tecnici dell&#8217;ENEL che valuteranno la migliore soluzione per la collocazione di un punto di ricarica dedicato, tutti i costi relativi alla &ldquo;messa in opera&rdquo; e dell&#8217;attivazione, nonch&eacute; l&#8217;accesso ai punti pubblici di ricarica esistenti.<br \/>\nIn questo modo, al momento dell&#8217;acquisto e della stipula del contratto di noleggio, l&#8217;utente conoscer&agrave; in modo esatto il costo di utilizzo della sua auto elettrica, riferito all&#8217;intera durata del pacchetto di noleggio.<br \/>\nInizialmente tale proposta partir&agrave; dalle citt&agrave; italiane gi&agrave; attivamente impegnate nello sviluppo della mobilit&agrave; elettrica, le principali sono Roma e Milano. Successivamente con lo sviluppo della rete di ricarica verr&agrave; estesa al territorio italiano.<br \/>\nQuesto accordo render&agrave; pi&ugrave; realistico lo sviluppo di una rete e di un sistema di ricarica avanzato su tutto il territorio nazionale che dar&agrave; un sicuro impulso anche al mercato delle auto elettriche. <\/p>\n<p><a href=\"http:\/\/www.facilecomunicare.com\/automobili\/i-vantaggi-della-mobilit%C3%80-elettrica-con-citro%C3%8Bn-italia-ed-enel.html \">I vantaggi della Mobilit&agrave; elettrica con Citro&euml;n Italia ed ENEL.<\/a><\/p>\n","protected":false},"excerpt":{"rendered":"<p>Un\u2019offerta commerciale congiunta \u201call inclusive\u201d CITRO\u00cbN C-Zero ed Enel, con servizi dedicati agli automobilisti, che partir\u00e0 inizialmente dalle principali citt\u00e0 italiane<\/p>\n","protected":false},"author":10,"featured_media":0,"comment_status":"open","ping_status":"open","sticky":false,"template":"","format":"standard","meta":{"cybocfi_hide_featured_image":"","footnotes":""},"categories":[352],"tags":[14410,12537,11364],"class_list":["post-10139","post","type-post","status-publish","format-standard","hentry","category-auto","tag-auto-elettriche","tag-mobilita-elettrica","tag-mobilita-sostenibile"],"yoast_head":"<!-- This site is optimized with the Yoast SEO plugin v27.0 - https:\/\/yoast.com\/product\/yoast-seo-wordpress\/ -->\n<title>Enel e Citro\u00ebn, un nuovo passo verso diffusione della mobilit\u00e0 sostenibile con l&#039;auto elettrica - Article Marketing<\/title>\n<meta name=\"robots\" content=\"index, follow, max-snippet:-1, max-image-preview:large, max-video-preview:-1\" \/>\n<link rel=\"canonical\" href=\"https:\/\/www.article-marketing.eu\/comunicati\/motori\/auto\/enel-e-citro%25252525c3%25252525abn-un-nuovo-passo-verso-diffusione-della-mobilit%25252525c3%25252525a0-sostenibile-con-lauto-elettrica\/\" \/>\n<meta property=\"og:locale\" content=\"it_IT\" \/>\n<meta property=\"og:type\" content=\"article\" \/>\n<meta property=\"og:title\" content=\"Enel e Citro\u00ebn, un nuovo passo verso diffusione della mobilit\u00e0 sostenibile con l&#039;auto elettrica - Article Marketing\" \/>\n<meta property=\"og:description\" content=\"Un\u2019offerta commerciale congiunta \u201call inclusive\u201d CITRO\u00cbN C-Zero ed Enel, con servizi dedicati agli automobilisti, che partir\u00e0 inizialmente dalle principali citt\u00e0 italiane\" \/>\n<meta property=\"og:url\" content=\"https:\/\/www.article-marketing.eu\/comunicati\/motori\/auto\/enel-e-citro%25252525c3%25252525abn-un-nuovo-passo-verso-diffusione-della-mobilit%25252525c3%25252525a0-sostenibile-con-lauto-elettrica\/\" \/>\n<meta property=\"og:site_name\" content=\"Article Marketing\" \/>\n<meta property=\"article:published_time\" content=\"2010-12-02T21:59:58+00:00\" \/>\n<meta name=\"author\" content=\"Redazione Comunicati Stampa\" \/>\n<meta name=\"twitter:card\" content=\"summary_large_image\" \/>\n<meta name=\"twitter:label1\" content=\"Scritto da\" \/>\n\t<meta name=\"twitter:data1\" content=\"Redazione Comunicati Stampa\" \/>\n\t<meta name=\"twitter:label2\" content=\"Tempo di lettura stimato\" \/>\n\t<meta name=\"twitter:data2\" content=\"2 minuti\" \/>\n<script type=\"application\/ld+json\" class=\"yoast-schema-graph\">{\"@context\":\"https:\/\/schema.org\",\"@graph\":[{\"@type\":\"Article\",\"@id\":\"https:\/\/www.article-marketing.eu\/comunicati\/motori\/auto\/enel-e-citro%2525252525c3%2525252525abn-un-nuovo-passo-verso-diffusione-della-mobilit%2525252525c3%2525252525a0-sostenibile-con-lauto-elettrica\/#article\",\"isPartOf\":{\"@id\":\"https:\/\/www.article-marketing.eu\/comunicati\/motori\/auto\/enel-e-citro%2525252525c3%2525252525abn-un-nuovo-passo-verso-diffusione-della-mobilit%2525252525c3%2525252525a0-sostenibile-con-lauto-elettrica\/\"},\"author\":{\"name\":\"Redazione Comunicati Stampa\",\"@id\":\"https:\/\/www.article-marketing.eu\/comunicati\/#\/schema\/person\/44372e4d4d0fa797b18e03ed1ace9017\"},\"headline\":\"Enel e Citro\u00ebn, un nuovo passo verso diffusione della mobilit\u00e0 sostenibile con l&#8217;auto elettrica\",\"datePublished\":\"2010-12-02T21:59:58+00:00\",\"mainEntityOfPage\":{\"@id\":\"https:\/\/www.article-marketing.eu\/comunicati\/motori\/auto\/enel-e-citro%2525252525c3%2525252525abn-un-nuovo-passo-verso-diffusione-della-mobilit%2525252525c3%2525252525a0-sostenibile-con-lauto-elettrica\/\"},\"wordCount\":444,\"commentCount\":0,\"keywords\":[\"auto elettriche\",\"mobilit\u00e0 elettrica\",\"mobilit\u00e0 sostenibile\"],\"articleSection\":[\"Auto\"],\"inLanguage\":\"it-IT\",\"potentialAction\":[{\"@type\":\"CommentAction\",\"name\":\"Comment\",\"target\":[\"https:\/\/www.article-marketing.eu\/comunicati\/motori\/auto\/enel-e-citro%2525252525c3%2525252525abn-un-nuovo-passo-verso-diffusione-della-mobilit%2525252525c3%2525252525a0-sostenibile-con-lauto-elettrica\/#respond\"]}]},{\"@type\":\"WebPage\",\"@id\":\"https:\/\/www.article-marketing.eu\/comunicati\/motori\/auto\/enel-e-citro%2525252525c3%2525252525abn-un-nuovo-passo-verso-diffusione-della-mobilit%2525252525c3%2525252525a0-sostenibile-con-lauto-elettrica\/\",\"url\":\"https:\/\/www.article-marketing.eu\/comunicati\/motori\/auto\/enel-e-citro%2525252525c3%2525252525abn-un-nuovo-passo-verso-diffusione-della-mobilit%2525252525c3%2525252525a0-sostenibile-con-lauto-elettrica\/\",\"name\":\"Enel e Citro\u00ebn, un nuovo passo verso diffusione della mobilit\u00e0 sostenibile con l'auto elettrica - Article Marketing\",\"isPartOf\":{\"@id\":\"https:\/\/www.article-marketing.eu\/comunicati\/#website\"},\"datePublished\":\"2010-12-02T21:59:58+00:00\",\"author\":{\"@id\":\"https:\/\/www.article-marketing.eu\/comunicati\/#\/schema\/person\/44372e4d4d0fa797b18e03ed1ace9017\"},\"breadcrumb\":{\"@id\":\"https:\/\/www.article-marketing.eu\/comunicati\/motori\/auto\/enel-e-citro%2525252525c3%2525252525abn-un-nuovo-passo-verso-diffusione-della-mobilit%2525252525c3%2525252525a0-sostenibile-con-lauto-elettrica\/#breadcrumb\"},\"inLanguage\":\"it-IT\",\"potentialAction\":[{\"@type\":\"ReadAction\",\"target\":[\"https:\/\/www.article-marketing.eu\/comunicati\/motori\/auto\/enel-e-citro%2525252525c3%2525252525abn-un-nuovo-passo-verso-diffusione-della-mobilit%2525252525c3%2525252525a0-sostenibile-con-lauto-elettrica\/\"]}]},{\"@type\":\"BreadcrumbList\",\"@id\":\"https:\/\/www.article-marketing.eu\/comunicati\/motori\/auto\/enel-e-citro%2525252525c3%2525252525abn-un-nuovo-passo-verso-diffusione-della-mobilit%2525252525c3%2525252525a0-sostenibile-con-lauto-elettrica\/#breadcrumb\",\"itemListElement\":[{\"@type\":\"ListItem\",\"position\":1,\"name\":\"Home\",\"item\":\"https:\/\/www.article-marketing.eu\/comunicati\/\"},{\"@type\":\"ListItem\",\"position\":2,\"name\":\"Enel e Citro\u00ebn, un nuovo passo verso diffusione della mobilit\u00e0 sostenibile con l&#8217;auto elettrica\"}]},{\"@type\":\"WebSite\",\"@id\":\"https:\/\/www.article-marketing.eu\/comunicati\/#website\",\"url\":\"https:\/\/www.article-marketing.eu\/comunicati\/\",\"name\":\"Article Marketing\",\"description\":\"article marketing &amp; press release\",\"potentialAction\":[{\"@type\":\"SearchAction\",\"target\":{\"@type\":\"EntryPoint\",\"urlTemplate\":\"https:\/\/www.article-marketing.eu\/comunicati\/?s={search_term_string}\"},\"query-input\":{\"@type\":\"PropertyValueSpecification\",\"valueRequired\":true,\"valueName\":\"search_term_string\"}}],\"inLanguage\":\"it-IT\"},{\"@type\":\"Person\",\"@id\":\"https:\/\/www.article-marketing.eu\/comunicati\/#\/schema\/person\/44372e4d4d0fa797b18e03ed1ace9017\",\"name\":\"Redazione Comunicati Stampa\",\"image\":{\"@type\":\"ImageObject\",\"inLanguage\":\"it-IT\",\"@id\":\"https:\/\/www.article-marketing.eu\/comunicati\/#\/schema\/person\/image\/\",\"url\":\"https:\/\/secure.gravatar.com\/avatar\/50e5c6421d3072f42e7ace803501602c60d75233d34e29fd05feb91c8760b792?s=96&d=mm&r=g\",\"contentUrl\":\"https:\/\/secure.gravatar.com\/avatar\/50e5c6421d3072f42e7ace803501602c60d75233d34e29fd05feb91c8760b792?s=96&d=mm&r=g\",\"caption\":\"Redazione Comunicati Stampa\"},\"url\":\"https:\/\/www.article-marketing.eu\/comunicati\/author\/redazione-comunicati-stampa\/\"}]}<\/script>\n<!-- \/ Yoast SEO plugin. -->","yoast_head_json":{"title":"Enel e Citro\u00ebn, un nuovo passo verso diffusione della mobilit\u00e0 sostenibile con l'auto elettrica - Article Marketing","robots":{"index":"index","follow":"follow","max-snippet":"max-snippet:-1","max-image-preview":"max-image-preview:large","max-video-preview":"max-video-preview:-1"},"canonical":"https:\/\/www.article-marketing.eu\/comunicati\/motori\/auto\/enel-e-citro%25252525c3%25252525abn-un-nuovo-passo-verso-diffusione-della-mobilit%25252525c3%25252525a0-sostenibile-con-lauto-elettrica\/","og_locale":"it_IT","og_type":"article","og_title":"Enel e Citro\u00ebn, un nuovo passo verso diffusione della mobilit\u00e0 sostenibile con l'auto elettrica - Article Marketing","og_description":"Un\u2019offerta commerciale congiunta \u201call inclusive\u201d CITRO\u00cbN C-Zero ed Enel, con servizi dedicati agli automobilisti, che partir\u00e0 inizialmente dalle principali citt\u00e0 italiane","og_url":"https:\/\/www.article-marketing.eu\/comunicati\/motori\/auto\/enel-e-citro%25252525c3%25252525abn-un-nuovo-passo-verso-diffusione-della-mobilit%25252525c3%25252525a0-sostenibile-con-lauto-elettrica\/","og_site_name":"Article Marketing","article_published_time":"2010-12-02T21:59:58+00:00","author":"Redazione Comunicati Stampa","twitter_card":"summary_large_image","twitter_misc":{"Scritto da":"Redazione Comunicati Stampa","Tempo di lettura stimato":"2 minuti"},"schema":{"@context":"https:\/\/schema.org","@graph":[{"@type":"Article","@id":"https:\/\/www.article-marketing.eu\/comunicati\/motori\/auto\/enel-e-citro%2525252525c3%2525252525abn-un-nuovo-passo-verso-diffusione-della-mobilit%2525252525c3%2525252525a0-sostenibile-con-lauto-elettrica\/#article","isPartOf":{"@id":"https:\/\/www.article-marketing.eu\/comunicati\/motori\/auto\/enel-e-citro%2525252525c3%2525252525abn-un-nuovo-passo-verso-diffusione-della-mobilit%2525252525c3%2525252525a0-sostenibile-con-lauto-elettrica\/"},"author":{"name":"Redazione Comunicati Stampa","@id":"https:\/\/www.article-marketing.eu\/comunicati\/#\/schema\/person\/44372e4d4d0fa797b18e03ed1ace9017"},"headline":"Enel e Citro\u00ebn, un nuovo passo verso diffusione della mobilit\u00e0 sostenibile con l&#8217;auto elettrica","datePublished":"2010-12-02T21:59:58+00:00","mainEntityOfPage":{"@id":"https:\/\/www.article-marketing.eu\/comunicati\/motori\/auto\/enel-e-citro%2525252525c3%2525252525abn-un-nuovo-passo-verso-diffusione-della-mobilit%2525252525c3%2525252525a0-sostenibile-con-lauto-elettrica\/"},"wordCount":444,"commentCount":0,"keywords":["auto elettriche","mobilit\u00e0 elettrica","mobilit\u00e0 sostenibile"],"articleSection":["Auto"],"inLanguage":"it-IT","potentialAction":[{"@type":"CommentAction","name":"Comment","target":["https:\/\/www.article-marketing.eu\/comunicati\/motori\/auto\/enel-e-citro%2525252525c3%2525252525abn-un-nuovo-passo-verso-diffusione-della-mobilit%2525252525c3%2525252525a0-sostenibile-con-lauto-elettrica\/#respond"]}]},{"@type":"WebPage","@id":"https:\/\/www.article-marketing.eu\/comunicati\/motori\/auto\/enel-e-citro%2525252525c3%2525252525abn-un-nuovo-passo-verso-diffusione-della-mobilit%2525252525c3%2525252525a0-sostenibile-con-lauto-elettrica\/","url":"https:\/\/www.article-marketing.eu\/comunicati\/motori\/auto\/enel-e-citro%2525252525c3%2525252525abn-un-nuovo-passo-verso-diffusione-della-mobilit%2525252525c3%2525252525a0-sostenibile-con-lauto-elettrica\/","name":"Enel e Citro\u00ebn, un nuovo passo verso diffusione della mobilit\u00e0 sostenibile con l'auto elettrica - Article Marketing","isPartOf":{"@id":"https:\/\/www.article-marketing.eu\/comunicati\/#website"},"datePublished":"2010-12-02T21:59:58+00:00","author":{"@id":"https:\/\/www.article-marketing.eu\/comunicati\/#\/schema\/person\/44372e4d4d0fa797b18e03ed1ace9017"},"breadcrumb":{"@id":"https:\/\/www.article-marketing.eu\/comunicati\/motori\/auto\/enel-e-citro%2525252525c3%2525252525abn-un-nuovo-passo-verso-diffusione-della-mobilit%2525252525c3%2525252525a0-sostenibile-con-lauto-elettrica\/#breadcrumb"},"inLanguage":"it-IT","potentialAction":[{"@type":"ReadAction","target":["https:\/\/www.article-marketing.eu\/comunicati\/motori\/auto\/enel-e-citro%2525252525c3%2525252525abn-un-nuovo-passo-verso-diffusione-della-mobilit%2525252525c3%2525252525a0-sostenibile-con-lauto-elettrica\/"]}]},{"@type":"BreadcrumbList","@id":"https:\/\/www.article-marketing.eu\/comunicati\/motori\/auto\/enel-e-citro%2525252525c3%2525252525abn-un-nuovo-passo-verso-diffusione-della-mobilit%2525252525c3%2525252525a0-sostenibile-con-lauto-elettrica\/#breadcrumb","itemListElement":[{"@type":"ListItem","position":1,"name":"Home","item":"https:\/\/www.article-marketing.eu\/comunicati\/"},{"@type":"ListItem","position":2,"name":"Enel e Citro\u00ebn, un nuovo passo verso diffusione della mobilit\u00e0 sostenibile con l&#8217;auto elettrica"}]},{"@type":"WebSite","@id":"https:\/\/www.article-marketing.eu\/comunicati\/#website","url":"https:\/\/www.article-marketing.eu\/comunicati\/","name":"Article Marketing","description":"article marketing &amp; press release","potentialAction":[{"@type":"SearchAction","target":{"@type":"EntryPoint","urlTemplate":"https:\/\/www.article-marketing.eu\/comunicati\/?s={search_term_string}"},"query-input":{"@type":"PropertyValueSpecification","valueRequired":true,"valueName":"search_term_string"}}],"inLanguage":"it-IT"},{"@type":"Person","@id":"https:\/\/www.article-marketing.eu\/comunicati\/#\/schema\/person\/44372e4d4d0fa797b18e03ed1ace9017","name":"Redazione Comunicati Stampa","image":{"@type":"ImageObject","inLanguage":"it-IT","@id":"https:\/\/www.article-marketing.eu\/comunicati\/#\/schema\/person\/image\/","url":"https:\/\/secure.gravatar.com\/avatar\/50e5c6421d3072f42e7ace803501602c60d75233d34e29fd05feb91c8760b792?s=96&d=mm&r=g","contentUrl":"https:\/\/secure.gravatar.com\/avatar\/50e5c6421d3072f42e7ace803501602c60d75233d34e29fd05feb91c8760b792?s=96&d=mm&r=g","caption":"Redazione Comunicati Stampa"},"url":"https:\/\/www.article-marketing.eu\/comunicati\/author\/redazione-comunicati-stampa\/"}]}},"_links":{"self":[{"href":"https:\/\/www.article-marketing.eu\/comunicati\/wp-json\/wp\/v2\/posts\/10139","targetHints":{"allow":["GET"]}}],"collection":[{"href":"https:\/\/www.article-marketing.eu\/comunicati\/wp-json\/wp\/v2\/posts"}],"about":[{"href":"https:\/\/www.article-marketing.eu\/comunicati\/wp-json\/wp\/v2\/types\/post"}],"author":[{"embeddable":true,"href":"https:\/\/www.article-marketing.eu\/comunicati\/wp-json\/wp\/v2\/users\/10"}],"replies":[{"embeddable":true,"href":"https:\/\/www.article-marketing.eu\/comunicati\/wp-json\/wp\/v2\/comments?post=10139"}],"version-history":[{"count":0,"href":"https:\/\/www.article-marketing.eu\/comunicati\/wp-json\/wp\/v2\/posts\/10139\/revisions"}],"wp:attachment":[{"href":"https:\/\/www.article-marketing.eu\/comunicati\/wp-json\/wp\/v2\/media?parent=10139"}],"wp:term":[{"taxonomy":"category","embeddable":true,"href":"https:\/\/www.article-marketing.eu\/comunicati\/wp-json\/wp\/v2\/categories?post=10139"},{"taxonomy":"post_tag","embeddable":true,"href":"https:\/\/www.article-marketing.eu\/comunicati\/wp-json\/wp\/v2\/tags?post=10139"}],"curies":[{"name":"wp","href":"https:\/\/api.w.org\/{rel}","templated":true}]}}