{"id":1021,"date":"2008-12-11T15:19:31","date_gmt":"2008-12-11T14:19:31","guid":{"rendered":"http:\/\/www.article-marketing.eu\/comunicati\/senza-categoria\/meningite-primi-casi-preoccupano-litalia\/"},"modified":"2008-12-11T15:19:31","modified_gmt":"2008-12-11T14:19:31","slug":"meningite-primi-casi-preoccupano-litalia","status":"publish","type":"post","link":"https:\/\/www.article-marketing.eu\/comunicati\/salute-e-benessere\/medicina\/meningite-primi-casi-preoccupano-litalia\/","title":{"rendered":"MENINGITE, PRIMI CASI PREOCCUPANO L\u2019ITALIA"},"content":{"rendered":"<p>Un bimbo di cinque anni morto di meningite in provincia di Varese,  due persone colpite a Roma, una in provincia di Treviso e un&#8217;altra a Brescia, un giovane deceduto per sospetta meningite  a Trieste.<br \/>\nE\u2019 questo il bilancio dei casi di meningite verificatisi in questi ultimi mesi nel nostro Paese, un bilancio che fortunatamente non sta raggiungendo i livelli record dello scorso inverno ma al quale l\u2019opinione pubblica guarda ugualmente con una ragionevole dose di ansia e preoccupazione. A destare timori soprattutto in chi ha bambini di tenera et\u00e0 \u2013 fra i pi\u00f9 colpiti dalla malattia &#8211; \u00e8 soprattutto la difficolt\u00e0 nel fare una precoce <a href=\u201dhttp:\/\/www.eurospital.it\/diagnostici\/index.php?id=251\u201d>diagnosi di meningite<\/a> riconoscendone tempestivamente i sintomi, laddove il fattore tempo gioca un ruolo determinante per la pronta e rapida guarigione del paziente.<br \/>\nBuone notizie per\u00f2 arrivano sul fronte della diagnosi della meningite. La societ\u00e0 Eurospital di Trieste, attiva con le sue tre divisioni nel settore dignostico, ospedaliero e farmaceutico, sta infatti distribuendo negli ospedali italiani un nuovo rivoluzionario test rapido in grado di individuare la meningite in sole due ore contro le 24 ore \u2013 ma anche i 7 giorni \u2013 richiesti dai metodi colturali utilizzati finora per individuare la malattia.<br \/>\nIl nuovo test rapido per la meningite, messo a punto dal Laboratorio di Immunologia della Clinica Pediatrica II dell\u2019Universit\u00e0 di Firenze dall\u2019ospedale Meyer di Firenze, si basa sulla biologia molecolare ed \u00e8 di rapida esecuzione, alta specificit\u00e0 e sensibilit\u00e0 superiore ai tradizionali metodi colturali. Oltre ad essere particolarmente economico, accorcia drasticamente il tempo necessario a esprimere la  diagnosi di meningite e permette di procedere in modo pi\u00f9 tempestivo e mirato sia nella cura dei pazienti colpiti che nella profilassi dei possibili contagiati.<br \/>\nOltre al meningococco, responsabile della meningite, il test rapido individua la presenza di altri batteri particolarmente pericolosi per l\u2019uomo come lo pneumococco \u2013 causa di varie patologie come polmonite, pericardite e osteomielite\u2013 e l\u2019Haemophilus influenzae (HI), che porta all\u2019uomo gravi infezioni delle vie aeree superiori e inferiori.<br \/>\nEstremamente pericolosa e contagiosa, la meningite \u00e8 una malattia infiammatoria delle membrane che rivestono l\u2019encefalo e del liquido cerebro-spinale. Causata nelle sue forme pi\u00f9 gravi dal meningococco, un batterio letale che nei paesi occidentali rappresenta uno dei fattori scatenanti pi\u00f9 frequenti della malattia, deve essere trattata immediatamente perch\u00e9 solo poche ore possono essere determinanti per la sorte del malato. Della meningite da meningococco muoiono attualmente ancora il 10 per cento dei pazienti.<\/p>\n<p>Molto difficile da diagnosticare soprattutto nei neonati e nei bambini piccoli, la meningite ha sintomi iniziali poco specifici come  mal di testa, mialgie, fotofobia, febbre alta, alterazioni di coscienza, rigidit\u00e0 nucale, sepsi. Inoltre pu\u00f2 comportare crisi convulsive generalizzate, deficit di nervi cranici e, pi\u00f9 raramente, segni di lesione piramidale e setticemia.<\/p>\n","protected":false},"excerpt":{"rendered":"<p>Negli ultimi mesi si sono verificati anche nel nostro Paese alcuni decessi per la terribile malattia. Ma arrivano buone notizie sul fronte della diagnosi di meningite grazie al test rapido distribuito negli ospedali dalla Eurospital di Trieste<\/p>\n","protected":false},"author":10,"featured_media":0,"comment_status":"open","ping_status":"open","sticky":false,"template":"","format":"standard","meta":{"cybocfi_hide_featured_image":"","footnotes":""},"categories":[70],"tags":[1963,1967,1966,1960,1961,1965,1962,1964],"class_list":["post-1021","post","type-post","status-publish","format-standard","hentry","category-medicina","tag-diagnosi-precoce-meningite","tag-febbre-alta","tag-mal-di-testa","tag-meningite","tag-meningite-fulminante","tag-profilassi-meningite","tag-sintomi-meningite","tag-test-rapido-meningite"],"yoast_head":"<!-- This site is optimized with the Yoast SEO plugin v27.0 - https:\/\/yoast.com\/product\/yoast-seo-wordpress\/ -->\n<title>MENINGITE, PRIMI CASI PREOCCUPANO L\u2019ITALIA - Article Marketing<\/title>\n<meta name=\"robots\" content=\"index, follow, max-snippet:-1, max-image-preview:large, max-video-preview:-1\" \/>\n<link rel=\"canonical\" href=\"https:\/\/www.article-marketing.eu\/comunicati\/salute-e-benessere\/medicina\/meningite-primi-casi-preoccupano-litalia\/\" \/>\n<meta property=\"og:locale\" content=\"it_IT\" \/>\n<meta property=\"og:type\" content=\"article\" \/>\n<meta property=\"og:title\" content=\"MENINGITE, PRIMI CASI PREOCCUPANO L\u2019ITALIA - Article Marketing\" \/>\n<meta property=\"og:description\" content=\"Negli ultimi mesi si sono verificati anche nel nostro Paese alcuni decessi per la terribile malattia. Ma arrivano buone notizie sul fronte della diagnosi di meningite grazie al test rapido distribuito negli ospedali dalla Eurospital di Trieste\" \/>\n<meta property=\"og:url\" content=\"https:\/\/www.article-marketing.eu\/comunicati\/salute-e-benessere\/medicina\/meningite-primi-casi-preoccupano-litalia\/\" \/>\n<meta property=\"og:site_name\" content=\"Article Marketing\" \/>\n<meta property=\"article:published_time\" content=\"2008-12-11T14:19:31+00:00\" \/>\n<meta name=\"author\" content=\"Redazione Comunicati Stampa\" \/>\n<meta name=\"twitter:card\" content=\"summary_large_image\" \/>\n<meta name=\"twitter:label1\" content=\"Scritto da\" \/>\n\t<meta name=\"twitter:data1\" content=\"Redazione Comunicati Stampa\" \/>\n\t<meta name=\"twitter:label2\" content=\"Tempo di lettura stimato\" \/>\n\t<meta name=\"twitter:data2\" content=\"2 minuti\" \/>\n<script type=\"application\/ld+json\" class=\"yoast-schema-graph\">{\"@context\":\"https:\/\/schema.org\",\"@graph\":[{\"@type\":\"Article\",\"@id\":\"https:\/\/www.article-marketing.eu\/comunicati\/salute-e-benessere\/medicina\/meningite-primi-casi-preoccupano-litalia\/#article\",\"isPartOf\":{\"@id\":\"https:\/\/www.article-marketing.eu\/comunicati\/salute-e-benessere\/medicina\/meningite-primi-casi-preoccupano-litalia\/\"},\"author\":{\"name\":\"Redazione Comunicati Stampa\",\"@id\":\"https:\/\/www.article-marketing.eu\/comunicati\/#\/schema\/person\/44372e4d4d0fa797b18e03ed1ace9017\"},\"headline\":\"MENINGITE, PRIMI CASI PREOCCUPANO L\u2019ITALIA\",\"datePublished\":\"2008-12-11T14:19:31+00:00\",\"mainEntityOfPage\":{\"@id\":\"https:\/\/www.article-marketing.eu\/comunicati\/salute-e-benessere\/medicina\/meningite-primi-casi-preoccupano-litalia\/\"},\"wordCount\":452,\"commentCount\":0,\"keywords\":[\"diagnosi precoce meningite\",\"febbre alta\",\"mal di testa\",\"meningite\",\"meningite fulminante\",\"profilassi meningite\",\"sintomi meningite\",\"test rapido meningite\"],\"articleSection\":[\"Medicina\"],\"inLanguage\":\"it-IT\",\"potentialAction\":[{\"@type\":\"CommentAction\",\"name\":\"Comment\",\"target\":[\"https:\/\/www.article-marketing.eu\/comunicati\/salute-e-benessere\/medicina\/meningite-primi-casi-preoccupano-litalia\/#respond\"]}]},{\"@type\":\"WebPage\",\"@id\":\"https:\/\/www.article-marketing.eu\/comunicati\/salute-e-benessere\/medicina\/meningite-primi-casi-preoccupano-litalia\/\",\"url\":\"https:\/\/www.article-marketing.eu\/comunicati\/salute-e-benessere\/medicina\/meningite-primi-casi-preoccupano-litalia\/\",\"name\":\"MENINGITE, PRIMI CASI PREOCCUPANO L\u2019ITALIA - Article Marketing\",\"isPartOf\":{\"@id\":\"https:\/\/www.article-marketing.eu\/comunicati\/#website\"},\"datePublished\":\"2008-12-11T14:19:31+00:00\",\"author\":{\"@id\":\"https:\/\/www.article-marketing.eu\/comunicati\/#\/schema\/person\/44372e4d4d0fa797b18e03ed1ace9017\"},\"breadcrumb\":{\"@id\":\"https:\/\/www.article-marketing.eu\/comunicati\/salute-e-benessere\/medicina\/meningite-primi-casi-preoccupano-litalia\/#breadcrumb\"},\"inLanguage\":\"it-IT\",\"potentialAction\":[{\"@type\":\"ReadAction\",\"target\":[\"https:\/\/www.article-marketing.eu\/comunicati\/salute-e-benessere\/medicina\/meningite-primi-casi-preoccupano-litalia\/\"]}]},{\"@type\":\"BreadcrumbList\",\"@id\":\"https:\/\/www.article-marketing.eu\/comunicati\/salute-e-benessere\/medicina\/meningite-primi-casi-preoccupano-litalia\/#breadcrumb\",\"itemListElement\":[{\"@type\":\"ListItem\",\"position\":1,\"name\":\"Home\",\"item\":\"https:\/\/www.article-marketing.eu\/comunicati\/\"},{\"@type\":\"ListItem\",\"position\":2,\"name\":\"MENINGITE, PRIMI CASI PREOCCUPANO L\u2019ITALIA\"}]},{\"@type\":\"WebSite\",\"@id\":\"https:\/\/www.article-marketing.eu\/comunicati\/#website\",\"url\":\"https:\/\/www.article-marketing.eu\/comunicati\/\",\"name\":\"Article Marketing\",\"description\":\"article marketing &amp; press release\",\"potentialAction\":[{\"@type\":\"SearchAction\",\"target\":{\"@type\":\"EntryPoint\",\"urlTemplate\":\"https:\/\/www.article-marketing.eu\/comunicati\/?s={search_term_string}\"},\"query-input\":{\"@type\":\"PropertyValueSpecification\",\"valueRequired\":true,\"valueName\":\"search_term_string\"}}],\"inLanguage\":\"it-IT\"},{\"@type\":\"Person\",\"@id\":\"https:\/\/www.article-marketing.eu\/comunicati\/#\/schema\/person\/44372e4d4d0fa797b18e03ed1ace9017\",\"name\":\"Redazione Comunicati Stampa\",\"image\":{\"@type\":\"ImageObject\",\"inLanguage\":\"it-IT\",\"@id\":\"https:\/\/www.article-marketing.eu\/comunicati\/#\/schema\/person\/image\/\",\"url\":\"https:\/\/secure.gravatar.com\/avatar\/50e5c6421d3072f42e7ace803501602c60d75233d34e29fd05feb91c8760b792?s=96&d=mm&r=g\",\"contentUrl\":\"https:\/\/secure.gravatar.com\/avatar\/50e5c6421d3072f42e7ace803501602c60d75233d34e29fd05feb91c8760b792?s=96&d=mm&r=g\",\"caption\":\"Redazione Comunicati Stampa\"},\"url\":\"https:\/\/www.article-marketing.eu\/comunicati\/author\/redazione-comunicati-stampa\/\"}]}<\/script>\n<!-- \/ Yoast SEO plugin. -->","yoast_head_json":{"title":"MENINGITE, PRIMI CASI PREOCCUPANO L\u2019ITALIA - Article Marketing","robots":{"index":"index","follow":"follow","max-snippet":"max-snippet:-1","max-image-preview":"max-image-preview:large","max-video-preview":"max-video-preview:-1"},"canonical":"https:\/\/www.article-marketing.eu\/comunicati\/salute-e-benessere\/medicina\/meningite-primi-casi-preoccupano-litalia\/","og_locale":"it_IT","og_type":"article","og_title":"MENINGITE, PRIMI CASI PREOCCUPANO L\u2019ITALIA - Article Marketing","og_description":"Negli ultimi mesi si sono verificati anche nel nostro Paese alcuni decessi per la terribile malattia. Ma arrivano buone notizie sul fronte della diagnosi di meningite grazie al test rapido distribuito negli ospedali dalla Eurospital di Trieste","og_url":"https:\/\/www.article-marketing.eu\/comunicati\/salute-e-benessere\/medicina\/meningite-primi-casi-preoccupano-litalia\/","og_site_name":"Article Marketing","article_published_time":"2008-12-11T14:19:31+00:00","author":"Redazione Comunicati Stampa","twitter_card":"summary_large_image","twitter_misc":{"Scritto da":"Redazione Comunicati Stampa","Tempo di lettura stimato":"2 minuti"},"schema":{"@context":"https:\/\/schema.org","@graph":[{"@type":"Article","@id":"https:\/\/www.article-marketing.eu\/comunicati\/salute-e-benessere\/medicina\/meningite-primi-casi-preoccupano-litalia\/#article","isPartOf":{"@id":"https:\/\/www.article-marketing.eu\/comunicati\/salute-e-benessere\/medicina\/meningite-primi-casi-preoccupano-litalia\/"},"author":{"name":"Redazione Comunicati Stampa","@id":"https:\/\/www.article-marketing.eu\/comunicati\/#\/schema\/person\/44372e4d4d0fa797b18e03ed1ace9017"},"headline":"MENINGITE, PRIMI CASI PREOCCUPANO L\u2019ITALIA","datePublished":"2008-12-11T14:19:31+00:00","mainEntityOfPage":{"@id":"https:\/\/www.article-marketing.eu\/comunicati\/salute-e-benessere\/medicina\/meningite-primi-casi-preoccupano-litalia\/"},"wordCount":452,"commentCount":0,"keywords":["diagnosi precoce meningite","febbre alta","mal di testa","meningite","meningite fulminante","profilassi meningite","sintomi meningite","test rapido meningite"],"articleSection":["Medicina"],"inLanguage":"it-IT","potentialAction":[{"@type":"CommentAction","name":"Comment","target":["https:\/\/www.article-marketing.eu\/comunicati\/salute-e-benessere\/medicina\/meningite-primi-casi-preoccupano-litalia\/#respond"]}]},{"@type":"WebPage","@id":"https:\/\/www.article-marketing.eu\/comunicati\/salute-e-benessere\/medicina\/meningite-primi-casi-preoccupano-litalia\/","url":"https:\/\/www.article-marketing.eu\/comunicati\/salute-e-benessere\/medicina\/meningite-primi-casi-preoccupano-litalia\/","name":"MENINGITE, PRIMI CASI PREOCCUPANO L\u2019ITALIA - Article Marketing","isPartOf":{"@id":"https:\/\/www.article-marketing.eu\/comunicati\/#website"},"datePublished":"2008-12-11T14:19:31+00:00","author":{"@id":"https:\/\/www.article-marketing.eu\/comunicati\/#\/schema\/person\/44372e4d4d0fa797b18e03ed1ace9017"},"breadcrumb":{"@id":"https:\/\/www.article-marketing.eu\/comunicati\/salute-e-benessere\/medicina\/meningite-primi-casi-preoccupano-litalia\/#breadcrumb"},"inLanguage":"it-IT","potentialAction":[{"@type":"ReadAction","target":["https:\/\/www.article-marketing.eu\/comunicati\/salute-e-benessere\/medicina\/meningite-primi-casi-preoccupano-litalia\/"]}]},{"@type":"BreadcrumbList","@id":"https:\/\/www.article-marketing.eu\/comunicati\/salute-e-benessere\/medicina\/meningite-primi-casi-preoccupano-litalia\/#breadcrumb","itemListElement":[{"@type":"ListItem","position":1,"name":"Home","item":"https:\/\/www.article-marketing.eu\/comunicati\/"},{"@type":"ListItem","position":2,"name":"MENINGITE, PRIMI CASI PREOCCUPANO L\u2019ITALIA"}]},{"@type":"WebSite","@id":"https:\/\/www.article-marketing.eu\/comunicati\/#website","url":"https:\/\/www.article-marketing.eu\/comunicati\/","name":"Article Marketing","description":"article marketing &amp; press release","potentialAction":[{"@type":"SearchAction","target":{"@type":"EntryPoint","urlTemplate":"https:\/\/www.article-marketing.eu\/comunicati\/?s={search_term_string}"},"query-input":{"@type":"PropertyValueSpecification","valueRequired":true,"valueName":"search_term_string"}}],"inLanguage":"it-IT"},{"@type":"Person","@id":"https:\/\/www.article-marketing.eu\/comunicati\/#\/schema\/person\/44372e4d4d0fa797b18e03ed1ace9017","name":"Redazione Comunicati Stampa","image":{"@type":"ImageObject","inLanguage":"it-IT","@id":"https:\/\/www.article-marketing.eu\/comunicati\/#\/schema\/person\/image\/","url":"https:\/\/secure.gravatar.com\/avatar\/50e5c6421d3072f42e7ace803501602c60d75233d34e29fd05feb91c8760b792?s=96&d=mm&r=g","contentUrl":"https:\/\/secure.gravatar.com\/avatar\/50e5c6421d3072f42e7ace803501602c60d75233d34e29fd05feb91c8760b792?s=96&d=mm&r=g","caption":"Redazione Comunicati Stampa"},"url":"https:\/\/www.article-marketing.eu\/comunicati\/author\/redazione-comunicati-stampa\/"}]}},"_links":{"self":[{"href":"https:\/\/www.article-marketing.eu\/comunicati\/wp-json\/wp\/v2\/posts\/1021","targetHints":{"allow":["GET"]}}],"collection":[{"href":"https:\/\/www.article-marketing.eu\/comunicati\/wp-json\/wp\/v2\/posts"}],"about":[{"href":"https:\/\/www.article-marketing.eu\/comunicati\/wp-json\/wp\/v2\/types\/post"}],"author":[{"embeddable":true,"href":"https:\/\/www.article-marketing.eu\/comunicati\/wp-json\/wp\/v2\/users\/10"}],"replies":[{"embeddable":true,"href":"https:\/\/www.article-marketing.eu\/comunicati\/wp-json\/wp\/v2\/comments?post=1021"}],"version-history":[{"count":0,"href":"https:\/\/www.article-marketing.eu\/comunicati\/wp-json\/wp\/v2\/posts\/1021\/revisions"}],"wp:attachment":[{"href":"https:\/\/www.article-marketing.eu\/comunicati\/wp-json\/wp\/v2\/media?parent=1021"}],"wp:term":[{"taxonomy":"category","embeddable":true,"href":"https:\/\/www.article-marketing.eu\/comunicati\/wp-json\/wp\/v2\/categories?post=1021"},{"taxonomy":"post_tag","embeddable":true,"href":"https:\/\/www.article-marketing.eu\/comunicati\/wp-json\/wp\/v2\/tags?post=1021"}],"curies":[{"name":"wp","href":"https:\/\/api.w.org\/{rel}","templated":true}]}}