{"id":10211,"date":"2010-12-05T10:15:14","date_gmt":"2010-12-05T09:15:14","guid":{"rendered":"http:\/\/www.article-marketing.eu\/comunicati\/senza-categoria\/galleria-genus-presenta-rabarama-e-salvo-il-colore-e-la-personalit%c3%a0\/"},"modified":"2010-12-05T10:15:14","modified_gmt":"2010-12-05T09:15:14","slug":"galleria-genus-presenta-rabarama-e-salvo-il-colore-e-la-personalit%c3%a0","status":"publish","type":"post","link":"https:\/\/www.article-marketing.eu\/comunicati\/arte-e-cultura\/galleria-genus-presenta-rabarama-e-salvo-il-colore-e-la-personalit%c3%a0\/","title":{"rendered":"Galleria Genus presenta Rabarama e Salvo &#8211; il colore e la personalit\u00e0"},"content":{"rendered":"<p>La Galleria d&rsquo;Arte Genus di San Benedetto del Tronto prosegue con la sua attivit&agrave; espositiva. Mercoled&igrave; 8 dicembre 2010 alle 17.30 presenta il colore e la personalit&agrave;, doppia personale di Rabarama e Salvo. La mostra propone l&#8217;incontro tra due degli artisti italiani pi&ugrave; importanti e apprezzati nel panorama nazionale e non solo, ma &egrave; anche un incontro tra due generazioni e due linguaggi diversi ma non contrapposti.<br \/><img loading=\"lazy\" decoding=\"async\" src=\"http:\/\/3.bp.blogspot.com\/_oXqltlncso8\/TPrd8x8XU4I\/AAAAAAAAARo\/h2-ComCgL3c\/s1600\/salvo.jpg\" border=\"0\" alt=\"opera di Salvo\" width=\"500\" height=\"393\" \/><br \/>il colore e la personalit&agrave; vuole raccontare un frammento dell&#8217;attivit&agrave; di due artisti italiani tra i pi&ugrave; importanti nel nostro panorama, Rabarama e Salvo. I loro percorsi di ricerca sono molto differenti a partire dal modo differente che hanno di utilizzare il linguaggio artistico. Rabarama ha fatto della scultura lo strumento principe della sua ricerca, una scultura che ha come proprio centro di interesse la figura umana, una figura umana frazionata e scomposta come un puzzle colorato. Salvo invece attraverso la sua pittura ci mostra paesaggi, urbani e naturali, con colori fantastici, ricchi di suggestioni, quasi fossero uno specchio del suo Io. La Galleria Genus presenta una doppia personale dove all&#8217;uso del colore si fondono due percorsi intimi, individuali e personali.<\/p>\n<p>Rabarama (Paola Epifani) &egrave; nata a Roma nel 1969.sviluppa la sua formazione artistica al Liceo Artistico di Treviso e all&rsquo;Accademia di Belle Arti di Venezia, da questa esce a pieni voti nel 1991. Partecipa da subito a numerosi premi nazionali e internazionali di scultura, con un crescente successo di critica e pubblico. Attualmente vive e lavora a Padova. Il percorso sperimentato da Rabarama per descrivere la figura umana ha precisi riferimenti filosofici: riflessioni intorno al pensiero sulla natura e al destino dell&rsquo;essere umano.<br \/>Ha ricevuto numerosi riconoscimenti sia in Italia che all&#8217;estero, tra le tante mostre a cui ha partecipato citiamo:<br \/>2001 &#8211; Sculture Monumentali &#8211; Fondazione Palazzo Bricherasio, Torino<br \/>2003 &#8211; Beijing International, National Art Museum of China, Biennale di Pechino &#8211; PRC<br \/>2005 &#8211; Fundaci&ograve;n Sebastian, Citt&agrave; del Messico, Messico<br \/>2007 &#8211; Rabarama a Ginevra, maestoso connubio, Castello Franck Muller, Ginevra, Svizzera<br \/>2010 &ndash; Rabarama at Moor House &#8211; Moor House, Londra, Gran Bretagna<\/p>\n<p>Salvo (Salvatore Mangione) nasce a Leonforte (EN) nel 1947, attualmente vive e lavora a Torino. Inizia la sua attivit&agrave; alla met&agrave; degli anni &#8217;60, con lavori legati al linguaggio fotografico, dopo questa fase concettuale comincia una riflessione sul recupero della pittura classica. Propone iconografie con un tratto ingenuo e un colore moderno, i soggetti si ispirano ai maestri del Quattrocento e in seguito a rovine archeologiche. Negli anni successivi la ricerca pittorica si lega agli elementi caratterizzanti il paesaggio.<br \/>Ha partecipato a numerose mostre in importanti musei, gallerie o manifestazioni in Italia e all&rsquo;estero, tra cui ricordiamo:<br \/>1972 &#8211; Documenta 5 &ndash; Kassel, Germania<br \/>1976 &#8211; Biennale di Venezia,<br \/>1984 &#8211; Biennale di Venezia,<br \/>1999 &#8211; Die Sammung Paul Maenz &#8211; Weimar, Germania.<br \/>2003 &ndash; Salvo &#8211; Trevi Flash Art Museum, Trevi<\/p>\n<p>scheda tecnica<br \/>Artisti: Rabarama &#8211; Salvo<br \/>Curatore: Adele Vagnarelli<br \/>Testi: Dario Ciferri<\/p>\n<p>Periodo 8 dicembre &ndash; 8 gennaio<br \/>Orari di apertura: mattino 10-12,30 pomeriggio: 17-20<br \/>Chiuso domenica mattina e luned&igrave; mattina<\/p>\n<p>Info<br \/>Galleria d&rsquo;Arte Genus srl<br \/>Via M. Curzi<br \/>63039 San Benedetto del Tronto (AP)<br \/>tel 0735 500521<br \/>email info@galleriagenus.it<br \/>web www.galleriagenus.it<\/p>\n","protected":false},"excerpt":{"rendered":"<p>La Galleria d\u2019Arte Genus di San Benedetto del Tronto prosegue con la sua attivit\u00e0 espositiva. Mercoled\u00ec 8 dicembre 2010 alle 17.30 presenta il colore e la personalit\u00e0, doppia personale di Rabarama e Salvo.<\/p>\n","protected":false},"author":10,"featured_media":0,"comment_status":"open","ping_status":"open","sticky":false,"template":"","format":"standard","meta":{"cybocfi_hide_featured_image":"","footnotes":""},"categories":[27],"tags":[171,18277,1000,10831],"class_list":["post-10211","post","type-post","status-publish","format-standard","hentry","category-arte-e-cultura","tag-arte","tag-galleria-genus","tag-mostra","tag-san-benedetto-del-tronto"],"yoast_head":"<!-- This site is optimized with the Yoast SEO plugin v27.0 - https:\/\/yoast.com\/product\/yoast-seo-wordpress\/ -->\n<title>Galleria Genus presenta Rabarama e Salvo - il colore e la personalit\u00e0 - Article Marketing<\/title>\n<meta name=\"robots\" content=\"index, follow, max-snippet:-1, max-image-preview:large, max-video-preview:-1\" \/>\n<link rel=\"canonical\" href=\"https:\/\/www.article-marketing.eu\/comunicati\/arte-e-cultura\/galleria-genus-presenta-rabarama-e-salvo-il-colore-e-la-personalit\u00e0\/\" \/>\n<meta property=\"og:locale\" content=\"it_IT\" \/>\n<meta property=\"og:type\" content=\"article\" \/>\n<meta property=\"og:title\" content=\"Galleria Genus presenta Rabarama e Salvo - il colore e la personalit\u00e0 - Article Marketing\" \/>\n<meta property=\"og:description\" content=\"La Galleria d\u2019Arte Genus di San Benedetto del Tronto prosegue con la sua attivit\u00e0 espositiva. Mercoled\u00ec 8 dicembre 2010 alle 17.30 presenta il colore e la personalit\u00e0, doppia personale di Rabarama e Salvo.\" \/>\n<meta property=\"og:url\" content=\"https:\/\/www.article-marketing.eu\/comunicati\/arte-e-cultura\/galleria-genus-presenta-rabarama-e-salvo-il-colore-e-la-personalit\u00e0\/\" \/>\n<meta property=\"og:site_name\" content=\"Article Marketing\" \/>\n<meta property=\"article:published_time\" content=\"2010-12-05T09:15:14+00:00\" \/>\n<meta property=\"og:image\" content=\"http:\/\/3.bp.blogspot.com\/_oXqltlncso8\/TPrd8x8XU4I\/AAAAAAAAARo\/h2-ComCgL3c\/s1600\/salvo.jpg\" \/>\n<meta name=\"author\" content=\"Redazione Comunicati Stampa\" \/>\n<meta name=\"twitter:card\" content=\"summary_large_image\" \/>\n<meta name=\"twitter:label1\" content=\"Scritto da\" \/>\n\t<meta name=\"twitter:data1\" content=\"Redazione Comunicati Stampa\" \/>\n\t<meta name=\"twitter:label2\" content=\"Tempo di lettura stimato\" \/>\n\t<meta name=\"twitter:data2\" content=\"3 minuti\" \/>\n<script type=\"application\/ld+json\" class=\"yoast-schema-graph\">{\"@context\":\"https:\/\/schema.org\",\"@graph\":[{\"@type\":\"Article\",\"@id\":\"https:\/\/www.article-marketing.eu\/comunicati\/arte-e-cultura\/galleria-genus-presenta-rabarama-e-salvo-il-colore-e-la-personalit%c3%a0\/#article\",\"isPartOf\":{\"@id\":\"https:\/\/www.article-marketing.eu\/comunicati\/arte-e-cultura\/galleria-genus-presenta-rabarama-e-salvo-il-colore-e-la-personalit%c3%a0\/\"},\"author\":{\"name\":\"Redazione Comunicati Stampa\",\"@id\":\"https:\/\/www.article-marketing.eu\/comunicati\/#\/schema\/person\/44372e4d4d0fa797b18e03ed1ace9017\"},\"headline\":\"Galleria Genus presenta Rabarama e Salvo &#8211; il colore e la personalit\u00e0\",\"datePublished\":\"2010-12-05T09:15:14+00:00\",\"mainEntityOfPage\":{\"@id\":\"https:\/\/www.article-marketing.eu\/comunicati\/arte-e-cultura\/galleria-genus-presenta-rabarama-e-salvo-il-colore-e-la-personalit%c3%a0\/\"},\"wordCount\":539,\"commentCount\":0,\"image\":{\"@id\":\"https:\/\/www.article-marketing.eu\/comunicati\/arte-e-cultura\/galleria-genus-presenta-rabarama-e-salvo-il-colore-e-la-personalit%c3%a0\/#primaryimage\"},\"thumbnailUrl\":\"http:\/\/3.bp.blogspot.com\/_oXqltlncso8\/TPrd8x8XU4I\/AAAAAAAAARo\/h2-ComCgL3c\/s1600\/salvo.jpg\",\"keywords\":[\"arte\",\"galleria genus\",\"Mostra\",\"san benedetto del tronto\"],\"articleSection\":[\"Arte e cultura\"],\"inLanguage\":\"it-IT\",\"potentialAction\":[{\"@type\":\"CommentAction\",\"name\":\"Comment\",\"target\":[\"https:\/\/www.article-marketing.eu\/comunicati\/arte-e-cultura\/galleria-genus-presenta-rabarama-e-salvo-il-colore-e-la-personalit%c3%a0\/#respond\"]}]},{\"@type\":\"WebPage\",\"@id\":\"https:\/\/www.article-marketing.eu\/comunicati\/arte-e-cultura\/galleria-genus-presenta-rabarama-e-salvo-il-colore-e-la-personalit%c3%a0\/\",\"url\":\"https:\/\/www.article-marketing.eu\/comunicati\/arte-e-cultura\/galleria-genus-presenta-rabarama-e-salvo-il-colore-e-la-personalit%c3%a0\/\",\"name\":\"Galleria Genus presenta Rabarama e Salvo - il colore e la personalit\u00e0 - Article Marketing\",\"isPartOf\":{\"@id\":\"https:\/\/www.article-marketing.eu\/comunicati\/#website\"},\"primaryImageOfPage\":{\"@id\":\"https:\/\/www.article-marketing.eu\/comunicati\/arte-e-cultura\/galleria-genus-presenta-rabarama-e-salvo-il-colore-e-la-personalit%c3%a0\/#primaryimage\"},\"image\":{\"@id\":\"https:\/\/www.article-marketing.eu\/comunicati\/arte-e-cultura\/galleria-genus-presenta-rabarama-e-salvo-il-colore-e-la-personalit%c3%a0\/#primaryimage\"},\"thumbnailUrl\":\"http:\/\/3.bp.blogspot.com\/_oXqltlncso8\/TPrd8x8XU4I\/AAAAAAAAARo\/h2-ComCgL3c\/s1600\/salvo.jpg\",\"datePublished\":\"2010-12-05T09:15:14+00:00\",\"author\":{\"@id\":\"https:\/\/www.article-marketing.eu\/comunicati\/#\/schema\/person\/44372e4d4d0fa797b18e03ed1ace9017\"},\"breadcrumb\":{\"@id\":\"https:\/\/www.article-marketing.eu\/comunicati\/arte-e-cultura\/galleria-genus-presenta-rabarama-e-salvo-il-colore-e-la-personalit%c3%a0\/#breadcrumb\"},\"inLanguage\":\"it-IT\",\"potentialAction\":[{\"@type\":\"ReadAction\",\"target\":[\"https:\/\/www.article-marketing.eu\/comunicati\/arte-e-cultura\/galleria-genus-presenta-rabarama-e-salvo-il-colore-e-la-personalit%c3%a0\/\"]}]},{\"@type\":\"ImageObject\",\"inLanguage\":\"it-IT\",\"@id\":\"https:\/\/www.article-marketing.eu\/comunicati\/arte-e-cultura\/galleria-genus-presenta-rabarama-e-salvo-il-colore-e-la-personalit%c3%a0\/#primaryimage\",\"url\":\"http:\/\/3.bp.blogspot.com\/_oXqltlncso8\/TPrd8x8XU4I\/AAAAAAAAARo\/h2-ComCgL3c\/s1600\/salvo.jpg\",\"contentUrl\":\"http:\/\/3.bp.blogspot.com\/_oXqltlncso8\/TPrd8x8XU4I\/AAAAAAAAARo\/h2-ComCgL3c\/s1600\/salvo.jpg\"},{\"@type\":\"BreadcrumbList\",\"@id\":\"https:\/\/www.article-marketing.eu\/comunicati\/arte-e-cultura\/galleria-genus-presenta-rabarama-e-salvo-il-colore-e-la-personalit%c3%a0\/#breadcrumb\",\"itemListElement\":[{\"@type\":\"ListItem\",\"position\":1,\"name\":\"Home\",\"item\":\"https:\/\/www.article-marketing.eu\/comunicati\/\"},{\"@type\":\"ListItem\",\"position\":2,\"name\":\"Galleria Genus presenta Rabarama e Salvo &#8211; il colore e la personalit\u00e0\"}]},{\"@type\":\"WebSite\",\"@id\":\"https:\/\/www.article-marketing.eu\/comunicati\/#website\",\"url\":\"https:\/\/www.article-marketing.eu\/comunicati\/\",\"name\":\"Article Marketing\",\"description\":\"article marketing &amp; press release\",\"potentialAction\":[{\"@type\":\"SearchAction\",\"target\":{\"@type\":\"EntryPoint\",\"urlTemplate\":\"https:\/\/www.article-marketing.eu\/comunicati\/?s={search_term_string}\"},\"query-input\":{\"@type\":\"PropertyValueSpecification\",\"valueRequired\":true,\"valueName\":\"search_term_string\"}}],\"inLanguage\":\"it-IT\"},{\"@type\":\"Person\",\"@id\":\"https:\/\/www.article-marketing.eu\/comunicati\/#\/schema\/person\/44372e4d4d0fa797b18e03ed1ace9017\",\"name\":\"Redazione Comunicati Stampa\",\"image\":{\"@type\":\"ImageObject\",\"inLanguage\":\"it-IT\",\"@id\":\"https:\/\/www.article-marketing.eu\/comunicati\/#\/schema\/person\/image\/\",\"url\":\"https:\/\/secure.gravatar.com\/avatar\/50e5c6421d3072f42e7ace803501602c60d75233d34e29fd05feb91c8760b792?s=96&d=mm&r=g\",\"contentUrl\":\"https:\/\/secure.gravatar.com\/avatar\/50e5c6421d3072f42e7ace803501602c60d75233d34e29fd05feb91c8760b792?s=96&d=mm&r=g\",\"caption\":\"Redazione Comunicati Stampa\"},\"url\":\"https:\/\/www.article-marketing.eu\/comunicati\/author\/redazione-comunicati-stampa\/\"}]}<\/script>\n<!-- \/ Yoast SEO plugin. -->","yoast_head_json":{"title":"Galleria Genus presenta Rabarama e Salvo - il colore e la personalit\u00e0 - Article Marketing","robots":{"index":"index","follow":"follow","max-snippet":"max-snippet:-1","max-image-preview":"max-image-preview:large","max-video-preview":"max-video-preview:-1"},"canonical":"https:\/\/www.article-marketing.eu\/comunicati\/arte-e-cultura\/galleria-genus-presenta-rabarama-e-salvo-il-colore-e-la-personalit\u00e0\/","og_locale":"it_IT","og_type":"article","og_title":"Galleria Genus presenta Rabarama e Salvo - il colore e la personalit\u00e0 - Article Marketing","og_description":"La Galleria d\u2019Arte Genus di San Benedetto del Tronto prosegue con la sua attivit\u00e0 espositiva. Mercoled\u00ec 8 dicembre 2010 alle 17.30 presenta il colore e la personalit\u00e0, doppia personale di Rabarama e Salvo.","og_url":"https:\/\/www.article-marketing.eu\/comunicati\/arte-e-cultura\/galleria-genus-presenta-rabarama-e-salvo-il-colore-e-la-personalit\u00e0\/","og_site_name":"Article Marketing","article_published_time":"2010-12-05T09:15:14+00:00","og_image":[{"url":"http:\/\/3.bp.blogspot.com\/_oXqltlncso8\/TPrd8x8XU4I\/AAAAAAAAARo\/h2-ComCgL3c\/s1600\/salvo.jpg","type":"","width":"","height":""}],"author":"Redazione Comunicati Stampa","twitter_card":"summary_large_image","twitter_misc":{"Scritto da":"Redazione Comunicati Stampa","Tempo di lettura stimato":"3 minuti"},"schema":{"@context":"https:\/\/schema.org","@graph":[{"@type":"Article","@id":"https:\/\/www.article-marketing.eu\/comunicati\/arte-e-cultura\/galleria-genus-presenta-rabarama-e-salvo-il-colore-e-la-personalit%c3%a0\/#article","isPartOf":{"@id":"https:\/\/www.article-marketing.eu\/comunicati\/arte-e-cultura\/galleria-genus-presenta-rabarama-e-salvo-il-colore-e-la-personalit%c3%a0\/"},"author":{"name":"Redazione Comunicati Stampa","@id":"https:\/\/www.article-marketing.eu\/comunicati\/#\/schema\/person\/44372e4d4d0fa797b18e03ed1ace9017"},"headline":"Galleria Genus presenta Rabarama e Salvo &#8211; il colore e la personalit\u00e0","datePublished":"2010-12-05T09:15:14+00:00","mainEntityOfPage":{"@id":"https:\/\/www.article-marketing.eu\/comunicati\/arte-e-cultura\/galleria-genus-presenta-rabarama-e-salvo-il-colore-e-la-personalit%c3%a0\/"},"wordCount":539,"commentCount":0,"image":{"@id":"https:\/\/www.article-marketing.eu\/comunicati\/arte-e-cultura\/galleria-genus-presenta-rabarama-e-salvo-il-colore-e-la-personalit%c3%a0\/#primaryimage"},"thumbnailUrl":"http:\/\/3.bp.blogspot.com\/_oXqltlncso8\/TPrd8x8XU4I\/AAAAAAAAARo\/h2-ComCgL3c\/s1600\/salvo.jpg","keywords":["arte","galleria genus","Mostra","san benedetto del tronto"],"articleSection":["Arte e cultura"],"inLanguage":"it-IT","potentialAction":[{"@type":"CommentAction","name":"Comment","target":["https:\/\/www.article-marketing.eu\/comunicati\/arte-e-cultura\/galleria-genus-presenta-rabarama-e-salvo-il-colore-e-la-personalit%c3%a0\/#respond"]}]},{"@type":"WebPage","@id":"https:\/\/www.article-marketing.eu\/comunicati\/arte-e-cultura\/galleria-genus-presenta-rabarama-e-salvo-il-colore-e-la-personalit%c3%a0\/","url":"https:\/\/www.article-marketing.eu\/comunicati\/arte-e-cultura\/galleria-genus-presenta-rabarama-e-salvo-il-colore-e-la-personalit%c3%a0\/","name":"Galleria Genus presenta Rabarama e Salvo - il colore e la personalit\u00e0 - Article Marketing","isPartOf":{"@id":"https:\/\/www.article-marketing.eu\/comunicati\/#website"},"primaryImageOfPage":{"@id":"https:\/\/www.article-marketing.eu\/comunicati\/arte-e-cultura\/galleria-genus-presenta-rabarama-e-salvo-il-colore-e-la-personalit%c3%a0\/#primaryimage"},"image":{"@id":"https:\/\/www.article-marketing.eu\/comunicati\/arte-e-cultura\/galleria-genus-presenta-rabarama-e-salvo-il-colore-e-la-personalit%c3%a0\/#primaryimage"},"thumbnailUrl":"http:\/\/3.bp.blogspot.com\/_oXqltlncso8\/TPrd8x8XU4I\/AAAAAAAAARo\/h2-ComCgL3c\/s1600\/salvo.jpg","datePublished":"2010-12-05T09:15:14+00:00","author":{"@id":"https:\/\/www.article-marketing.eu\/comunicati\/#\/schema\/person\/44372e4d4d0fa797b18e03ed1ace9017"},"breadcrumb":{"@id":"https:\/\/www.article-marketing.eu\/comunicati\/arte-e-cultura\/galleria-genus-presenta-rabarama-e-salvo-il-colore-e-la-personalit%c3%a0\/#breadcrumb"},"inLanguage":"it-IT","potentialAction":[{"@type":"ReadAction","target":["https:\/\/www.article-marketing.eu\/comunicati\/arte-e-cultura\/galleria-genus-presenta-rabarama-e-salvo-il-colore-e-la-personalit%c3%a0\/"]}]},{"@type":"ImageObject","inLanguage":"it-IT","@id":"https:\/\/www.article-marketing.eu\/comunicati\/arte-e-cultura\/galleria-genus-presenta-rabarama-e-salvo-il-colore-e-la-personalit%c3%a0\/#primaryimage","url":"http:\/\/3.bp.blogspot.com\/_oXqltlncso8\/TPrd8x8XU4I\/AAAAAAAAARo\/h2-ComCgL3c\/s1600\/salvo.jpg","contentUrl":"http:\/\/3.bp.blogspot.com\/_oXqltlncso8\/TPrd8x8XU4I\/AAAAAAAAARo\/h2-ComCgL3c\/s1600\/salvo.jpg"},{"@type":"BreadcrumbList","@id":"https:\/\/www.article-marketing.eu\/comunicati\/arte-e-cultura\/galleria-genus-presenta-rabarama-e-salvo-il-colore-e-la-personalit%c3%a0\/#breadcrumb","itemListElement":[{"@type":"ListItem","position":1,"name":"Home","item":"https:\/\/www.article-marketing.eu\/comunicati\/"},{"@type":"ListItem","position":2,"name":"Galleria Genus presenta Rabarama e Salvo &#8211; il colore e la personalit\u00e0"}]},{"@type":"WebSite","@id":"https:\/\/www.article-marketing.eu\/comunicati\/#website","url":"https:\/\/www.article-marketing.eu\/comunicati\/","name":"Article Marketing","description":"article marketing &amp; press release","potentialAction":[{"@type":"SearchAction","target":{"@type":"EntryPoint","urlTemplate":"https:\/\/www.article-marketing.eu\/comunicati\/?s={search_term_string}"},"query-input":{"@type":"PropertyValueSpecification","valueRequired":true,"valueName":"search_term_string"}}],"inLanguage":"it-IT"},{"@type":"Person","@id":"https:\/\/www.article-marketing.eu\/comunicati\/#\/schema\/person\/44372e4d4d0fa797b18e03ed1ace9017","name":"Redazione Comunicati Stampa","image":{"@type":"ImageObject","inLanguage":"it-IT","@id":"https:\/\/www.article-marketing.eu\/comunicati\/#\/schema\/person\/image\/","url":"https:\/\/secure.gravatar.com\/avatar\/50e5c6421d3072f42e7ace803501602c60d75233d34e29fd05feb91c8760b792?s=96&d=mm&r=g","contentUrl":"https:\/\/secure.gravatar.com\/avatar\/50e5c6421d3072f42e7ace803501602c60d75233d34e29fd05feb91c8760b792?s=96&d=mm&r=g","caption":"Redazione Comunicati Stampa"},"url":"https:\/\/www.article-marketing.eu\/comunicati\/author\/redazione-comunicati-stampa\/"}]}},"_links":{"self":[{"href":"https:\/\/www.article-marketing.eu\/comunicati\/wp-json\/wp\/v2\/posts\/10211","targetHints":{"allow":["GET"]}}],"collection":[{"href":"https:\/\/www.article-marketing.eu\/comunicati\/wp-json\/wp\/v2\/posts"}],"about":[{"href":"https:\/\/www.article-marketing.eu\/comunicati\/wp-json\/wp\/v2\/types\/post"}],"author":[{"embeddable":true,"href":"https:\/\/www.article-marketing.eu\/comunicati\/wp-json\/wp\/v2\/users\/10"}],"replies":[{"embeddable":true,"href":"https:\/\/www.article-marketing.eu\/comunicati\/wp-json\/wp\/v2\/comments?post=10211"}],"version-history":[{"count":0,"href":"https:\/\/www.article-marketing.eu\/comunicati\/wp-json\/wp\/v2\/posts\/10211\/revisions"}],"wp:attachment":[{"href":"https:\/\/www.article-marketing.eu\/comunicati\/wp-json\/wp\/v2\/media?parent=10211"}],"wp:term":[{"taxonomy":"category","embeddable":true,"href":"https:\/\/www.article-marketing.eu\/comunicati\/wp-json\/wp\/v2\/categories?post=10211"},{"taxonomy":"post_tag","embeddable":true,"href":"https:\/\/www.article-marketing.eu\/comunicati\/wp-json\/wp\/v2\/tags?post=10211"}],"curies":[{"name":"wp","href":"https:\/\/api.w.org\/{rel}","templated":true}]}}