{"id":10262,"date":"2010-12-06T17:59:14","date_gmt":"2010-12-06T16:59:14","guid":{"rendered":"http:\/\/www.article-marketing.eu\/comunicati\/senza-categoria\/la-calvizie-quando-si-manifesta-come-si-manifesta-e-come-combatterla\/"},"modified":"2010-12-06T17:59:14","modified_gmt":"2010-12-06T16:59:14","slug":"la-calvizie-quando-si-manifesta-come-si-manifesta-e-come-combatterla","status":"publish","type":"post","link":"https:\/\/www.article-marketing.eu\/comunicati\/salute-e-benessere\/la-calvizie-quando-si-manifesta-come-si-manifesta-e-come-combatterla\/","title":{"rendered":"La Calvizie: quando si manifesta, come si manifesta e come combatterla."},"content":{"rendered":"<p>Uno dei luoghi comuni pi&ugrave; diffusi identifica la <a href=\"http:\/\/www.chirurgiaesteticacapelli.it\/trapianto_di_capelli\/10\/Calvizie.html\" title=\"Calvizie\">calvizie<\/a> con la caduta dei capelli ma ci&ograve; non &egrave; corretto.<br \/>Con il termine calvizie, si indica specificatamente una condizione ormai instaurata e irreversibile di grave mancanza di capelli.<br \/>Il principale meccanismo della calvizie &egrave; la miniaturizzazione del capello, la trasformazione del capello terminale in capello &#8216;vellus&#8217;: il capello diventa, cio&egrave;, sempre pi&ugrave; corto e sottile. Tale trasformazione dipende pi&ugrave; precisamente dalla riduzione del bulbo ad opera di reazioni enzimatiche inibenti, che accorciano il ciclo di crescita del capello stesso, in condizioni di predisposizione genetica della persona.<br \/>Il bulbo rappresenta la parte vitale del capello, per questo il problema della calvizie &egrave; un problema del bulbo, non del fusto!<br \/>La calvizie maschile &egrave; quella che tutti conosciamo, cio&egrave; un diradamento progressivo del cuoio capelluto che parte dalle zone temporali, procede in senso posteriore, fino alla fusione con il diradamento del vertice o chierica. In altri rimangono visibili soltanto i capelli delle zone occipitali e temporali.<br \/>La calvizie esiste anche nella donna, tuttavia &egrave; pi&ugrave; raramente grave per la ridotta presenza dell&rsquo;ormone maschile (una delle cause fondamentali della calvizie). Si distingue perch&eacute; non esiste, o &egrave; molto raro, il diradamento bi-temporale, cio&egrave; la stempiatura.<br \/>Si &egrave; visto che il fenomeno procede con velocit&agrave; diversa da soggetto a soggetto e, nel maschio questo &egrave; condizionato dall&rsquo;ereditariet&agrave; oltre che dalla quantit&agrave; di ormone maschile nel tempo.<br \/>Durante i consulti medici &egrave; emerso che oggi pi&ugrave; del passato, per alcune persone, la calvizie &egrave; diventato un problema piuttosto notevole e limitante nella vita . La mancanza dei capelli pu&ograve; avere ripercussioni non solo sul piano estetico, ma anche su quello psico-emotivo e sociale, nei rapporti con gli altri.<br \/>Quando la calvizie si presenta in giovane et&agrave; diventa vera frustrazione perch&eacute; si verifica una discronia tra un corpo giovane e prestante e quindi all&rsquo;apice delle proprie potenzialit&agrave; e un evento associato alla vecchiaia e alla perdita di energia e forza vitale<br \/>Di qui la ricerca, a volte spasmodica, di un rimedio e la disponibilit&agrave; a sottoporsi a cure di indubbia efficacia o con effetti collaterali talvolta pesanti alla ricerca di una soluzione soddisfacente in grado di restituire la propria immagine.<br \/>Le cure e le terapie dermatologiche per la calvizie con finasteride e minoxidil sono tentativi per rallentare eventualmente la caduta dei capelli comunque sottoposti ad una evoluzione imprevedibile e irreversibile.<br \/>Quando la persona raggiunge la consapevolezza che i rimedi utilizzati nella prima fase della caduta non raggiungono l&rsquo;effetto desiderato, nasce spesso il desiderio di rinfoltire in maniera radicale la propria immagine.<br \/>Tale desiderio lo porta verso un intervento di correzione estetica cio&egrave; alla chirurgia.<\/p>\n","protected":false},"excerpt":{"rendered":"<p>Il principale meccanismo della calvizie \u00e8 la miniaturizzazione del capello, la trasformazione del capello terminale in capello &#8216;vellus&#8217;: il capello diventa, cio\u00e8, sempre pi\u00f9 corto e sottile. Tale trasformazione dipende pi\u00f9 precisamente dalla riduzione del bulbo ad opera di reazioni enzimatiche inibenti, che accorciano il ciclo di crescita del capello stesso, in condizioni di predisposizione genetica della persona.<\/p>\n<p>Il bulbo rappresenta la parte vitale del capello, per questo il problema della calvizie \u00e8 un problema del bulbo, non del fusto!<\/p>\n","protected":false},"author":10,"featured_media":0,"comment_status":"open","ping_status":"open","sticky":false,"template":"","format":"standard","meta":{"cybocfi_hide_featured_image":"","footnotes":""},"categories":[265],"tags":[12163,3321],"class_list":["post-10262","post","type-post","status-publish","format-standard","hentry","category-salute-e-benessere","tag-caduta-dei-capelli","tag-calvizie"],"yoast_head":"<!-- This site is optimized with the Yoast SEO plugin v27.0 - https:\/\/yoast.com\/product\/yoast-seo-wordpress\/ -->\n<title>La Calvizie: quando si manifesta, come si manifesta e come combatterla. - Article Marketing<\/title>\n<meta name=\"robots\" content=\"index, follow, max-snippet:-1, max-image-preview:large, max-video-preview:-1\" \/>\n<link rel=\"canonical\" href=\"https:\/\/www.article-marketing.eu\/comunicati\/salute-e-benessere\/la-calvizie-quando-si-manifesta-come-si-manifesta-e-come-combatterla\/\" \/>\n<meta property=\"og:locale\" content=\"it_IT\" \/>\n<meta property=\"og:type\" content=\"article\" \/>\n<meta property=\"og:title\" content=\"La Calvizie: quando si manifesta, come si manifesta e come combatterla. - Article Marketing\" \/>\n<meta property=\"og:description\" content=\"Il principale meccanismo della calvizie \u00e8 la miniaturizzazione del capello, la trasformazione del capello terminale in capello &#039;vellus&#039;: il capello diventa, cio\u00e8, sempre pi\u00f9 corto e sottile. Tale trasformazione dipende pi\u00f9 precisamente dalla riduzione del bulbo ad opera di reazioni enzimatiche inibenti, che accorciano il ciclo di crescita del capello stesso, in condizioni di predisposizione genetica della persona.Il bulbo rappresenta la parte vitale del capello, per questo il problema della calvizie \u00e8 un problema del bulbo, non del fusto!\" \/>\n<meta property=\"og:url\" content=\"https:\/\/www.article-marketing.eu\/comunicati\/salute-e-benessere\/la-calvizie-quando-si-manifesta-come-si-manifesta-e-come-combatterla\/\" \/>\n<meta property=\"og:site_name\" content=\"Article Marketing\" \/>\n<meta property=\"article:published_time\" content=\"2010-12-06T16:59:14+00:00\" \/>\n<meta name=\"author\" content=\"Redazione Comunicati Stampa\" \/>\n<meta name=\"twitter:card\" content=\"summary_large_image\" \/>\n<meta name=\"twitter:label1\" content=\"Scritto da\" \/>\n\t<meta name=\"twitter:data1\" content=\"Redazione Comunicati Stampa\" \/>\n\t<meta name=\"twitter:label2\" content=\"Tempo di lettura stimato\" \/>\n\t<meta name=\"twitter:data2\" content=\"2 minuti\" \/>\n<script type=\"application\/ld+json\" class=\"yoast-schema-graph\">{\"@context\":\"https:\/\/schema.org\",\"@graph\":[{\"@type\":\"Article\",\"@id\":\"https:\/\/www.article-marketing.eu\/comunicati\/salute-e-benessere\/la-calvizie-quando-si-manifesta-come-si-manifesta-e-come-combatterla\/#article\",\"isPartOf\":{\"@id\":\"https:\/\/www.article-marketing.eu\/comunicati\/salute-e-benessere\/la-calvizie-quando-si-manifesta-come-si-manifesta-e-come-combatterla\/\"},\"author\":{\"name\":\"Redazione Comunicati Stampa\",\"@id\":\"https:\/\/www.article-marketing.eu\/comunicati\/#\/schema\/person\/44372e4d4d0fa797b18e03ed1ace9017\"},\"headline\":\"La Calvizie: quando si manifesta, come si manifesta e come combatterla.\",\"datePublished\":\"2010-12-06T16:59:14+00:00\",\"mainEntityOfPage\":{\"@id\":\"https:\/\/www.article-marketing.eu\/comunicati\/salute-e-benessere\/la-calvizie-quando-si-manifesta-come-si-manifesta-e-come-combatterla\/\"},\"wordCount\":473,\"commentCount\":0,\"keywords\":[\"Caduta dei Capelli\",\"calvizie\"],\"articleSection\":[\"Salute e benessere\"],\"inLanguage\":\"it-IT\",\"potentialAction\":[{\"@type\":\"CommentAction\",\"name\":\"Comment\",\"target\":[\"https:\/\/www.article-marketing.eu\/comunicati\/salute-e-benessere\/la-calvizie-quando-si-manifesta-come-si-manifesta-e-come-combatterla\/#respond\"]}]},{\"@type\":\"WebPage\",\"@id\":\"https:\/\/www.article-marketing.eu\/comunicati\/salute-e-benessere\/la-calvizie-quando-si-manifesta-come-si-manifesta-e-come-combatterla\/\",\"url\":\"https:\/\/www.article-marketing.eu\/comunicati\/salute-e-benessere\/la-calvizie-quando-si-manifesta-come-si-manifesta-e-come-combatterla\/\",\"name\":\"La Calvizie: quando si manifesta, come si manifesta e come combatterla. - Article Marketing\",\"isPartOf\":{\"@id\":\"https:\/\/www.article-marketing.eu\/comunicati\/#website\"},\"datePublished\":\"2010-12-06T16:59:14+00:00\",\"author\":{\"@id\":\"https:\/\/www.article-marketing.eu\/comunicati\/#\/schema\/person\/44372e4d4d0fa797b18e03ed1ace9017\"},\"breadcrumb\":{\"@id\":\"https:\/\/www.article-marketing.eu\/comunicati\/salute-e-benessere\/la-calvizie-quando-si-manifesta-come-si-manifesta-e-come-combatterla\/#breadcrumb\"},\"inLanguage\":\"it-IT\",\"potentialAction\":[{\"@type\":\"ReadAction\",\"target\":[\"https:\/\/www.article-marketing.eu\/comunicati\/salute-e-benessere\/la-calvizie-quando-si-manifesta-come-si-manifesta-e-come-combatterla\/\"]}]},{\"@type\":\"BreadcrumbList\",\"@id\":\"https:\/\/www.article-marketing.eu\/comunicati\/salute-e-benessere\/la-calvizie-quando-si-manifesta-come-si-manifesta-e-come-combatterla\/#breadcrumb\",\"itemListElement\":[{\"@type\":\"ListItem\",\"position\":1,\"name\":\"Home\",\"item\":\"https:\/\/www.article-marketing.eu\/comunicati\/\"},{\"@type\":\"ListItem\",\"position\":2,\"name\":\"La Calvizie: quando si manifesta, come si manifesta e come combatterla.\"}]},{\"@type\":\"WebSite\",\"@id\":\"https:\/\/www.article-marketing.eu\/comunicati\/#website\",\"url\":\"https:\/\/www.article-marketing.eu\/comunicati\/\",\"name\":\"Article Marketing\",\"description\":\"article marketing &amp; press release\",\"potentialAction\":[{\"@type\":\"SearchAction\",\"target\":{\"@type\":\"EntryPoint\",\"urlTemplate\":\"https:\/\/www.article-marketing.eu\/comunicati\/?s={search_term_string}\"},\"query-input\":{\"@type\":\"PropertyValueSpecification\",\"valueRequired\":true,\"valueName\":\"search_term_string\"}}],\"inLanguage\":\"it-IT\"},{\"@type\":\"Person\",\"@id\":\"https:\/\/www.article-marketing.eu\/comunicati\/#\/schema\/person\/44372e4d4d0fa797b18e03ed1ace9017\",\"name\":\"Redazione Comunicati Stampa\",\"image\":{\"@type\":\"ImageObject\",\"inLanguage\":\"it-IT\",\"@id\":\"https:\/\/www.article-marketing.eu\/comunicati\/#\/schema\/person\/image\/\",\"url\":\"https:\/\/secure.gravatar.com\/avatar\/50e5c6421d3072f42e7ace803501602c60d75233d34e29fd05feb91c8760b792?s=96&d=mm&r=g\",\"contentUrl\":\"https:\/\/secure.gravatar.com\/avatar\/50e5c6421d3072f42e7ace803501602c60d75233d34e29fd05feb91c8760b792?s=96&d=mm&r=g\",\"caption\":\"Redazione Comunicati Stampa\"},\"url\":\"https:\/\/www.article-marketing.eu\/comunicati\/author\/redazione-comunicati-stampa\/\"}]}<\/script>\n<!-- \/ Yoast SEO plugin. -->","yoast_head_json":{"title":"La Calvizie: quando si manifesta, come si manifesta e come combatterla. - Article Marketing","robots":{"index":"index","follow":"follow","max-snippet":"max-snippet:-1","max-image-preview":"max-image-preview:large","max-video-preview":"max-video-preview:-1"},"canonical":"https:\/\/www.article-marketing.eu\/comunicati\/salute-e-benessere\/la-calvizie-quando-si-manifesta-come-si-manifesta-e-come-combatterla\/","og_locale":"it_IT","og_type":"article","og_title":"La Calvizie: quando si manifesta, come si manifesta e come combatterla. - Article Marketing","og_description":"Il principale meccanismo della calvizie \u00e8 la miniaturizzazione del capello, la trasformazione del capello terminale in capello 'vellus': il capello diventa, cio\u00e8, sempre pi\u00f9 corto e sottile. Tale trasformazione dipende pi\u00f9 precisamente dalla riduzione del bulbo ad opera di reazioni enzimatiche inibenti, che accorciano il ciclo di crescita del capello stesso, in condizioni di predisposizione genetica della persona.Il bulbo rappresenta la parte vitale del capello, per questo il problema della calvizie \u00e8 un problema del bulbo, non del fusto!","og_url":"https:\/\/www.article-marketing.eu\/comunicati\/salute-e-benessere\/la-calvizie-quando-si-manifesta-come-si-manifesta-e-come-combatterla\/","og_site_name":"Article Marketing","article_published_time":"2010-12-06T16:59:14+00:00","author":"Redazione Comunicati Stampa","twitter_card":"summary_large_image","twitter_misc":{"Scritto da":"Redazione Comunicati Stampa","Tempo di lettura stimato":"2 minuti"},"schema":{"@context":"https:\/\/schema.org","@graph":[{"@type":"Article","@id":"https:\/\/www.article-marketing.eu\/comunicati\/salute-e-benessere\/la-calvizie-quando-si-manifesta-come-si-manifesta-e-come-combatterla\/#article","isPartOf":{"@id":"https:\/\/www.article-marketing.eu\/comunicati\/salute-e-benessere\/la-calvizie-quando-si-manifesta-come-si-manifesta-e-come-combatterla\/"},"author":{"name":"Redazione Comunicati Stampa","@id":"https:\/\/www.article-marketing.eu\/comunicati\/#\/schema\/person\/44372e4d4d0fa797b18e03ed1ace9017"},"headline":"La Calvizie: quando si manifesta, come si manifesta e come combatterla.","datePublished":"2010-12-06T16:59:14+00:00","mainEntityOfPage":{"@id":"https:\/\/www.article-marketing.eu\/comunicati\/salute-e-benessere\/la-calvizie-quando-si-manifesta-come-si-manifesta-e-come-combatterla\/"},"wordCount":473,"commentCount":0,"keywords":["Caduta dei Capelli","calvizie"],"articleSection":["Salute e benessere"],"inLanguage":"it-IT","potentialAction":[{"@type":"CommentAction","name":"Comment","target":["https:\/\/www.article-marketing.eu\/comunicati\/salute-e-benessere\/la-calvizie-quando-si-manifesta-come-si-manifesta-e-come-combatterla\/#respond"]}]},{"@type":"WebPage","@id":"https:\/\/www.article-marketing.eu\/comunicati\/salute-e-benessere\/la-calvizie-quando-si-manifesta-come-si-manifesta-e-come-combatterla\/","url":"https:\/\/www.article-marketing.eu\/comunicati\/salute-e-benessere\/la-calvizie-quando-si-manifesta-come-si-manifesta-e-come-combatterla\/","name":"La Calvizie: quando si manifesta, come si manifesta e come combatterla. - Article Marketing","isPartOf":{"@id":"https:\/\/www.article-marketing.eu\/comunicati\/#website"},"datePublished":"2010-12-06T16:59:14+00:00","author":{"@id":"https:\/\/www.article-marketing.eu\/comunicati\/#\/schema\/person\/44372e4d4d0fa797b18e03ed1ace9017"},"breadcrumb":{"@id":"https:\/\/www.article-marketing.eu\/comunicati\/salute-e-benessere\/la-calvizie-quando-si-manifesta-come-si-manifesta-e-come-combatterla\/#breadcrumb"},"inLanguage":"it-IT","potentialAction":[{"@type":"ReadAction","target":["https:\/\/www.article-marketing.eu\/comunicati\/salute-e-benessere\/la-calvizie-quando-si-manifesta-come-si-manifesta-e-come-combatterla\/"]}]},{"@type":"BreadcrumbList","@id":"https:\/\/www.article-marketing.eu\/comunicati\/salute-e-benessere\/la-calvizie-quando-si-manifesta-come-si-manifesta-e-come-combatterla\/#breadcrumb","itemListElement":[{"@type":"ListItem","position":1,"name":"Home","item":"https:\/\/www.article-marketing.eu\/comunicati\/"},{"@type":"ListItem","position":2,"name":"La Calvizie: quando si manifesta, come si manifesta e come combatterla."}]},{"@type":"WebSite","@id":"https:\/\/www.article-marketing.eu\/comunicati\/#website","url":"https:\/\/www.article-marketing.eu\/comunicati\/","name":"Article Marketing","description":"article marketing &amp; press release","potentialAction":[{"@type":"SearchAction","target":{"@type":"EntryPoint","urlTemplate":"https:\/\/www.article-marketing.eu\/comunicati\/?s={search_term_string}"},"query-input":{"@type":"PropertyValueSpecification","valueRequired":true,"valueName":"search_term_string"}}],"inLanguage":"it-IT"},{"@type":"Person","@id":"https:\/\/www.article-marketing.eu\/comunicati\/#\/schema\/person\/44372e4d4d0fa797b18e03ed1ace9017","name":"Redazione Comunicati Stampa","image":{"@type":"ImageObject","inLanguage":"it-IT","@id":"https:\/\/www.article-marketing.eu\/comunicati\/#\/schema\/person\/image\/","url":"https:\/\/secure.gravatar.com\/avatar\/50e5c6421d3072f42e7ace803501602c60d75233d34e29fd05feb91c8760b792?s=96&d=mm&r=g","contentUrl":"https:\/\/secure.gravatar.com\/avatar\/50e5c6421d3072f42e7ace803501602c60d75233d34e29fd05feb91c8760b792?s=96&d=mm&r=g","caption":"Redazione Comunicati Stampa"},"url":"https:\/\/www.article-marketing.eu\/comunicati\/author\/redazione-comunicati-stampa\/"}]}},"_links":{"self":[{"href":"https:\/\/www.article-marketing.eu\/comunicati\/wp-json\/wp\/v2\/posts\/10262","targetHints":{"allow":["GET"]}}],"collection":[{"href":"https:\/\/www.article-marketing.eu\/comunicati\/wp-json\/wp\/v2\/posts"}],"about":[{"href":"https:\/\/www.article-marketing.eu\/comunicati\/wp-json\/wp\/v2\/types\/post"}],"author":[{"embeddable":true,"href":"https:\/\/www.article-marketing.eu\/comunicati\/wp-json\/wp\/v2\/users\/10"}],"replies":[{"embeddable":true,"href":"https:\/\/www.article-marketing.eu\/comunicati\/wp-json\/wp\/v2\/comments?post=10262"}],"version-history":[{"count":0,"href":"https:\/\/www.article-marketing.eu\/comunicati\/wp-json\/wp\/v2\/posts\/10262\/revisions"}],"wp:attachment":[{"href":"https:\/\/www.article-marketing.eu\/comunicati\/wp-json\/wp\/v2\/media?parent=10262"}],"wp:term":[{"taxonomy":"category","embeddable":true,"href":"https:\/\/www.article-marketing.eu\/comunicati\/wp-json\/wp\/v2\/categories?post=10262"},{"taxonomy":"post_tag","embeddable":true,"href":"https:\/\/www.article-marketing.eu\/comunicati\/wp-json\/wp\/v2\/tags?post=10262"}],"curies":[{"name":"wp","href":"https:\/\/api.w.org\/{rel}","templated":true}]}}