{"id":1032,"date":"2008-12-15T11:11:19","date_gmt":"2008-12-15T10:11:19","guid":{"rendered":"http:\/\/www.article-marketing.eu\/comunicati\/senza-categoria\/vacanze-in-calabria-tra-natura-sole-e-buona-tavola\/"},"modified":"2008-12-15T11:11:19","modified_gmt":"2008-12-15T10:11:19","slug":"vacanze-in-calabria-tra-natura-sole-e-buona-tavola","status":"publish","type":"post","link":"https:\/\/www.article-marketing.eu\/comunicati\/viaggi-e-vacanze\/viaggi-e-turismo\/vacanze-in-calabria-tra-natura-sole-e-buona-tavola\/","title":{"rendered":"Vacanze in Calabria tra natura, sole e&#8230; buona tavola"},"content":{"rendered":"<p>Bagnata tra due mari, il Tirreno e lo Jonio la Calabria \u00e8 una terra selvaggia e aspra ma ricca di bellezze naturali e non.&nbsp; <\/p>\n<p>Per chi c&#8217;\u00e8 gi\u00e0 stato ma anche per chi, ancora non ha avuto la possibilit\u00e0 di ammirare questa splendida terra, la splendida terra del sole (cos\u00ec chiamata da tanti) \u00e8 una sinonimo di accoglienza, tradizione e storia.&nbsp; <\/p>\n<p>Per la sua storia antichissima, nella quale affondano le radici della civilt\u00e0 mediterranea ed europea,&nbsp; per i forti contrasti del paesaggio, che la vogliono ombrosa, nordica, sui massicci del Pollino, della Sila, delle Serre e dell\u2019 Aspromonte e immersa nei boschi tempestati di fiumare che tracciano la via verso il piano per le acque chiare e trasparenti e per le montagne selvagge che sono la Calabria, a chiunque venga a visitarla offre l\u2019 incredibile scenario di una vacanza davvero difficile da dimenticare oltre alla calda accoglienza delle strutture ricettive: campeggi e villaggi immersi nel verde e affacciati su una costa mozzafiato.<\/p>\n<p>Praia a mare, Tortora e Scalea sono i primi centri costieri che si incontrano iniziando il viaggio sul Tirreno calabrese. Qui le spiagge sono molto ampie, dove si alternano sabbia e sassi e i fondali marini sono molto profondi. <\/p>\n<p>Al centro della costa tirrenica Calabrese si aprono i fantastici golfi di Sant\u2019Eufemia e Gioia Tauro divisi dal promontorio di Capo Vaticano.&nbsp; Qui \u00e8 situata la perla del Tirreno, Tropea, localit\u00e0 di incomparabile bellezza nota per le spiagge e le scogliere a strapiombo sul mare ed interessante cittadina ricca di storia. Il centro di Tropea \u00e8 un gioiellino fatto di stretti vicoli ed immense piazze circondate da edifici costruiti a cavallo tra il seicento ed il settecento. <\/p>\n<p>Superato Capo Vaticano si raggiunge la zona pi\u00f9 estrema dello stivale. <br \/>Attraversando la piana di Gioia Tauro, si arriva a Scilla, il cui nome \u00e8 legato alla mitologia greca. <br \/>Da Scilla, inoltre, si pu\u00f2 facilmente raggiungere l\u2019Aspromonte, massiccio montuoso della Calabria meridionale, sede di un parco naturale che ospita numerose specie di rapaci.<br \/>Spartiacque delle due coste calabresi \u00e8 Reggio Calabria, estremo punto dell\u2019Italia continentale, dalla quale si pu\u00f2 ammirare l\u2019Etna e l\u2019intero stretto di Messina. <\/p>\n<p>Meravigliose localit\u00e0, queste che, insieme a tantissime altre meritano di esser visitate. Ma, oltre alle splendide ricchezze che la terra calabra \u201cnasconde\u201d al suo interno, al mare stupendo e limpido, alla tradizione, all\u2019arte e alla cultura pare che un ruolo estremamente importante nel turismo calabro venga svolto anche dalla cucina locale.&nbsp; Il peperoncino, la soppressata, la nduja, il tipico pane di Calabria,\u2026 pare siano uno dei motivi per cui i turisti ritornano nella splendida terra del sole.<\/p>\n<p>Per informazioni su hotel, alberghi o qualsiasi altra soluzione per la ricezione turistica visitate il sito www.salentonet.it alla sezione<a href=\"http:\/\/www.salentonet.it\/vacanze_calabria\/calabria.htm\"> Vacanze Calabria<\/a>.&nbsp; <\/p>\n","protected":false},"excerpt":{"rendered":"<p>Brevi consigli e piccoli suggerimenti per chi ha voglia di tracorrere del tempo in Calabria, terra ricca di tesori naurali, spiagge, sole, mare e tanto altro&#8230;<\/p>\n","protected":false},"author":10,"featured_media":0,"comment_status":"open","ping_status":"open","sticky":false,"template":"","format":"standard","meta":{"cybocfi_hide_featured_image":"","footnotes":""},"categories":[2],"tags":[253,3549,4],"class_list":["post-1032","post","type-post","status-publish","format-standard","hentry","category-viaggi-e-turismo","tag-turismo","tag-vacanze-calabria","tag-viaggi"],"yoast_head":"<!-- This site is optimized with the Yoast SEO plugin v27.0 - https:\/\/yoast.com\/product\/yoast-seo-wordpress\/ -->\n<title>Vacanze in Calabria tra natura, sole e... buona tavola - Article Marketing<\/title>\n<meta name=\"robots\" content=\"index, follow, max-snippet:-1, max-image-preview:large, max-video-preview:-1\" \/>\n<link rel=\"canonical\" href=\"https:\/\/www.article-marketing.eu\/comunicati\/viaggi-e-vacanze\/viaggi-e-turismo\/vacanze-in-calabria-tra-natura-sole-e-buona-tavola\/\" \/>\n<meta property=\"og:locale\" content=\"it_IT\" \/>\n<meta property=\"og:type\" content=\"article\" \/>\n<meta property=\"og:title\" content=\"Vacanze in Calabria tra natura, sole e... buona tavola - Article Marketing\" \/>\n<meta property=\"og:description\" content=\"Brevi consigli e piccoli suggerimenti per chi ha voglia di tracorrere del tempo in Calabria, terra ricca di tesori naurali, spiagge, sole, mare e tanto altro...\" \/>\n<meta property=\"og:url\" content=\"https:\/\/www.article-marketing.eu\/comunicati\/viaggi-e-vacanze\/viaggi-e-turismo\/vacanze-in-calabria-tra-natura-sole-e-buona-tavola\/\" \/>\n<meta property=\"og:site_name\" content=\"Article Marketing\" \/>\n<meta property=\"article:published_time\" content=\"2008-12-15T10:11:19+00:00\" \/>\n<meta name=\"author\" content=\"Redazione Comunicati Stampa\" \/>\n<meta name=\"twitter:card\" content=\"summary_large_image\" \/>\n<meta name=\"twitter:label1\" content=\"Scritto da\" \/>\n\t<meta name=\"twitter:data1\" content=\"Redazione Comunicati Stampa\" \/>\n\t<meta name=\"twitter:label2\" content=\"Tempo di lettura stimato\" \/>\n\t<meta name=\"twitter:data2\" content=\"2 minuti\" \/>\n<script type=\"application\/ld+json\" class=\"yoast-schema-graph\">{\"@context\":\"https:\/\/schema.org\",\"@graph\":[{\"@type\":\"Article\",\"@id\":\"https:\/\/www.article-marketing.eu\/comunicati\/viaggi-e-vacanze\/viaggi-e-turismo\/vacanze-in-calabria-tra-natura-sole-e-buona-tavola\/#article\",\"isPartOf\":{\"@id\":\"https:\/\/www.article-marketing.eu\/comunicati\/viaggi-e-vacanze\/viaggi-e-turismo\/vacanze-in-calabria-tra-natura-sole-e-buona-tavola\/\"},\"author\":{\"name\":\"Redazione Comunicati Stampa\",\"@id\":\"https:\/\/www.article-marketing.eu\/comunicati\/#\/schema\/person\/44372e4d4d0fa797b18e03ed1ace9017\"},\"headline\":\"Vacanze in Calabria tra natura, sole e&#8230; buona tavola\",\"datePublished\":\"2008-12-15T10:11:19+00:00\",\"mainEntityOfPage\":{\"@id\":\"https:\/\/www.article-marketing.eu\/comunicati\/viaggi-e-vacanze\/viaggi-e-turismo\/vacanze-in-calabria-tra-natura-sole-e-buona-tavola\/\"},\"wordCount\":469,\"commentCount\":0,\"keywords\":[\"turismo\",\"vacanze calabria\",\"viaggi\"],\"articleSection\":[\"Viaggi e Turismo\"],\"inLanguage\":\"it-IT\",\"potentialAction\":[{\"@type\":\"CommentAction\",\"name\":\"Comment\",\"target\":[\"https:\/\/www.article-marketing.eu\/comunicati\/viaggi-e-vacanze\/viaggi-e-turismo\/vacanze-in-calabria-tra-natura-sole-e-buona-tavola\/#respond\"]}]},{\"@type\":\"WebPage\",\"@id\":\"https:\/\/www.article-marketing.eu\/comunicati\/viaggi-e-vacanze\/viaggi-e-turismo\/vacanze-in-calabria-tra-natura-sole-e-buona-tavola\/\",\"url\":\"https:\/\/www.article-marketing.eu\/comunicati\/viaggi-e-vacanze\/viaggi-e-turismo\/vacanze-in-calabria-tra-natura-sole-e-buona-tavola\/\",\"name\":\"Vacanze in Calabria tra natura, sole e... buona tavola - Article Marketing\",\"isPartOf\":{\"@id\":\"https:\/\/www.article-marketing.eu\/comunicati\/#website\"},\"datePublished\":\"2008-12-15T10:11:19+00:00\",\"author\":{\"@id\":\"https:\/\/www.article-marketing.eu\/comunicati\/#\/schema\/person\/44372e4d4d0fa797b18e03ed1ace9017\"},\"breadcrumb\":{\"@id\":\"https:\/\/www.article-marketing.eu\/comunicati\/viaggi-e-vacanze\/viaggi-e-turismo\/vacanze-in-calabria-tra-natura-sole-e-buona-tavola\/#breadcrumb\"},\"inLanguage\":\"it-IT\",\"potentialAction\":[{\"@type\":\"ReadAction\",\"target\":[\"https:\/\/www.article-marketing.eu\/comunicati\/viaggi-e-vacanze\/viaggi-e-turismo\/vacanze-in-calabria-tra-natura-sole-e-buona-tavola\/\"]}]},{\"@type\":\"BreadcrumbList\",\"@id\":\"https:\/\/www.article-marketing.eu\/comunicati\/viaggi-e-vacanze\/viaggi-e-turismo\/vacanze-in-calabria-tra-natura-sole-e-buona-tavola\/#breadcrumb\",\"itemListElement\":[{\"@type\":\"ListItem\",\"position\":1,\"name\":\"Home\",\"item\":\"https:\/\/www.article-marketing.eu\/comunicati\/\"},{\"@type\":\"ListItem\",\"position\":2,\"name\":\"Vacanze in Calabria tra natura, sole e&#8230; buona tavola\"}]},{\"@type\":\"WebSite\",\"@id\":\"https:\/\/www.article-marketing.eu\/comunicati\/#website\",\"url\":\"https:\/\/www.article-marketing.eu\/comunicati\/\",\"name\":\"Article Marketing\",\"description\":\"article marketing &amp; press release\",\"potentialAction\":[{\"@type\":\"SearchAction\",\"target\":{\"@type\":\"EntryPoint\",\"urlTemplate\":\"https:\/\/www.article-marketing.eu\/comunicati\/?s={search_term_string}\"},\"query-input\":{\"@type\":\"PropertyValueSpecification\",\"valueRequired\":true,\"valueName\":\"search_term_string\"}}],\"inLanguage\":\"it-IT\"},{\"@type\":\"Person\",\"@id\":\"https:\/\/www.article-marketing.eu\/comunicati\/#\/schema\/person\/44372e4d4d0fa797b18e03ed1ace9017\",\"name\":\"Redazione Comunicati Stampa\",\"image\":{\"@type\":\"ImageObject\",\"inLanguage\":\"it-IT\",\"@id\":\"https:\/\/www.article-marketing.eu\/comunicati\/#\/schema\/person\/image\/\",\"url\":\"https:\/\/secure.gravatar.com\/avatar\/50e5c6421d3072f42e7ace803501602c60d75233d34e29fd05feb91c8760b792?s=96&d=mm&r=g\",\"contentUrl\":\"https:\/\/secure.gravatar.com\/avatar\/50e5c6421d3072f42e7ace803501602c60d75233d34e29fd05feb91c8760b792?s=96&d=mm&r=g\",\"caption\":\"Redazione Comunicati Stampa\"},\"url\":\"https:\/\/www.article-marketing.eu\/comunicati\/author\/redazione-comunicati-stampa\/\"}]}<\/script>\n<!-- \/ Yoast SEO plugin. -->","yoast_head_json":{"title":"Vacanze in Calabria tra natura, sole e... buona tavola - Article Marketing","robots":{"index":"index","follow":"follow","max-snippet":"max-snippet:-1","max-image-preview":"max-image-preview:large","max-video-preview":"max-video-preview:-1"},"canonical":"https:\/\/www.article-marketing.eu\/comunicati\/viaggi-e-vacanze\/viaggi-e-turismo\/vacanze-in-calabria-tra-natura-sole-e-buona-tavola\/","og_locale":"it_IT","og_type":"article","og_title":"Vacanze in Calabria tra natura, sole e... buona tavola - Article Marketing","og_description":"Brevi consigli e piccoli suggerimenti per chi ha voglia di tracorrere del tempo in Calabria, terra ricca di tesori naurali, spiagge, sole, mare e tanto altro...","og_url":"https:\/\/www.article-marketing.eu\/comunicati\/viaggi-e-vacanze\/viaggi-e-turismo\/vacanze-in-calabria-tra-natura-sole-e-buona-tavola\/","og_site_name":"Article Marketing","article_published_time":"2008-12-15T10:11:19+00:00","author":"Redazione Comunicati Stampa","twitter_card":"summary_large_image","twitter_misc":{"Scritto da":"Redazione Comunicati Stampa","Tempo di lettura stimato":"2 minuti"},"schema":{"@context":"https:\/\/schema.org","@graph":[{"@type":"Article","@id":"https:\/\/www.article-marketing.eu\/comunicati\/viaggi-e-vacanze\/viaggi-e-turismo\/vacanze-in-calabria-tra-natura-sole-e-buona-tavola\/#article","isPartOf":{"@id":"https:\/\/www.article-marketing.eu\/comunicati\/viaggi-e-vacanze\/viaggi-e-turismo\/vacanze-in-calabria-tra-natura-sole-e-buona-tavola\/"},"author":{"name":"Redazione Comunicati Stampa","@id":"https:\/\/www.article-marketing.eu\/comunicati\/#\/schema\/person\/44372e4d4d0fa797b18e03ed1ace9017"},"headline":"Vacanze in Calabria tra natura, sole e&#8230; buona tavola","datePublished":"2008-12-15T10:11:19+00:00","mainEntityOfPage":{"@id":"https:\/\/www.article-marketing.eu\/comunicati\/viaggi-e-vacanze\/viaggi-e-turismo\/vacanze-in-calabria-tra-natura-sole-e-buona-tavola\/"},"wordCount":469,"commentCount":0,"keywords":["turismo","vacanze calabria","viaggi"],"articleSection":["Viaggi e Turismo"],"inLanguage":"it-IT","potentialAction":[{"@type":"CommentAction","name":"Comment","target":["https:\/\/www.article-marketing.eu\/comunicati\/viaggi-e-vacanze\/viaggi-e-turismo\/vacanze-in-calabria-tra-natura-sole-e-buona-tavola\/#respond"]}]},{"@type":"WebPage","@id":"https:\/\/www.article-marketing.eu\/comunicati\/viaggi-e-vacanze\/viaggi-e-turismo\/vacanze-in-calabria-tra-natura-sole-e-buona-tavola\/","url":"https:\/\/www.article-marketing.eu\/comunicati\/viaggi-e-vacanze\/viaggi-e-turismo\/vacanze-in-calabria-tra-natura-sole-e-buona-tavola\/","name":"Vacanze in Calabria tra natura, sole e... buona tavola - Article Marketing","isPartOf":{"@id":"https:\/\/www.article-marketing.eu\/comunicati\/#website"},"datePublished":"2008-12-15T10:11:19+00:00","author":{"@id":"https:\/\/www.article-marketing.eu\/comunicati\/#\/schema\/person\/44372e4d4d0fa797b18e03ed1ace9017"},"breadcrumb":{"@id":"https:\/\/www.article-marketing.eu\/comunicati\/viaggi-e-vacanze\/viaggi-e-turismo\/vacanze-in-calabria-tra-natura-sole-e-buona-tavola\/#breadcrumb"},"inLanguage":"it-IT","potentialAction":[{"@type":"ReadAction","target":["https:\/\/www.article-marketing.eu\/comunicati\/viaggi-e-vacanze\/viaggi-e-turismo\/vacanze-in-calabria-tra-natura-sole-e-buona-tavola\/"]}]},{"@type":"BreadcrumbList","@id":"https:\/\/www.article-marketing.eu\/comunicati\/viaggi-e-vacanze\/viaggi-e-turismo\/vacanze-in-calabria-tra-natura-sole-e-buona-tavola\/#breadcrumb","itemListElement":[{"@type":"ListItem","position":1,"name":"Home","item":"https:\/\/www.article-marketing.eu\/comunicati\/"},{"@type":"ListItem","position":2,"name":"Vacanze in Calabria tra natura, sole e&#8230; buona tavola"}]},{"@type":"WebSite","@id":"https:\/\/www.article-marketing.eu\/comunicati\/#website","url":"https:\/\/www.article-marketing.eu\/comunicati\/","name":"Article Marketing","description":"article marketing &amp; press release","potentialAction":[{"@type":"SearchAction","target":{"@type":"EntryPoint","urlTemplate":"https:\/\/www.article-marketing.eu\/comunicati\/?s={search_term_string}"},"query-input":{"@type":"PropertyValueSpecification","valueRequired":true,"valueName":"search_term_string"}}],"inLanguage":"it-IT"},{"@type":"Person","@id":"https:\/\/www.article-marketing.eu\/comunicati\/#\/schema\/person\/44372e4d4d0fa797b18e03ed1ace9017","name":"Redazione Comunicati Stampa","image":{"@type":"ImageObject","inLanguage":"it-IT","@id":"https:\/\/www.article-marketing.eu\/comunicati\/#\/schema\/person\/image\/","url":"https:\/\/secure.gravatar.com\/avatar\/50e5c6421d3072f42e7ace803501602c60d75233d34e29fd05feb91c8760b792?s=96&d=mm&r=g","contentUrl":"https:\/\/secure.gravatar.com\/avatar\/50e5c6421d3072f42e7ace803501602c60d75233d34e29fd05feb91c8760b792?s=96&d=mm&r=g","caption":"Redazione Comunicati Stampa"},"url":"https:\/\/www.article-marketing.eu\/comunicati\/author\/redazione-comunicati-stampa\/"}]}},"_links":{"self":[{"href":"https:\/\/www.article-marketing.eu\/comunicati\/wp-json\/wp\/v2\/posts\/1032","targetHints":{"allow":["GET"]}}],"collection":[{"href":"https:\/\/www.article-marketing.eu\/comunicati\/wp-json\/wp\/v2\/posts"}],"about":[{"href":"https:\/\/www.article-marketing.eu\/comunicati\/wp-json\/wp\/v2\/types\/post"}],"author":[{"embeddable":true,"href":"https:\/\/www.article-marketing.eu\/comunicati\/wp-json\/wp\/v2\/users\/10"}],"replies":[{"embeddable":true,"href":"https:\/\/www.article-marketing.eu\/comunicati\/wp-json\/wp\/v2\/comments?post=1032"}],"version-history":[{"count":0,"href":"https:\/\/www.article-marketing.eu\/comunicati\/wp-json\/wp\/v2\/posts\/1032\/revisions"}],"wp:attachment":[{"href":"https:\/\/www.article-marketing.eu\/comunicati\/wp-json\/wp\/v2\/media?parent=1032"}],"wp:term":[{"taxonomy":"category","embeddable":true,"href":"https:\/\/www.article-marketing.eu\/comunicati\/wp-json\/wp\/v2\/categories?post=1032"},{"taxonomy":"post_tag","embeddable":true,"href":"https:\/\/www.article-marketing.eu\/comunicati\/wp-json\/wp\/v2\/tags?post=1032"}],"curies":[{"name":"wp","href":"https:\/\/api.w.org\/{rel}","templated":true}]}}