{"id":10322,"date":"2010-12-08T16:52:04","date_gmt":"2010-12-08T15:52:04","guid":{"rendered":"http:\/\/www.article-marketing.eu\/comunicati\/senza-categoria\/epifania-riccione-la-festa-della-befana-per-far-sognare-grandi-e-piccini\/"},"modified":"2010-12-08T16:52:04","modified_gmt":"2010-12-08T15:52:04","slug":"epifania-riccione-la-festa-della-befana-per-far-sognare-grandi-e-piccini","status":"publish","type":"post","link":"https:\/\/www.article-marketing.eu\/comunicati\/viaggi-e-vacanze\/hotels-ed-alberghi\/epifania-riccione-la-festa-della-befana-per-far-sognare-grandi-e-piccini\/","title":{"rendered":"Epifania Riccione: la festa della Befana per far sognare grandi e piccini!"},"content":{"rendered":"<p><a href=\"\/uploads\/images\/u_5132\/thumb_befanainmoto.gif\" class=\"image\"><img decoding=\"async\" src=\"\/uploads\/images\/u_5132\/thumb_befanainmoto.gif\" border=\"0\" \/><\/a> <strong> Festa della Befana a Riccione! <\/strong><br \/>Il periodo delle feste nella Riviera Romagnola dura tutto l&#8217;anno! I mercatini di Natale e le luci delle vie del centro di Riccione e Rimini sono ancora un&#8217;emozione viva nei nostri cuori ed ecco la vecchina pi&ugrave; famosa e amata d&#8217;Italia, la Befana si aggira per il bellissimo lungomare della libert&agrave;, per le vie di Riccione Paese e Viale Ceccarini.<br \/>Una festa tradizionale italiana che sta cominciando ad essere conosciuta dal mercato turistico straniero che trovano dolce e affascinante questa vecchina dell&#8217;immaginario collettivo del popolo italiano!<br \/>La befana vien di notte con le pinne tutte rotte a Riccione e distribuisce dolcetti, calze e sorrisi ai sognanti bambini di oggi e di ieri! Un&#8217;occasione per vivere la fantastica felicit&agrave; del viaggio, far felici i propri piccolini, concedersi una romantica pausa benessere con il proprio marito, compagno e amore della propria vita, per una fuga romantica da ricordare per sempre.<br \/>L&#8217;Hotel Boemia**** di Riccione nel suo sito, ricco di offerte sempre aggiornate e originali, non si &egrave; lasciato cogliere impreparato e ha messo nella sua vetrina di proposte un pacchetto ad hoc per gli ultimi giorni di ferie e vacanze da trascorrere nel calore dell&#8217;innata cordialit&agrave; e calore del popolo romagnolo! Un&#8217;occasione per vivere il benessere, con un pacchetto wellness capace di farti dimenticare tutto lo stress della vita quotidiana e regalare uno dei momenti che pi&ugrave; ci mancano, interamente dedicati a noi stessi con collole e massaggi preziosi per la circolazione, per il relax e l&#8217;equilibrio psicofisico! I pi&ugrave; piccoli non saranno delusi perch&egrave; la Befana all&#8217;Hotel Boemia**** non si &egrave; dimenticata di lasciare una calza piena di dolciumi per loro! Anche la Befana trascorre le sue vacanze al Boemia e si fa coccolare dalle acque della piscina pensile idro riscaldata e coperta! Tra le cascatelle fumanti a 32&deg;, mentre fuori &egrave; freddo lei si gode un attimo di pace e poi vola verso il centro benessere dove si ricarica con un bel massaggio alla schiena, un pit stop al centro benessere tra i vapori della sauna e del bagno turco! Prima di andare via una buona cenetta con le delizie dello Chef Fabio Cipriani e un buon caff&egrave; pascucci! Dopo una bella dormita ci saluta col sorriso e si allontana sulla sua scopa magica volando su Riccione&#8230;<br \/>Non ci sono viaggi e vacanze che non partano dalla percezione del cuore e della magia!<br \/>All&#8217;Hotel Boemia di Riccione le feste durano tutto l&#8217;anno e il piacere di offrirvi la magia del calore umano, della qualit&agrave; dei servizi e dell&#8217;arte dell&#8217;accoglienza fanno s&igrave; che gli ospiti diventino dei veri e propri amici che tornano durante tutto l&#8217;anno! Non perdere l&#8217;occasione di fare un giro sulla scopa della Befana del benessere!<br \/>Vieni a conoscere la Befana sul mare di Riccione&#8230;Lo Yes Hotel Boemia ti aspetta!<\/p>\n","protected":false},"excerpt":{"rendered":"<p>L&#8217;Hotel Boemia**** di Riccione nel suo sito, ricco di offerte sempre aggiornate e originali, non si \u00e8 lasciato cogliere impreparato e ha messo nella sua vetrina di proposte un pacchetto ad hoc per gli ultimi giorni di ferie e vacanze da trascorrere nel calore dell&#8217;innata cordialit\u00e0 e calore del popolo romagnolo! Un&#8217;occasione per vivere il benessere, con un pacchetto wellness capace di farti dimenticare tutto lo stress della vita quotidiana e regalare uno dei momenti che pi\u00f9 ci mancano, interamente dedicati a noi stessi con collole e massaggi preziosi per la circolazione, per il relax e l&#8217;equilibrio psicofisico! I pi\u00f9 piccoli non saranno delusi perch\u00e8 la Befana all&#8217;Hotel Boemia**** non si \u00e8 dimenticata di lasciare una calza piena di dolciumi per loro! <\/p>\n","protected":false},"author":10,"featured_media":0,"comment_status":"open","ping_status":"open","sticky":false,"template":"","format":"standard","meta":{"cybocfi_hide_featured_image":"","footnotes":""},"categories":[151],"tags":[20192,20195,20194,20193,20191],"class_list":["post-10322","post","type-post","status-publish","format-standard","hentry","category-hotels-ed-alberghi","tag-befana-e-benessere-a-riccione","tag-befana-riccione-rimini-romagna-coppie-e-benessere-festa-della-befana-calza-della-befana-riccione","tag-befana-riccione-single","tag-epifania-riccione-famiglia","tag-festa-della-befana-riccione"],"yoast_head":"<!-- This site is optimized with the Yoast SEO plugin v27.0 - https:\/\/yoast.com\/product\/yoast-seo-wordpress\/ -->\n<title>Epifania Riccione: la festa della Befana per far sognare grandi e piccini! - Article Marketing<\/title>\n<meta name=\"robots\" content=\"index, follow, max-snippet:-1, max-image-preview:large, max-video-preview:-1\" \/>\n<link rel=\"canonical\" href=\"https:\/\/www.article-marketing.eu\/comunicati\/viaggi-e-vacanze\/hotels-ed-alberghi\/epifania-riccione-la-festa-della-befana-per-far-sognare-grandi-e-piccini\/\" \/>\n<meta property=\"og:locale\" content=\"it_IT\" \/>\n<meta property=\"og:type\" content=\"article\" \/>\n<meta property=\"og:title\" content=\"Epifania Riccione: la festa della Befana per far sognare grandi e piccini! - Article Marketing\" \/>\n<meta property=\"og:description\" content=\"L&#039;Hotel Boemia**** di Riccione nel suo sito, ricco di offerte sempre aggiornate e originali, non si \u00e8 lasciato cogliere impreparato e ha messo nella sua vetrina di proposte un pacchetto ad hoc per gli ultimi giorni di ferie e vacanze da trascorrere nel calore dell&#039;innata cordialit\u00e0 e calore del popolo romagnolo! Un&#039;occasione per vivere il benessere, con un pacchetto wellness capace di farti dimenticare tutto lo stress della vita quotidiana e regalare uno dei momenti che pi\u00f9 ci mancano, interamente dedicati a noi stessi con collole e massaggi preziosi per la circolazione, per il relax e l&#039;equilibrio psicofisico! I pi\u00f9 piccoli non saranno delusi perch\u00e8 la Befana all&#039;Hotel Boemia**** non si \u00e8 dimenticata di lasciare una calza piena di dolciumi per loro!\" \/>\n<meta property=\"og:url\" content=\"https:\/\/www.article-marketing.eu\/comunicati\/viaggi-e-vacanze\/hotels-ed-alberghi\/epifania-riccione-la-festa-della-befana-per-far-sognare-grandi-e-piccini\/\" \/>\n<meta property=\"og:site_name\" content=\"Article Marketing\" \/>\n<meta property=\"article:published_time\" content=\"2010-12-08T15:52:04+00:00\" \/>\n<meta property=\"og:image\" content=\"https:\/\/www.article-marketing.eu\/uploads\/images\/u_5132\/thumb_befanainmoto.gif\" \/>\n<meta name=\"author\" content=\"Redazione Comunicati Stampa\" \/>\n<meta name=\"twitter:card\" content=\"summary_large_image\" \/>\n<meta name=\"twitter:label1\" content=\"Scritto da\" \/>\n\t<meta name=\"twitter:data1\" content=\"Redazione Comunicati Stampa\" \/>\n\t<meta name=\"twitter:label2\" content=\"Tempo di lettura stimato\" \/>\n\t<meta name=\"twitter:data2\" content=\"2 minuti\" \/>\n<script type=\"application\/ld+json\" class=\"yoast-schema-graph\">{\"@context\":\"https:\/\/schema.org\",\"@graph\":[{\"@type\":\"Article\",\"@id\":\"https:\/\/www.article-marketing.eu\/comunicati\/viaggi-e-vacanze\/hotels-ed-alberghi\/epifania-riccione-la-festa-della-befana-per-far-sognare-grandi-e-piccini\/#article\",\"isPartOf\":{\"@id\":\"https:\/\/www.article-marketing.eu\/comunicati\/viaggi-e-vacanze\/hotels-ed-alberghi\/epifania-riccione-la-festa-della-befana-per-far-sognare-grandi-e-piccini\/\"},\"author\":{\"name\":\"Redazione Comunicati Stampa\",\"@id\":\"https:\/\/www.article-marketing.eu\/comunicati\/#\/schema\/person\/44372e4d4d0fa797b18e03ed1ace9017\"},\"headline\":\"Epifania Riccione: la festa della Befana per far sognare grandi e piccini!\",\"datePublished\":\"2010-12-08T15:52:04+00:00\",\"mainEntityOfPage\":{\"@id\":\"https:\/\/www.article-marketing.eu\/comunicati\/viaggi-e-vacanze\/hotels-ed-alberghi\/epifania-riccione-la-festa-della-befana-per-far-sognare-grandi-e-piccini\/\"},\"wordCount\":490,\"commentCount\":0,\"keywords\":[\"befana e benessere a Riccione\",\"befana riccione rimini romagna coppie e benessere festa della befana calza della befana riccione\",\"befana riccione single\",\"epifania riccione famiglia\",\"festa della befana riccione\"],\"articleSection\":[\"Hotels ed alberghi\"],\"inLanguage\":\"it-IT\",\"potentialAction\":[{\"@type\":\"CommentAction\",\"name\":\"Comment\",\"target\":[\"https:\/\/www.article-marketing.eu\/comunicati\/viaggi-e-vacanze\/hotels-ed-alberghi\/epifania-riccione-la-festa-della-befana-per-far-sognare-grandi-e-piccini\/#respond\"]}]},{\"@type\":\"WebPage\",\"@id\":\"https:\/\/www.article-marketing.eu\/comunicati\/viaggi-e-vacanze\/hotels-ed-alberghi\/epifania-riccione-la-festa-della-befana-per-far-sognare-grandi-e-piccini\/\",\"url\":\"https:\/\/www.article-marketing.eu\/comunicati\/viaggi-e-vacanze\/hotels-ed-alberghi\/epifania-riccione-la-festa-della-befana-per-far-sognare-grandi-e-piccini\/\",\"name\":\"Epifania Riccione: la festa della Befana per far sognare grandi e piccini! - Article Marketing\",\"isPartOf\":{\"@id\":\"https:\/\/www.article-marketing.eu\/comunicati\/#website\"},\"datePublished\":\"2010-12-08T15:52:04+00:00\",\"author\":{\"@id\":\"https:\/\/www.article-marketing.eu\/comunicati\/#\/schema\/person\/44372e4d4d0fa797b18e03ed1ace9017\"},\"breadcrumb\":{\"@id\":\"https:\/\/www.article-marketing.eu\/comunicati\/viaggi-e-vacanze\/hotels-ed-alberghi\/epifania-riccione-la-festa-della-befana-per-far-sognare-grandi-e-piccini\/#breadcrumb\"},\"inLanguage\":\"it-IT\",\"potentialAction\":[{\"@type\":\"ReadAction\",\"target\":[\"https:\/\/www.article-marketing.eu\/comunicati\/viaggi-e-vacanze\/hotels-ed-alberghi\/epifania-riccione-la-festa-della-befana-per-far-sognare-grandi-e-piccini\/\"]}]},{\"@type\":\"BreadcrumbList\",\"@id\":\"https:\/\/www.article-marketing.eu\/comunicati\/viaggi-e-vacanze\/hotels-ed-alberghi\/epifania-riccione-la-festa-della-befana-per-far-sognare-grandi-e-piccini\/#breadcrumb\",\"itemListElement\":[{\"@type\":\"ListItem\",\"position\":1,\"name\":\"Home\",\"item\":\"https:\/\/www.article-marketing.eu\/comunicati\/\"},{\"@type\":\"ListItem\",\"position\":2,\"name\":\"Epifania Riccione: la festa della Befana per far sognare grandi e piccini!\"}]},{\"@type\":\"WebSite\",\"@id\":\"https:\/\/www.article-marketing.eu\/comunicati\/#website\",\"url\":\"https:\/\/www.article-marketing.eu\/comunicati\/\",\"name\":\"Article Marketing\",\"description\":\"article marketing &amp; press release\",\"potentialAction\":[{\"@type\":\"SearchAction\",\"target\":{\"@type\":\"EntryPoint\",\"urlTemplate\":\"https:\/\/www.article-marketing.eu\/comunicati\/?s={search_term_string}\"},\"query-input\":{\"@type\":\"PropertyValueSpecification\",\"valueRequired\":true,\"valueName\":\"search_term_string\"}}],\"inLanguage\":\"it-IT\"},{\"@type\":\"Person\",\"@id\":\"https:\/\/www.article-marketing.eu\/comunicati\/#\/schema\/person\/44372e4d4d0fa797b18e03ed1ace9017\",\"name\":\"Redazione Comunicati Stampa\",\"image\":{\"@type\":\"ImageObject\",\"inLanguage\":\"it-IT\",\"@id\":\"https:\/\/www.article-marketing.eu\/comunicati\/#\/schema\/person\/image\/\",\"url\":\"https:\/\/secure.gravatar.com\/avatar\/50e5c6421d3072f42e7ace803501602c60d75233d34e29fd05feb91c8760b792?s=96&d=mm&r=g\",\"contentUrl\":\"https:\/\/secure.gravatar.com\/avatar\/50e5c6421d3072f42e7ace803501602c60d75233d34e29fd05feb91c8760b792?s=96&d=mm&r=g\",\"caption\":\"Redazione Comunicati Stampa\"},\"url\":\"https:\/\/www.article-marketing.eu\/comunicati\/author\/redazione-comunicati-stampa\/\"}]}<\/script>\n<!-- \/ Yoast SEO plugin. -->","yoast_head_json":{"title":"Epifania Riccione: la festa della Befana per far sognare grandi e piccini! - Article Marketing","robots":{"index":"index","follow":"follow","max-snippet":"max-snippet:-1","max-image-preview":"max-image-preview:large","max-video-preview":"max-video-preview:-1"},"canonical":"https:\/\/www.article-marketing.eu\/comunicati\/viaggi-e-vacanze\/hotels-ed-alberghi\/epifania-riccione-la-festa-della-befana-per-far-sognare-grandi-e-piccini\/","og_locale":"it_IT","og_type":"article","og_title":"Epifania Riccione: la festa della Befana per far sognare grandi e piccini! - Article Marketing","og_description":"L'Hotel Boemia**** di Riccione nel suo sito, ricco di offerte sempre aggiornate e originali, non si \u00e8 lasciato cogliere impreparato e ha messo nella sua vetrina di proposte un pacchetto ad hoc per gli ultimi giorni di ferie e vacanze da trascorrere nel calore dell'innata cordialit\u00e0 e calore del popolo romagnolo! Un'occasione per vivere il benessere, con un pacchetto wellness capace di farti dimenticare tutto lo stress della vita quotidiana e regalare uno dei momenti che pi\u00f9 ci mancano, interamente dedicati a noi stessi con collole e massaggi preziosi per la circolazione, per il relax e l'equilibrio psicofisico! I pi\u00f9 piccoli non saranno delusi perch\u00e8 la Befana all'Hotel Boemia**** non si \u00e8 dimenticata di lasciare una calza piena di dolciumi per loro!","og_url":"https:\/\/www.article-marketing.eu\/comunicati\/viaggi-e-vacanze\/hotels-ed-alberghi\/epifania-riccione-la-festa-della-befana-per-far-sognare-grandi-e-piccini\/","og_site_name":"Article Marketing","article_published_time":"2010-12-08T15:52:04+00:00","og_image":[{"url":"https:\/\/www.article-marketing.eu\/uploads\/images\/u_5132\/thumb_befanainmoto.gif","type":"","width":"","height":""}],"author":"Redazione Comunicati Stampa","twitter_card":"summary_large_image","twitter_misc":{"Scritto da":"Redazione Comunicati Stampa","Tempo di lettura stimato":"2 minuti"},"schema":{"@context":"https:\/\/schema.org","@graph":[{"@type":"Article","@id":"https:\/\/www.article-marketing.eu\/comunicati\/viaggi-e-vacanze\/hotels-ed-alberghi\/epifania-riccione-la-festa-della-befana-per-far-sognare-grandi-e-piccini\/#article","isPartOf":{"@id":"https:\/\/www.article-marketing.eu\/comunicati\/viaggi-e-vacanze\/hotels-ed-alberghi\/epifania-riccione-la-festa-della-befana-per-far-sognare-grandi-e-piccini\/"},"author":{"name":"Redazione Comunicati Stampa","@id":"https:\/\/www.article-marketing.eu\/comunicati\/#\/schema\/person\/44372e4d4d0fa797b18e03ed1ace9017"},"headline":"Epifania Riccione: la festa della Befana per far sognare grandi e piccini!","datePublished":"2010-12-08T15:52:04+00:00","mainEntityOfPage":{"@id":"https:\/\/www.article-marketing.eu\/comunicati\/viaggi-e-vacanze\/hotels-ed-alberghi\/epifania-riccione-la-festa-della-befana-per-far-sognare-grandi-e-piccini\/"},"wordCount":490,"commentCount":0,"keywords":["befana e benessere a Riccione","befana riccione rimini romagna coppie e benessere festa della befana calza della befana riccione","befana riccione single","epifania riccione famiglia","festa della befana riccione"],"articleSection":["Hotels ed alberghi"],"inLanguage":"it-IT","potentialAction":[{"@type":"CommentAction","name":"Comment","target":["https:\/\/www.article-marketing.eu\/comunicati\/viaggi-e-vacanze\/hotels-ed-alberghi\/epifania-riccione-la-festa-della-befana-per-far-sognare-grandi-e-piccini\/#respond"]}]},{"@type":"WebPage","@id":"https:\/\/www.article-marketing.eu\/comunicati\/viaggi-e-vacanze\/hotels-ed-alberghi\/epifania-riccione-la-festa-della-befana-per-far-sognare-grandi-e-piccini\/","url":"https:\/\/www.article-marketing.eu\/comunicati\/viaggi-e-vacanze\/hotels-ed-alberghi\/epifania-riccione-la-festa-della-befana-per-far-sognare-grandi-e-piccini\/","name":"Epifania Riccione: la festa della Befana per far sognare grandi e piccini! - Article Marketing","isPartOf":{"@id":"https:\/\/www.article-marketing.eu\/comunicati\/#website"},"datePublished":"2010-12-08T15:52:04+00:00","author":{"@id":"https:\/\/www.article-marketing.eu\/comunicati\/#\/schema\/person\/44372e4d4d0fa797b18e03ed1ace9017"},"breadcrumb":{"@id":"https:\/\/www.article-marketing.eu\/comunicati\/viaggi-e-vacanze\/hotels-ed-alberghi\/epifania-riccione-la-festa-della-befana-per-far-sognare-grandi-e-piccini\/#breadcrumb"},"inLanguage":"it-IT","potentialAction":[{"@type":"ReadAction","target":["https:\/\/www.article-marketing.eu\/comunicati\/viaggi-e-vacanze\/hotels-ed-alberghi\/epifania-riccione-la-festa-della-befana-per-far-sognare-grandi-e-piccini\/"]}]},{"@type":"BreadcrumbList","@id":"https:\/\/www.article-marketing.eu\/comunicati\/viaggi-e-vacanze\/hotels-ed-alberghi\/epifania-riccione-la-festa-della-befana-per-far-sognare-grandi-e-piccini\/#breadcrumb","itemListElement":[{"@type":"ListItem","position":1,"name":"Home","item":"https:\/\/www.article-marketing.eu\/comunicati\/"},{"@type":"ListItem","position":2,"name":"Epifania Riccione: la festa della Befana per far sognare grandi e piccini!"}]},{"@type":"WebSite","@id":"https:\/\/www.article-marketing.eu\/comunicati\/#website","url":"https:\/\/www.article-marketing.eu\/comunicati\/","name":"Article Marketing","description":"article marketing &amp; press release","potentialAction":[{"@type":"SearchAction","target":{"@type":"EntryPoint","urlTemplate":"https:\/\/www.article-marketing.eu\/comunicati\/?s={search_term_string}"},"query-input":{"@type":"PropertyValueSpecification","valueRequired":true,"valueName":"search_term_string"}}],"inLanguage":"it-IT"},{"@type":"Person","@id":"https:\/\/www.article-marketing.eu\/comunicati\/#\/schema\/person\/44372e4d4d0fa797b18e03ed1ace9017","name":"Redazione Comunicati Stampa","image":{"@type":"ImageObject","inLanguage":"it-IT","@id":"https:\/\/www.article-marketing.eu\/comunicati\/#\/schema\/person\/image\/","url":"https:\/\/secure.gravatar.com\/avatar\/50e5c6421d3072f42e7ace803501602c60d75233d34e29fd05feb91c8760b792?s=96&d=mm&r=g","contentUrl":"https:\/\/secure.gravatar.com\/avatar\/50e5c6421d3072f42e7ace803501602c60d75233d34e29fd05feb91c8760b792?s=96&d=mm&r=g","caption":"Redazione Comunicati Stampa"},"url":"https:\/\/www.article-marketing.eu\/comunicati\/author\/redazione-comunicati-stampa\/"}]}},"_links":{"self":[{"href":"https:\/\/www.article-marketing.eu\/comunicati\/wp-json\/wp\/v2\/posts\/10322","targetHints":{"allow":["GET"]}}],"collection":[{"href":"https:\/\/www.article-marketing.eu\/comunicati\/wp-json\/wp\/v2\/posts"}],"about":[{"href":"https:\/\/www.article-marketing.eu\/comunicati\/wp-json\/wp\/v2\/types\/post"}],"author":[{"embeddable":true,"href":"https:\/\/www.article-marketing.eu\/comunicati\/wp-json\/wp\/v2\/users\/10"}],"replies":[{"embeddable":true,"href":"https:\/\/www.article-marketing.eu\/comunicati\/wp-json\/wp\/v2\/comments?post=10322"}],"version-history":[{"count":0,"href":"https:\/\/www.article-marketing.eu\/comunicati\/wp-json\/wp\/v2\/posts\/10322\/revisions"}],"wp:attachment":[{"href":"https:\/\/www.article-marketing.eu\/comunicati\/wp-json\/wp\/v2\/media?parent=10322"}],"wp:term":[{"taxonomy":"category","embeddable":true,"href":"https:\/\/www.article-marketing.eu\/comunicati\/wp-json\/wp\/v2\/categories?post=10322"},{"taxonomy":"post_tag","embeddable":true,"href":"https:\/\/www.article-marketing.eu\/comunicati\/wp-json\/wp\/v2\/tags?post=10322"}],"curies":[{"name":"wp","href":"https:\/\/api.w.org\/{rel}","templated":true}]}}