{"id":10404,"date":"2010-12-09T19:47:26","date_gmt":"2010-12-09T18:47:26","guid":{"rendered":"http:\/\/www.article-marketing.eu\/comunicati\/senza-categoria\/cefal%c3%b9-un-frammento-di-storia-affacciato-sul-mar-tirreno\/"},"modified":"2018-07-10T04:00:05","modified_gmt":"2018-07-10T02:00:05","slug":"cefal%c3%b9-un-frammento-di-storia-affacciato-sul-mar-tirreno","status":"publish","type":"post","link":"https:\/\/www.article-marketing.eu\/comunicati\/viaggi-e-vacanze\/destinazioni\/cefal%c3%b9-un-frammento-di-storia-affacciato-sul-mar-tirreno\/","title":{"rendered":"Cefal\u00f9, un frammento di storia affacciato sul Mar Tirreno"},"content":{"rendered":"<p>Cefal&ugrave; &egrave; una delle mete internazionali molto ambita dai turisti ed anche dai siciliani stessi. Inserita nel Parco delle Madonie &egrave; caratterizzata fortemente dalla sua posizione ai piedi della &ldquo;Rocca&rdquo; (che vuol dire piccola testa) il promontorio che la sovrasta. Oggi questo promontorio &egrave; percorribile a piedi e si pu&ograve; arrivare fino alle mura della fortezza e godere di un panorama senza precedenti. Ai piedi si trova il paese ed il centro storico, molto caratteristico e sempre pieno di gente e turisti che lo percorre scoprendo ogni angolo ed ogni pezzo di storia e arte che la cittadina custodisce al suo interno. Il centro &egrave; circoscritto da mura megalitiche che, in buona parte, &egrave; proprio quella originaria.<br \/>Resti archeologici testimoniano l&#8217;antichit&agrave; e le origini di questo centro e le varie epoche storiche: il Tempio di Diana del IV sec. a.C.; le cisterne, le mura merlate, piccole chiese appartenenti al periodo medievale, ecc&#8230; A testimonianza della sua antica storia anche un mosaico rinvenuto di recente, sotto il portico di ingresso al Duomo, che testimonia la presenza delle prime comunit&agrave; cristiane.<br \/>Tra i monumenti di epoca normanna troviamo: il Lavatoio e l&#8217;Osterio Magno con una splendida trifora e la Chiesa di San Giorgio. Ma il monumento pi&ugrave; importante e pi&ugrave; rappresentativo di Cefal&ugrave; &egrave; il Duomo arabo-normanno che si narra sia stato fortemente voluto ed edificato da Ruggero II per esaudire un voto fatto a Dio Salvatore per averlo salvato da una tempesta in mare facendolo approdare sulla costa della cittadina di <strong>Cefal&ugrave;<\/strong>. D&agrave; l&#8217;impressione di essere una fortezza ed &egrave; caratterizzato da due grandi torri laterali che lo fanno essere una delle pi&ugrave; grandi cattedrali di tutta la Sicilia. Di importanza rilevante, oltre che molto conosciuto e fotografato in quanto suscitano particolare interesse, sono i mosaici interni sui quali domina la figura di Cristo Pantocratore: questa figura &egrave; presente anche nel Duomo di Monreale e nella Cappella Palatina di Palermo. Annesso al Duomo vi &egrave; il chiostro con colonnine e capitelli scolpiti che &egrave; possibile visionare pagando un biglietto d&#8217;ingresso.<br \/>La visita al Museo Mandralisca &egrave; d&#8217;uopo in quanto si trova una collezione archeologica di valore inestimabile ed una pinacoteca molto curata e ricercata della quale fa parte il famoso quadro &ldquo;ritratto di ignoto&rdquo; di Antonella da Messina che si presta da copertina ad un libro di un siciliano &ldquo;il sorriso dell&#8217; ignoto marinaio&rdquo; di Vincenzo Consolo.<br \/>Ma Cefal&ugrave; &egrave; anche il suo territorio, consigliamo vivamente di fare un&#8217;escursione al Santuario di Gibilmanna che sorge a 800 mt s.l.m. La strada per raggiungerlo &egrave; bellissima, la si percorre tra una fitta vegetazione di frassini e castagni fino ad arrivare al Santuario dedicato alla Madonna che al&#8217;interno custodisce una statua di alabastro che ritrae la Madonna col Bambino ed &egrave; opera di Antonello Gagini.<br \/>Ogni anno Cefal&ugrave; attira turisti da tutto il mondo. La citt&agrave; &egrave; conosciuta per la sua spiaggia ed &egrave; tra le pi&ugrave; note e pi&ugrave; belle di tutta la provincia di Palermo. E&#8217; tra le pi&ugrave; frequentate perch&eacute; si pu&ograve; raggiungere facilmente ed offre molti servizi di ottima qualit&agrave;. Le acque sono splendide, blu e cristalline, sono anche state premiate con le &ldquo;tre vele&rdquo; da Legambiente. Buona l&#8217;offerta ricettiva in citt&agrave; e nelle zone circostanti. Per chi cerca <strong>hotel Cefal&ugrave;<\/strong> o b&amp;b Cefal&ugrave; su un qualsiasi motore di ricerca potr&agrave; scegliere tra tante soluzioni in funzione delle proprie esigenze.<\/p>\n","protected":false},"excerpt":{"rendered":"<p>Cefal\u00f9 \u00e8 una delle mete internazionali molto ambita dai turisti ed anche dai siciliani stessi. Inserita nel Parco delle Madonie \u00e8 caratterizzata fortemente dalla sua posizione ai piedi della \u201cRocca\u201d (che vuol dire piccola testa) il promontorio che la sovrasta. Oggi questo promontorio \u00e8 percorribile a piedi e si pu\u00f2 arrivare fino alle mura della fortezza e godere di un panorama senza precedenti. Ai piedi si trova il paese ed il centro storico, molto caratteristico e sempre pieno di gente e turisti che lo percorre scoprendo ogni angolo ed ogni pezzo di storia e arte che la cittadina custodisce al suo interno. Il centro \u00e8 circoscritto da mura megalitiche che, in buona parte, \u00e8 proprio quella originaria.<\/p>\n","protected":false},"author":10,"featured_media":0,"comment_status":"open","ping_status":"open","sticky":false,"template":"","format":"standard","meta":{"cybocfi_hide_featured_image":"","footnotes":""},"categories":[143],"tags":[20239,4818,20237,20238,20236],"class_list":["post-10404","post","type-post","status-publish","format-standard","hentry","category-destinazioni","tag-alberghi-cefalu","tag-cefalu","tag-cefalu-accommodation","tag-cefalu-hotels","tag-hotel-cefalu"],"yoast_head":"<!-- This site is optimized with the Yoast SEO plugin v27.0 - https:\/\/yoast.com\/product\/yoast-seo-wordpress\/ -->\n<title>Cefal\u00f9, un frammento di storia affacciato sul Mar Tirreno - Article Marketing<\/title>\n<meta name=\"robots\" content=\"index, follow, max-snippet:-1, max-image-preview:large, max-video-preview:-1\" \/>\n<link rel=\"canonical\" href=\"https:\/\/www.article-marketing.eu\/comunicati\/viaggi-e-vacanze\/destinazioni\/cefal\u00f9-un-frammento-di-storia-affacciato-sul-mar-tirreno\/\" \/>\n<meta property=\"og:locale\" content=\"it_IT\" \/>\n<meta property=\"og:type\" content=\"article\" \/>\n<meta property=\"og:title\" content=\"Cefal\u00f9, un frammento di storia affacciato sul Mar Tirreno - Article Marketing\" \/>\n<meta property=\"og:description\" content=\"Cefal\u00f9 \u00e8 una delle mete internazionali molto ambita dai turisti ed anche dai siciliani stessi. Inserita nel Parco delle Madonie \u00e8 caratterizzata fortemente dalla sua posizione ai piedi della \u201cRocca\u201d (che vuol dire piccola testa) il promontorio che la sovrasta. Oggi questo promontorio \u00e8 percorribile a piedi e si pu\u00f2 arrivare fino alle mura della fortezza e godere di un panorama senza precedenti. Ai piedi si trova il paese ed il centro storico, molto caratteristico e sempre pieno di gente e turisti che lo percorre scoprendo ogni angolo ed ogni pezzo di storia e arte che la cittadina custodisce al suo interno. Il centro \u00e8 circoscritto da mura megalitiche che, in buona parte, \u00e8 proprio quella originaria.\" \/>\n<meta property=\"og:url\" content=\"https:\/\/www.article-marketing.eu\/comunicati\/viaggi-e-vacanze\/destinazioni\/cefal\u00f9-un-frammento-di-storia-affacciato-sul-mar-tirreno\/\" \/>\n<meta property=\"og:site_name\" content=\"Article Marketing\" \/>\n<meta property=\"article:published_time\" content=\"2010-12-09T18:47:26+00:00\" \/>\n<meta property=\"article:modified_time\" content=\"2018-07-10T02:00:05+00:00\" \/>\n<meta name=\"author\" content=\"Redazione Comunicati Stampa\" \/>\n<meta name=\"twitter:card\" content=\"summary_large_image\" \/>\n<meta name=\"twitter:label1\" content=\"Scritto da\" \/>\n\t<meta name=\"twitter:data1\" content=\"Redazione Comunicati Stampa\" \/>\n\t<meta name=\"twitter:label2\" content=\"Tempo di lettura stimato\" \/>\n\t<meta name=\"twitter:data2\" content=\"3 minuti\" \/>\n<script type=\"application\/ld+json\" class=\"yoast-schema-graph\">{\"@context\":\"https:\/\/schema.org\",\"@graph\":[{\"@type\":\"Article\",\"@id\":\"https:\/\/www.article-marketing.eu\/comunicati\/viaggi-e-vacanze\/destinazioni\/cefal%c3%b9-un-frammento-di-storia-affacciato-sul-mar-tirreno\/#article\",\"isPartOf\":{\"@id\":\"https:\/\/www.article-marketing.eu\/comunicati\/viaggi-e-vacanze\/destinazioni\/cefal%c3%b9-un-frammento-di-storia-affacciato-sul-mar-tirreno\/\"},\"author\":{\"name\":\"Redazione Comunicati Stampa\",\"@id\":\"https:\/\/www.article-marketing.eu\/comunicati\/#\/schema\/person\/44372e4d4d0fa797b18e03ed1ace9017\"},\"headline\":\"Cefal\u00f9, un frammento di storia affacciato sul Mar Tirreno\",\"datePublished\":\"2010-12-09T18:47:26+00:00\",\"dateModified\":\"2018-07-10T02:00:05+00:00\",\"mainEntityOfPage\":{\"@id\":\"https:\/\/www.article-marketing.eu\/comunicati\/viaggi-e-vacanze\/destinazioni\/cefal%c3%b9-un-frammento-di-storia-affacciato-sul-mar-tirreno\/\"},\"wordCount\":605,\"commentCount\":0,\"keywords\":[\"alberghi cefalu\",\"cefal\u00f9\",\"cefal\u00f9 accommodation\",\"cefal\u00f9 hotels\",\"hotel cefal\u00f9\"],\"articleSection\":[\"Destinazioni\"],\"inLanguage\":\"it-IT\",\"potentialAction\":[{\"@type\":\"CommentAction\",\"name\":\"Comment\",\"target\":[\"https:\/\/www.article-marketing.eu\/comunicati\/viaggi-e-vacanze\/destinazioni\/cefal%c3%b9-un-frammento-di-storia-affacciato-sul-mar-tirreno\/#respond\"]}]},{\"@type\":\"WebPage\",\"@id\":\"https:\/\/www.article-marketing.eu\/comunicati\/viaggi-e-vacanze\/destinazioni\/cefal%c3%b9-un-frammento-di-storia-affacciato-sul-mar-tirreno\/\",\"url\":\"https:\/\/www.article-marketing.eu\/comunicati\/viaggi-e-vacanze\/destinazioni\/cefal%c3%b9-un-frammento-di-storia-affacciato-sul-mar-tirreno\/\",\"name\":\"Cefal\u00f9, un frammento di storia affacciato sul Mar Tirreno - Article Marketing\",\"isPartOf\":{\"@id\":\"https:\/\/www.article-marketing.eu\/comunicati\/#website\"},\"datePublished\":\"2010-12-09T18:47:26+00:00\",\"dateModified\":\"2018-07-10T02:00:05+00:00\",\"author\":{\"@id\":\"https:\/\/www.article-marketing.eu\/comunicati\/#\/schema\/person\/44372e4d4d0fa797b18e03ed1ace9017\"},\"breadcrumb\":{\"@id\":\"https:\/\/www.article-marketing.eu\/comunicati\/viaggi-e-vacanze\/destinazioni\/cefal%c3%b9-un-frammento-di-storia-affacciato-sul-mar-tirreno\/#breadcrumb\"},\"inLanguage\":\"it-IT\",\"potentialAction\":[{\"@type\":\"ReadAction\",\"target\":[\"https:\/\/www.article-marketing.eu\/comunicati\/viaggi-e-vacanze\/destinazioni\/cefal%c3%b9-un-frammento-di-storia-affacciato-sul-mar-tirreno\/\"]}]},{\"@type\":\"BreadcrumbList\",\"@id\":\"https:\/\/www.article-marketing.eu\/comunicati\/viaggi-e-vacanze\/destinazioni\/cefal%c3%b9-un-frammento-di-storia-affacciato-sul-mar-tirreno\/#breadcrumb\",\"itemListElement\":[{\"@type\":\"ListItem\",\"position\":1,\"name\":\"Home\",\"item\":\"https:\/\/www.article-marketing.eu\/comunicati\/\"},{\"@type\":\"ListItem\",\"position\":2,\"name\":\"Cefal\u00f9, un frammento di storia affacciato sul Mar Tirreno\"}]},{\"@type\":\"WebSite\",\"@id\":\"https:\/\/www.article-marketing.eu\/comunicati\/#website\",\"url\":\"https:\/\/www.article-marketing.eu\/comunicati\/\",\"name\":\"Article Marketing\",\"description\":\"article marketing &amp; press release\",\"potentialAction\":[{\"@type\":\"SearchAction\",\"target\":{\"@type\":\"EntryPoint\",\"urlTemplate\":\"https:\/\/www.article-marketing.eu\/comunicati\/?s={search_term_string}\"},\"query-input\":{\"@type\":\"PropertyValueSpecification\",\"valueRequired\":true,\"valueName\":\"search_term_string\"}}],\"inLanguage\":\"it-IT\"},{\"@type\":\"Person\",\"@id\":\"https:\/\/www.article-marketing.eu\/comunicati\/#\/schema\/person\/44372e4d4d0fa797b18e03ed1ace9017\",\"name\":\"Redazione Comunicati Stampa\",\"image\":{\"@type\":\"ImageObject\",\"inLanguage\":\"it-IT\",\"@id\":\"https:\/\/www.article-marketing.eu\/comunicati\/#\/schema\/person\/image\/\",\"url\":\"https:\/\/secure.gravatar.com\/avatar\/50e5c6421d3072f42e7ace803501602c60d75233d34e29fd05feb91c8760b792?s=96&d=mm&r=g\",\"contentUrl\":\"https:\/\/secure.gravatar.com\/avatar\/50e5c6421d3072f42e7ace803501602c60d75233d34e29fd05feb91c8760b792?s=96&d=mm&r=g\",\"caption\":\"Redazione Comunicati Stampa\"},\"url\":\"https:\/\/www.article-marketing.eu\/comunicati\/author\/redazione-comunicati-stampa\/\"}]}<\/script>\n<!-- \/ Yoast SEO plugin. -->","yoast_head_json":{"title":"Cefal\u00f9, un frammento di storia affacciato sul Mar Tirreno - Article Marketing","robots":{"index":"index","follow":"follow","max-snippet":"max-snippet:-1","max-image-preview":"max-image-preview:large","max-video-preview":"max-video-preview:-1"},"canonical":"https:\/\/www.article-marketing.eu\/comunicati\/viaggi-e-vacanze\/destinazioni\/cefal\u00f9-un-frammento-di-storia-affacciato-sul-mar-tirreno\/","og_locale":"it_IT","og_type":"article","og_title":"Cefal\u00f9, un frammento di storia affacciato sul Mar Tirreno - Article Marketing","og_description":"Cefal\u00f9 \u00e8 una delle mete internazionali molto ambita dai turisti ed anche dai siciliani stessi. Inserita nel Parco delle Madonie \u00e8 caratterizzata fortemente dalla sua posizione ai piedi della \u201cRocca\u201d (che vuol dire piccola testa) il promontorio che la sovrasta. Oggi questo promontorio \u00e8 percorribile a piedi e si pu\u00f2 arrivare fino alle mura della fortezza e godere di un panorama senza precedenti. Ai piedi si trova il paese ed il centro storico, molto caratteristico e sempre pieno di gente e turisti che lo percorre scoprendo ogni angolo ed ogni pezzo di storia e arte che la cittadina custodisce al suo interno. Il centro \u00e8 circoscritto da mura megalitiche che, in buona parte, \u00e8 proprio quella originaria.","og_url":"https:\/\/www.article-marketing.eu\/comunicati\/viaggi-e-vacanze\/destinazioni\/cefal\u00f9-un-frammento-di-storia-affacciato-sul-mar-tirreno\/","og_site_name":"Article Marketing","article_published_time":"2010-12-09T18:47:26+00:00","article_modified_time":"2018-07-10T02:00:05+00:00","author":"Redazione Comunicati Stampa","twitter_card":"summary_large_image","twitter_misc":{"Scritto da":"Redazione Comunicati Stampa","Tempo di lettura stimato":"3 minuti"},"schema":{"@context":"https:\/\/schema.org","@graph":[{"@type":"Article","@id":"https:\/\/www.article-marketing.eu\/comunicati\/viaggi-e-vacanze\/destinazioni\/cefal%c3%b9-un-frammento-di-storia-affacciato-sul-mar-tirreno\/#article","isPartOf":{"@id":"https:\/\/www.article-marketing.eu\/comunicati\/viaggi-e-vacanze\/destinazioni\/cefal%c3%b9-un-frammento-di-storia-affacciato-sul-mar-tirreno\/"},"author":{"name":"Redazione Comunicati Stampa","@id":"https:\/\/www.article-marketing.eu\/comunicati\/#\/schema\/person\/44372e4d4d0fa797b18e03ed1ace9017"},"headline":"Cefal\u00f9, un frammento di storia affacciato sul Mar Tirreno","datePublished":"2010-12-09T18:47:26+00:00","dateModified":"2018-07-10T02:00:05+00:00","mainEntityOfPage":{"@id":"https:\/\/www.article-marketing.eu\/comunicati\/viaggi-e-vacanze\/destinazioni\/cefal%c3%b9-un-frammento-di-storia-affacciato-sul-mar-tirreno\/"},"wordCount":605,"commentCount":0,"keywords":["alberghi cefalu","cefal\u00f9","cefal\u00f9 accommodation","cefal\u00f9 hotels","hotel cefal\u00f9"],"articleSection":["Destinazioni"],"inLanguage":"it-IT","potentialAction":[{"@type":"CommentAction","name":"Comment","target":["https:\/\/www.article-marketing.eu\/comunicati\/viaggi-e-vacanze\/destinazioni\/cefal%c3%b9-un-frammento-di-storia-affacciato-sul-mar-tirreno\/#respond"]}]},{"@type":"WebPage","@id":"https:\/\/www.article-marketing.eu\/comunicati\/viaggi-e-vacanze\/destinazioni\/cefal%c3%b9-un-frammento-di-storia-affacciato-sul-mar-tirreno\/","url":"https:\/\/www.article-marketing.eu\/comunicati\/viaggi-e-vacanze\/destinazioni\/cefal%c3%b9-un-frammento-di-storia-affacciato-sul-mar-tirreno\/","name":"Cefal\u00f9, un frammento di storia affacciato sul Mar Tirreno - Article Marketing","isPartOf":{"@id":"https:\/\/www.article-marketing.eu\/comunicati\/#website"},"datePublished":"2010-12-09T18:47:26+00:00","dateModified":"2018-07-10T02:00:05+00:00","author":{"@id":"https:\/\/www.article-marketing.eu\/comunicati\/#\/schema\/person\/44372e4d4d0fa797b18e03ed1ace9017"},"breadcrumb":{"@id":"https:\/\/www.article-marketing.eu\/comunicati\/viaggi-e-vacanze\/destinazioni\/cefal%c3%b9-un-frammento-di-storia-affacciato-sul-mar-tirreno\/#breadcrumb"},"inLanguage":"it-IT","potentialAction":[{"@type":"ReadAction","target":["https:\/\/www.article-marketing.eu\/comunicati\/viaggi-e-vacanze\/destinazioni\/cefal%c3%b9-un-frammento-di-storia-affacciato-sul-mar-tirreno\/"]}]},{"@type":"BreadcrumbList","@id":"https:\/\/www.article-marketing.eu\/comunicati\/viaggi-e-vacanze\/destinazioni\/cefal%c3%b9-un-frammento-di-storia-affacciato-sul-mar-tirreno\/#breadcrumb","itemListElement":[{"@type":"ListItem","position":1,"name":"Home","item":"https:\/\/www.article-marketing.eu\/comunicati\/"},{"@type":"ListItem","position":2,"name":"Cefal\u00f9, un frammento di storia affacciato sul Mar Tirreno"}]},{"@type":"WebSite","@id":"https:\/\/www.article-marketing.eu\/comunicati\/#website","url":"https:\/\/www.article-marketing.eu\/comunicati\/","name":"Article Marketing","description":"article marketing &amp; press release","potentialAction":[{"@type":"SearchAction","target":{"@type":"EntryPoint","urlTemplate":"https:\/\/www.article-marketing.eu\/comunicati\/?s={search_term_string}"},"query-input":{"@type":"PropertyValueSpecification","valueRequired":true,"valueName":"search_term_string"}}],"inLanguage":"it-IT"},{"@type":"Person","@id":"https:\/\/www.article-marketing.eu\/comunicati\/#\/schema\/person\/44372e4d4d0fa797b18e03ed1ace9017","name":"Redazione Comunicati Stampa","image":{"@type":"ImageObject","inLanguage":"it-IT","@id":"https:\/\/www.article-marketing.eu\/comunicati\/#\/schema\/person\/image\/","url":"https:\/\/secure.gravatar.com\/avatar\/50e5c6421d3072f42e7ace803501602c60d75233d34e29fd05feb91c8760b792?s=96&d=mm&r=g","contentUrl":"https:\/\/secure.gravatar.com\/avatar\/50e5c6421d3072f42e7ace803501602c60d75233d34e29fd05feb91c8760b792?s=96&d=mm&r=g","caption":"Redazione Comunicati Stampa"},"url":"https:\/\/www.article-marketing.eu\/comunicati\/author\/redazione-comunicati-stampa\/"}]}},"_links":{"self":[{"href":"https:\/\/www.article-marketing.eu\/comunicati\/wp-json\/wp\/v2\/posts\/10404","targetHints":{"allow":["GET"]}}],"collection":[{"href":"https:\/\/www.article-marketing.eu\/comunicati\/wp-json\/wp\/v2\/posts"}],"about":[{"href":"https:\/\/www.article-marketing.eu\/comunicati\/wp-json\/wp\/v2\/types\/post"}],"author":[{"embeddable":true,"href":"https:\/\/www.article-marketing.eu\/comunicati\/wp-json\/wp\/v2\/users\/10"}],"replies":[{"embeddable":true,"href":"https:\/\/www.article-marketing.eu\/comunicati\/wp-json\/wp\/v2\/comments?post=10404"}],"version-history":[{"count":1,"href":"https:\/\/www.article-marketing.eu\/comunicati\/wp-json\/wp\/v2\/posts\/10404\/revisions"}],"predecessor-version":[{"id":57775,"href":"https:\/\/www.article-marketing.eu\/comunicati\/wp-json\/wp\/v2\/posts\/10404\/revisions\/57775"}],"wp:attachment":[{"href":"https:\/\/www.article-marketing.eu\/comunicati\/wp-json\/wp\/v2\/media?parent=10404"}],"wp:term":[{"taxonomy":"category","embeddable":true,"href":"https:\/\/www.article-marketing.eu\/comunicati\/wp-json\/wp\/v2\/categories?post=10404"},{"taxonomy":"post_tag","embeddable":true,"href":"https:\/\/www.article-marketing.eu\/comunicati\/wp-json\/wp\/v2\/tags?post=10404"}],"curies":[{"name":"wp","href":"https:\/\/api.w.org\/{rel}","templated":true}]}}