{"id":10551,"date":"2010-12-15T21:48:32","date_gmt":"2010-12-15T20:48:32","guid":{"rendered":"http:\/\/www.article-marketing.eu\/comunicati\/senza-categoria\/inaugura-a-milano-il-museo-del-novecento\/"},"modified":"2010-12-15T21:48:32","modified_gmt":"2010-12-15T20:48:32","slug":"inaugura-a-milano-il-museo-del-novecento","status":"publish","type":"post","link":"https:\/\/www.article-marketing.eu\/comunicati\/arte-e-cultura\/inaugura-a-milano-il-museo-del-novecento\/","title":{"rendered":"Inaugura a Milano il museo del Novecento"},"content":{"rendered":"<p>Un nuovo museo nella piazza principale della citt&agrave; &egrave; un evento di portata storica. Per questo N&eacute;o, e-Magazine internazionale, dedica un numero speciale in uscita a dicembre, al Novecento e, in particolare, al museo del Novecento.<\/p>\n<p>Indagare, interpretare, raccontare il Novecento nelle sue complesse, affascinanti sfaccettature, &egrave; l&#8217;ambizione del museo che aprir&agrave; i battenti negli storici ambienti del Palazzo dell&rsquo;Arengario: in esposizione oltre 400 opere d&rsquo;arte del XX secolo da ammirare gratuitamente fino a febbraio 2011.<\/p>\n<p>Opere culturali che incarnano lo spirito del tempo, di un tempo appena concluso, procedono a scandagliare l&#8217;identit&agrave; del Novecento attraverso filoni specifici: si parte da una sezione dedicata alle Avanguardie internazionali con dipinti di Picasso, Braque, Klee e Kandinskij, Laurens e Modigliani per poi accedere alla prima sala dedicata al Futurismo. Il percorso &egrave; contrassegnato dalla presenza di sezioni monografiche, tra le quali quella di Umberto Boccioni, con una collezione di opere unica al mondo. Segue l&rsquo;arte degli anni Venti e Trenta, tra Novecento e Astrattismo con monografie di de Chirico, Morandi, Martini e Melotti, mentre a Lucio Fontana &egrave; stato dedicato il grande salone della torre dell&rsquo;Arengario.<\/p>\n<p>Un invito al sogno, pertanto, per rivivere le opere originali nel loro contesto e comprendere il senso pi&ugrave; profondo di uno stile e di un gusto. Ed &egrave; la grande rampa a spirale all&rsquo;interno della innovativa struttura, progettata da Italo Rota e Fabio Fornasari, a dare meglio il senso dell&#8217;importanza e dell&#8217;ambizione di questo progetto: un elemento funzionale che collega i diversi piani della torre, dal livello della metropolitana alla suggestiva terrazza sul Duomo, e nello stesso tempo un elemento artistico che render&agrave; il Palazzo dell&rsquo;Arengario universalmente riconoscibile. Un percorso complesso ed articolato studiato da un comitato scientifico di altissimo livello creato ad hoc per lo spazio milanese presieduto dal Direttore Centrale Cultura Massimo Accarisi e dal Direttore Settore Musei del Comune di Milano Claudio Salsi, coordinato da Marina Pugliese, Direttore del Progetto Museo del Novecento.<\/p>\n<p>Lo spazio espositivo che offrir&agrave; esperienze emotive oltre che storiche al visitatore, che si muove attraverso il tempo e lo spazio. Non solo un contenitore per la conservazione delle opere d&#8217;arte, ma un percorso capace di trascinare il visitatore in un&#8217;esperienza unica che diventa segno tangibile di una citt&agrave; che si rinnova nella memoria del proprio passato, come dichiarato dal Sindaco di Milano Letizia Moratti: &ldquo;Diffondere la conoscenza dell&rsquo;arte del Novecento e consentire la migliore e pi&ugrave; ampia visione delle collezioni che Milano ha ereditato nel tempo: sono questi gli obiettivi del progetto firmato da Italo Rota e Fabio Fornasari per rafforzare l&rsquo;identit&agrave; di Milano e aumentare il suo prestigio internazionale&rdquo;.<\/p>\n<p>Su N&egrave;o, anche un interessante cammino dell&rsquo;uomo del novecento attraverso i film culto di ogni decennio; una riflessione di Gillo Dorfles sul Novecento della pittura; la classifica XX Century pop, con i record musicali nel secolo della hit parade; senza dimenticare la letteratura e l&rsquo;architettura che fanno respirare l&rsquo;atmosfera del secolo.<\/p>\n<p>Sempre sul numero di n&eacute;o saranno pubblicati i vincitori ufficiali del contest IdeaMI per creativi internazionali.<\/p>\n<p>Per informazioni sul museo: www.turismo.milano.it<br \/>Per informazioni su n&eacute;o: www.neoenews.com (iscrizione gratuita)<\/p>\n","protected":false},"excerpt":{"rendered":"<p>Un nuovo museo nella piazza principale della citt\u00e0 \u00e8 un evento di portata storica. Per questo N\u00e9o, e-Magazine internazionale, dedica un numero speciale in uscita a dicembre, al Novecento e, in particolare, al museo del Novecento.<\/p>\n","protected":false},"author":10,"featured_media":0,"comment_status":"open","ping_status":"open","sticky":false,"template":"","format":"standard","meta":{"cybocfi_hide_featured_image":"","footnotes":""},"categories":[27],"tags":[],"class_list":["post-10551","post","type-post","status-publish","format-standard","hentry","category-arte-e-cultura"],"yoast_head":"<!-- This site is optimized with the Yoast SEO plugin v27.0 - https:\/\/yoast.com\/product\/yoast-seo-wordpress\/ -->\n<title>Inaugura a Milano il museo del Novecento - Article Marketing<\/title>\n<meta name=\"robots\" content=\"index, follow, max-snippet:-1, max-image-preview:large, max-video-preview:-1\" \/>\n<link rel=\"canonical\" href=\"https:\/\/www.article-marketing.eu\/comunicati\/arte-e-cultura\/inaugura-a-milano-il-museo-del-novecento\/\" \/>\n<meta property=\"og:locale\" content=\"it_IT\" \/>\n<meta property=\"og:type\" content=\"article\" \/>\n<meta property=\"og:title\" content=\"Inaugura a Milano il museo del Novecento - Article Marketing\" \/>\n<meta property=\"og:description\" content=\"Un nuovo museo nella piazza principale della citt\u00e0 \u00e8 un evento di portata storica. Per questo N\u00e9o, e-Magazine internazionale, dedica un numero speciale in uscita a dicembre, al Novecento e, in particolare, al museo del Novecento.\" \/>\n<meta property=\"og:url\" content=\"https:\/\/www.article-marketing.eu\/comunicati\/arte-e-cultura\/inaugura-a-milano-il-museo-del-novecento\/\" \/>\n<meta property=\"og:site_name\" content=\"Article Marketing\" \/>\n<meta property=\"article:published_time\" content=\"2010-12-15T20:48:32+00:00\" \/>\n<meta name=\"author\" content=\"Redazione Comunicati Stampa\" \/>\n<meta name=\"twitter:card\" content=\"summary_large_image\" \/>\n<meta name=\"twitter:label1\" content=\"Scritto da\" \/>\n\t<meta name=\"twitter:data1\" content=\"Redazione Comunicati Stampa\" \/>\n\t<meta name=\"twitter:label2\" content=\"Tempo di lettura stimato\" \/>\n\t<meta name=\"twitter:data2\" content=\"3 minuti\" \/>\n<script type=\"application\/ld+json\" class=\"yoast-schema-graph\">{\"@context\":\"https:\/\/schema.org\",\"@graph\":[{\"@type\":\"Article\",\"@id\":\"https:\/\/www.article-marketing.eu\/comunicati\/arte-e-cultura\/inaugura-a-milano-il-museo-del-novecento\/#article\",\"isPartOf\":{\"@id\":\"https:\/\/www.article-marketing.eu\/comunicati\/arte-e-cultura\/inaugura-a-milano-il-museo-del-novecento\/\"},\"author\":{\"name\":\"Redazione Comunicati Stampa\",\"@id\":\"https:\/\/www.article-marketing.eu\/comunicati\/#\/schema\/person\/44372e4d4d0fa797b18e03ed1ace9017\"},\"headline\":\"Inaugura a Milano il museo del Novecento\",\"datePublished\":\"2010-12-15T20:48:32+00:00\",\"mainEntityOfPage\":{\"@id\":\"https:\/\/www.article-marketing.eu\/comunicati\/arte-e-cultura\/inaugura-a-milano-il-museo-del-novecento\/\"},\"wordCount\":560,\"commentCount\":0,\"articleSection\":[\"Arte e cultura\"],\"inLanguage\":\"it-IT\",\"potentialAction\":[{\"@type\":\"CommentAction\",\"name\":\"Comment\",\"target\":[\"https:\/\/www.article-marketing.eu\/comunicati\/arte-e-cultura\/inaugura-a-milano-il-museo-del-novecento\/#respond\"]}]},{\"@type\":\"WebPage\",\"@id\":\"https:\/\/www.article-marketing.eu\/comunicati\/arte-e-cultura\/inaugura-a-milano-il-museo-del-novecento\/\",\"url\":\"https:\/\/www.article-marketing.eu\/comunicati\/arte-e-cultura\/inaugura-a-milano-il-museo-del-novecento\/\",\"name\":\"Inaugura a Milano il museo del Novecento - Article Marketing\",\"isPartOf\":{\"@id\":\"https:\/\/www.article-marketing.eu\/comunicati\/#website\"},\"datePublished\":\"2010-12-15T20:48:32+00:00\",\"author\":{\"@id\":\"https:\/\/www.article-marketing.eu\/comunicati\/#\/schema\/person\/44372e4d4d0fa797b18e03ed1ace9017\"},\"breadcrumb\":{\"@id\":\"https:\/\/www.article-marketing.eu\/comunicati\/arte-e-cultura\/inaugura-a-milano-il-museo-del-novecento\/#breadcrumb\"},\"inLanguage\":\"it-IT\",\"potentialAction\":[{\"@type\":\"ReadAction\",\"target\":[\"https:\/\/www.article-marketing.eu\/comunicati\/arte-e-cultura\/inaugura-a-milano-il-museo-del-novecento\/\"]}]},{\"@type\":\"BreadcrumbList\",\"@id\":\"https:\/\/www.article-marketing.eu\/comunicati\/arte-e-cultura\/inaugura-a-milano-il-museo-del-novecento\/#breadcrumb\",\"itemListElement\":[{\"@type\":\"ListItem\",\"position\":1,\"name\":\"Home\",\"item\":\"https:\/\/www.article-marketing.eu\/comunicati\/\"},{\"@type\":\"ListItem\",\"position\":2,\"name\":\"Inaugura a Milano il museo del Novecento\"}]},{\"@type\":\"WebSite\",\"@id\":\"https:\/\/www.article-marketing.eu\/comunicati\/#website\",\"url\":\"https:\/\/www.article-marketing.eu\/comunicati\/\",\"name\":\"Article Marketing\",\"description\":\"article marketing &amp; press release\",\"potentialAction\":[{\"@type\":\"SearchAction\",\"target\":{\"@type\":\"EntryPoint\",\"urlTemplate\":\"https:\/\/www.article-marketing.eu\/comunicati\/?s={search_term_string}\"},\"query-input\":{\"@type\":\"PropertyValueSpecification\",\"valueRequired\":true,\"valueName\":\"search_term_string\"}}],\"inLanguage\":\"it-IT\"},{\"@type\":\"Person\",\"@id\":\"https:\/\/www.article-marketing.eu\/comunicati\/#\/schema\/person\/44372e4d4d0fa797b18e03ed1ace9017\",\"name\":\"Redazione Comunicati Stampa\",\"image\":{\"@type\":\"ImageObject\",\"inLanguage\":\"it-IT\",\"@id\":\"https:\/\/www.article-marketing.eu\/comunicati\/#\/schema\/person\/image\/\",\"url\":\"https:\/\/secure.gravatar.com\/avatar\/50e5c6421d3072f42e7ace803501602c60d75233d34e29fd05feb91c8760b792?s=96&d=mm&r=g\",\"contentUrl\":\"https:\/\/secure.gravatar.com\/avatar\/50e5c6421d3072f42e7ace803501602c60d75233d34e29fd05feb91c8760b792?s=96&d=mm&r=g\",\"caption\":\"Redazione Comunicati Stampa\"},\"url\":\"https:\/\/www.article-marketing.eu\/comunicati\/author\/redazione-comunicati-stampa\/\"}]}<\/script>\n<!-- \/ Yoast SEO plugin. -->","yoast_head_json":{"title":"Inaugura a Milano il museo del Novecento - Article Marketing","robots":{"index":"index","follow":"follow","max-snippet":"max-snippet:-1","max-image-preview":"max-image-preview:large","max-video-preview":"max-video-preview:-1"},"canonical":"https:\/\/www.article-marketing.eu\/comunicati\/arte-e-cultura\/inaugura-a-milano-il-museo-del-novecento\/","og_locale":"it_IT","og_type":"article","og_title":"Inaugura a Milano il museo del Novecento - Article Marketing","og_description":"Un nuovo museo nella piazza principale della citt\u00e0 \u00e8 un evento di portata storica. Per questo N\u00e9o, e-Magazine internazionale, dedica un numero speciale in uscita a dicembre, al Novecento e, in particolare, al museo del Novecento.","og_url":"https:\/\/www.article-marketing.eu\/comunicati\/arte-e-cultura\/inaugura-a-milano-il-museo-del-novecento\/","og_site_name":"Article Marketing","article_published_time":"2010-12-15T20:48:32+00:00","author":"Redazione Comunicati Stampa","twitter_card":"summary_large_image","twitter_misc":{"Scritto da":"Redazione Comunicati Stampa","Tempo di lettura stimato":"3 minuti"},"schema":{"@context":"https:\/\/schema.org","@graph":[{"@type":"Article","@id":"https:\/\/www.article-marketing.eu\/comunicati\/arte-e-cultura\/inaugura-a-milano-il-museo-del-novecento\/#article","isPartOf":{"@id":"https:\/\/www.article-marketing.eu\/comunicati\/arte-e-cultura\/inaugura-a-milano-il-museo-del-novecento\/"},"author":{"name":"Redazione Comunicati Stampa","@id":"https:\/\/www.article-marketing.eu\/comunicati\/#\/schema\/person\/44372e4d4d0fa797b18e03ed1ace9017"},"headline":"Inaugura a Milano il museo del Novecento","datePublished":"2010-12-15T20:48:32+00:00","mainEntityOfPage":{"@id":"https:\/\/www.article-marketing.eu\/comunicati\/arte-e-cultura\/inaugura-a-milano-il-museo-del-novecento\/"},"wordCount":560,"commentCount":0,"articleSection":["Arte e cultura"],"inLanguage":"it-IT","potentialAction":[{"@type":"CommentAction","name":"Comment","target":["https:\/\/www.article-marketing.eu\/comunicati\/arte-e-cultura\/inaugura-a-milano-il-museo-del-novecento\/#respond"]}]},{"@type":"WebPage","@id":"https:\/\/www.article-marketing.eu\/comunicati\/arte-e-cultura\/inaugura-a-milano-il-museo-del-novecento\/","url":"https:\/\/www.article-marketing.eu\/comunicati\/arte-e-cultura\/inaugura-a-milano-il-museo-del-novecento\/","name":"Inaugura a Milano il museo del Novecento - Article Marketing","isPartOf":{"@id":"https:\/\/www.article-marketing.eu\/comunicati\/#website"},"datePublished":"2010-12-15T20:48:32+00:00","author":{"@id":"https:\/\/www.article-marketing.eu\/comunicati\/#\/schema\/person\/44372e4d4d0fa797b18e03ed1ace9017"},"breadcrumb":{"@id":"https:\/\/www.article-marketing.eu\/comunicati\/arte-e-cultura\/inaugura-a-milano-il-museo-del-novecento\/#breadcrumb"},"inLanguage":"it-IT","potentialAction":[{"@type":"ReadAction","target":["https:\/\/www.article-marketing.eu\/comunicati\/arte-e-cultura\/inaugura-a-milano-il-museo-del-novecento\/"]}]},{"@type":"BreadcrumbList","@id":"https:\/\/www.article-marketing.eu\/comunicati\/arte-e-cultura\/inaugura-a-milano-il-museo-del-novecento\/#breadcrumb","itemListElement":[{"@type":"ListItem","position":1,"name":"Home","item":"https:\/\/www.article-marketing.eu\/comunicati\/"},{"@type":"ListItem","position":2,"name":"Inaugura a Milano il museo del Novecento"}]},{"@type":"WebSite","@id":"https:\/\/www.article-marketing.eu\/comunicati\/#website","url":"https:\/\/www.article-marketing.eu\/comunicati\/","name":"Article Marketing","description":"article marketing &amp; press release","potentialAction":[{"@type":"SearchAction","target":{"@type":"EntryPoint","urlTemplate":"https:\/\/www.article-marketing.eu\/comunicati\/?s={search_term_string}"},"query-input":{"@type":"PropertyValueSpecification","valueRequired":true,"valueName":"search_term_string"}}],"inLanguage":"it-IT"},{"@type":"Person","@id":"https:\/\/www.article-marketing.eu\/comunicati\/#\/schema\/person\/44372e4d4d0fa797b18e03ed1ace9017","name":"Redazione Comunicati Stampa","image":{"@type":"ImageObject","inLanguage":"it-IT","@id":"https:\/\/www.article-marketing.eu\/comunicati\/#\/schema\/person\/image\/","url":"https:\/\/secure.gravatar.com\/avatar\/50e5c6421d3072f42e7ace803501602c60d75233d34e29fd05feb91c8760b792?s=96&d=mm&r=g","contentUrl":"https:\/\/secure.gravatar.com\/avatar\/50e5c6421d3072f42e7ace803501602c60d75233d34e29fd05feb91c8760b792?s=96&d=mm&r=g","caption":"Redazione Comunicati Stampa"},"url":"https:\/\/www.article-marketing.eu\/comunicati\/author\/redazione-comunicati-stampa\/"}]}},"_links":{"self":[{"href":"https:\/\/www.article-marketing.eu\/comunicati\/wp-json\/wp\/v2\/posts\/10551","targetHints":{"allow":["GET"]}}],"collection":[{"href":"https:\/\/www.article-marketing.eu\/comunicati\/wp-json\/wp\/v2\/posts"}],"about":[{"href":"https:\/\/www.article-marketing.eu\/comunicati\/wp-json\/wp\/v2\/types\/post"}],"author":[{"embeddable":true,"href":"https:\/\/www.article-marketing.eu\/comunicati\/wp-json\/wp\/v2\/users\/10"}],"replies":[{"embeddable":true,"href":"https:\/\/www.article-marketing.eu\/comunicati\/wp-json\/wp\/v2\/comments?post=10551"}],"version-history":[{"count":0,"href":"https:\/\/www.article-marketing.eu\/comunicati\/wp-json\/wp\/v2\/posts\/10551\/revisions"}],"wp:attachment":[{"href":"https:\/\/www.article-marketing.eu\/comunicati\/wp-json\/wp\/v2\/media?parent=10551"}],"wp:term":[{"taxonomy":"category","embeddable":true,"href":"https:\/\/www.article-marketing.eu\/comunicati\/wp-json\/wp\/v2\/categories?post=10551"},{"taxonomy":"post_tag","embeddable":true,"href":"https:\/\/www.article-marketing.eu\/comunicati\/wp-json\/wp\/v2\/tags?post=10551"}],"curies":[{"name":"wp","href":"https:\/\/api.w.org\/{rel}","templated":true}]}}