{"id":10611,"date":"2010-12-17T09:53:09","date_gmt":"2010-12-17T08:53:09","guid":{"rendered":"http:\/\/www.article-marketing.eu\/comunicati\/senza-categoria\/arredare-con-stile\/"},"modified":"2010-12-17T09:53:09","modified_gmt":"2010-12-17T08:53:09","slug":"arredare-con-stile","status":"publish","type":"post","link":"https:\/\/www.article-marketing.eu\/comunicati\/casa\/interni\/arredare-con-stile\/","title":{"rendered":"Arredare con stile con le scale!"},"content":{"rendered":"<p>Riuscire ad arredare con gusto e stile personalizzato spazi che permettono alla fantasia di viaggiare molto poco &egrave; un elemento che limita molto le ambizioni dell&rsquo;acquirente che si trova costretto ad adeguare il proprio gusto allo spazio e non viceversa, come molte volte si desidererebbe. Cucine su misura, camere da letto magari senza armadi che vengono piazzati in altre stanze, bagni ad incastro e divani comodi ma compatti sono le soluzioni pi&ugrave; gettonate e che permettono, grazie alla grande variet&agrave; ormai in commercio, di poter personalizzare lo spazio che ci accingiamo a vivere. Ogni catena di mobili e accessori per l&rsquo;arredamento infatti permette di poter personalizzare dal letto alla lampada, dal singolo piatto alla lavastoviglie permettendo cos&igrave; all&rsquo;acquirente di poter esprimersi nel migliore dei modi. <\/p>\n<p> Oggigiorno infatti le case, soprattutto in citt&agrave; sono sempre pi&ugrave; piccole e per questo &egrave; importante riuscire a trovare il tipo di arredamento adatto per ogni misura, che sia di stile ma non ingombrante, personalizzato e moderno. Una delle caratteristiche insite nelle case di nuova costruzione ma non solo &egrave; quello dell&rsquo;essere strutturate in due piani, modalit&agrave; architettonica che riesce a recuperare spazio per un maggior numero di abitazioni magari in uno stesso stabile e che allo stesso tempo per&ograve; fa perdere metri preziosi a chi quelle case le deve abitare. <\/p>\n<p> Una delle soluzioni che riscuotono maggior successo &egrave; quella offerta dalle <a href=\"http:\/\/www.pmscale.com\/\">scale elicoidali<\/a> o dalle scale a chiocciola che riescono a garantire un risparmio notevole di spazio e allo stesso tempo arredano il locale in cui vengono inserite. Per riuscire a dare il proprio tocco personalizzato alla scala stessa una delle migliori soluzioni si &egrave; rivelata, nel corso degli anni, quella di appoggiarsi ad un&rsquo;azienda che oltre ad effettuare il montaggio e la strutturazione delle scale che abbia al suo interno anche uno studio tecnico di progettazione della stessa. <\/p>\n<p> Non &egrave; facile scegliere autonomamente la soluzione a livello di materiale pi&ugrave; adatta alla nostra casa. Le soluzioni proposte infatti variano sia nella forma (scale a chiocciola, elicoidali, a sbalzo, etc) sia nel materiale che pu&ograve; oggigiorno spaziare in molti modi. Esistono infatti scale in vetro, scale in legno o in acciaio inox, in corten o in materiali plastici sempre pi&ugrave; particolari, raffinati, resistenti e sicuri. Proprio per questo diviene indispensabile che l&rsquo;azienda a cui ci rivolgiamo sia fornita di adeguati software di progettazione scale che ci mostrino fin da subito quale sar&agrave; l&rsquo;effetto finale, se compatibile con quello desiderato o se bisognoso di correzioni e accorgimenti particolari. <\/p>\n<p> Una volta trovata la forma e il materiale ideale non resta che perfezionare l&rsquo;effetto che desideriamo dare alla nostra casa che pu&ograve; tranquillamente giocare con le brillantezze dell&rsquo;acciaio e le lucidit&agrave; del vetro creando effetti particolarissimi e unici che variano non solo in base alla struttura ma anche in base alle trasparenze e alle opacit&agrave; facendo diventare cos&igrave; la scala oltre che un oggetto indispensabile un oggetto di arredo unico e irripetibile che trasmette all&rsquo;ospite fin dal suo ingresso la personalit&agrave; e il gusto peculiari dell&rsquo;abitante.<\/p>\n","protected":false},"excerpt":{"rendered":"<p>Arredare una casa, magari molto piccola, trasmettendo la propria personalit\u00e0 in ogni piccolo particolare \u00e8 da sempre uno dei pi\u00f9 grandi problemi da affrontare, dopo l\u2019acquisto della stessa.<\/p>\n","protected":false},"author":10,"featured_media":0,"comment_status":"open","ping_status":"open","sticky":false,"template":"","format":"standard","meta":{"cybocfi_hide_featured_image":"","footnotes":""},"categories":[574],"tags":[],"class_list":["post-10611","post","type-post","status-publish","format-standard","hentry","category-interni"],"yoast_head":"<!-- This site is optimized with the Yoast SEO plugin v27.0 - https:\/\/yoast.com\/product\/yoast-seo-wordpress\/ -->\n<title>Arredare con stile con le scale! - Article Marketing<\/title>\n<meta name=\"robots\" content=\"index, follow, max-snippet:-1, max-image-preview:large, max-video-preview:-1\" \/>\n<link rel=\"canonical\" href=\"https:\/\/www.article-marketing.eu\/comunicati\/casa\/interni\/arredare-con-stile\/\" \/>\n<meta property=\"og:locale\" content=\"it_IT\" \/>\n<meta property=\"og:type\" content=\"article\" \/>\n<meta property=\"og:title\" content=\"Arredare con stile con le scale! - Article Marketing\" \/>\n<meta property=\"og:description\" content=\"Arredare una casa, magari molto piccola, trasmettendo la propria personalit\u00e0 in ogni piccolo particolare \u00e8 da sempre uno dei pi\u00f9 grandi problemi da affrontare, dopo l\u2019acquisto della stessa.\" \/>\n<meta property=\"og:url\" content=\"https:\/\/www.article-marketing.eu\/comunicati\/casa\/interni\/arredare-con-stile\/\" \/>\n<meta property=\"og:site_name\" content=\"Article Marketing\" \/>\n<meta property=\"article:published_time\" content=\"2010-12-17T08:53:09+00:00\" \/>\n<meta name=\"author\" content=\"Redazione Comunicati Stampa\" \/>\n<meta name=\"twitter:card\" content=\"summary_large_image\" \/>\n<meta name=\"twitter:label1\" content=\"Scritto da\" \/>\n\t<meta name=\"twitter:data1\" content=\"Redazione Comunicati Stampa\" \/>\n\t<meta name=\"twitter:label2\" content=\"Tempo di lettura stimato\" \/>\n\t<meta name=\"twitter:data2\" content=\"3 minuti\" \/>\n<script type=\"application\/ld+json\" class=\"yoast-schema-graph\">{\"@context\":\"https:\/\/schema.org\",\"@graph\":[{\"@type\":\"Article\",\"@id\":\"https:\/\/www.article-marketing.eu\/comunicati\/casa\/interni\/arredare-con-stile\/#article\",\"isPartOf\":{\"@id\":\"https:\/\/www.article-marketing.eu\/comunicati\/casa\/interni\/arredare-con-stile\/\"},\"author\":{\"name\":\"Redazione Comunicati Stampa\",\"@id\":\"https:\/\/www.article-marketing.eu\/comunicati\/#\/schema\/person\/44372e4d4d0fa797b18e03ed1ace9017\"},\"headline\":\"Arredare con stile con le scale!\",\"datePublished\":\"2010-12-17T08:53:09+00:00\",\"mainEntityOfPage\":{\"@id\":\"https:\/\/www.article-marketing.eu\/comunicati\/casa\/interni\/arredare-con-stile\/\"},\"wordCount\":543,\"commentCount\":0,\"articleSection\":[\"Interni\"],\"inLanguage\":\"it-IT\",\"potentialAction\":[{\"@type\":\"CommentAction\",\"name\":\"Comment\",\"target\":[\"https:\/\/www.article-marketing.eu\/comunicati\/casa\/interni\/arredare-con-stile\/#respond\"]}]},{\"@type\":\"WebPage\",\"@id\":\"https:\/\/www.article-marketing.eu\/comunicati\/casa\/interni\/arredare-con-stile\/\",\"url\":\"https:\/\/www.article-marketing.eu\/comunicati\/casa\/interni\/arredare-con-stile\/\",\"name\":\"Arredare con stile con le scale! - Article Marketing\",\"isPartOf\":{\"@id\":\"https:\/\/www.article-marketing.eu\/comunicati\/#website\"},\"datePublished\":\"2010-12-17T08:53:09+00:00\",\"author\":{\"@id\":\"https:\/\/www.article-marketing.eu\/comunicati\/#\/schema\/person\/44372e4d4d0fa797b18e03ed1ace9017\"},\"breadcrumb\":{\"@id\":\"https:\/\/www.article-marketing.eu\/comunicati\/casa\/interni\/arredare-con-stile\/#breadcrumb\"},\"inLanguage\":\"it-IT\",\"potentialAction\":[{\"@type\":\"ReadAction\",\"target\":[\"https:\/\/www.article-marketing.eu\/comunicati\/casa\/interni\/arredare-con-stile\/\"]}]},{\"@type\":\"BreadcrumbList\",\"@id\":\"https:\/\/www.article-marketing.eu\/comunicati\/casa\/interni\/arredare-con-stile\/#breadcrumb\",\"itemListElement\":[{\"@type\":\"ListItem\",\"position\":1,\"name\":\"Home\",\"item\":\"https:\/\/www.article-marketing.eu\/comunicati\/\"},{\"@type\":\"ListItem\",\"position\":2,\"name\":\"Arredare con stile con le scale!\"}]},{\"@type\":\"WebSite\",\"@id\":\"https:\/\/www.article-marketing.eu\/comunicati\/#website\",\"url\":\"https:\/\/www.article-marketing.eu\/comunicati\/\",\"name\":\"Article Marketing\",\"description\":\"article marketing &amp; press release\",\"potentialAction\":[{\"@type\":\"SearchAction\",\"target\":{\"@type\":\"EntryPoint\",\"urlTemplate\":\"https:\/\/www.article-marketing.eu\/comunicati\/?s={search_term_string}\"},\"query-input\":{\"@type\":\"PropertyValueSpecification\",\"valueRequired\":true,\"valueName\":\"search_term_string\"}}],\"inLanguage\":\"it-IT\"},{\"@type\":\"Person\",\"@id\":\"https:\/\/www.article-marketing.eu\/comunicati\/#\/schema\/person\/44372e4d4d0fa797b18e03ed1ace9017\",\"name\":\"Redazione Comunicati Stampa\",\"image\":{\"@type\":\"ImageObject\",\"inLanguage\":\"it-IT\",\"@id\":\"https:\/\/www.article-marketing.eu\/comunicati\/#\/schema\/person\/image\/\",\"url\":\"https:\/\/secure.gravatar.com\/avatar\/50e5c6421d3072f42e7ace803501602c60d75233d34e29fd05feb91c8760b792?s=96&d=mm&r=g\",\"contentUrl\":\"https:\/\/secure.gravatar.com\/avatar\/50e5c6421d3072f42e7ace803501602c60d75233d34e29fd05feb91c8760b792?s=96&d=mm&r=g\",\"caption\":\"Redazione Comunicati Stampa\"},\"url\":\"https:\/\/www.article-marketing.eu\/comunicati\/author\/redazione-comunicati-stampa\/\"}]}<\/script>\n<!-- \/ Yoast SEO plugin. -->","yoast_head_json":{"title":"Arredare con stile con le scale! - Article Marketing","robots":{"index":"index","follow":"follow","max-snippet":"max-snippet:-1","max-image-preview":"max-image-preview:large","max-video-preview":"max-video-preview:-1"},"canonical":"https:\/\/www.article-marketing.eu\/comunicati\/casa\/interni\/arredare-con-stile\/","og_locale":"it_IT","og_type":"article","og_title":"Arredare con stile con le scale! - Article Marketing","og_description":"Arredare una casa, magari molto piccola, trasmettendo la propria personalit\u00e0 in ogni piccolo particolare \u00e8 da sempre uno dei pi\u00f9 grandi problemi da affrontare, dopo l\u2019acquisto della stessa.","og_url":"https:\/\/www.article-marketing.eu\/comunicati\/casa\/interni\/arredare-con-stile\/","og_site_name":"Article Marketing","article_published_time":"2010-12-17T08:53:09+00:00","author":"Redazione Comunicati Stampa","twitter_card":"summary_large_image","twitter_misc":{"Scritto da":"Redazione Comunicati Stampa","Tempo di lettura stimato":"3 minuti"},"schema":{"@context":"https:\/\/schema.org","@graph":[{"@type":"Article","@id":"https:\/\/www.article-marketing.eu\/comunicati\/casa\/interni\/arredare-con-stile\/#article","isPartOf":{"@id":"https:\/\/www.article-marketing.eu\/comunicati\/casa\/interni\/arredare-con-stile\/"},"author":{"name":"Redazione Comunicati Stampa","@id":"https:\/\/www.article-marketing.eu\/comunicati\/#\/schema\/person\/44372e4d4d0fa797b18e03ed1ace9017"},"headline":"Arredare con stile con le scale!","datePublished":"2010-12-17T08:53:09+00:00","mainEntityOfPage":{"@id":"https:\/\/www.article-marketing.eu\/comunicati\/casa\/interni\/arredare-con-stile\/"},"wordCount":543,"commentCount":0,"articleSection":["Interni"],"inLanguage":"it-IT","potentialAction":[{"@type":"CommentAction","name":"Comment","target":["https:\/\/www.article-marketing.eu\/comunicati\/casa\/interni\/arredare-con-stile\/#respond"]}]},{"@type":"WebPage","@id":"https:\/\/www.article-marketing.eu\/comunicati\/casa\/interni\/arredare-con-stile\/","url":"https:\/\/www.article-marketing.eu\/comunicati\/casa\/interni\/arredare-con-stile\/","name":"Arredare con stile con le scale! - Article Marketing","isPartOf":{"@id":"https:\/\/www.article-marketing.eu\/comunicati\/#website"},"datePublished":"2010-12-17T08:53:09+00:00","author":{"@id":"https:\/\/www.article-marketing.eu\/comunicati\/#\/schema\/person\/44372e4d4d0fa797b18e03ed1ace9017"},"breadcrumb":{"@id":"https:\/\/www.article-marketing.eu\/comunicati\/casa\/interni\/arredare-con-stile\/#breadcrumb"},"inLanguage":"it-IT","potentialAction":[{"@type":"ReadAction","target":["https:\/\/www.article-marketing.eu\/comunicati\/casa\/interni\/arredare-con-stile\/"]}]},{"@type":"BreadcrumbList","@id":"https:\/\/www.article-marketing.eu\/comunicati\/casa\/interni\/arredare-con-stile\/#breadcrumb","itemListElement":[{"@type":"ListItem","position":1,"name":"Home","item":"https:\/\/www.article-marketing.eu\/comunicati\/"},{"@type":"ListItem","position":2,"name":"Arredare con stile con le scale!"}]},{"@type":"WebSite","@id":"https:\/\/www.article-marketing.eu\/comunicati\/#website","url":"https:\/\/www.article-marketing.eu\/comunicati\/","name":"Article Marketing","description":"article marketing &amp; press release","potentialAction":[{"@type":"SearchAction","target":{"@type":"EntryPoint","urlTemplate":"https:\/\/www.article-marketing.eu\/comunicati\/?s={search_term_string}"},"query-input":{"@type":"PropertyValueSpecification","valueRequired":true,"valueName":"search_term_string"}}],"inLanguage":"it-IT"},{"@type":"Person","@id":"https:\/\/www.article-marketing.eu\/comunicati\/#\/schema\/person\/44372e4d4d0fa797b18e03ed1ace9017","name":"Redazione Comunicati Stampa","image":{"@type":"ImageObject","inLanguage":"it-IT","@id":"https:\/\/www.article-marketing.eu\/comunicati\/#\/schema\/person\/image\/","url":"https:\/\/secure.gravatar.com\/avatar\/50e5c6421d3072f42e7ace803501602c60d75233d34e29fd05feb91c8760b792?s=96&d=mm&r=g","contentUrl":"https:\/\/secure.gravatar.com\/avatar\/50e5c6421d3072f42e7ace803501602c60d75233d34e29fd05feb91c8760b792?s=96&d=mm&r=g","caption":"Redazione Comunicati Stampa"},"url":"https:\/\/www.article-marketing.eu\/comunicati\/author\/redazione-comunicati-stampa\/"}]}},"_links":{"self":[{"href":"https:\/\/www.article-marketing.eu\/comunicati\/wp-json\/wp\/v2\/posts\/10611","targetHints":{"allow":["GET"]}}],"collection":[{"href":"https:\/\/www.article-marketing.eu\/comunicati\/wp-json\/wp\/v2\/posts"}],"about":[{"href":"https:\/\/www.article-marketing.eu\/comunicati\/wp-json\/wp\/v2\/types\/post"}],"author":[{"embeddable":true,"href":"https:\/\/www.article-marketing.eu\/comunicati\/wp-json\/wp\/v2\/users\/10"}],"replies":[{"embeddable":true,"href":"https:\/\/www.article-marketing.eu\/comunicati\/wp-json\/wp\/v2\/comments?post=10611"}],"version-history":[{"count":0,"href":"https:\/\/www.article-marketing.eu\/comunicati\/wp-json\/wp\/v2\/posts\/10611\/revisions"}],"wp:attachment":[{"href":"https:\/\/www.article-marketing.eu\/comunicati\/wp-json\/wp\/v2\/media?parent=10611"}],"wp:term":[{"taxonomy":"category","embeddable":true,"href":"https:\/\/www.article-marketing.eu\/comunicati\/wp-json\/wp\/v2\/categories?post=10611"},{"taxonomy":"post_tag","embeddable":true,"href":"https:\/\/www.article-marketing.eu\/comunicati\/wp-json\/wp\/v2\/tags?post=10611"}],"curies":[{"name":"wp","href":"https:\/\/api.w.org\/{rel}","templated":true}]}}