{"id":1091,"date":"2008-12-28T17:49:34","date_gmt":"2008-12-28T16:49:34","guid":{"rendered":"http:\/\/www.article-marketing.eu\/comunicati\/senza-categoria\/soggiornare-a-salerno-e-nella-sua-provincia\/"},"modified":"2008-12-28T17:49:34","modified_gmt":"2008-12-28T16:49:34","slug":"soggiornare-a-salerno-e-nella-sua-provincia","status":"publish","type":"post","link":"https:\/\/www.article-marketing.eu\/comunicati\/viaggi-e-vacanze\/destinazioni\/soggiornare-a-salerno-e-nella-sua-provincia\/","title":{"rendered":"Soggiornare a Salerno e nella sua Provincia"},"content":{"rendered":"<p>Fra le pi\u00f9 belle citt\u00e0 d&#8217; Italia, con la sua variet\u00e0 paesaggistica, merita sicuramente di essere citata quella di Salerno.<br \/>\nIncastonata fra due delle Costiere pi\u00f9 rinomante al mondo (quella Amalfitana e quella Cilentana) , Salerno offre ai turisti numerosi itinerari;<br \/>\nIl Castello di Arechi , una costruzione medievale situata sul colle Bonadies dal quale si ha una panoramica dall&#8217; alto di tutta la citt\u00e0.<br \/>\nIl Forte la Carnale , una roccaforte eretta scopo di difendere la citt\u00e0 dalle incursioni Saracene. Il Duomo , o Cattedrale di San Matteo (santo Patrono della Citt\u00e0) , edificato nell&#8217; undicesimo secolo con annessa Cripta del Santo. Le Chiese , i siti archeologici e i musei , la cultura ( patria della famosa Scuola Medica Salernitana ), un Lungomare che offre  una delle pi\u00f9 belle passeggiate litoranee d&#8217; Italia per la lussureggiante vegetazione esotica e per lo spettacolare panorama sul golfo di Salerno, con i monti della costiera Amalfitana sullo sfondo; Il lungomare per alcuni chilometri, rappresenta una suggestiva passeggiata proprio al centro della citt\u00e0, affollato da un inesauribile via vai e numerosissimi bar, esso collega il porto turistico, stazione di collegamenti via mare, con il centro commerciale immediatamente a ridosso della cortina di palazzi che lo separano dal mare.Tutto cio&#8217; fa della Citt\u00e0 un forte centro di richiamo per il Turismo nazionale ed internazionale.<br \/>\nNel corso degli ultimi anni la ricettivit\u00e0 alberghiera \u00e8 in crescita, mentre il recupero del centro storico ha contribuito al proliferare di botteghe artigiane, locali e ristoranti.<br \/>\nLa provincia di Salerno \u00e8 un territorio immenso caratterizzato da paesaggi di una natura incontaminata e da un passato pieno di testimonianze e cultura, un territorio ricco di attrattive, tutto da scoprire e da assaporare.<br \/>\nFra le pi\u00f9 belle ed importanti localit\u00e0 della Provincia un cenno a parte meritano Amalfi , Positano e Ravello nella Costiera Amalfitana, Paestum , Palinuro e Camerota nella Costiera Cilentana. Il paesaggio della Costiera Amalfitana \u00e8 caratterizzato da un binomio di mare e monti, ricco di baie ed insenature, spesso accessibili solo dal mare come la splendida grotta dello Smeraldo a Conca dei Marini ed il Fiordo di Furore. Il territorio \u00e8 fortemente ripido ed in alcuni tratti precipita a mare con pendenze fortissime, strapiombi e rupi scoscese, conoscendo in alcuni punti zone dove la natura \u00e8 quasi completamente incontaminata.La Costiera Cilentana si estende per  oltre 100 km di costa assumentdo paesaggistiche mutevoli con spiaggie di sabbia fine e tratti scogliosi e frastagliati<\/p>\n<p>In questo contesto risulta utile un sito Web che consenta di prenotare online camere di hotel ,Bed &#038; Breakfast , agriturismo , case vacanze , villaggi turistici a Salerno e Provincia.<br \/>\nNon bisogna quindi scegliere uno dei tanti portali generalistici di booking online , ma affidarsi ad un portale specifico per la Citt\u00e0 di Salerno e la sua Provincia , in modo da ricevere il meglio delle offerte ed anche dei servizi , quali consigli sulle attrazioni , sulla ristorazione , i prodotti tipici ed i trasporti.<br \/>\nUn portale che fa questo \u00e8 aSalerno.com , molto semplice e lineara ma a affidabile ed efficace.<\/p>\n","protected":false},"excerpt":{"rendered":"<p>Salerno,frizzante citta&#8217; del Sud Italia,offre ai turisti numerosi itinerari ed una fra le Provincia pi\u00f9 vaste d&#8217;Italia che si caratterizzano per l&#8217; ampia varieta&#8217; paesaggistica.<\/p>\n","protected":false},"author":10,"featured_media":0,"comment_status":"open","ping_status":"open","sticky":false,"template":"","format":"standard","meta":{"cybocfi_hide_featured_image":"","footnotes":""},"categories":[143],"tags":[3714,3715,1199,3716,3713,3712],"class_list":["post-1091","post","type-post","status-publish","format-standard","hentry","category-destinazioni","tag-amalfi","tag-cilento","tag-costiera-amalfitana","tag-costiera-cilentana","tag-hotel-salerno","tag-salerno"],"yoast_head":"<!-- This site is optimized with the Yoast SEO plugin v27.0 - https:\/\/yoast.com\/product\/yoast-seo-wordpress\/ -->\n<title>Soggiornare a Salerno e nella sua Provincia - Article Marketing<\/title>\n<meta name=\"robots\" content=\"index, follow, max-snippet:-1, max-image-preview:large, max-video-preview:-1\" \/>\n<link rel=\"canonical\" href=\"https:\/\/www.article-marketing.eu\/comunicati\/viaggi-e-vacanze\/destinazioni\/soggiornare-a-salerno-e-nella-sua-provincia\/\" \/>\n<meta property=\"og:locale\" content=\"it_IT\" \/>\n<meta property=\"og:type\" content=\"article\" \/>\n<meta property=\"og:title\" content=\"Soggiornare a Salerno e nella sua Provincia - Article Marketing\" \/>\n<meta property=\"og:description\" content=\"Salerno,frizzante citta&#039; del Sud Italia,offre ai turisti numerosi itinerari ed una fra le Provincia pi\u00f9 vaste d&#039;Italia che si caratterizzano per l&#039; ampia varieta&#039; paesaggistica.\" \/>\n<meta property=\"og:url\" content=\"https:\/\/www.article-marketing.eu\/comunicati\/viaggi-e-vacanze\/destinazioni\/soggiornare-a-salerno-e-nella-sua-provincia\/\" \/>\n<meta property=\"og:site_name\" content=\"Article Marketing\" \/>\n<meta property=\"article:published_time\" content=\"2008-12-28T16:49:34+00:00\" \/>\n<meta name=\"author\" content=\"Redazione Comunicati Stampa\" \/>\n<meta name=\"twitter:card\" content=\"summary_large_image\" \/>\n<meta name=\"twitter:label1\" content=\"Scritto da\" \/>\n\t<meta name=\"twitter:data1\" content=\"Redazione Comunicati Stampa\" \/>\n\t<meta name=\"twitter:label2\" content=\"Tempo di lettura stimato\" \/>\n\t<meta name=\"twitter:data2\" content=\"2 minuti\" \/>\n<script type=\"application\/ld+json\" class=\"yoast-schema-graph\">{\"@context\":\"https:\/\/schema.org\",\"@graph\":[{\"@type\":\"Article\",\"@id\":\"https:\/\/www.article-marketing.eu\/comunicati\/viaggi-e-vacanze\/destinazioni\/soggiornare-a-salerno-e-nella-sua-provincia\/#article\",\"isPartOf\":{\"@id\":\"https:\/\/www.article-marketing.eu\/comunicati\/viaggi-e-vacanze\/destinazioni\/soggiornare-a-salerno-e-nella-sua-provincia\/\"},\"author\":{\"name\":\"Redazione Comunicati Stampa\",\"@id\":\"https:\/\/www.article-marketing.eu\/comunicati\/#\/schema\/person\/44372e4d4d0fa797b18e03ed1ace9017\"},\"headline\":\"Soggiornare a Salerno e nella sua Provincia\",\"datePublished\":\"2008-12-28T16:49:34+00:00\",\"mainEntityOfPage\":{\"@id\":\"https:\/\/www.article-marketing.eu\/comunicati\/viaggi-e-vacanze\/destinazioni\/soggiornare-a-salerno-e-nella-sua-provincia\/\"},\"wordCount\":492,\"commentCount\":0,\"keywords\":[\"amalfi\",\"cilento\",\"Costiera amalfitana\",\"costiera cilentana\",\"hotel salerno\",\"salerno\"],\"articleSection\":[\"Destinazioni\"],\"inLanguage\":\"it-IT\",\"potentialAction\":[{\"@type\":\"CommentAction\",\"name\":\"Comment\",\"target\":[\"https:\/\/www.article-marketing.eu\/comunicati\/viaggi-e-vacanze\/destinazioni\/soggiornare-a-salerno-e-nella-sua-provincia\/#respond\"]}]},{\"@type\":\"WebPage\",\"@id\":\"https:\/\/www.article-marketing.eu\/comunicati\/viaggi-e-vacanze\/destinazioni\/soggiornare-a-salerno-e-nella-sua-provincia\/\",\"url\":\"https:\/\/www.article-marketing.eu\/comunicati\/viaggi-e-vacanze\/destinazioni\/soggiornare-a-salerno-e-nella-sua-provincia\/\",\"name\":\"Soggiornare a Salerno e nella sua Provincia - Article Marketing\",\"isPartOf\":{\"@id\":\"https:\/\/www.article-marketing.eu\/comunicati\/#website\"},\"datePublished\":\"2008-12-28T16:49:34+00:00\",\"author\":{\"@id\":\"https:\/\/www.article-marketing.eu\/comunicati\/#\/schema\/person\/44372e4d4d0fa797b18e03ed1ace9017\"},\"breadcrumb\":{\"@id\":\"https:\/\/www.article-marketing.eu\/comunicati\/viaggi-e-vacanze\/destinazioni\/soggiornare-a-salerno-e-nella-sua-provincia\/#breadcrumb\"},\"inLanguage\":\"it-IT\",\"potentialAction\":[{\"@type\":\"ReadAction\",\"target\":[\"https:\/\/www.article-marketing.eu\/comunicati\/viaggi-e-vacanze\/destinazioni\/soggiornare-a-salerno-e-nella-sua-provincia\/\"]}]},{\"@type\":\"BreadcrumbList\",\"@id\":\"https:\/\/www.article-marketing.eu\/comunicati\/viaggi-e-vacanze\/destinazioni\/soggiornare-a-salerno-e-nella-sua-provincia\/#breadcrumb\",\"itemListElement\":[{\"@type\":\"ListItem\",\"position\":1,\"name\":\"Home\",\"item\":\"https:\/\/www.article-marketing.eu\/comunicati\/\"},{\"@type\":\"ListItem\",\"position\":2,\"name\":\"Soggiornare a Salerno e nella sua Provincia\"}]},{\"@type\":\"WebSite\",\"@id\":\"https:\/\/www.article-marketing.eu\/comunicati\/#website\",\"url\":\"https:\/\/www.article-marketing.eu\/comunicati\/\",\"name\":\"Article Marketing\",\"description\":\"article marketing &amp; press release\",\"potentialAction\":[{\"@type\":\"SearchAction\",\"target\":{\"@type\":\"EntryPoint\",\"urlTemplate\":\"https:\/\/www.article-marketing.eu\/comunicati\/?s={search_term_string}\"},\"query-input\":{\"@type\":\"PropertyValueSpecification\",\"valueRequired\":true,\"valueName\":\"search_term_string\"}}],\"inLanguage\":\"it-IT\"},{\"@type\":\"Person\",\"@id\":\"https:\/\/www.article-marketing.eu\/comunicati\/#\/schema\/person\/44372e4d4d0fa797b18e03ed1ace9017\",\"name\":\"Redazione Comunicati Stampa\",\"image\":{\"@type\":\"ImageObject\",\"inLanguage\":\"it-IT\",\"@id\":\"https:\/\/www.article-marketing.eu\/comunicati\/#\/schema\/person\/image\/\",\"url\":\"https:\/\/secure.gravatar.com\/avatar\/50e5c6421d3072f42e7ace803501602c60d75233d34e29fd05feb91c8760b792?s=96&d=mm&r=g\",\"contentUrl\":\"https:\/\/secure.gravatar.com\/avatar\/50e5c6421d3072f42e7ace803501602c60d75233d34e29fd05feb91c8760b792?s=96&d=mm&r=g\",\"caption\":\"Redazione Comunicati Stampa\"},\"url\":\"https:\/\/www.article-marketing.eu\/comunicati\/author\/redazione-comunicati-stampa\/\"}]}<\/script>\n<!-- \/ Yoast SEO plugin. -->","yoast_head_json":{"title":"Soggiornare a Salerno e nella sua Provincia - Article Marketing","robots":{"index":"index","follow":"follow","max-snippet":"max-snippet:-1","max-image-preview":"max-image-preview:large","max-video-preview":"max-video-preview:-1"},"canonical":"https:\/\/www.article-marketing.eu\/comunicati\/viaggi-e-vacanze\/destinazioni\/soggiornare-a-salerno-e-nella-sua-provincia\/","og_locale":"it_IT","og_type":"article","og_title":"Soggiornare a Salerno e nella sua Provincia - Article Marketing","og_description":"Salerno,frizzante citta' del Sud Italia,offre ai turisti numerosi itinerari ed una fra le Provincia pi\u00f9 vaste d'Italia che si caratterizzano per l' ampia varieta' paesaggistica.","og_url":"https:\/\/www.article-marketing.eu\/comunicati\/viaggi-e-vacanze\/destinazioni\/soggiornare-a-salerno-e-nella-sua-provincia\/","og_site_name":"Article Marketing","article_published_time":"2008-12-28T16:49:34+00:00","author":"Redazione Comunicati Stampa","twitter_card":"summary_large_image","twitter_misc":{"Scritto da":"Redazione Comunicati Stampa","Tempo di lettura stimato":"2 minuti"},"schema":{"@context":"https:\/\/schema.org","@graph":[{"@type":"Article","@id":"https:\/\/www.article-marketing.eu\/comunicati\/viaggi-e-vacanze\/destinazioni\/soggiornare-a-salerno-e-nella-sua-provincia\/#article","isPartOf":{"@id":"https:\/\/www.article-marketing.eu\/comunicati\/viaggi-e-vacanze\/destinazioni\/soggiornare-a-salerno-e-nella-sua-provincia\/"},"author":{"name":"Redazione Comunicati Stampa","@id":"https:\/\/www.article-marketing.eu\/comunicati\/#\/schema\/person\/44372e4d4d0fa797b18e03ed1ace9017"},"headline":"Soggiornare a Salerno e nella sua Provincia","datePublished":"2008-12-28T16:49:34+00:00","mainEntityOfPage":{"@id":"https:\/\/www.article-marketing.eu\/comunicati\/viaggi-e-vacanze\/destinazioni\/soggiornare-a-salerno-e-nella-sua-provincia\/"},"wordCount":492,"commentCount":0,"keywords":["amalfi","cilento","Costiera amalfitana","costiera cilentana","hotel salerno","salerno"],"articleSection":["Destinazioni"],"inLanguage":"it-IT","potentialAction":[{"@type":"CommentAction","name":"Comment","target":["https:\/\/www.article-marketing.eu\/comunicati\/viaggi-e-vacanze\/destinazioni\/soggiornare-a-salerno-e-nella-sua-provincia\/#respond"]}]},{"@type":"WebPage","@id":"https:\/\/www.article-marketing.eu\/comunicati\/viaggi-e-vacanze\/destinazioni\/soggiornare-a-salerno-e-nella-sua-provincia\/","url":"https:\/\/www.article-marketing.eu\/comunicati\/viaggi-e-vacanze\/destinazioni\/soggiornare-a-salerno-e-nella-sua-provincia\/","name":"Soggiornare a Salerno e nella sua Provincia - Article Marketing","isPartOf":{"@id":"https:\/\/www.article-marketing.eu\/comunicati\/#website"},"datePublished":"2008-12-28T16:49:34+00:00","author":{"@id":"https:\/\/www.article-marketing.eu\/comunicati\/#\/schema\/person\/44372e4d4d0fa797b18e03ed1ace9017"},"breadcrumb":{"@id":"https:\/\/www.article-marketing.eu\/comunicati\/viaggi-e-vacanze\/destinazioni\/soggiornare-a-salerno-e-nella-sua-provincia\/#breadcrumb"},"inLanguage":"it-IT","potentialAction":[{"@type":"ReadAction","target":["https:\/\/www.article-marketing.eu\/comunicati\/viaggi-e-vacanze\/destinazioni\/soggiornare-a-salerno-e-nella-sua-provincia\/"]}]},{"@type":"BreadcrumbList","@id":"https:\/\/www.article-marketing.eu\/comunicati\/viaggi-e-vacanze\/destinazioni\/soggiornare-a-salerno-e-nella-sua-provincia\/#breadcrumb","itemListElement":[{"@type":"ListItem","position":1,"name":"Home","item":"https:\/\/www.article-marketing.eu\/comunicati\/"},{"@type":"ListItem","position":2,"name":"Soggiornare a Salerno e nella sua Provincia"}]},{"@type":"WebSite","@id":"https:\/\/www.article-marketing.eu\/comunicati\/#website","url":"https:\/\/www.article-marketing.eu\/comunicati\/","name":"Article Marketing","description":"article marketing &amp; press release","potentialAction":[{"@type":"SearchAction","target":{"@type":"EntryPoint","urlTemplate":"https:\/\/www.article-marketing.eu\/comunicati\/?s={search_term_string}"},"query-input":{"@type":"PropertyValueSpecification","valueRequired":true,"valueName":"search_term_string"}}],"inLanguage":"it-IT"},{"@type":"Person","@id":"https:\/\/www.article-marketing.eu\/comunicati\/#\/schema\/person\/44372e4d4d0fa797b18e03ed1ace9017","name":"Redazione Comunicati Stampa","image":{"@type":"ImageObject","inLanguage":"it-IT","@id":"https:\/\/www.article-marketing.eu\/comunicati\/#\/schema\/person\/image\/","url":"https:\/\/secure.gravatar.com\/avatar\/50e5c6421d3072f42e7ace803501602c60d75233d34e29fd05feb91c8760b792?s=96&d=mm&r=g","contentUrl":"https:\/\/secure.gravatar.com\/avatar\/50e5c6421d3072f42e7ace803501602c60d75233d34e29fd05feb91c8760b792?s=96&d=mm&r=g","caption":"Redazione Comunicati Stampa"},"url":"https:\/\/www.article-marketing.eu\/comunicati\/author\/redazione-comunicati-stampa\/"}]}},"_links":{"self":[{"href":"https:\/\/www.article-marketing.eu\/comunicati\/wp-json\/wp\/v2\/posts\/1091","targetHints":{"allow":["GET"]}}],"collection":[{"href":"https:\/\/www.article-marketing.eu\/comunicati\/wp-json\/wp\/v2\/posts"}],"about":[{"href":"https:\/\/www.article-marketing.eu\/comunicati\/wp-json\/wp\/v2\/types\/post"}],"author":[{"embeddable":true,"href":"https:\/\/www.article-marketing.eu\/comunicati\/wp-json\/wp\/v2\/users\/10"}],"replies":[{"embeddable":true,"href":"https:\/\/www.article-marketing.eu\/comunicati\/wp-json\/wp\/v2\/comments?post=1091"}],"version-history":[{"count":0,"href":"https:\/\/www.article-marketing.eu\/comunicati\/wp-json\/wp\/v2\/posts\/1091\/revisions"}],"wp:attachment":[{"href":"https:\/\/www.article-marketing.eu\/comunicati\/wp-json\/wp\/v2\/media?parent=1091"}],"wp:term":[{"taxonomy":"category","embeddable":true,"href":"https:\/\/www.article-marketing.eu\/comunicati\/wp-json\/wp\/v2\/categories?post=1091"},{"taxonomy":"post_tag","embeddable":true,"href":"https:\/\/www.article-marketing.eu\/comunicati\/wp-json\/wp\/v2\/tags?post=1091"}],"curies":[{"name":"wp","href":"https:\/\/api.w.org\/{rel}","templated":true}]}}