{"id":1092,"date":"2008-12-29T00:58:26","date_gmt":"2008-12-28T23:58:26","guid":{"rendered":"http:\/\/www.article-marketing.eu\/comunicati\/senza-categoria\/associazione-culturale-oracolo-di-wilde\/"},"modified":"2008-12-29T00:58:26","modified_gmt":"2008-12-28T23:58:26","slug":"associazione-culturale-oracolo-di-wilde","status":"publish","type":"post","link":"https:\/\/www.article-marketing.eu\/comunicati\/salute-e-benessere\/associazione-culturale-oracolo-di-wilde\/","title":{"rendered":"Associazione Culturale Oracolo di Wilde"},"content":{"rendered":"<p style=\"MARGIN: 0cm -5.65pt 0pt 0cm; TEXT-ALIGN: justify\"><em>L&#8217;associazione culturale <strong><a href=\"www.oracolodiwilde.it\">Oracolo di Wilde<\/a><\/strong> si propone come una \u201cvia\u201d per offrire una reale possibilit\u00e0 di entrare in contatto con le proprie parti pi\u00f9 intime e profonde affinch\u00e9 possano essere nutrite con consapevolezza e amore.<\/em><\/p>\n<p style=\"MARGIN: 0cm -5.65pt 0pt 0cm; TEXT-ALIGN: justify\">&nbsp;<\/p>\n<p style=\"MARGIN: 0cm -5.65pt 0pt 0cm; TEXT-ALIGN: justify\"><em>I percorsi che proponiamo mirano al <strong>riconoscimento dei propri bisogni<\/strong> e alla <strong>riscoperta dei propri talenti<\/strong>, spesso dimenticati e oscurati dall&#8217;incessante frenesia della vita quotidiana.<\/em><\/p>\n<p style=\"MARGIN: 0cm -5.65pt 0pt 0cm; TEXT-ALIGN: justify\">&nbsp;<\/p>\n<p style=\"MARGIN: 0cm -5.65pt 0pt 0cm; TEXT-ALIGN: justify\"><em>Fermarsi un istante, <strong>ascoltare le proprie emozioni e imparare a gestirle<\/strong> affinch\u00e9 non ci travolgano \u00e8 il primo importante passo verso la libert\u00e0 interiore.<\/em><\/p>\n<p style=\"MARGIN: 0cm -5.65pt 0pt 0cm; TEXT-ALIGN: justify\"><em>Avere costanza nel seguire il proprio cammino, determinare le proprie scelte con fermezza e dignit\u00e0 permette di <strong>Vivere in modo attivo<\/strong> senza \u201csubire\u201d tutto ci\u00f2 che ci circonda.<\/em><\/p>\n<p style=\"MARGIN: 0cm -5.65pt 0pt 0cm\">&nbsp;<\/p>\n<p style=\"MARGIN: 0cm -5.65pt 0pt 0cm; TEXT-ALIGN: justify\">&nbsp;<\/p>\n<p style=\"MARGIN: 0cm -5.65pt 0pt 0cm; TEXT-ALIGN: justify\"><em>Per il nostro <strong>benessere psicofisico<\/strong> \u00e8 importante cercare uno spazio che ci consenta di spostarci dalla periferia al centro del nostro essere e possiamo farlo semplicemente diventando testimoni di ci\u00f2 che siamo. <\/em><\/p>\n<p style=\"MARGIN: 0cm -5.65pt 0pt 0cm; TEXT-ALIGN: justify\">&nbsp;<\/p>\n<p style=\"MARGIN: 0cm -5.65pt 0pt 0cm; TEXT-ALIGN: justify\"><strong><em>Rilassare la mente<\/em><\/strong><em> stanca di pensare sempre alle stesse cose, ai suoi condizionamenti, alle sue urgenze, alle sue ansie ci permette di staccare l&#8217;attenzione dal quotidiano, distraendoci dai pensieri che l&#8217;attanagliano, rigenerandoci.<\/em><\/p>\n<p style=\"MARGIN: 0cm -5.65pt 0pt 0cm; TEXT-ALIGN: justify\"><strong><em>Accettarsi<\/em><\/strong><em> diventando consapevoli dei propri talenti e capacit\u00e0, <strong>rinnovarsi<\/strong> ma soprattutto <strong>volersi bene.<\/strong><\/em><\/p>\n<p style=\"TEXT-ALIGN: justify\"><em><br \/>Tutto questo non richiede rinunce, ma un modo di agire <strong>compatibile con il nostro \u201cquotidiano\u201d<\/strong> a cui si pu\u00f2 affiancare una dimensione spirituale nuova: un insieme di esperienze per il recupero del senso dell&#8217;essere e per lo sviluppo della consapevolezza che se ben eseguite danno luogo ad un <strong>cambiamento<\/strong> interiore e ad una migliore comprensione di ci\u00f2 che ci circonda.<\/em><\/p>\n","protected":false},"excerpt":{"rendered":"<p>Percorsi individuali e di gruppo per raggiungere l\u2019equilibrio emozionale e ritrovare la libert\u00e0 interiore<\/p>\n","protected":false},"author":10,"featured_media":0,"comment_status":"open","ping_status":"open","sticky":false,"template":"","format":"standard","meta":{"cybocfi_hide_featured_image":"","footnotes":""},"categories":[265],"tags":[1235,3720,1341,3723,3719,3724,111,3717,243,3722,3721,2404,3718,1239],"class_list":["post-1092","post","type-post","status-publish","format-standard","hentry","category-salute-e-benessere","tag-benessere","tag-corpo","tag-creativita","tag-cristalli","tag-emozioni","tag-fiori-i-bach","tag-medicina-alternativa","tag-meditazione","tag-salute","tag-sensi","tag-spirito","tag-spiritualita","tag-talenti","tag-yoga"],"yoast_head":"<!-- This site is optimized with the Yoast SEO plugin v27.0 - https:\/\/yoast.com\/product\/yoast-seo-wordpress\/ -->\n<title>Associazione Culturale Oracolo di Wilde - Article Marketing<\/title>\n<meta name=\"robots\" content=\"index, follow, max-snippet:-1, max-image-preview:large, max-video-preview:-1\" \/>\n<link rel=\"canonical\" href=\"https:\/\/www.article-marketing.eu\/comunicati\/salute-e-benessere\/associazione-culturale-oracolo-di-wilde\/\" \/>\n<meta property=\"og:locale\" content=\"it_IT\" \/>\n<meta property=\"og:type\" content=\"article\" \/>\n<meta property=\"og:title\" content=\"Associazione Culturale Oracolo di Wilde - Article Marketing\" \/>\n<meta property=\"og:description\" content=\"Percorsi individuali e di gruppo per raggiungere l\u2019equilibrio emozionale e ritrovare la libert\u00e0 interiore\" \/>\n<meta property=\"og:url\" content=\"https:\/\/www.article-marketing.eu\/comunicati\/salute-e-benessere\/associazione-culturale-oracolo-di-wilde\/\" \/>\n<meta property=\"og:site_name\" content=\"Article Marketing\" \/>\n<meta property=\"article:published_time\" content=\"2008-12-28T23:58:26+00:00\" \/>\n<meta name=\"author\" content=\"Redazione Comunicati Stampa\" \/>\n<meta name=\"twitter:card\" content=\"summary_large_image\" \/>\n<meta name=\"twitter:label1\" content=\"Scritto da\" \/>\n\t<meta name=\"twitter:data1\" content=\"Redazione Comunicati Stampa\" \/>\n\t<meta name=\"twitter:label2\" content=\"Tempo di lettura stimato\" \/>\n\t<meta name=\"twitter:data2\" content=\"1 minuto\" \/>\n<script type=\"application\/ld+json\" class=\"yoast-schema-graph\">{\"@context\":\"https:\/\/schema.org\",\"@graph\":[{\"@type\":\"Article\",\"@id\":\"https:\/\/www.article-marketing.eu\/comunicati\/salute-e-benessere\/associazione-culturale-oracolo-di-wilde\/#article\",\"isPartOf\":{\"@id\":\"https:\/\/www.article-marketing.eu\/comunicati\/salute-e-benessere\/associazione-culturale-oracolo-di-wilde\/\"},\"author\":{\"name\":\"Redazione Comunicati Stampa\",\"@id\":\"https:\/\/www.article-marketing.eu\/comunicati\/#\/schema\/person\/44372e4d4d0fa797b18e03ed1ace9017\"},\"headline\":\"Associazione Culturale Oracolo di Wilde\",\"datePublished\":\"2008-12-28T23:58:26+00:00\",\"mainEntityOfPage\":{\"@id\":\"https:\/\/www.article-marketing.eu\/comunicati\/salute-e-benessere\/associazione-culturale-oracolo-di-wilde\/\"},\"wordCount\":257,\"commentCount\":0,\"keywords\":[\"benessere\",\"corpo\",\"creativit\u00e0\",\"cristalli\",\"emozioni\",\"fiori i bach\",\"medicina alternativa\",\"meditazione\",\"salute\",\"sensi\",\"spirito\",\"spiritualit\u00e0\",\"talenti\",\"yoga\"],\"articleSection\":[\"Salute e benessere\"],\"inLanguage\":\"it-IT\",\"potentialAction\":[{\"@type\":\"CommentAction\",\"name\":\"Comment\",\"target\":[\"https:\/\/www.article-marketing.eu\/comunicati\/salute-e-benessere\/associazione-culturale-oracolo-di-wilde\/#respond\"]}]},{\"@type\":\"WebPage\",\"@id\":\"https:\/\/www.article-marketing.eu\/comunicati\/salute-e-benessere\/associazione-culturale-oracolo-di-wilde\/\",\"url\":\"https:\/\/www.article-marketing.eu\/comunicati\/salute-e-benessere\/associazione-culturale-oracolo-di-wilde\/\",\"name\":\"Associazione Culturale Oracolo di Wilde - Article Marketing\",\"isPartOf\":{\"@id\":\"https:\/\/www.article-marketing.eu\/comunicati\/#website\"},\"datePublished\":\"2008-12-28T23:58:26+00:00\",\"author\":{\"@id\":\"https:\/\/www.article-marketing.eu\/comunicati\/#\/schema\/person\/44372e4d4d0fa797b18e03ed1ace9017\"},\"breadcrumb\":{\"@id\":\"https:\/\/www.article-marketing.eu\/comunicati\/salute-e-benessere\/associazione-culturale-oracolo-di-wilde\/#breadcrumb\"},\"inLanguage\":\"it-IT\",\"potentialAction\":[{\"@type\":\"ReadAction\",\"target\":[\"https:\/\/www.article-marketing.eu\/comunicati\/salute-e-benessere\/associazione-culturale-oracolo-di-wilde\/\"]}]},{\"@type\":\"BreadcrumbList\",\"@id\":\"https:\/\/www.article-marketing.eu\/comunicati\/salute-e-benessere\/associazione-culturale-oracolo-di-wilde\/#breadcrumb\",\"itemListElement\":[{\"@type\":\"ListItem\",\"position\":1,\"name\":\"Home\",\"item\":\"https:\/\/www.article-marketing.eu\/comunicati\/\"},{\"@type\":\"ListItem\",\"position\":2,\"name\":\"Associazione Culturale Oracolo di Wilde\"}]},{\"@type\":\"WebSite\",\"@id\":\"https:\/\/www.article-marketing.eu\/comunicati\/#website\",\"url\":\"https:\/\/www.article-marketing.eu\/comunicati\/\",\"name\":\"Article Marketing\",\"description\":\"article marketing &amp; press release\",\"potentialAction\":[{\"@type\":\"SearchAction\",\"target\":{\"@type\":\"EntryPoint\",\"urlTemplate\":\"https:\/\/www.article-marketing.eu\/comunicati\/?s={search_term_string}\"},\"query-input\":{\"@type\":\"PropertyValueSpecification\",\"valueRequired\":true,\"valueName\":\"search_term_string\"}}],\"inLanguage\":\"it-IT\"},{\"@type\":\"Person\",\"@id\":\"https:\/\/www.article-marketing.eu\/comunicati\/#\/schema\/person\/44372e4d4d0fa797b18e03ed1ace9017\",\"name\":\"Redazione Comunicati Stampa\",\"image\":{\"@type\":\"ImageObject\",\"inLanguage\":\"it-IT\",\"@id\":\"https:\/\/www.article-marketing.eu\/comunicati\/#\/schema\/person\/image\/\",\"url\":\"https:\/\/secure.gravatar.com\/avatar\/50e5c6421d3072f42e7ace803501602c60d75233d34e29fd05feb91c8760b792?s=96&d=mm&r=g\",\"contentUrl\":\"https:\/\/secure.gravatar.com\/avatar\/50e5c6421d3072f42e7ace803501602c60d75233d34e29fd05feb91c8760b792?s=96&d=mm&r=g\",\"caption\":\"Redazione Comunicati Stampa\"},\"url\":\"https:\/\/www.article-marketing.eu\/comunicati\/author\/redazione-comunicati-stampa\/\"}]}<\/script>\n<!-- \/ Yoast SEO plugin. -->","yoast_head_json":{"title":"Associazione Culturale Oracolo di Wilde - Article Marketing","robots":{"index":"index","follow":"follow","max-snippet":"max-snippet:-1","max-image-preview":"max-image-preview:large","max-video-preview":"max-video-preview:-1"},"canonical":"https:\/\/www.article-marketing.eu\/comunicati\/salute-e-benessere\/associazione-culturale-oracolo-di-wilde\/","og_locale":"it_IT","og_type":"article","og_title":"Associazione Culturale Oracolo di Wilde - Article Marketing","og_description":"Percorsi individuali e di gruppo per raggiungere l\u2019equilibrio emozionale e ritrovare la libert\u00e0 interiore","og_url":"https:\/\/www.article-marketing.eu\/comunicati\/salute-e-benessere\/associazione-culturale-oracolo-di-wilde\/","og_site_name":"Article Marketing","article_published_time":"2008-12-28T23:58:26+00:00","author":"Redazione Comunicati Stampa","twitter_card":"summary_large_image","twitter_misc":{"Scritto da":"Redazione Comunicati Stampa","Tempo di lettura stimato":"1 minuto"},"schema":{"@context":"https:\/\/schema.org","@graph":[{"@type":"Article","@id":"https:\/\/www.article-marketing.eu\/comunicati\/salute-e-benessere\/associazione-culturale-oracolo-di-wilde\/#article","isPartOf":{"@id":"https:\/\/www.article-marketing.eu\/comunicati\/salute-e-benessere\/associazione-culturale-oracolo-di-wilde\/"},"author":{"name":"Redazione Comunicati Stampa","@id":"https:\/\/www.article-marketing.eu\/comunicati\/#\/schema\/person\/44372e4d4d0fa797b18e03ed1ace9017"},"headline":"Associazione Culturale Oracolo di Wilde","datePublished":"2008-12-28T23:58:26+00:00","mainEntityOfPage":{"@id":"https:\/\/www.article-marketing.eu\/comunicati\/salute-e-benessere\/associazione-culturale-oracolo-di-wilde\/"},"wordCount":257,"commentCount":0,"keywords":["benessere","corpo","creativit\u00e0","cristalli","emozioni","fiori i bach","medicina alternativa","meditazione","salute","sensi","spirito","spiritualit\u00e0","talenti","yoga"],"articleSection":["Salute e benessere"],"inLanguage":"it-IT","potentialAction":[{"@type":"CommentAction","name":"Comment","target":["https:\/\/www.article-marketing.eu\/comunicati\/salute-e-benessere\/associazione-culturale-oracolo-di-wilde\/#respond"]}]},{"@type":"WebPage","@id":"https:\/\/www.article-marketing.eu\/comunicati\/salute-e-benessere\/associazione-culturale-oracolo-di-wilde\/","url":"https:\/\/www.article-marketing.eu\/comunicati\/salute-e-benessere\/associazione-culturale-oracolo-di-wilde\/","name":"Associazione Culturale Oracolo di Wilde - Article Marketing","isPartOf":{"@id":"https:\/\/www.article-marketing.eu\/comunicati\/#website"},"datePublished":"2008-12-28T23:58:26+00:00","author":{"@id":"https:\/\/www.article-marketing.eu\/comunicati\/#\/schema\/person\/44372e4d4d0fa797b18e03ed1ace9017"},"breadcrumb":{"@id":"https:\/\/www.article-marketing.eu\/comunicati\/salute-e-benessere\/associazione-culturale-oracolo-di-wilde\/#breadcrumb"},"inLanguage":"it-IT","potentialAction":[{"@type":"ReadAction","target":["https:\/\/www.article-marketing.eu\/comunicati\/salute-e-benessere\/associazione-culturale-oracolo-di-wilde\/"]}]},{"@type":"BreadcrumbList","@id":"https:\/\/www.article-marketing.eu\/comunicati\/salute-e-benessere\/associazione-culturale-oracolo-di-wilde\/#breadcrumb","itemListElement":[{"@type":"ListItem","position":1,"name":"Home","item":"https:\/\/www.article-marketing.eu\/comunicati\/"},{"@type":"ListItem","position":2,"name":"Associazione Culturale Oracolo di Wilde"}]},{"@type":"WebSite","@id":"https:\/\/www.article-marketing.eu\/comunicati\/#website","url":"https:\/\/www.article-marketing.eu\/comunicati\/","name":"Article Marketing","description":"article marketing &amp; press release","potentialAction":[{"@type":"SearchAction","target":{"@type":"EntryPoint","urlTemplate":"https:\/\/www.article-marketing.eu\/comunicati\/?s={search_term_string}"},"query-input":{"@type":"PropertyValueSpecification","valueRequired":true,"valueName":"search_term_string"}}],"inLanguage":"it-IT"},{"@type":"Person","@id":"https:\/\/www.article-marketing.eu\/comunicati\/#\/schema\/person\/44372e4d4d0fa797b18e03ed1ace9017","name":"Redazione Comunicati Stampa","image":{"@type":"ImageObject","inLanguage":"it-IT","@id":"https:\/\/www.article-marketing.eu\/comunicati\/#\/schema\/person\/image\/","url":"https:\/\/secure.gravatar.com\/avatar\/50e5c6421d3072f42e7ace803501602c60d75233d34e29fd05feb91c8760b792?s=96&d=mm&r=g","contentUrl":"https:\/\/secure.gravatar.com\/avatar\/50e5c6421d3072f42e7ace803501602c60d75233d34e29fd05feb91c8760b792?s=96&d=mm&r=g","caption":"Redazione Comunicati Stampa"},"url":"https:\/\/www.article-marketing.eu\/comunicati\/author\/redazione-comunicati-stampa\/"}]}},"_links":{"self":[{"href":"https:\/\/www.article-marketing.eu\/comunicati\/wp-json\/wp\/v2\/posts\/1092","targetHints":{"allow":["GET"]}}],"collection":[{"href":"https:\/\/www.article-marketing.eu\/comunicati\/wp-json\/wp\/v2\/posts"}],"about":[{"href":"https:\/\/www.article-marketing.eu\/comunicati\/wp-json\/wp\/v2\/types\/post"}],"author":[{"embeddable":true,"href":"https:\/\/www.article-marketing.eu\/comunicati\/wp-json\/wp\/v2\/users\/10"}],"replies":[{"embeddable":true,"href":"https:\/\/www.article-marketing.eu\/comunicati\/wp-json\/wp\/v2\/comments?post=1092"}],"version-history":[{"count":0,"href":"https:\/\/www.article-marketing.eu\/comunicati\/wp-json\/wp\/v2\/posts\/1092\/revisions"}],"wp:attachment":[{"href":"https:\/\/www.article-marketing.eu\/comunicati\/wp-json\/wp\/v2\/media?parent=1092"}],"wp:term":[{"taxonomy":"category","embeddable":true,"href":"https:\/\/www.article-marketing.eu\/comunicati\/wp-json\/wp\/v2\/categories?post=1092"},{"taxonomy":"post_tag","embeddable":true,"href":"https:\/\/www.article-marketing.eu\/comunicati\/wp-json\/wp\/v2\/tags?post=1092"}],"curies":[{"name":"wp","href":"https:\/\/api.w.org\/{rel}","templated":true}]}}