{"id":1094,"date":"2008-12-29T13:00:22","date_gmt":"2008-12-29T12:00:22","guid":{"rendered":"http:\/\/www.article-marketing.eu\/comunicati\/senza-categoria\/mostra-fotografica-ellis-island-italiani-damerica-a-roma\/"},"modified":"2008-12-29T13:00:22","modified_gmt":"2008-12-29T12:00:22","slug":"mostra-fotografica-ellis-island-italiani-damerica-a-roma","status":"publish","type":"post","link":"https:\/\/www.article-marketing.eu\/comunicati\/tempo-libero\/intrattenimento\/mostra-fotografica-ellis-island-italiani-damerica-a-roma\/","title":{"rendered":"Mostra Fotografica: Ellis Island, italiani d\u2019america a Roma"},"content":{"rendered":"<p>Eppure anche il popolo italiano \u00e8 passato attraverso una fase migratoria che ha segnato la nostra storia, e spesso ci dimentichiamo che a nostra volta siamo stati degli immigrati spaesati e discriminati.<br \/>\nLa mostra fotografica \u201cEllis Island: Italiani d\u2019America\u201d, a <a href=\"http:\/\/it.flashbooking.com\/navigation\/europe_italia_roma_all_all.html\">Roma<\/a> dal 19 dicembre al 28 febbraio, ci ricorda proprio questa parte della nostra storia, tramite una serie di foto molto evocative che raccontano come, tra la fine dell\u2019Ottocento e l\u2019inizio del Novecento, milioni di italiani abbiano lasciato il proprio paese, la propria casa e, spesso, la propria famiglia per partire alla volta dell\u2019America in cerca di fortuna. Ellis Island, che d\u00e0 il titolo alla mostra, \u00e8 l\u2019isolotto che sorge a circa un miglio da Manhattan e che rappresent\u00f2, per milioni di immigrati dal primo gennaio 1892 fino al 1924, il punto d\u2019ingresso per l\u2019America. Le navi provenienti dall\u2019Europa infatti attraccavano proprio ad Ellis Island, ed \u00e8 qui che tutti i nuovi arrivati venivano controllati per verificare che fossero sani e idonei a varcare il confine. Proprio perch\u00e9 questo luogo simboleggiava la possibilit\u00e0 di vedersi negare l\u2019ingresso in America dopo un lungo viaggio, Ellis Island era nominata \u201cl\u2019isola delle lacrime\u201d.<\/p>\n<p>La mostra si compone di circa 100 foto divise in 3 sezioni, ognuna delle quali \u00e8 dedicata ad un momento topico nella vita degli immigrati: \u201cPartire\u201d, \u201cArrivare\u201d, \u201cVivere in America\u201d. Seguendo l\u2019itinerario della mostra, disponibile anche nei vari b&amp;b Roma, \u00e8 quindi possibile ripercorrere idealmente le tappe del viaggio dei nostri connazionali dell\u2019epoca. Le foto ci permettono dunque di leggere negli sguardi delle persone in partenza un senso di perdita per quello che si sta lasciando, presumibilmente per sempre, ma anche di speranza per quello che si trover\u00e0. La sezione \u201cArrivare\u201d ci fa invece capire gli ostacoli che si incontravano al momento dello sbarco, dalla difficolt\u00e0 a recuperare il proprio bagaglio alle visite mediche cui bisognava sottoporsi. \u201cVivere in America\u201d illustra invece come gli immigrati di allora, (come quelli di adesso), dovessero accontentarsi di svolgere i lavori pi\u00f9 umili e pi\u00f9 duri, come lavorare nelle miniere, per sopravvivere. Accanto a queste e ad altre immagini che rispecchiano la difficile integrazione dei nostri connazionali, troviamo per\u00f2 delle fotografie che testimoniano come alcune persone riuscirono invece ad avviare una carriera o un\u2019attivit\u00e0 pi\u00f9 redditizia.<\/p>\n<p>Le immagine esposte sono molto evocative, ma per fornire un quadro ancora pi\u00f9 completo della situazione del tempo sono stati messi in programma molti eventi paralleli alla mostra: letture di brani dedicati a questo tema e di testimonianze, una rassegna cinematografica intitolata \u201cCinema, storie e\u2026il sogno dell\u2019emigrante\u201d, durante la quale verranno proiettati film e documentari, un convegno sull\u2019Italia vista sia come paese di immigrazione che di emigrazione, e una serata musicale durante la quale verranno eseguite delle canzoni popolari del periodo ispirate all\u2019esperienza migratoria.<\/p>\n<p>Prenota un ostello giovent\u00f9 Roma e cogli l\u2019occasione di visitare una delle citt\u00e0 pi\u00f9 belle del mondo e, allo stesso tempo, di imparare qualcosa in pi\u00f9 su un pezzo di storia italiana.<\/p>\n<p>Biglietti: evento gratuito<br \/>\nDate: 19 Dicembre 2008 \u2013 28 Febbraio 2009<br \/>\nDove: Casa della memoria e della storia, Roma, Italia<\/p>\n","protected":false},"excerpt":{"rendered":"<p>L\u2019Italia \u00e8 forse uno dei paesi pi\u00f9 interessati dal fenomeno dell\u2019immigrazione ormai da molti anni, ma gli stranieri che raggiungono il Belpaese in cerca di una vita migliore rispetto a quella cui sono destinati nel proprio paese natale vengono ancora guardati con sospetto e sono spesso vittime di pregiudizi e discriminazioni, anche a causa delle differenze linguistiche e culturali che non ne facilitano l\u2019integrazione.<\/p>\n","protected":false},"author":10,"featured_media":0,"comment_status":"open","ping_status":"open","sticky":false,"template":"","format":"standard","meta":{"cybocfi_hide_featured_image":"","footnotes":""},"categories":[359],"tags":[171,596,926,2757,3728,251],"class_list":["post-1094","post","type-post","status-publish","format-standard","hentry","category-intrattenimento","tag-arte","tag-cultura","tag-evento","tag-manifestazione","tag-mostra-fotografica","tag-roma"],"yoast_head":"<!-- This site is optimized with the Yoast SEO plugin v27.0 - https:\/\/yoast.com\/product\/yoast-seo-wordpress\/ -->\n<title>Mostra Fotografica: Ellis Island, italiani d\u2019america a Roma - Article Marketing<\/title>\n<meta name=\"robots\" content=\"index, follow, max-snippet:-1, max-image-preview:large, max-video-preview:-1\" \/>\n<link rel=\"canonical\" href=\"https:\/\/www.article-marketing.eu\/comunicati\/tempo-libero\/intrattenimento\/mostra-fotografica-ellis-island-italiani-damerica-a-roma\/\" \/>\n<meta property=\"og:locale\" content=\"it_IT\" \/>\n<meta property=\"og:type\" content=\"article\" \/>\n<meta property=\"og:title\" content=\"Mostra Fotografica: Ellis Island, italiani d\u2019america a Roma - Article Marketing\" \/>\n<meta property=\"og:description\" content=\"L\u2019Italia \u00e8 forse uno dei paesi pi\u00f9 interessati dal fenomeno dell\u2019immigrazione ormai da molti anni, ma gli stranieri che raggiungono il Belpaese in cerca di una vita migliore rispetto a quella cui sono destinati nel proprio paese natale vengono ancora guardati con sospetto e sono spesso vittime di pregiudizi e discriminazioni, anche a causa delle differenze linguistiche e culturali che non ne facilitano l\u2019integrazione.\" \/>\n<meta property=\"og:url\" content=\"https:\/\/www.article-marketing.eu\/comunicati\/tempo-libero\/intrattenimento\/mostra-fotografica-ellis-island-italiani-damerica-a-roma\/\" \/>\n<meta property=\"og:site_name\" content=\"Article Marketing\" \/>\n<meta property=\"article:published_time\" content=\"2008-12-29T12:00:22+00:00\" \/>\n<meta name=\"author\" content=\"Redazione Comunicati Stampa\" \/>\n<meta name=\"twitter:card\" content=\"summary_large_image\" \/>\n<meta name=\"twitter:label1\" content=\"Scritto da\" \/>\n\t<meta name=\"twitter:data1\" content=\"Redazione Comunicati Stampa\" \/>\n\t<meta name=\"twitter:label2\" content=\"Tempo di lettura stimato\" \/>\n\t<meta name=\"twitter:data2\" content=\"3 minuti\" \/>\n<script type=\"application\/ld+json\" class=\"yoast-schema-graph\">{\"@context\":\"https:\/\/schema.org\",\"@graph\":[{\"@type\":\"Article\",\"@id\":\"https:\/\/www.article-marketing.eu\/comunicati\/tempo-libero\/intrattenimento\/mostra-fotografica-ellis-island-italiani-damerica-a-roma\/#article\",\"isPartOf\":{\"@id\":\"https:\/\/www.article-marketing.eu\/comunicati\/tempo-libero\/intrattenimento\/mostra-fotografica-ellis-island-italiani-damerica-a-roma\/\"},\"author\":{\"name\":\"Redazione Comunicati Stampa\",\"@id\":\"https:\/\/www.article-marketing.eu\/comunicati\/#\/schema\/person\/44372e4d4d0fa797b18e03ed1ace9017\"},\"headline\":\"Mostra Fotografica: Ellis Island, italiani d\u2019america a Roma\",\"datePublished\":\"2008-12-29T12:00:22+00:00\",\"mainEntityOfPage\":{\"@id\":\"https:\/\/www.article-marketing.eu\/comunicati\/tempo-libero\/intrattenimento\/mostra-fotografica-ellis-island-italiani-damerica-a-roma\/\"},\"wordCount\":521,\"commentCount\":0,\"keywords\":[\"arte\",\"cultura\",\"evento\",\"manifestazione\",\"mostra fotografica\",\"roma\"],\"articleSection\":[\"Intrattenimento\"],\"inLanguage\":\"it-IT\",\"potentialAction\":[{\"@type\":\"CommentAction\",\"name\":\"Comment\",\"target\":[\"https:\/\/www.article-marketing.eu\/comunicati\/tempo-libero\/intrattenimento\/mostra-fotografica-ellis-island-italiani-damerica-a-roma\/#respond\"]}]},{\"@type\":\"WebPage\",\"@id\":\"https:\/\/www.article-marketing.eu\/comunicati\/tempo-libero\/intrattenimento\/mostra-fotografica-ellis-island-italiani-damerica-a-roma\/\",\"url\":\"https:\/\/www.article-marketing.eu\/comunicati\/tempo-libero\/intrattenimento\/mostra-fotografica-ellis-island-italiani-damerica-a-roma\/\",\"name\":\"Mostra Fotografica: Ellis Island, italiani d\u2019america a Roma - Article Marketing\",\"isPartOf\":{\"@id\":\"https:\/\/www.article-marketing.eu\/comunicati\/#website\"},\"datePublished\":\"2008-12-29T12:00:22+00:00\",\"author\":{\"@id\":\"https:\/\/www.article-marketing.eu\/comunicati\/#\/schema\/person\/44372e4d4d0fa797b18e03ed1ace9017\"},\"breadcrumb\":{\"@id\":\"https:\/\/www.article-marketing.eu\/comunicati\/tempo-libero\/intrattenimento\/mostra-fotografica-ellis-island-italiani-damerica-a-roma\/#breadcrumb\"},\"inLanguage\":\"it-IT\",\"potentialAction\":[{\"@type\":\"ReadAction\",\"target\":[\"https:\/\/www.article-marketing.eu\/comunicati\/tempo-libero\/intrattenimento\/mostra-fotografica-ellis-island-italiani-damerica-a-roma\/\"]}]},{\"@type\":\"BreadcrumbList\",\"@id\":\"https:\/\/www.article-marketing.eu\/comunicati\/tempo-libero\/intrattenimento\/mostra-fotografica-ellis-island-italiani-damerica-a-roma\/#breadcrumb\",\"itemListElement\":[{\"@type\":\"ListItem\",\"position\":1,\"name\":\"Home\",\"item\":\"https:\/\/www.article-marketing.eu\/comunicati\/\"},{\"@type\":\"ListItem\",\"position\":2,\"name\":\"Mostra Fotografica: Ellis Island, italiani d\u2019america a Roma\"}]},{\"@type\":\"WebSite\",\"@id\":\"https:\/\/www.article-marketing.eu\/comunicati\/#website\",\"url\":\"https:\/\/www.article-marketing.eu\/comunicati\/\",\"name\":\"Article Marketing\",\"description\":\"article marketing &amp; press release\",\"potentialAction\":[{\"@type\":\"SearchAction\",\"target\":{\"@type\":\"EntryPoint\",\"urlTemplate\":\"https:\/\/www.article-marketing.eu\/comunicati\/?s={search_term_string}\"},\"query-input\":{\"@type\":\"PropertyValueSpecification\",\"valueRequired\":true,\"valueName\":\"search_term_string\"}}],\"inLanguage\":\"it-IT\"},{\"@type\":\"Person\",\"@id\":\"https:\/\/www.article-marketing.eu\/comunicati\/#\/schema\/person\/44372e4d4d0fa797b18e03ed1ace9017\",\"name\":\"Redazione Comunicati Stampa\",\"image\":{\"@type\":\"ImageObject\",\"inLanguage\":\"it-IT\",\"@id\":\"https:\/\/www.article-marketing.eu\/comunicati\/#\/schema\/person\/image\/\",\"url\":\"https:\/\/secure.gravatar.com\/avatar\/50e5c6421d3072f42e7ace803501602c60d75233d34e29fd05feb91c8760b792?s=96&d=mm&r=g\",\"contentUrl\":\"https:\/\/secure.gravatar.com\/avatar\/50e5c6421d3072f42e7ace803501602c60d75233d34e29fd05feb91c8760b792?s=96&d=mm&r=g\",\"caption\":\"Redazione Comunicati Stampa\"},\"url\":\"https:\/\/www.article-marketing.eu\/comunicati\/author\/redazione-comunicati-stampa\/\"}]}<\/script>\n<!-- \/ Yoast SEO plugin. -->","yoast_head_json":{"title":"Mostra Fotografica: Ellis Island, italiani d\u2019america a Roma - Article Marketing","robots":{"index":"index","follow":"follow","max-snippet":"max-snippet:-1","max-image-preview":"max-image-preview:large","max-video-preview":"max-video-preview:-1"},"canonical":"https:\/\/www.article-marketing.eu\/comunicati\/tempo-libero\/intrattenimento\/mostra-fotografica-ellis-island-italiani-damerica-a-roma\/","og_locale":"it_IT","og_type":"article","og_title":"Mostra Fotografica: Ellis Island, italiani d\u2019america a Roma - Article Marketing","og_description":"L\u2019Italia \u00e8 forse uno dei paesi pi\u00f9 interessati dal fenomeno dell\u2019immigrazione ormai da molti anni, ma gli stranieri che raggiungono il Belpaese in cerca di una vita migliore rispetto a quella cui sono destinati nel proprio paese natale vengono ancora guardati con sospetto e sono spesso vittime di pregiudizi e discriminazioni, anche a causa delle differenze linguistiche e culturali che non ne facilitano l\u2019integrazione.","og_url":"https:\/\/www.article-marketing.eu\/comunicati\/tempo-libero\/intrattenimento\/mostra-fotografica-ellis-island-italiani-damerica-a-roma\/","og_site_name":"Article Marketing","article_published_time":"2008-12-29T12:00:22+00:00","author":"Redazione Comunicati Stampa","twitter_card":"summary_large_image","twitter_misc":{"Scritto da":"Redazione Comunicati Stampa","Tempo di lettura stimato":"3 minuti"},"schema":{"@context":"https:\/\/schema.org","@graph":[{"@type":"Article","@id":"https:\/\/www.article-marketing.eu\/comunicati\/tempo-libero\/intrattenimento\/mostra-fotografica-ellis-island-italiani-damerica-a-roma\/#article","isPartOf":{"@id":"https:\/\/www.article-marketing.eu\/comunicati\/tempo-libero\/intrattenimento\/mostra-fotografica-ellis-island-italiani-damerica-a-roma\/"},"author":{"name":"Redazione Comunicati Stampa","@id":"https:\/\/www.article-marketing.eu\/comunicati\/#\/schema\/person\/44372e4d4d0fa797b18e03ed1ace9017"},"headline":"Mostra Fotografica: Ellis Island, italiani d\u2019america a Roma","datePublished":"2008-12-29T12:00:22+00:00","mainEntityOfPage":{"@id":"https:\/\/www.article-marketing.eu\/comunicati\/tempo-libero\/intrattenimento\/mostra-fotografica-ellis-island-italiani-damerica-a-roma\/"},"wordCount":521,"commentCount":0,"keywords":["arte","cultura","evento","manifestazione","mostra fotografica","roma"],"articleSection":["Intrattenimento"],"inLanguage":"it-IT","potentialAction":[{"@type":"CommentAction","name":"Comment","target":["https:\/\/www.article-marketing.eu\/comunicati\/tempo-libero\/intrattenimento\/mostra-fotografica-ellis-island-italiani-damerica-a-roma\/#respond"]}]},{"@type":"WebPage","@id":"https:\/\/www.article-marketing.eu\/comunicati\/tempo-libero\/intrattenimento\/mostra-fotografica-ellis-island-italiani-damerica-a-roma\/","url":"https:\/\/www.article-marketing.eu\/comunicati\/tempo-libero\/intrattenimento\/mostra-fotografica-ellis-island-italiani-damerica-a-roma\/","name":"Mostra Fotografica: Ellis Island, italiani d\u2019america a Roma - Article Marketing","isPartOf":{"@id":"https:\/\/www.article-marketing.eu\/comunicati\/#website"},"datePublished":"2008-12-29T12:00:22+00:00","author":{"@id":"https:\/\/www.article-marketing.eu\/comunicati\/#\/schema\/person\/44372e4d4d0fa797b18e03ed1ace9017"},"breadcrumb":{"@id":"https:\/\/www.article-marketing.eu\/comunicati\/tempo-libero\/intrattenimento\/mostra-fotografica-ellis-island-italiani-damerica-a-roma\/#breadcrumb"},"inLanguage":"it-IT","potentialAction":[{"@type":"ReadAction","target":["https:\/\/www.article-marketing.eu\/comunicati\/tempo-libero\/intrattenimento\/mostra-fotografica-ellis-island-italiani-damerica-a-roma\/"]}]},{"@type":"BreadcrumbList","@id":"https:\/\/www.article-marketing.eu\/comunicati\/tempo-libero\/intrattenimento\/mostra-fotografica-ellis-island-italiani-damerica-a-roma\/#breadcrumb","itemListElement":[{"@type":"ListItem","position":1,"name":"Home","item":"https:\/\/www.article-marketing.eu\/comunicati\/"},{"@type":"ListItem","position":2,"name":"Mostra Fotografica: Ellis Island, italiani d\u2019america a Roma"}]},{"@type":"WebSite","@id":"https:\/\/www.article-marketing.eu\/comunicati\/#website","url":"https:\/\/www.article-marketing.eu\/comunicati\/","name":"Article Marketing","description":"article marketing &amp; press release","potentialAction":[{"@type":"SearchAction","target":{"@type":"EntryPoint","urlTemplate":"https:\/\/www.article-marketing.eu\/comunicati\/?s={search_term_string}"},"query-input":{"@type":"PropertyValueSpecification","valueRequired":true,"valueName":"search_term_string"}}],"inLanguage":"it-IT"},{"@type":"Person","@id":"https:\/\/www.article-marketing.eu\/comunicati\/#\/schema\/person\/44372e4d4d0fa797b18e03ed1ace9017","name":"Redazione Comunicati Stampa","image":{"@type":"ImageObject","inLanguage":"it-IT","@id":"https:\/\/www.article-marketing.eu\/comunicati\/#\/schema\/person\/image\/","url":"https:\/\/secure.gravatar.com\/avatar\/50e5c6421d3072f42e7ace803501602c60d75233d34e29fd05feb91c8760b792?s=96&d=mm&r=g","contentUrl":"https:\/\/secure.gravatar.com\/avatar\/50e5c6421d3072f42e7ace803501602c60d75233d34e29fd05feb91c8760b792?s=96&d=mm&r=g","caption":"Redazione Comunicati Stampa"},"url":"https:\/\/www.article-marketing.eu\/comunicati\/author\/redazione-comunicati-stampa\/"}]}},"_links":{"self":[{"href":"https:\/\/www.article-marketing.eu\/comunicati\/wp-json\/wp\/v2\/posts\/1094","targetHints":{"allow":["GET"]}}],"collection":[{"href":"https:\/\/www.article-marketing.eu\/comunicati\/wp-json\/wp\/v2\/posts"}],"about":[{"href":"https:\/\/www.article-marketing.eu\/comunicati\/wp-json\/wp\/v2\/types\/post"}],"author":[{"embeddable":true,"href":"https:\/\/www.article-marketing.eu\/comunicati\/wp-json\/wp\/v2\/users\/10"}],"replies":[{"embeddable":true,"href":"https:\/\/www.article-marketing.eu\/comunicati\/wp-json\/wp\/v2\/comments?post=1094"}],"version-history":[{"count":0,"href":"https:\/\/www.article-marketing.eu\/comunicati\/wp-json\/wp\/v2\/posts\/1094\/revisions"}],"wp:attachment":[{"href":"https:\/\/www.article-marketing.eu\/comunicati\/wp-json\/wp\/v2\/media?parent=1094"}],"wp:term":[{"taxonomy":"category","embeddable":true,"href":"https:\/\/www.article-marketing.eu\/comunicati\/wp-json\/wp\/v2\/categories?post=1094"},{"taxonomy":"post_tag","embeddable":true,"href":"https:\/\/www.article-marketing.eu\/comunicati\/wp-json\/wp\/v2\/tags?post=1094"}],"curies":[{"name":"wp","href":"https:\/\/api.w.org\/{rel}","templated":true}]}}