{"id":1097,"date":"2008-12-30T11:04:55","date_gmt":"2008-12-30T10:04:55","guid":{"rendered":"http:\/\/www.article-marketing.eu\/comunicati\/senza-categoria\/perche-la-pubblicit%e0-non-ci-ha-salvati-dalla-crisi\/"},"modified":"2018-06-04T20:10:31","modified_gmt":"2018-06-04T18:10:31","slug":"perche-la-pubblicit%e0-non-ci-ha-salvati-dalla-crisi","status":"publish","type":"post","link":"https:\/\/www.article-marketing.eu\/comunicati\/economia-e-lavoro\/marketing\/perche-la-pubblicit%e0-non-ci-ha-salvati-dalla-crisi\/","title":{"rendered":"Perch\u00e9 la pubblicit\u00e0 non ci ha salvati dalla crisi?"},"content":{"rendered":"<p>La settimana scorsa \u00e8 circolata la notizia che un\u2019agenzia pubblicitaria belga, dovendo procedere ad una riduzione del personale, ha indetto un concorso online attraverso il quale \u00e8 possibile decidere chi verr\u00e0 licenziato.<br \/>Si trattava naturalmente di un falso, di un\u2019operazione di marketing virale che aveva lo scopo di creare un passaparola e dare visibilit\u00e0 all\u2019agenzia e alla sua capacit\u00e0 inventiva.<br \/>Difficile valutare i ritorni di un\u2019operazione del genere: di sicuro ha avuto il pregio di portare agli occhi di tutti, in modo paradossale, un fenomeno che proprio nei giorni precedenti il Natale ha fatto tabula rasa di creativi in diverse agenzie di pubblicit\u00e0 italiane.<\/p>\n<p>Nulla di cui stupirsi: la crisi economica ha portato ad una notevole riduzione del budget destinato alla pubblicit\u00e0, che si \u00e8 trasformata in tagli al personale creativo di piccole e grandi agenzie italiane.<br \/>Pare che qualcuno sia stato licenziato per telefono, altri all\u2019indomani della festa aziendale.<\/p>\n<p>Dopo la crisi economica e finanziaria, dopo la crisi dell\u2019informazione, assistiamo ora anche alla grande crisi della pubblicit\u00e0.<br \/>O forse quella che crediamo essere l\u2019ultima \u00e8 stata in realt\u00e0 la prima.<br \/>Gi\u00e0. La crisi nel settore pubblicitario \u00e8 arrivata prima della crisi economica, \u00e8 arrivata quando le nostre agenzie di pubblicit\u00e0 si sono manifestate incapaci di rinnovarsi nel tempo, quando i creativi hanno smesso di inventare, quando si sono adagiati sul loro status quo e hanno smesso di produrre idee.<\/p>\n<p>I media classici sono in crisi da tempo, la pubblicit\u00e0 italiana non ha saputo cogliere le nuove esigenze dei consumatori, non ha saputo rinnovarsi, non ha sfruttato le potenzialit\u00e0 delle nuove tecnologie: ha rinunciato, in tre parole, ad essere efficace, e anzich\u00e9 costituire il traino verso la ripresa \u00e8 rimasta impigliata lei stessa nelle maglie della crisi.<\/p>\n<p>Si parla di imprenditori che non possono pi\u00f9 permettersi di investire in pubblicit\u00e0.<br \/>Io parlo di imprenditori che non vogliono investire perch\u00e9 non ci credono, perch\u00e9 non si fidano.<br \/>Le imprese, come i consumatori, chiedono una comunicazione commerciale innovativa, una nuova spinta verso la creativit\u00e0.<\/p>\n<p>La pubblicit\u00e0 \u00e8 un\u2019opportunit\u00e0, non un obbligo.<br \/>Le agenzie di pubblicit\u00e0 devono farsi conoscere come promotrici di cambiamento.<br \/>Devono saper ascoltare, perch\u00e9 la comunicazione \u00e8 relazione.<br \/>E devono tener conto di una nuova generazione di consumatori che lavora, si diverte e si nutre di Internet.<br \/>Se i direttori delle grandi agenzie navigassero si renderebbero conto che il Web non \u00e8 solo un insieme di informazioni ma una Rete di idee e di spunti offerti.<br \/>Il loro concetto di comunicazione si deve evolvere, approfittando di quei giovani talenti che sono ancora capaci di giocare e di fare magie.<\/p>\n<p>Pamela Ferrara<br \/>www.pamelaferrara.com<\/p><\/p>\n","protected":false},"excerpt":{"rendered":"<p>La crisi economica ha portato ad una notevole riduzione del budget destinato alla pubblicit\u00e0, che si \u00e8 trasformata in tagli al personale creativo di piccole e grandi agenzie italiane.<br \/>\nDopo la crisi economica e finanziaria, dopo la crisi dell\u2019informazione, assistiamo ora anche alla grande crisi della pubblicit\u00e0\u2026.<\/p>\n","protected":false},"author":10,"featured_media":0,"comment_status":"open","ping_status":"open","sticky":false,"template":"","format":"standard","meta":{"cybocfi_hide_featured_image":"","footnotes":""},"categories":[103],"tags":[3732,3731,2760,320,2819,3730,245,104],"class_list":["post-1097","post","type-post","status-publish","format-standard","hentry","category-marketing","tag-agenzie-pubblicita","tag-creativi","tag-crisi","tag-internet","tag-investire","tag-licenziamento","tag-marketing","tag-pubblicita"],"yoast_head":"<!-- This site is optimized with the Yoast SEO plugin v27.0 - https:\/\/yoast.com\/product\/yoast-seo-wordpress\/ -->\n<title>Perch\u00e9 la pubblicit\u00e0 non ci ha salvati dalla crisi? - Article Marketing<\/title>\n<meta name=\"robots\" content=\"index, follow, max-snippet:-1, max-image-preview:large, max-video-preview:-1\" \/>\n<link rel=\"canonical\" href=\"https:\/\/www.article-marketing.eu\/comunicati\/economia-e-lavoro\/marketing\/perche-la-pubblicit?-non-ci-ha-salvati-dalla-crisi\/\" \/>\n<meta property=\"og:locale\" content=\"it_IT\" \/>\n<meta property=\"og:type\" content=\"article\" \/>\n<meta property=\"og:title\" content=\"Perch\u00e9 la pubblicit\u00e0 non ci ha salvati dalla crisi? - Article Marketing\" \/>\n<meta property=\"og:description\" content=\"La crisi economica ha portato ad una notevole riduzione del budget destinato alla pubblicit\u00e0, che si \u00e8 trasformata in tagli al personale creativo di piccole e grandi agenzie italiane. Dopo la crisi economica e finanziaria, dopo la crisi dell\u2019informazione, assistiamo ora anche alla grande crisi della pubblicit\u00e0\u2026.\" \/>\n<meta property=\"og:url\" content=\"\" \/>\n<meta property=\"og:site_name\" content=\"Article Marketing\" \/>\n<meta property=\"article:published_time\" content=\"2008-12-30T10:04:55+00:00\" \/>\n<meta property=\"article:modified_time\" content=\"2018-06-04T18:10:31+00:00\" \/>\n<meta name=\"author\" content=\"Redazione Comunicati Stampa\" \/>\n<meta name=\"twitter:card\" content=\"summary_large_image\" \/>\n<meta name=\"twitter:label1\" content=\"Scritto da\" \/>\n\t<meta name=\"twitter:data1\" content=\"Redazione Comunicati Stampa\" \/>\n\t<meta name=\"twitter:label2\" content=\"Tempo di lettura stimato\" \/>\n\t<meta name=\"twitter:data2\" content=\"2 minuti\" \/>\n<script type=\"application\/ld+json\" class=\"yoast-schema-graph\">{\"@context\":\"https:\/\/schema.org\",\"@graph\":[{\"@type\":\"Article\",\"@id\":\"https:\/\/www.article-marketing.eu\/comunicati\/economia-e-lavoro\/marketing\/perche-la-pubblicit%e0-non-ci-ha-salvati-dalla-crisi\/#article\",\"isPartOf\":{\"@id\":\"https:\/\/www.article-marketing.eu\/comunicati\/economia-e-lavoro\/marketing\/perche-la-pubblicit%e0-non-ci-ha-salvati-dalla-crisi\/\"},\"author\":{\"name\":\"Redazione Comunicati Stampa\",\"@id\":\"https:\/\/www.article-marketing.eu\/comunicati\/#\/schema\/person\/44372e4d4d0fa797b18e03ed1ace9017\"},\"headline\":\"Perch\u00e9 la pubblicit\u00e0 non ci ha salvati dalla crisi?\",\"datePublished\":\"2008-12-30T10:04:55+00:00\",\"dateModified\":\"2018-06-04T18:10:31+00:00\",\"mainEntityOfPage\":{\"@id\":\"https:\/\/www.article-marketing.eu\/comunicati\/economia-e-lavoro\/marketing\/perche-la-pubblicit%e0-non-ci-ha-salvati-dalla-crisi\/\"},\"wordCount\":440,\"commentCount\":0,\"keywords\":[\"agenzie pubblicit\u00e0\",\"creativi\",\"crisi\",\"internet\",\"investire\",\"licenziamento\",\"marketing\",\"pubblicit\u00e0\"],\"articleSection\":[\"Marketing\"],\"inLanguage\":\"it-IT\",\"potentialAction\":[{\"@type\":\"CommentAction\",\"name\":\"Comment\",\"target\":[\"https:\/\/www.article-marketing.eu\/comunicati\/economia-e-lavoro\/marketing\/perche-la-pubblicit%e0-non-ci-ha-salvati-dalla-crisi\/#respond\"]}]},{\"@type\":\"WebPage\",\"@id\":\"https:\/\/www.article-marketing.eu\/comunicati\/economia-e-lavoro\/marketing\/perche-la-pubblicit%e0-non-ci-ha-salvati-dalla-crisi\/\",\"url\":\"https:\/\/www.article-marketing.eu\/comunicati\/economia-e-lavoro\/marketing\/perche-la-pubblicit%e0-non-ci-ha-salvati-dalla-crisi\/\",\"name\":\"Perch\u00e9 la pubblicit\u00e0 non ci ha salvati dalla crisi? - Article Marketing\",\"isPartOf\":{\"@id\":\"https:\/\/www.article-marketing.eu\/comunicati\/#website\"},\"datePublished\":\"2008-12-30T10:04:55+00:00\",\"dateModified\":\"2018-06-04T18:10:31+00:00\",\"author\":{\"@id\":\"https:\/\/www.article-marketing.eu\/comunicati\/#\/schema\/person\/44372e4d4d0fa797b18e03ed1ace9017\"},\"breadcrumb\":{\"@id\":\"https:\/\/www.article-marketing.eu\/comunicati\/economia-e-lavoro\/marketing\/perche-la-pubblicit%e0-non-ci-ha-salvati-dalla-crisi\/#breadcrumb\"},\"inLanguage\":\"it-IT\",\"potentialAction\":[{\"@type\":\"ReadAction\",\"target\":[\"https:\/\/www.article-marketing.eu\/comunicati\/economia-e-lavoro\/marketing\/perche-la-pubblicit%e0-non-ci-ha-salvati-dalla-crisi\/\"]}]},{\"@type\":\"BreadcrumbList\",\"@id\":\"https:\/\/www.article-marketing.eu\/comunicati\/economia-e-lavoro\/marketing\/perche-la-pubblicit%e0-non-ci-ha-salvati-dalla-crisi\/#breadcrumb\",\"itemListElement\":[{\"@type\":\"ListItem\",\"position\":1,\"name\":\"Home\",\"item\":\"https:\/\/www.article-marketing.eu\/comunicati\/\"},{\"@type\":\"ListItem\",\"position\":2,\"name\":\"Perch\u00e9 la pubblicit\u00e0 non ci ha salvati dalla crisi?\"}]},{\"@type\":\"WebSite\",\"@id\":\"https:\/\/www.article-marketing.eu\/comunicati\/#website\",\"url\":\"https:\/\/www.article-marketing.eu\/comunicati\/\",\"name\":\"Article Marketing\",\"description\":\"article marketing &amp; press release\",\"potentialAction\":[{\"@type\":\"SearchAction\",\"target\":{\"@type\":\"EntryPoint\",\"urlTemplate\":\"https:\/\/www.article-marketing.eu\/comunicati\/?s={search_term_string}\"},\"query-input\":{\"@type\":\"PropertyValueSpecification\",\"valueRequired\":true,\"valueName\":\"search_term_string\"}}],\"inLanguage\":\"it-IT\"},{\"@type\":\"Person\",\"@id\":\"https:\/\/www.article-marketing.eu\/comunicati\/#\/schema\/person\/44372e4d4d0fa797b18e03ed1ace9017\",\"name\":\"Redazione Comunicati Stampa\",\"image\":{\"@type\":\"ImageObject\",\"inLanguage\":\"it-IT\",\"@id\":\"https:\/\/www.article-marketing.eu\/comunicati\/#\/schema\/person\/image\/\",\"url\":\"https:\/\/secure.gravatar.com\/avatar\/50e5c6421d3072f42e7ace803501602c60d75233d34e29fd05feb91c8760b792?s=96&d=mm&r=g\",\"contentUrl\":\"https:\/\/secure.gravatar.com\/avatar\/50e5c6421d3072f42e7ace803501602c60d75233d34e29fd05feb91c8760b792?s=96&d=mm&r=g\",\"caption\":\"Redazione Comunicati Stampa\"},\"url\":\"https:\/\/www.article-marketing.eu\/comunicati\/author\/redazione-comunicati-stampa\/\"}]}<\/script>\n<!-- \/ Yoast SEO plugin. -->","yoast_head_json":{"title":"Perch\u00e9 la pubblicit\u00e0 non ci ha salvati dalla crisi? - Article Marketing","robots":{"index":"index","follow":"follow","max-snippet":"max-snippet:-1","max-image-preview":"max-image-preview:large","max-video-preview":"max-video-preview:-1"},"canonical":"https:\/\/www.article-marketing.eu\/comunicati\/economia-e-lavoro\/marketing\/perche-la-pubblicit?-non-ci-ha-salvati-dalla-crisi\/","og_locale":"it_IT","og_type":"article","og_title":"Perch\u00e9 la pubblicit\u00e0 non ci ha salvati dalla crisi? - Article Marketing","og_description":"La crisi economica ha portato ad una notevole riduzione del budget destinato alla pubblicit\u00e0, che si \u00e8 trasformata in tagli al personale creativo di piccole e grandi agenzie italiane. Dopo la crisi economica e finanziaria, dopo la crisi dell\u2019informazione, assistiamo ora anche alla grande crisi della pubblicit\u00e0\u2026.","og_url":"https:\/\/www.article-marketing.eu\/comunicati\/economia-e-lavoro\/marketing\/perche-la-pubblicit?-non-ci-ha-salvati-dalla-crisi\/","og_site_name":"Article Marketing","article_published_time":"2008-12-30T10:04:55+00:00","article_modified_time":"2018-06-04T18:10:31+00:00","author":"Redazione Comunicati Stampa","twitter_card":"summary_large_image","twitter_misc":{"Scritto da":"Redazione Comunicati Stampa","Tempo di lettura stimato":"2 minuti"},"schema":{"@context":"https:\/\/schema.org","@graph":[{"@type":"Article","@id":"https:\/\/www.article-marketing.eu\/comunicati\/economia-e-lavoro\/marketing\/perche-la-pubblicit%e0-non-ci-ha-salvati-dalla-crisi\/#article","isPartOf":{"@id":"https:\/\/www.article-marketing.eu\/comunicati\/economia-e-lavoro\/marketing\/perche-la-pubblicit%e0-non-ci-ha-salvati-dalla-crisi\/"},"author":{"name":"Redazione Comunicati Stampa","@id":"https:\/\/www.article-marketing.eu\/comunicati\/#\/schema\/person\/44372e4d4d0fa797b18e03ed1ace9017"},"headline":"Perch\u00e9 la pubblicit\u00e0 non ci ha salvati dalla crisi?","datePublished":"2008-12-30T10:04:55+00:00","dateModified":"2018-06-04T18:10:31+00:00","mainEntityOfPage":{"@id":"https:\/\/www.article-marketing.eu\/comunicati\/economia-e-lavoro\/marketing\/perche-la-pubblicit%e0-non-ci-ha-salvati-dalla-crisi\/"},"wordCount":440,"commentCount":0,"keywords":["agenzie pubblicit\u00e0","creativi","crisi","internet","investire","licenziamento","marketing","pubblicit\u00e0"],"articleSection":["Marketing"],"inLanguage":"it-IT","potentialAction":[{"@type":"CommentAction","name":"Comment","target":["https:\/\/www.article-marketing.eu\/comunicati\/economia-e-lavoro\/marketing\/perche-la-pubblicit%e0-non-ci-ha-salvati-dalla-crisi\/#respond"]}]},{"@type":"WebPage","@id":"https:\/\/www.article-marketing.eu\/comunicati\/economia-e-lavoro\/marketing\/perche-la-pubblicit%e0-non-ci-ha-salvati-dalla-crisi\/","url":"https:\/\/www.article-marketing.eu\/comunicati\/economia-e-lavoro\/marketing\/perche-la-pubblicit%e0-non-ci-ha-salvati-dalla-crisi\/","name":"Perch\u00e9 la pubblicit\u00e0 non ci ha salvati dalla crisi? - Article Marketing","isPartOf":{"@id":"https:\/\/www.article-marketing.eu\/comunicati\/#website"},"datePublished":"2008-12-30T10:04:55+00:00","dateModified":"2018-06-04T18:10:31+00:00","author":{"@id":"https:\/\/www.article-marketing.eu\/comunicati\/#\/schema\/person\/44372e4d4d0fa797b18e03ed1ace9017"},"breadcrumb":{"@id":"https:\/\/www.article-marketing.eu\/comunicati\/economia-e-lavoro\/marketing\/perche-la-pubblicit%e0-non-ci-ha-salvati-dalla-crisi\/#breadcrumb"},"inLanguage":"it-IT","potentialAction":[{"@type":"ReadAction","target":["https:\/\/www.article-marketing.eu\/comunicati\/economia-e-lavoro\/marketing\/perche-la-pubblicit%e0-non-ci-ha-salvati-dalla-crisi\/"]}]},{"@type":"BreadcrumbList","@id":"https:\/\/www.article-marketing.eu\/comunicati\/economia-e-lavoro\/marketing\/perche-la-pubblicit%e0-non-ci-ha-salvati-dalla-crisi\/#breadcrumb","itemListElement":[{"@type":"ListItem","position":1,"name":"Home","item":"https:\/\/www.article-marketing.eu\/comunicati\/"},{"@type":"ListItem","position":2,"name":"Perch\u00e9 la pubblicit\u00e0 non ci ha salvati dalla crisi?"}]},{"@type":"WebSite","@id":"https:\/\/www.article-marketing.eu\/comunicati\/#website","url":"https:\/\/www.article-marketing.eu\/comunicati\/","name":"Article Marketing","description":"article marketing &amp; press release","potentialAction":[{"@type":"SearchAction","target":{"@type":"EntryPoint","urlTemplate":"https:\/\/www.article-marketing.eu\/comunicati\/?s={search_term_string}"},"query-input":{"@type":"PropertyValueSpecification","valueRequired":true,"valueName":"search_term_string"}}],"inLanguage":"it-IT"},{"@type":"Person","@id":"https:\/\/www.article-marketing.eu\/comunicati\/#\/schema\/person\/44372e4d4d0fa797b18e03ed1ace9017","name":"Redazione Comunicati Stampa","image":{"@type":"ImageObject","inLanguage":"it-IT","@id":"https:\/\/www.article-marketing.eu\/comunicati\/#\/schema\/person\/image\/","url":"https:\/\/secure.gravatar.com\/avatar\/50e5c6421d3072f42e7ace803501602c60d75233d34e29fd05feb91c8760b792?s=96&d=mm&r=g","contentUrl":"https:\/\/secure.gravatar.com\/avatar\/50e5c6421d3072f42e7ace803501602c60d75233d34e29fd05feb91c8760b792?s=96&d=mm&r=g","caption":"Redazione Comunicati Stampa"},"url":"https:\/\/www.article-marketing.eu\/comunicati\/author\/redazione-comunicati-stampa\/"}]}},"_links":{"self":[{"href":"https:\/\/www.article-marketing.eu\/comunicati\/wp-json\/wp\/v2\/posts\/1097","targetHints":{"allow":["GET"]}}],"collection":[{"href":"https:\/\/www.article-marketing.eu\/comunicati\/wp-json\/wp\/v2\/posts"}],"about":[{"href":"https:\/\/www.article-marketing.eu\/comunicati\/wp-json\/wp\/v2\/types\/post"}],"author":[{"embeddable":true,"href":"https:\/\/www.article-marketing.eu\/comunicati\/wp-json\/wp\/v2\/users\/10"}],"replies":[{"embeddable":true,"href":"https:\/\/www.article-marketing.eu\/comunicati\/wp-json\/wp\/v2\/comments?post=1097"}],"version-history":[{"count":1,"href":"https:\/\/www.article-marketing.eu\/comunicati\/wp-json\/wp\/v2\/posts\/1097\/revisions"}],"predecessor-version":[{"id":55251,"href":"https:\/\/www.article-marketing.eu\/comunicati\/wp-json\/wp\/v2\/posts\/1097\/revisions\/55251"}],"wp:attachment":[{"href":"https:\/\/www.article-marketing.eu\/comunicati\/wp-json\/wp\/v2\/media?parent=1097"}],"wp:term":[{"taxonomy":"category","embeddable":true,"href":"https:\/\/www.article-marketing.eu\/comunicati\/wp-json\/wp\/v2\/categories?post=1097"},{"taxonomy":"post_tag","embeddable":true,"href":"https:\/\/www.article-marketing.eu\/comunicati\/wp-json\/wp\/v2\/tags?post=1097"}],"curies":[{"name":"wp","href":"https:\/\/api.w.org\/{rel}","templated":true}]}}