{"id":1099,"date":"2009-01-01T16:33:33","date_gmt":"2009-01-01T15:33:33","guid":{"rendered":"http:\/\/www.article-marketing.eu\/comunicati\/senza-categoria\/g-ravazzini-montecarlo-seed-invasion-jardine-exotique-di-montecarlo\/"},"modified":"2009-01-01T16:33:33","modified_gmt":"2009-01-01T15:33:33","slug":"g-ravazzini-montecarlo-seed-invasion-jardine-exotique-di-montecarlo","status":"publish","type":"post","link":"https:\/\/www.article-marketing.eu\/comunicati\/arte-e-cultura\/g-ravazzini-montecarlo-seed-invasion-jardine-exotique-di-montecarlo\/","title":{"rendered":"G.Ravazzini,Montecarlo Seed Invasion Jardine Exotique di Montecarlo"},"content":{"rendered":"<p>Si potrebbe parlare di Permacultura, si potrebbero citare i gruppi newyorkesi degli anni 60, i Green Guerrillas, per entrare in sintonia con Giuliano Ravazzini (Sassuolo, Modena, 1960; vive a Baiso R.E.) e con la stupefacente azione proposta al Jardine Exotique di Montecarlo. L\u2019artista inaugura il 2009 con una serie di azioni condotte personalmente che vanno ad arricchire il gi\u00e0 notevole archivio di eventi (Migrazioni di Microazioni). Per esplicito desiderio dell\u2019artista il giorno x verranno posti  a dimora  due kg. di semi della variet\u00e0 miscuglio di cicorie.<br \/>\n\u00c8 cos\u00ec che Ravazzini ha concepito la sua opera monegasca. Non \u00e8 una mostra, costituita da pi\u00f9 opere collocate in un contesto, non \u00e8 una installazione, pensata per questo luogo. Ma \u00e8 una azione che in un prossimo futuro si manifester\u00e0, modificando l\u2019estetica di questo prestigioso giardino.<br \/>\nGiuliano Ravazzini non ha pensato questa azione  esclusivamente per questo luogo, poich\u00e9 \u00e8 la sua modalit\u00e0 di intervenire nella natura; l\u2019artista diventa artefice  e come un brezza marina porta con s\u00e9 i semi che poi germoglieranno. Essi agiscono direttamente sul paesaggio, modificandone l\u2019aspetto. L\u2019azione prevede la crescita, la trasformazione e l\u2019obsolescenza dell\u2019opera prevista dall\u2019artista e affidata all\u2019azione degli agenti naturali. Ravazzini insiste da tempo su questo progetto ripetendo le semine che instancabilmente porta nei luoghi pi\u00f9 disparati. Il significato profondo, infatti, non sta nel prodotto artistico che si manifesta per il suo carattere effimero e fatalmente transitorio, ma  nell\u2019urgente desiderio  di  modificare il paesaggio, di  riattivare la relazione tra l\u2019uomo e la natura, lungi da un qualsiasi  processo di astrazione intellettuale, assecondando piuttosto  una reale esigenza che accompagna l\u2019uomo findalla preistoria.<\/p>\n<p>Durante tutto il periodo della mostra, le persone che  desiderano strumenti o spiegazioni  per entrare in sintonia con l\u2019evento, potranno rivolgersi a mediatori culturali che forniranno delle semplici chiavi per aprire il mistero dell\u2019opera, e favorire un\u2019empatia con l\u2019installazione. <\/p>\n<p>Ivan Hindu Sodalrivaz<\/p>\n<p>Migrazioni di Microazioni \u00e8 un progetto artistico interdisciplinare a cui partecipano persone di diversa nazionalit\u00e0 e provenienza. L\u2019idea che Giuliano Ravazzini sperimenta per la prima volta al Mart di Rovereto il 15-12-2006 coinvolgendo alcuni curatori, \u00e8 la prima azione del ciclo. I semi di cicoria abbondantemente sparsi nei giardini del museo senza la presenza dell\u2019artista segnano lo start di questa operazione performativa. Pi\u00f9 precisamente le Migrazioni di Microazioni possono essere permanenti o semipermanenti autorizzate o clandestine. Successivamente a quella data  inizia una ininterrotta serie di microazioni sparse per tutto il pianeta e supportate da un network di persone (artisti, curatori, architetti, musicisti, attori, filmakers, amici ecc.) che seguendo una traccia suggerita dall\u2019artista(\u2026da ricordare che la poetica di questo progetto  \u00e8 quasi sempre mettere a dimora senza autorizzazione piante o semi, preferibilmente in luoghi importanti e significativi, giardini, musei, piazze e monumenti G.R.). hanno compiuto la loro azione, nei luoghi di residenza, o da loro visitati. Questo interessante  e arbitrario processo sta producendo un  notevole archivio che documenta le singole esperienze mediate dai luoghi e dalla sensibilit\u00e0 degli esecutori.<\/p>\n<p>Ilario Baudanza<\/p>\n","protected":false},"excerpt":{"rendered":"<p>Riprendono le performance dell&#8217;artista Giuliano Ravazzini che \u00e8 gi\u00e0 impegnato nella citt\u00e0 monegasca con il ciclo Migrazioni di Mocroazioni<\/p>\n","protected":false},"author":10,"featured_media":0,"comment_status":"open","ping_status":"open","sticky":false,"template":"","format":"standard","meta":{"cybocfi_hide_featured_image":"","footnotes":""},"categories":[27],"tags":[3735,3736,3737,3738,3734,3733],"class_list":["post-1099","post","type-post","status-publish","format-standard","hentry","category-arte-e-cultura","tag-invasion","tag-land-art","tag-permacultura","tag-resilienza","tag-seed","tag-semi"],"yoast_head":"<!-- This site is optimized with the Yoast SEO plugin v27.0 - https:\/\/yoast.com\/product\/yoast-seo-wordpress\/ -->\n<title>G.Ravazzini,Montecarlo Seed Invasion Jardine Exotique di Montecarlo - Article Marketing<\/title>\n<meta name=\"robots\" content=\"index, follow, max-snippet:-1, max-image-preview:large, max-video-preview:-1\" \/>\n<link rel=\"canonical\" href=\"https:\/\/www.article-marketing.eu\/comunicati\/arte-e-cultura\/g-ravazzini-montecarlo-seed-invasion-jardine-exotique-di-montecarlo\/\" \/>\n<meta property=\"og:locale\" content=\"it_IT\" \/>\n<meta property=\"og:type\" content=\"article\" \/>\n<meta property=\"og:title\" content=\"G.Ravazzini,Montecarlo Seed Invasion Jardine Exotique di Montecarlo - Article Marketing\" \/>\n<meta property=\"og:description\" content=\"Riprendono le performance dell&#039;artista Giuliano Ravazzini che \u00e8 gi\u00e0 impegnato nella citt\u00e0 monegasca con il ciclo Migrazioni di Mocroazioni\" \/>\n<meta property=\"og:url\" content=\"https:\/\/www.article-marketing.eu\/comunicati\/arte-e-cultura\/g-ravazzini-montecarlo-seed-invasion-jardine-exotique-di-montecarlo\/\" \/>\n<meta property=\"og:site_name\" content=\"Article Marketing\" \/>\n<meta property=\"article:published_time\" content=\"2009-01-01T15:33:33+00:00\" \/>\n<meta name=\"author\" content=\"Redazione Comunicati Stampa\" \/>\n<meta name=\"twitter:card\" content=\"summary_large_image\" \/>\n<meta name=\"twitter:label1\" content=\"Scritto da\" \/>\n\t<meta name=\"twitter:data1\" content=\"Redazione Comunicati Stampa\" \/>\n\t<meta name=\"twitter:label2\" content=\"Tempo di lettura stimato\" \/>\n\t<meta name=\"twitter:data2\" content=\"2 minuti\" \/>\n<script type=\"application\/ld+json\" class=\"yoast-schema-graph\">{\"@context\":\"https:\/\/schema.org\",\"@graph\":[{\"@type\":\"Article\",\"@id\":\"https:\/\/www.article-marketing.eu\/comunicati\/arte-e-cultura\/g-ravazzini-montecarlo-seed-invasion-jardine-exotique-di-montecarlo\/#article\",\"isPartOf\":{\"@id\":\"https:\/\/www.article-marketing.eu\/comunicati\/arte-e-cultura\/g-ravazzini-montecarlo-seed-invasion-jardine-exotique-di-montecarlo\/\"},\"author\":{\"name\":\"Redazione Comunicati Stampa\",\"@id\":\"https:\/\/www.article-marketing.eu\/comunicati\/#\/schema\/person\/44372e4d4d0fa797b18e03ed1ace9017\"},\"headline\":\"G.Ravazzini,Montecarlo Seed Invasion Jardine Exotique di Montecarlo\",\"datePublished\":\"2009-01-01T15:33:33+00:00\",\"mainEntityOfPage\":{\"@id\":\"https:\/\/www.article-marketing.eu\/comunicati\/arte-e-cultura\/g-ravazzini-montecarlo-seed-invasion-jardine-exotique-di-montecarlo\/\"},\"wordCount\":508,\"commentCount\":0,\"keywords\":[\"invasion\",\"land art\",\"permacultura\",\"resilienza\",\"seed\",\"semi\"],\"articleSection\":[\"Arte e cultura\"],\"inLanguage\":\"it-IT\",\"potentialAction\":[{\"@type\":\"CommentAction\",\"name\":\"Comment\",\"target\":[\"https:\/\/www.article-marketing.eu\/comunicati\/arte-e-cultura\/g-ravazzini-montecarlo-seed-invasion-jardine-exotique-di-montecarlo\/#respond\"]}]},{\"@type\":\"WebPage\",\"@id\":\"https:\/\/www.article-marketing.eu\/comunicati\/arte-e-cultura\/g-ravazzini-montecarlo-seed-invasion-jardine-exotique-di-montecarlo\/\",\"url\":\"https:\/\/www.article-marketing.eu\/comunicati\/arte-e-cultura\/g-ravazzini-montecarlo-seed-invasion-jardine-exotique-di-montecarlo\/\",\"name\":\"G.Ravazzini,Montecarlo Seed Invasion Jardine Exotique di Montecarlo - Article Marketing\",\"isPartOf\":{\"@id\":\"https:\/\/www.article-marketing.eu\/comunicati\/#website\"},\"datePublished\":\"2009-01-01T15:33:33+00:00\",\"author\":{\"@id\":\"https:\/\/www.article-marketing.eu\/comunicati\/#\/schema\/person\/44372e4d4d0fa797b18e03ed1ace9017\"},\"breadcrumb\":{\"@id\":\"https:\/\/www.article-marketing.eu\/comunicati\/arte-e-cultura\/g-ravazzini-montecarlo-seed-invasion-jardine-exotique-di-montecarlo\/#breadcrumb\"},\"inLanguage\":\"it-IT\",\"potentialAction\":[{\"@type\":\"ReadAction\",\"target\":[\"https:\/\/www.article-marketing.eu\/comunicati\/arte-e-cultura\/g-ravazzini-montecarlo-seed-invasion-jardine-exotique-di-montecarlo\/\"]}]},{\"@type\":\"BreadcrumbList\",\"@id\":\"https:\/\/www.article-marketing.eu\/comunicati\/arte-e-cultura\/g-ravazzini-montecarlo-seed-invasion-jardine-exotique-di-montecarlo\/#breadcrumb\",\"itemListElement\":[{\"@type\":\"ListItem\",\"position\":1,\"name\":\"Home\",\"item\":\"https:\/\/www.article-marketing.eu\/comunicati\/\"},{\"@type\":\"ListItem\",\"position\":2,\"name\":\"G.Ravazzini,Montecarlo Seed Invasion Jardine Exotique di Montecarlo\"}]},{\"@type\":\"WebSite\",\"@id\":\"https:\/\/www.article-marketing.eu\/comunicati\/#website\",\"url\":\"https:\/\/www.article-marketing.eu\/comunicati\/\",\"name\":\"Article Marketing\",\"description\":\"article marketing &amp; press release\",\"potentialAction\":[{\"@type\":\"SearchAction\",\"target\":{\"@type\":\"EntryPoint\",\"urlTemplate\":\"https:\/\/www.article-marketing.eu\/comunicati\/?s={search_term_string}\"},\"query-input\":{\"@type\":\"PropertyValueSpecification\",\"valueRequired\":true,\"valueName\":\"search_term_string\"}}],\"inLanguage\":\"it-IT\"},{\"@type\":\"Person\",\"@id\":\"https:\/\/www.article-marketing.eu\/comunicati\/#\/schema\/person\/44372e4d4d0fa797b18e03ed1ace9017\",\"name\":\"Redazione Comunicati Stampa\",\"image\":{\"@type\":\"ImageObject\",\"inLanguage\":\"it-IT\",\"@id\":\"https:\/\/www.article-marketing.eu\/comunicati\/#\/schema\/person\/image\/\",\"url\":\"https:\/\/secure.gravatar.com\/avatar\/50e5c6421d3072f42e7ace803501602c60d75233d34e29fd05feb91c8760b792?s=96&d=mm&r=g\",\"contentUrl\":\"https:\/\/secure.gravatar.com\/avatar\/50e5c6421d3072f42e7ace803501602c60d75233d34e29fd05feb91c8760b792?s=96&d=mm&r=g\",\"caption\":\"Redazione Comunicati Stampa\"},\"url\":\"https:\/\/www.article-marketing.eu\/comunicati\/author\/redazione-comunicati-stampa\/\"}]}<\/script>\n<!-- \/ Yoast SEO plugin. -->","yoast_head_json":{"title":"G.Ravazzini,Montecarlo Seed Invasion Jardine Exotique di Montecarlo - Article Marketing","robots":{"index":"index","follow":"follow","max-snippet":"max-snippet:-1","max-image-preview":"max-image-preview:large","max-video-preview":"max-video-preview:-1"},"canonical":"https:\/\/www.article-marketing.eu\/comunicati\/arte-e-cultura\/g-ravazzini-montecarlo-seed-invasion-jardine-exotique-di-montecarlo\/","og_locale":"it_IT","og_type":"article","og_title":"G.Ravazzini,Montecarlo Seed Invasion Jardine Exotique di Montecarlo - Article Marketing","og_description":"Riprendono le performance dell'artista Giuliano Ravazzini che \u00e8 gi\u00e0 impegnato nella citt\u00e0 monegasca con il ciclo Migrazioni di Mocroazioni","og_url":"https:\/\/www.article-marketing.eu\/comunicati\/arte-e-cultura\/g-ravazzini-montecarlo-seed-invasion-jardine-exotique-di-montecarlo\/","og_site_name":"Article Marketing","article_published_time":"2009-01-01T15:33:33+00:00","author":"Redazione Comunicati Stampa","twitter_card":"summary_large_image","twitter_misc":{"Scritto da":"Redazione Comunicati Stampa","Tempo di lettura stimato":"2 minuti"},"schema":{"@context":"https:\/\/schema.org","@graph":[{"@type":"Article","@id":"https:\/\/www.article-marketing.eu\/comunicati\/arte-e-cultura\/g-ravazzini-montecarlo-seed-invasion-jardine-exotique-di-montecarlo\/#article","isPartOf":{"@id":"https:\/\/www.article-marketing.eu\/comunicati\/arte-e-cultura\/g-ravazzini-montecarlo-seed-invasion-jardine-exotique-di-montecarlo\/"},"author":{"name":"Redazione Comunicati Stampa","@id":"https:\/\/www.article-marketing.eu\/comunicati\/#\/schema\/person\/44372e4d4d0fa797b18e03ed1ace9017"},"headline":"G.Ravazzini,Montecarlo Seed Invasion Jardine Exotique di Montecarlo","datePublished":"2009-01-01T15:33:33+00:00","mainEntityOfPage":{"@id":"https:\/\/www.article-marketing.eu\/comunicati\/arte-e-cultura\/g-ravazzini-montecarlo-seed-invasion-jardine-exotique-di-montecarlo\/"},"wordCount":508,"commentCount":0,"keywords":["invasion","land art","permacultura","resilienza","seed","semi"],"articleSection":["Arte e cultura"],"inLanguage":"it-IT","potentialAction":[{"@type":"CommentAction","name":"Comment","target":["https:\/\/www.article-marketing.eu\/comunicati\/arte-e-cultura\/g-ravazzini-montecarlo-seed-invasion-jardine-exotique-di-montecarlo\/#respond"]}]},{"@type":"WebPage","@id":"https:\/\/www.article-marketing.eu\/comunicati\/arte-e-cultura\/g-ravazzini-montecarlo-seed-invasion-jardine-exotique-di-montecarlo\/","url":"https:\/\/www.article-marketing.eu\/comunicati\/arte-e-cultura\/g-ravazzini-montecarlo-seed-invasion-jardine-exotique-di-montecarlo\/","name":"G.Ravazzini,Montecarlo Seed Invasion Jardine Exotique di Montecarlo - Article Marketing","isPartOf":{"@id":"https:\/\/www.article-marketing.eu\/comunicati\/#website"},"datePublished":"2009-01-01T15:33:33+00:00","author":{"@id":"https:\/\/www.article-marketing.eu\/comunicati\/#\/schema\/person\/44372e4d4d0fa797b18e03ed1ace9017"},"breadcrumb":{"@id":"https:\/\/www.article-marketing.eu\/comunicati\/arte-e-cultura\/g-ravazzini-montecarlo-seed-invasion-jardine-exotique-di-montecarlo\/#breadcrumb"},"inLanguage":"it-IT","potentialAction":[{"@type":"ReadAction","target":["https:\/\/www.article-marketing.eu\/comunicati\/arte-e-cultura\/g-ravazzini-montecarlo-seed-invasion-jardine-exotique-di-montecarlo\/"]}]},{"@type":"BreadcrumbList","@id":"https:\/\/www.article-marketing.eu\/comunicati\/arte-e-cultura\/g-ravazzini-montecarlo-seed-invasion-jardine-exotique-di-montecarlo\/#breadcrumb","itemListElement":[{"@type":"ListItem","position":1,"name":"Home","item":"https:\/\/www.article-marketing.eu\/comunicati\/"},{"@type":"ListItem","position":2,"name":"G.Ravazzini,Montecarlo Seed Invasion Jardine Exotique di Montecarlo"}]},{"@type":"WebSite","@id":"https:\/\/www.article-marketing.eu\/comunicati\/#website","url":"https:\/\/www.article-marketing.eu\/comunicati\/","name":"Article Marketing","description":"article marketing &amp; press release","potentialAction":[{"@type":"SearchAction","target":{"@type":"EntryPoint","urlTemplate":"https:\/\/www.article-marketing.eu\/comunicati\/?s={search_term_string}"},"query-input":{"@type":"PropertyValueSpecification","valueRequired":true,"valueName":"search_term_string"}}],"inLanguage":"it-IT"},{"@type":"Person","@id":"https:\/\/www.article-marketing.eu\/comunicati\/#\/schema\/person\/44372e4d4d0fa797b18e03ed1ace9017","name":"Redazione Comunicati Stampa","image":{"@type":"ImageObject","inLanguage":"it-IT","@id":"https:\/\/www.article-marketing.eu\/comunicati\/#\/schema\/person\/image\/","url":"https:\/\/secure.gravatar.com\/avatar\/50e5c6421d3072f42e7ace803501602c60d75233d34e29fd05feb91c8760b792?s=96&d=mm&r=g","contentUrl":"https:\/\/secure.gravatar.com\/avatar\/50e5c6421d3072f42e7ace803501602c60d75233d34e29fd05feb91c8760b792?s=96&d=mm&r=g","caption":"Redazione Comunicati Stampa"},"url":"https:\/\/www.article-marketing.eu\/comunicati\/author\/redazione-comunicati-stampa\/"}]}},"_links":{"self":[{"href":"https:\/\/www.article-marketing.eu\/comunicati\/wp-json\/wp\/v2\/posts\/1099","targetHints":{"allow":["GET"]}}],"collection":[{"href":"https:\/\/www.article-marketing.eu\/comunicati\/wp-json\/wp\/v2\/posts"}],"about":[{"href":"https:\/\/www.article-marketing.eu\/comunicati\/wp-json\/wp\/v2\/types\/post"}],"author":[{"embeddable":true,"href":"https:\/\/www.article-marketing.eu\/comunicati\/wp-json\/wp\/v2\/users\/10"}],"replies":[{"embeddable":true,"href":"https:\/\/www.article-marketing.eu\/comunicati\/wp-json\/wp\/v2\/comments?post=1099"}],"version-history":[{"count":0,"href":"https:\/\/www.article-marketing.eu\/comunicati\/wp-json\/wp\/v2\/posts\/1099\/revisions"}],"wp:attachment":[{"href":"https:\/\/www.article-marketing.eu\/comunicati\/wp-json\/wp\/v2\/media?parent=1099"}],"wp:term":[{"taxonomy":"category","embeddable":true,"href":"https:\/\/www.article-marketing.eu\/comunicati\/wp-json\/wp\/v2\/categories?post=1099"},{"taxonomy":"post_tag","embeddable":true,"href":"https:\/\/www.article-marketing.eu\/comunicati\/wp-json\/wp\/v2\/tags?post=1099"}],"curies":[{"name":"wp","href":"https:\/\/api.w.org\/{rel}","templated":true}]}}