{"id":1100,"date":"2008-12-31T12:57:38","date_gmt":"2008-12-31T11:57:38","guid":{"rendered":"http:\/\/www.article-marketing.eu\/comunicati\/senza-categoria\/epifania-2009-in-abruzzo-una-befana-speciale-da-festeggiare-a-laquila-con-soggiorno-in-antico-monastero\/"},"modified":"2008-12-31T12:57:38","modified_gmt":"2008-12-31T11:57:38","slug":"epifania-2009-in-abruzzo-una-befana-speciale-da-festeggiare-a-laquila-con-soggiorno-in-antico-monastero","status":"publish","type":"post","link":"https:\/\/www.article-marketing.eu\/comunicati\/viaggi-e-vacanze\/epifania-2009-in-abruzzo-una-befana-speciale-da-festeggiare-a-laquila-con-soggiorno-in-antico-monastero\/","title":{"rendered":"Epifania 2009 \u2013 In Abruzzo una Befana speciale da festeggiare a L\u2019Aquila con soggiorno in antico monastero"},"content":{"rendered":"<p style=\"MARGIN: 0px\">&nbsp;<\/p>\n<p style=\"MARGIN: 0px\">&nbsp;<\/p>\n<p style=\"MARGIN: 0px\"><img loading=\"lazy\" decoding=\"async\" height=\"199\" hspace=\"3\" src=\"http:\/\/www.turiscom.com\/turiscom\/images\/monastero\/chiostro_centrale.jpg\" width=\"300\" align=\"right\" vspace=\"3\" border=\"0\" \/>Il Monastero Santo Spirito \u2013 Ocre (L\u2019Aquila) \u2013 ci regala un\u2019altra incredibile offerta speciale per una vacanza in montagna in Abruzzo.<\/p>\n<p style=\"MARGIN: 0px\">Per concludere degnamente le feste iniziate con il Natale 2008, passate per Santo Stefano e Capodanno, non rimaneva che organizzarsi per l\u2019Epifania 2009, la nostra Cara Befana che oltre a portare carbone \u201ctutte le feste si porta via\u201d.<\/p>\n<p style=\"MARGIN: 0px\">&nbsp;<\/p>\n<p style=\"MARGIN: 0px\">L\u2019offerta \u00e8 legata ad un evento molto caratteristico della citt\u00e0 dell\u2019Aquila, <\/p>\n<p style=\"MARGIN: 0px\"><strong>la Fiera dell\u2019Epifania<\/strong><\/p>\n<p style=\"MARGIN: 0px\">che si svolger\u00e0 in pieno centro storico della citt\u00e0 della citt\u00e0 Sabato 5 Gennaio<\/p>\n<p style=\"MARGIN: 0px\">&nbsp;<\/p>\n<p style=\"MARGIN: 0px\">Il Mercatino, affollato di espositori e frequentato da moltissime persone, si svolger\u00e0 nelle piazze e sotto i portici con l\u2019esposizione di oggetti interessanti e curiosi con molto da vedere e . . . comprare a ottimi prezzi!<\/p>\n<p style=\"MARGIN: 0px\">In pi\u00f9, per questa Befana 2009, si esibir\u00e0 il gruppo dei fiati dell&#8217;orchestra della citt\u00e0 gemella di Rottweil (Germania) e sar\u00e0 presente anche il direttore della scuola di musica della citt\u00e0 tedesca, maestro Kholer.<\/p>\n<p style=\"MARGIN: 0px\">&nbsp;<\/p>\n<p style=\"MARGIN: 0px\">Il Monastero di Santo Spirito d\u2019Ocre vi offre tre pernottamenti in mezza pensione per completare la suggestione di una vacanza unica ed esclusiva. <strong>Nell\u2019offerta \u00e8 compreso anche il transfert da e per la Fiera dell&#8217;Epifania dell&#8217;Aquila<\/strong>.<\/p>\n<p style=\"MARGIN: 0px\">&nbsp;<\/p>\n<p style=\"MARGIN: 0px\">Quale luogo migliore per trascorrere il periodo festivo in modo diverso dal solito ed indimenticabile, lontani dai ritmi frenetici della vita quotidiana, ritrovando e riscoprendo culture e ritmi che hanno il sapore \u201cdi antico\u201d.<\/p>\n<p style=\"MARGIN: 0px\">&nbsp;<\/p>\n<p style=\"MARGIN: 0px\">Immersi nel fascino di storia e cultura tangibili con mano, in un contesto naturale tra le massime espressioni abruzzesi, avrete la possibilit\u00e0 di soggiornare tra mura antiche ed atmosfere di altri tempi<\/p>\n<p style=\"MARGIN: 0px\">&nbsp;<\/p>\n<p style=\"MARGIN: 0px\">Un\u2019esperienza ed una vacanza diversa da vivere in Abruzzo, in grado di ritemprare sia il fisico che la mente e prepararci per tornare . . . a lavoro.<\/p>\n<p style=\"MARGIN: 0px\">&nbsp;<\/p>\n<p style=\"MARGIN: 0px\">Tutti i dettagli e le informazioni in esclusiva su Turiscom Italia&nbsp;&#8211; sezione offerte e last minute<\/p>\n<p style=\"MARGIN: 0px\"><a href=\"http:\/\/www.turiscom.com\/turiscom\/turiscom_it.asp\">http:\/\/www.turiscom.com\/turiscom\/turiscom_it.asp<\/a><\/p>\n<p style=\"MARGIN: 0px\">(servizi gratuiti senza richiesta di registrazione) <\/p>\n<p style=\"MARGIN: 0px\">&nbsp;<\/p>\n<p style=\"MARGIN: 0px\">L\u2019offerta del Monastero in breve:<\/p>\n<p style=\"MARGIN: 0px\">3 Notti in mezza pensione in occasione della Fiera dell&#8217;Epifania a L&#8217;aquila, <\/p>\n<p style=\"MARGIN: 0px\">compreso transfert da e per la fiera stessa. <\/p>\n<p style=\"MARGIN: 0px\">Il tutto a 200,00 Euro a persona<\/p>\n","protected":false},"excerpt":{"rendered":"<p>La Befana in Abruzzo &#8211; Il Monastero Santo Spirito \u2013 Ocre (L\u2019Aquila) \u2013 ci regala un\u2019altra incredibile offerta speciale per una vacanza in montagna in Abruzzo in occasione dell&#8217;Epifania 2009<\/p>\n","protected":false},"author":10,"featured_media":0,"comment_status":"open","ping_status":"open","sticky":false,"template":"","format":"standard","meta":{"cybocfi_hide_featured_image":"","footnotes":""},"categories":[280],"tags":[3741,3740,3739],"class_list":["post-1100","post","type-post","status-publish","format-standard","hentry","category-viaggi-e-vacanze","tag-befana-2009-offerte","tag-befana-abruzzo","tag-epifania-2009-abruzzo"],"yoast_head":"<!-- This site is optimized with the Yoast SEO plugin v27.0 - https:\/\/yoast.com\/product\/yoast-seo-wordpress\/ -->\n<title>Epifania 2009 \u2013 In Abruzzo una Befana speciale da festeggiare a L\u2019Aquila con soggiorno in antico monastero - Article Marketing<\/title>\n<meta name=\"robots\" content=\"index, follow, max-snippet:-1, max-image-preview:large, max-video-preview:-1\" \/>\n<link rel=\"canonical\" href=\"https:\/\/www.article-marketing.eu\/comunicati\/viaggi-e-vacanze\/epifania-2009-in-abruzzo-una-befana-speciale-da-festeggiare-a-laquila-con-soggiorno-in-antico-monastero\/\" \/>\n<meta property=\"og:locale\" content=\"it_IT\" \/>\n<meta property=\"og:type\" content=\"article\" \/>\n<meta property=\"og:title\" content=\"Epifania 2009 \u2013 In Abruzzo una Befana speciale da festeggiare a L\u2019Aquila con soggiorno in antico monastero - Article Marketing\" \/>\n<meta property=\"og:description\" content=\"La Befana in Abruzzo - Il Monastero Santo Spirito \u2013 Ocre (L\u2019Aquila) \u2013 ci regala un\u2019altra incredibile offerta speciale per una vacanza in montagna in Abruzzo in occasione dell&#039;Epifania 2009\" \/>\n<meta property=\"og:url\" content=\"https:\/\/www.article-marketing.eu\/comunicati\/viaggi-e-vacanze\/epifania-2009-in-abruzzo-una-befana-speciale-da-festeggiare-a-laquila-con-soggiorno-in-antico-monastero\/\" \/>\n<meta property=\"og:site_name\" content=\"Article Marketing\" \/>\n<meta property=\"article:published_time\" content=\"2008-12-31T11:57:38+00:00\" \/>\n<meta property=\"og:image\" content=\"http:\/\/www.turiscom.com\/turiscom\/images\/monastero\/chiostro_centrale.jpg\" \/>\n<meta name=\"author\" content=\"Redazione Comunicati Stampa\" \/>\n<meta name=\"twitter:card\" content=\"summary_large_image\" \/>\n<meta name=\"twitter:label1\" content=\"Scritto da\" \/>\n\t<meta name=\"twitter:data1\" content=\"Redazione Comunicati Stampa\" \/>\n\t<meta name=\"twitter:label2\" content=\"Tempo di lettura stimato\" \/>\n\t<meta name=\"twitter:data2\" content=\"2 minuti\" \/>\n<script type=\"application\/ld+json\" class=\"yoast-schema-graph\">{\"@context\":\"https:\/\/schema.org\",\"@graph\":[{\"@type\":\"Article\",\"@id\":\"https:\/\/www.article-marketing.eu\/comunicati\/viaggi-e-vacanze\/epifania-2009-in-abruzzo-una-befana-speciale-da-festeggiare-a-laquila-con-soggiorno-in-antico-monastero\/#article\",\"isPartOf\":{\"@id\":\"https:\/\/www.article-marketing.eu\/comunicati\/viaggi-e-vacanze\/epifania-2009-in-abruzzo-una-befana-speciale-da-festeggiare-a-laquila-con-soggiorno-in-antico-monastero\/\"},\"author\":{\"name\":\"Redazione Comunicati Stampa\",\"@id\":\"https:\/\/www.article-marketing.eu\/comunicati\/#\/schema\/person\/44372e4d4d0fa797b18e03ed1ace9017\"},\"headline\":\"Epifania 2009 \u2013 In Abruzzo una Befana speciale da festeggiare a L\u2019Aquila con soggiorno in antico monastero\",\"datePublished\":\"2008-12-31T11:57:38+00:00\",\"mainEntityOfPage\":{\"@id\":\"https:\/\/www.article-marketing.eu\/comunicati\/viaggi-e-vacanze\/epifania-2009-in-abruzzo-una-befana-speciale-da-festeggiare-a-laquila-con-soggiorno-in-antico-monastero\/\"},\"wordCount\":373,\"commentCount\":0,\"image\":{\"@id\":\"https:\/\/www.article-marketing.eu\/comunicati\/viaggi-e-vacanze\/epifania-2009-in-abruzzo-una-befana-speciale-da-festeggiare-a-laquila-con-soggiorno-in-antico-monastero\/#primaryimage\"},\"thumbnailUrl\":\"http:\/\/www.turiscom.com\/turiscom\/images\/monastero\/chiostro_centrale.jpg\",\"keywords\":[\"befana 2009 offerte\",\"befana abruzzo\",\"epifania 2009 abruzzo\"],\"articleSection\":[\"Viaggi e vacanze\"],\"inLanguage\":\"it-IT\",\"potentialAction\":[{\"@type\":\"CommentAction\",\"name\":\"Comment\",\"target\":[\"https:\/\/www.article-marketing.eu\/comunicati\/viaggi-e-vacanze\/epifania-2009-in-abruzzo-una-befana-speciale-da-festeggiare-a-laquila-con-soggiorno-in-antico-monastero\/#respond\"]}]},{\"@type\":\"WebPage\",\"@id\":\"https:\/\/www.article-marketing.eu\/comunicati\/viaggi-e-vacanze\/epifania-2009-in-abruzzo-una-befana-speciale-da-festeggiare-a-laquila-con-soggiorno-in-antico-monastero\/\",\"url\":\"https:\/\/www.article-marketing.eu\/comunicati\/viaggi-e-vacanze\/epifania-2009-in-abruzzo-una-befana-speciale-da-festeggiare-a-laquila-con-soggiorno-in-antico-monastero\/\",\"name\":\"Epifania 2009 \u2013 In Abruzzo una Befana speciale da festeggiare a L\u2019Aquila con soggiorno in antico monastero - Article Marketing\",\"isPartOf\":{\"@id\":\"https:\/\/www.article-marketing.eu\/comunicati\/#website\"},\"primaryImageOfPage\":{\"@id\":\"https:\/\/www.article-marketing.eu\/comunicati\/viaggi-e-vacanze\/epifania-2009-in-abruzzo-una-befana-speciale-da-festeggiare-a-laquila-con-soggiorno-in-antico-monastero\/#primaryimage\"},\"image\":{\"@id\":\"https:\/\/www.article-marketing.eu\/comunicati\/viaggi-e-vacanze\/epifania-2009-in-abruzzo-una-befana-speciale-da-festeggiare-a-laquila-con-soggiorno-in-antico-monastero\/#primaryimage\"},\"thumbnailUrl\":\"http:\/\/www.turiscom.com\/turiscom\/images\/monastero\/chiostro_centrale.jpg\",\"datePublished\":\"2008-12-31T11:57:38+00:00\",\"author\":{\"@id\":\"https:\/\/www.article-marketing.eu\/comunicati\/#\/schema\/person\/44372e4d4d0fa797b18e03ed1ace9017\"},\"breadcrumb\":{\"@id\":\"https:\/\/www.article-marketing.eu\/comunicati\/viaggi-e-vacanze\/epifania-2009-in-abruzzo-una-befana-speciale-da-festeggiare-a-laquila-con-soggiorno-in-antico-monastero\/#breadcrumb\"},\"inLanguage\":\"it-IT\",\"potentialAction\":[{\"@type\":\"ReadAction\",\"target\":[\"https:\/\/www.article-marketing.eu\/comunicati\/viaggi-e-vacanze\/epifania-2009-in-abruzzo-una-befana-speciale-da-festeggiare-a-laquila-con-soggiorno-in-antico-monastero\/\"]}]},{\"@type\":\"ImageObject\",\"inLanguage\":\"it-IT\",\"@id\":\"https:\/\/www.article-marketing.eu\/comunicati\/viaggi-e-vacanze\/epifania-2009-in-abruzzo-una-befana-speciale-da-festeggiare-a-laquila-con-soggiorno-in-antico-monastero\/#primaryimage\",\"url\":\"http:\/\/www.turiscom.com\/turiscom\/images\/monastero\/chiostro_centrale.jpg\",\"contentUrl\":\"http:\/\/www.turiscom.com\/turiscom\/images\/monastero\/chiostro_centrale.jpg\"},{\"@type\":\"BreadcrumbList\",\"@id\":\"https:\/\/www.article-marketing.eu\/comunicati\/viaggi-e-vacanze\/epifania-2009-in-abruzzo-una-befana-speciale-da-festeggiare-a-laquila-con-soggiorno-in-antico-monastero\/#breadcrumb\",\"itemListElement\":[{\"@type\":\"ListItem\",\"position\":1,\"name\":\"Home\",\"item\":\"https:\/\/www.article-marketing.eu\/comunicati\/\"},{\"@type\":\"ListItem\",\"position\":2,\"name\":\"Epifania 2009 \u2013 In Abruzzo una Befana speciale da festeggiare a L\u2019Aquila con soggiorno in antico monastero\"}]},{\"@type\":\"WebSite\",\"@id\":\"https:\/\/www.article-marketing.eu\/comunicati\/#website\",\"url\":\"https:\/\/www.article-marketing.eu\/comunicati\/\",\"name\":\"Article Marketing\",\"description\":\"article marketing &amp; press release\",\"potentialAction\":[{\"@type\":\"SearchAction\",\"target\":{\"@type\":\"EntryPoint\",\"urlTemplate\":\"https:\/\/www.article-marketing.eu\/comunicati\/?s={search_term_string}\"},\"query-input\":{\"@type\":\"PropertyValueSpecification\",\"valueRequired\":true,\"valueName\":\"search_term_string\"}}],\"inLanguage\":\"it-IT\"},{\"@type\":\"Person\",\"@id\":\"https:\/\/www.article-marketing.eu\/comunicati\/#\/schema\/person\/44372e4d4d0fa797b18e03ed1ace9017\",\"name\":\"Redazione Comunicati Stampa\",\"image\":{\"@type\":\"ImageObject\",\"inLanguage\":\"it-IT\",\"@id\":\"https:\/\/www.article-marketing.eu\/comunicati\/#\/schema\/person\/image\/\",\"url\":\"https:\/\/secure.gravatar.com\/avatar\/50e5c6421d3072f42e7ace803501602c60d75233d34e29fd05feb91c8760b792?s=96&d=mm&r=g\",\"contentUrl\":\"https:\/\/secure.gravatar.com\/avatar\/50e5c6421d3072f42e7ace803501602c60d75233d34e29fd05feb91c8760b792?s=96&d=mm&r=g\",\"caption\":\"Redazione Comunicati Stampa\"},\"url\":\"https:\/\/www.article-marketing.eu\/comunicati\/author\/redazione-comunicati-stampa\/\"}]}<\/script>\n<!-- \/ Yoast SEO plugin. -->","yoast_head_json":{"title":"Epifania 2009 \u2013 In Abruzzo una Befana speciale da festeggiare a L\u2019Aquila con soggiorno in antico monastero - Article Marketing","robots":{"index":"index","follow":"follow","max-snippet":"max-snippet:-1","max-image-preview":"max-image-preview:large","max-video-preview":"max-video-preview:-1"},"canonical":"https:\/\/www.article-marketing.eu\/comunicati\/viaggi-e-vacanze\/epifania-2009-in-abruzzo-una-befana-speciale-da-festeggiare-a-laquila-con-soggiorno-in-antico-monastero\/","og_locale":"it_IT","og_type":"article","og_title":"Epifania 2009 \u2013 In Abruzzo una Befana speciale da festeggiare a L\u2019Aquila con soggiorno in antico monastero - Article Marketing","og_description":"La Befana in Abruzzo - Il Monastero Santo Spirito \u2013 Ocre (L\u2019Aquila) \u2013 ci regala un\u2019altra incredibile offerta speciale per una vacanza in montagna in Abruzzo in occasione dell'Epifania 2009","og_url":"https:\/\/www.article-marketing.eu\/comunicati\/viaggi-e-vacanze\/epifania-2009-in-abruzzo-una-befana-speciale-da-festeggiare-a-laquila-con-soggiorno-in-antico-monastero\/","og_site_name":"Article Marketing","article_published_time":"2008-12-31T11:57:38+00:00","og_image":[{"url":"http:\/\/www.turiscom.com\/turiscom\/images\/monastero\/chiostro_centrale.jpg","type":"","width":"","height":""}],"author":"Redazione Comunicati Stampa","twitter_card":"summary_large_image","twitter_misc":{"Scritto da":"Redazione Comunicati Stampa","Tempo di lettura stimato":"2 minuti"},"schema":{"@context":"https:\/\/schema.org","@graph":[{"@type":"Article","@id":"https:\/\/www.article-marketing.eu\/comunicati\/viaggi-e-vacanze\/epifania-2009-in-abruzzo-una-befana-speciale-da-festeggiare-a-laquila-con-soggiorno-in-antico-monastero\/#article","isPartOf":{"@id":"https:\/\/www.article-marketing.eu\/comunicati\/viaggi-e-vacanze\/epifania-2009-in-abruzzo-una-befana-speciale-da-festeggiare-a-laquila-con-soggiorno-in-antico-monastero\/"},"author":{"name":"Redazione Comunicati Stampa","@id":"https:\/\/www.article-marketing.eu\/comunicati\/#\/schema\/person\/44372e4d4d0fa797b18e03ed1ace9017"},"headline":"Epifania 2009 \u2013 In Abruzzo una Befana speciale da festeggiare a L\u2019Aquila con soggiorno in antico monastero","datePublished":"2008-12-31T11:57:38+00:00","mainEntityOfPage":{"@id":"https:\/\/www.article-marketing.eu\/comunicati\/viaggi-e-vacanze\/epifania-2009-in-abruzzo-una-befana-speciale-da-festeggiare-a-laquila-con-soggiorno-in-antico-monastero\/"},"wordCount":373,"commentCount":0,"image":{"@id":"https:\/\/www.article-marketing.eu\/comunicati\/viaggi-e-vacanze\/epifania-2009-in-abruzzo-una-befana-speciale-da-festeggiare-a-laquila-con-soggiorno-in-antico-monastero\/#primaryimage"},"thumbnailUrl":"http:\/\/www.turiscom.com\/turiscom\/images\/monastero\/chiostro_centrale.jpg","keywords":["befana 2009 offerte","befana abruzzo","epifania 2009 abruzzo"],"articleSection":["Viaggi e vacanze"],"inLanguage":"it-IT","potentialAction":[{"@type":"CommentAction","name":"Comment","target":["https:\/\/www.article-marketing.eu\/comunicati\/viaggi-e-vacanze\/epifania-2009-in-abruzzo-una-befana-speciale-da-festeggiare-a-laquila-con-soggiorno-in-antico-monastero\/#respond"]}]},{"@type":"WebPage","@id":"https:\/\/www.article-marketing.eu\/comunicati\/viaggi-e-vacanze\/epifania-2009-in-abruzzo-una-befana-speciale-da-festeggiare-a-laquila-con-soggiorno-in-antico-monastero\/","url":"https:\/\/www.article-marketing.eu\/comunicati\/viaggi-e-vacanze\/epifania-2009-in-abruzzo-una-befana-speciale-da-festeggiare-a-laquila-con-soggiorno-in-antico-monastero\/","name":"Epifania 2009 \u2013 In Abruzzo una Befana speciale da festeggiare a L\u2019Aquila con soggiorno in antico monastero - Article Marketing","isPartOf":{"@id":"https:\/\/www.article-marketing.eu\/comunicati\/#website"},"primaryImageOfPage":{"@id":"https:\/\/www.article-marketing.eu\/comunicati\/viaggi-e-vacanze\/epifania-2009-in-abruzzo-una-befana-speciale-da-festeggiare-a-laquila-con-soggiorno-in-antico-monastero\/#primaryimage"},"image":{"@id":"https:\/\/www.article-marketing.eu\/comunicati\/viaggi-e-vacanze\/epifania-2009-in-abruzzo-una-befana-speciale-da-festeggiare-a-laquila-con-soggiorno-in-antico-monastero\/#primaryimage"},"thumbnailUrl":"http:\/\/www.turiscom.com\/turiscom\/images\/monastero\/chiostro_centrale.jpg","datePublished":"2008-12-31T11:57:38+00:00","author":{"@id":"https:\/\/www.article-marketing.eu\/comunicati\/#\/schema\/person\/44372e4d4d0fa797b18e03ed1ace9017"},"breadcrumb":{"@id":"https:\/\/www.article-marketing.eu\/comunicati\/viaggi-e-vacanze\/epifania-2009-in-abruzzo-una-befana-speciale-da-festeggiare-a-laquila-con-soggiorno-in-antico-monastero\/#breadcrumb"},"inLanguage":"it-IT","potentialAction":[{"@type":"ReadAction","target":["https:\/\/www.article-marketing.eu\/comunicati\/viaggi-e-vacanze\/epifania-2009-in-abruzzo-una-befana-speciale-da-festeggiare-a-laquila-con-soggiorno-in-antico-monastero\/"]}]},{"@type":"ImageObject","inLanguage":"it-IT","@id":"https:\/\/www.article-marketing.eu\/comunicati\/viaggi-e-vacanze\/epifania-2009-in-abruzzo-una-befana-speciale-da-festeggiare-a-laquila-con-soggiorno-in-antico-monastero\/#primaryimage","url":"http:\/\/www.turiscom.com\/turiscom\/images\/monastero\/chiostro_centrale.jpg","contentUrl":"http:\/\/www.turiscom.com\/turiscom\/images\/monastero\/chiostro_centrale.jpg"},{"@type":"BreadcrumbList","@id":"https:\/\/www.article-marketing.eu\/comunicati\/viaggi-e-vacanze\/epifania-2009-in-abruzzo-una-befana-speciale-da-festeggiare-a-laquila-con-soggiorno-in-antico-monastero\/#breadcrumb","itemListElement":[{"@type":"ListItem","position":1,"name":"Home","item":"https:\/\/www.article-marketing.eu\/comunicati\/"},{"@type":"ListItem","position":2,"name":"Epifania 2009 \u2013 In Abruzzo una Befana speciale da festeggiare a L\u2019Aquila con soggiorno in antico monastero"}]},{"@type":"WebSite","@id":"https:\/\/www.article-marketing.eu\/comunicati\/#website","url":"https:\/\/www.article-marketing.eu\/comunicati\/","name":"Article Marketing","description":"article marketing &amp; press release","potentialAction":[{"@type":"SearchAction","target":{"@type":"EntryPoint","urlTemplate":"https:\/\/www.article-marketing.eu\/comunicati\/?s={search_term_string}"},"query-input":{"@type":"PropertyValueSpecification","valueRequired":true,"valueName":"search_term_string"}}],"inLanguage":"it-IT"},{"@type":"Person","@id":"https:\/\/www.article-marketing.eu\/comunicati\/#\/schema\/person\/44372e4d4d0fa797b18e03ed1ace9017","name":"Redazione Comunicati Stampa","image":{"@type":"ImageObject","inLanguage":"it-IT","@id":"https:\/\/www.article-marketing.eu\/comunicati\/#\/schema\/person\/image\/","url":"https:\/\/secure.gravatar.com\/avatar\/50e5c6421d3072f42e7ace803501602c60d75233d34e29fd05feb91c8760b792?s=96&d=mm&r=g","contentUrl":"https:\/\/secure.gravatar.com\/avatar\/50e5c6421d3072f42e7ace803501602c60d75233d34e29fd05feb91c8760b792?s=96&d=mm&r=g","caption":"Redazione Comunicati Stampa"},"url":"https:\/\/www.article-marketing.eu\/comunicati\/author\/redazione-comunicati-stampa\/"}]}},"_links":{"self":[{"href":"https:\/\/www.article-marketing.eu\/comunicati\/wp-json\/wp\/v2\/posts\/1100","targetHints":{"allow":["GET"]}}],"collection":[{"href":"https:\/\/www.article-marketing.eu\/comunicati\/wp-json\/wp\/v2\/posts"}],"about":[{"href":"https:\/\/www.article-marketing.eu\/comunicati\/wp-json\/wp\/v2\/types\/post"}],"author":[{"embeddable":true,"href":"https:\/\/www.article-marketing.eu\/comunicati\/wp-json\/wp\/v2\/users\/10"}],"replies":[{"embeddable":true,"href":"https:\/\/www.article-marketing.eu\/comunicati\/wp-json\/wp\/v2\/comments?post=1100"}],"version-history":[{"count":0,"href":"https:\/\/www.article-marketing.eu\/comunicati\/wp-json\/wp\/v2\/posts\/1100\/revisions"}],"wp:attachment":[{"href":"https:\/\/www.article-marketing.eu\/comunicati\/wp-json\/wp\/v2\/media?parent=1100"}],"wp:term":[{"taxonomy":"category","embeddable":true,"href":"https:\/\/www.article-marketing.eu\/comunicati\/wp-json\/wp\/v2\/categories?post=1100"},{"taxonomy":"post_tag","embeddable":true,"href":"https:\/\/www.article-marketing.eu\/comunicati\/wp-json\/wp\/v2\/tags?post=1100"}],"curies":[{"name":"wp","href":"https:\/\/api.w.org\/{rel}","templated":true}]}}