{"id":1106,"date":"2009-01-04T14:45:52","date_gmt":"2009-01-04T13:45:52","guid":{"rendered":"http:\/\/www.article-marketing.eu\/comunicati\/senza-categoria\/la-leva-manageriale-per-far-crescere-e-competere-le-piccole-aziende\/"},"modified":"2009-01-04T14:45:52","modified_gmt":"2009-01-04T13:45:52","slug":"la-leva-manageriale-per-far-crescere-e-competere-le-piccole-aziende","status":"publish","type":"post","link":"https:\/\/www.article-marketing.eu\/comunicati\/economia-e-lavoro\/la-leva-manageriale-per-far-crescere-e-competere-le-piccole-aziende\/","title":{"rendered":"La leva manageriale per far crescere e competere le piccole aziende"},"content":{"rendered":"<p>Fino a non molto tempo fa andava per la maggiore la tesi che la globalizzazione del mercato avrebbe messo fine all&#8217;impresa familiare e travolto addirittura le PMI, tipica espressione del nostro tessuto industriale. Molti sembravano i motivi: la perpetuazione di un assetto proprietario monocratico, a scapito dell&#8217;efficienza e della dinamicit\u00e0, una riluttanza all&#8217;innovazione del vertice, poca capacit\u00e0 competitiva, forme paternalistiche nelle relazioni con i dipendenti. A dispetto di tutto ci\u00f2, per\u00f2, il capitalismo familiare, dove una famiglia mantiene il controllo totale del capitale o una sua porzione cos\u00ec vasta da segnarne la rotta,continua ad essere vivo e vegeto anche nelle economie pi\u00f9 avanzate e non mostra certo segni di cedimento e in Italia \u00e8 la forma pi\u00f9 importante in ambito PMI. Investire in marketing e comunicazione, in internazionalizzazione di impresa, in personale: queste le aree che molte di queste aziende stanno potenziando per difendersi e tentare di resistere alla competizione, spesso spietata, che esiste attualmente nel mercato globale. Negli ultimi anni si \u00e8 sentito molto parlare di aumento dei livelli di managerialit\u00e0 nelle PMI. Si \u00e8 predicata la necessit\u00e0 di aprire le porte a manager e professionisti capaci di accelerare la crescita e la competitivit\u00e0 delle stesse. Tuttavia, la nostra esperienza e i dati pi\u00f9 recenti, dimostrano che l&#8217;integrazione tra piccole e medie imprese e manager e cultura manageriale sono una bella teoria di scuola di direzione aziendale o master, ma nella pratica non funziona. Questa grave carenza di presenza e cultura manageriale sono anche il motivo principale della scarsa competitivit\u00e0 delle nostre PMI. Ancora oggi, secondo recenti ricerche della SDA Bocconi, la componente proprietaria-familiare presidia le posizioni al Top e tiene saldamente in mano le poltrone di presidente e Amministratore Delegato dell&#8217; azienda, mentre risulta meno presente nei ruoli tecnici. Al dunque, quando le imprese familiari crescono e cominciano a confrontarsi con mercati complessi, le performance aziendali cominciano a peggiorare. Roe e Roi crollano, dice la ricerca di SDA Bocconi e questo perch\u00e9 \u00e8 difficile usare in maniera corretta strumenti sofisticati di programmazione e controllo. La famiglia in questo caso si mostra inadeguata. Infatti, un&#8217;impresa familiare, poich\u00e9 principale fonte di reddito per i suoi titolari, \u00e8 portata, per sua natura, a privilegiare con ogni forza il proprio mantenimento in vita, agendo secondo culture e strategie aziendali intese ad assicurare la stabilit\u00e0 di fronte alle incertezze e alle diverse congiunture del mercato. Certo, non \u00e8 comunque detto che questi elementi portino direttamente a vantaggi economici e di stabilit\u00e0 perch\u00e9, proprio essi, possono alle volte trasformarsi in fattori di criticit\u00e0. La continuit\u00e0 dell&#8217;impresa familiare dipende infatti dalla forza e dalla validit\u00e0 della transazione tra generazioni e questo passaggio \u00e8 molto spesso il fattore pi\u00f9 difficoltoso nella vita di un&#8217;impresa; inoltre poi le decisioni di chi ha in mano la propriet\u00e0 dell&#8217;azienda, se da un lato sono pi\u00f9 veloci e agili, dall&#8217;altra parte non hanno il supporto di determinate competenze che hanno invece quelle che vengono assunte in aziende con una leadership manageriale. Infine, il finanziamento prevalente con fondi propri, rappresenta in molti casi un vincolo alla crescita dimensionale dell&#8217;impresa. , contribuendo a rafforzare forme di resistenza a cambiamenti di prospettiva. Le diverse tipologie di propriet\u00e0 di impresa ed il livello di educazione del management e della forza lavoro sono fra i fattori determinanti della qualit\u00e0 del management.<br \/>\nSecondo una ricerca condotta dalla London School of Economics,la propriet\u00e0 familiare &#8211; soprattutto se accompagnata dalla pratica di trasmettere la carica di amministratore delegato a figli o parenti &#8211; \u00e8 associata a pratiche manageriali particolarmente scadenti. Questo risultato potrebbe essere di estrema importanza per l&#8217;Europa, dal momento che circa il 10% delle imprese manifatturiere nel Regno Unito, Francia, Italia, Portogallo e Grecia sono a conduzione familiare e scelgono l&#8217;amministratore delegato in base al criterio della primogenitura. In confronto, negli Stati Uniti solo il 2% delle imprese intervistate \u00e8 di propriet\u00e0 familiare e con CEO scelto sulla base della parentela..Anche l&#8217;educazione della forza lavoro (managers e non) sembra avere un ruolo decisivo per il management. Per esempio, l&#8217;84% dei managers ed il 25% dei non managers delle imprese migliori hanno un livello di educazione pari o superiore alla laurea. Fra le imprese peggiori, solo il 54% dei managers ed il 5% del resto dei dipendenti hanno la laurea. Ma come mai ci troviamo in questa situazione? E&#8217; un problema economico? I Manager costano troppo? Penso che piuttosto che un problema economico ci troviamo di fronte ad un ostacolo di natura culturale. Un manager di una piccola azienda non arriva a percepire pi\u00f9 di 100 mila euro lordi l&#8217; anno. In pi\u00f9 sono tante le societ\u00e0 di consulenza, come la nostra, che offrono manager e managerialit\u00e0 con la formula dell&#8217; &#8220;outsourcing&#8221; e a costi contenuti. Nonostante ci\u00f2 molte aziende preferiscono fare tutto in &#8221; famiglia&#8221;. Certo la gestione familiare sveltisce i processi decisionali, come abbiamo gi\u00e0 affermato, ma non permette un contraddittorio tra le diverse alternative possibili. Tale gestione non pu\u00f2 che penalizzare quelle aree aziendali che, pi\u00f9 di altre, richiedono esperti qualificati: l&#8217;area marketing , quella commerciale e l&#8217;area export. Basti pensare che solo il 30% delle imprese che esporta all&#8217;estero ha dei manager nel proprio organico dedicati interamente a questo tipo di attivit\u00e0; solo il 30% di quelle che praticano strategie di innovazione ha un manager che ne segue il processo. Il risultato non pu\u00f2 che essere scontato: nonostante l&#8217;ottima qualit\u00e0 delle produzioni &#8220;made in Italy&#8221;, le vendite continuano a non segnare performance eccezionalmente positive.Un altro dato interessante riguarda l&#8217;organizzazione aziendale. Poche sono le piccole aziende che stanno investendo per ottimizzare le proprie risorse e rendere pi\u00f9 efficienti i propri organici. Pochissime sono le aziende orientate alla ricerca dei &#8220;talenti&#8221; e alla formazione di figure che potrebbero apportare novit\u00e0 e aiutare a realizzare performance fuori dal comune.Il manager moderno, seconda l&#8217; accezione di Hamel, potrebbe apportare all&#8217; impresa familiare e alle nostre PMI, competenza e conoscenza del mondo industriale, un&#8217;organizzazione del lavoro pi\u00f9 efficiente e, accollandosi la gestione operativa dell&#8217;azienda, lasciare ai titolari pi\u00f9 tempo da dedicare allo sviluppo strategico del business.<br \/>\nNel libro &#8220;The future of management&#8221;, Hamel descrive le nuove strade dell&#8217;innovazione manageriale che potrebbe aiutare anche la crescita delle nostre PMI: la mobilitazione delle persone, l&#8217;allocazione delle risorse e la formulazione delle strategie. Hamel afferma che Il lavoro del manager, non \u00e8 sostanzialmente cambiato dalla descrizione che Henry Fayol ne fece nel 1917. Riguarda le attivit\u00e0 di pianificazione, organizzazione, comando, coordinamento e controllo.<br \/>\nDa allora per\u00f2 sono cambiati gli obiettivi, il contesto, le relazioni e le teorie manageriali suggeriscono che la pratica comprende il definire e programmare obiettivi, il motivare e allineare gli sforzi, il coordinare e controllare le attivit\u00e0, lo sviluppare e attribuire le competenze, l&#8217;aumentare e mettere in pratica la conoscenza, l&#8217;accumulare e allocare le risorse, il costruire e alimentare le relazioni, l&#8217;equilibrare e riunire le domande degli stakeholder.<br \/>\nL&#8217;innovazione manageriale consiste nel creare valore, cambiando le strutture e i ruoli organizzativi e nel connettere business unit, settori, gruppi di lavoro e comunit\u00e0 di pratiche con alleanze di fornitori, partner e clienti chiave.<br \/>\nOccorre uscire dalla routine quotidiana e incominciare a criticare i dogmi indiscussi.<br \/>\nHamel crede nell&#8217;importanza dell&#8217;orientamento al rischio dei decision maker ed \u00e8 portato a spingere su questa strada, indipendentemente dalla storia e dalle prospettive aziendali, che possono comportare difficolt\u00e0 di cambiamento.<br \/>\nA mio parere, questa situazione pu\u00f2 essere modificata, incoraggiando l&#8217;adozione di pratiche manageriali efficienti, lavorando soprattutto per favorire un migliore orientamento culturale. Inoltre, mercati concorrenziali e mercati del lavoro flessibili sono inevitabilmente fortemente associate a migliori pratiche manageriali, cos\u00ec come il livello di educazione della forza lavoro. Interventi atti a migliorare questi aspetti, anche da parte di chi ci governa, attraverso politiche incentivanti, saranno decisivi nel processo di trasformazione che i nostri piccoli imprenditori devono seguire se vogliono conservare o migliorare la loro competitivit\u00e0 sui mercati globali.<\/p>\n","protected":false},"excerpt":{"rendered":"<p>Fino a non molto tempo fa andava per la maggiore la tesi che la globalizzazione del mercato avrebbe messo fine all&#8217;impresa familiare e travolto addirittura le PMI, tipica espressione del nostro tessuto industriale. Molti sembravano i motivi: la perpetuazione di un assetto proprietario monocratico, a scapito dell&#8217;efficienza e della dinamicit\u00e0, una riluttanza all&#8217;innovazione del vertice, poca capacit\u00e0 competitiva, forme paternalistiche nelle relazioni con i dipendenti&#8230;<\/p>\n","protected":false},"author":10,"featured_media":0,"comment_status":"open","ping_status":"open","sticky":false,"template":"","format":"standard","meta":{"cybocfi_hide_featured_image":"","footnotes":""},"categories":[59],"tags":[3156,3779,1042,2178,3780,3778,3785,440,3781,245,507,3777,3784,3786,3782,3783],"class_list":["post-1106","post","type-post","status-publish","format-standard","hentry","category-economia-e-lavoro","tag-analisi","tag-analisi-organizzativa","tag-business","tag-certificazione","tag-consulenza-di-direzione","tag-controllo-di-gestione","tag-finanza-aziendale","tag-formazione","tag-internazionalizzazione-aziendale","tag-marketing","tag-pmi","tag-selezione","tag-sistema-qualita","tag-start-up","tag-strategie","tag-temporary-management"],"yoast_head":"<!-- This site is optimized with the Yoast SEO plugin v27.0 - https:\/\/yoast.com\/product\/yoast-seo-wordpress\/ -->\n<title>La leva manageriale per far crescere e competere le piccole aziende - Article Marketing<\/title>\n<meta name=\"robots\" content=\"index, follow, max-snippet:-1, max-image-preview:large, max-video-preview:-1\" \/>\n<link rel=\"canonical\" href=\"https:\/\/www.article-marketing.eu\/comunicati\/economia-e-lavoro\/la-leva-manageriale-per-far-crescere-e-competere-le-piccole-aziende\/\" \/>\n<meta property=\"og:locale\" content=\"it_IT\" \/>\n<meta property=\"og:type\" content=\"article\" \/>\n<meta property=\"og:title\" content=\"La leva manageriale per far crescere e competere le piccole aziende - Article Marketing\" \/>\n<meta property=\"og:description\" content=\"Fino a non molto tempo fa andava per la maggiore la tesi che la globalizzazione del mercato avrebbe messo fine all&#039;impresa familiare e travolto addirittura le PMI, tipica espressione del nostro tessuto industriale. Molti sembravano i motivi: la perpetuazione di un assetto proprietario monocratico, a scapito dell&#039;efficienza e della dinamicit\u00e0, una riluttanza all&#039;innovazione del vertice, poca capacit\u00e0 competitiva, forme paternalistiche nelle relazioni con i dipendenti...\" \/>\n<meta property=\"og:url\" content=\"https:\/\/www.article-marketing.eu\/comunicati\/economia-e-lavoro\/la-leva-manageriale-per-far-crescere-e-competere-le-piccole-aziende\/\" \/>\n<meta property=\"og:site_name\" content=\"Article Marketing\" \/>\n<meta property=\"article:published_time\" content=\"2009-01-04T13:45:52+00:00\" \/>\n<meta name=\"author\" content=\"Redazione Comunicati Stampa\" \/>\n<meta name=\"twitter:card\" content=\"summary_large_image\" \/>\n<meta name=\"twitter:label1\" content=\"Scritto da\" \/>\n\t<meta name=\"twitter:data1\" content=\"Redazione Comunicati Stampa\" \/>\n\t<meta name=\"twitter:label2\" content=\"Tempo di lettura stimato\" \/>\n\t<meta name=\"twitter:data2\" content=\"6 minuti\" \/>\n<script type=\"application\/ld+json\" class=\"yoast-schema-graph\">{\"@context\":\"https:\/\/schema.org\",\"@graph\":[{\"@type\":\"Article\",\"@id\":\"https:\/\/www.article-marketing.eu\/comunicati\/economia-e-lavoro\/la-leva-manageriale-per-far-crescere-e-competere-le-piccole-aziende\/#article\",\"isPartOf\":{\"@id\":\"https:\/\/www.article-marketing.eu\/comunicati\/economia-e-lavoro\/la-leva-manageriale-per-far-crescere-e-competere-le-piccole-aziende\/\"},\"author\":{\"name\":\"Redazione Comunicati Stampa\",\"@id\":\"https:\/\/www.article-marketing.eu\/comunicati\/#\/schema\/person\/44372e4d4d0fa797b18e03ed1ace9017\"},\"headline\":\"La leva manageriale per far crescere e competere le piccole aziende\",\"datePublished\":\"2009-01-04T13:45:52+00:00\",\"mainEntityOfPage\":{\"@id\":\"https:\/\/www.article-marketing.eu\/comunicati\/economia-e-lavoro\/la-leva-manageriale-per-far-crescere-e-competere-le-piccole-aziende\/\"},\"wordCount\":1286,\"commentCount\":0,\"keywords\":[\"analisi\",\"analisi organizzativa\",\"business\",\"certificazione\",\"consulenza di direzione\",\"controllo di gestione\",\"finanza aziendale\",\"formazione\",\"internazionalizzazione aziendale\",\"marketing\",\"pmi\",\"selezione\",\"sistema qualit\u00e0\",\"start up\",\"strategie\",\"temporary management\"],\"articleSection\":[\"Economia e lavoro\"],\"inLanguage\":\"it-IT\",\"potentialAction\":[{\"@type\":\"CommentAction\",\"name\":\"Comment\",\"target\":[\"https:\/\/www.article-marketing.eu\/comunicati\/economia-e-lavoro\/la-leva-manageriale-per-far-crescere-e-competere-le-piccole-aziende\/#respond\"]}]},{\"@type\":\"WebPage\",\"@id\":\"https:\/\/www.article-marketing.eu\/comunicati\/economia-e-lavoro\/la-leva-manageriale-per-far-crescere-e-competere-le-piccole-aziende\/\",\"url\":\"https:\/\/www.article-marketing.eu\/comunicati\/economia-e-lavoro\/la-leva-manageriale-per-far-crescere-e-competere-le-piccole-aziende\/\",\"name\":\"La leva manageriale per far crescere e competere le piccole aziende - Article Marketing\",\"isPartOf\":{\"@id\":\"https:\/\/www.article-marketing.eu\/comunicati\/#website\"},\"datePublished\":\"2009-01-04T13:45:52+00:00\",\"author\":{\"@id\":\"https:\/\/www.article-marketing.eu\/comunicati\/#\/schema\/person\/44372e4d4d0fa797b18e03ed1ace9017\"},\"breadcrumb\":{\"@id\":\"https:\/\/www.article-marketing.eu\/comunicati\/economia-e-lavoro\/la-leva-manageriale-per-far-crescere-e-competere-le-piccole-aziende\/#breadcrumb\"},\"inLanguage\":\"it-IT\",\"potentialAction\":[{\"@type\":\"ReadAction\",\"target\":[\"https:\/\/www.article-marketing.eu\/comunicati\/economia-e-lavoro\/la-leva-manageriale-per-far-crescere-e-competere-le-piccole-aziende\/\"]}]},{\"@type\":\"BreadcrumbList\",\"@id\":\"https:\/\/www.article-marketing.eu\/comunicati\/economia-e-lavoro\/la-leva-manageriale-per-far-crescere-e-competere-le-piccole-aziende\/#breadcrumb\",\"itemListElement\":[{\"@type\":\"ListItem\",\"position\":1,\"name\":\"Home\",\"item\":\"https:\/\/www.article-marketing.eu\/comunicati\/\"},{\"@type\":\"ListItem\",\"position\":2,\"name\":\"La leva manageriale per far crescere e competere le piccole aziende\"}]},{\"@type\":\"WebSite\",\"@id\":\"https:\/\/www.article-marketing.eu\/comunicati\/#website\",\"url\":\"https:\/\/www.article-marketing.eu\/comunicati\/\",\"name\":\"Article Marketing\",\"description\":\"article marketing &amp; press release\",\"potentialAction\":[{\"@type\":\"SearchAction\",\"target\":{\"@type\":\"EntryPoint\",\"urlTemplate\":\"https:\/\/www.article-marketing.eu\/comunicati\/?s={search_term_string}\"},\"query-input\":{\"@type\":\"PropertyValueSpecification\",\"valueRequired\":true,\"valueName\":\"search_term_string\"}}],\"inLanguage\":\"it-IT\"},{\"@type\":\"Person\",\"@id\":\"https:\/\/www.article-marketing.eu\/comunicati\/#\/schema\/person\/44372e4d4d0fa797b18e03ed1ace9017\",\"name\":\"Redazione Comunicati Stampa\",\"image\":{\"@type\":\"ImageObject\",\"inLanguage\":\"it-IT\",\"@id\":\"https:\/\/www.article-marketing.eu\/comunicati\/#\/schema\/person\/image\/\",\"url\":\"https:\/\/secure.gravatar.com\/avatar\/50e5c6421d3072f42e7ace803501602c60d75233d34e29fd05feb91c8760b792?s=96&d=mm&r=g\",\"contentUrl\":\"https:\/\/secure.gravatar.com\/avatar\/50e5c6421d3072f42e7ace803501602c60d75233d34e29fd05feb91c8760b792?s=96&d=mm&r=g\",\"caption\":\"Redazione Comunicati Stampa\"},\"url\":\"https:\/\/www.article-marketing.eu\/comunicati\/author\/redazione-comunicati-stampa\/\"}]}<\/script>\n<!-- \/ Yoast SEO plugin. -->","yoast_head_json":{"title":"La leva manageriale per far crescere e competere le piccole aziende - Article Marketing","robots":{"index":"index","follow":"follow","max-snippet":"max-snippet:-1","max-image-preview":"max-image-preview:large","max-video-preview":"max-video-preview:-1"},"canonical":"https:\/\/www.article-marketing.eu\/comunicati\/economia-e-lavoro\/la-leva-manageriale-per-far-crescere-e-competere-le-piccole-aziende\/","og_locale":"it_IT","og_type":"article","og_title":"La leva manageriale per far crescere e competere le piccole aziende - Article Marketing","og_description":"Fino a non molto tempo fa andava per la maggiore la tesi che la globalizzazione del mercato avrebbe messo fine all'impresa familiare e travolto addirittura le PMI, tipica espressione del nostro tessuto industriale. Molti sembravano i motivi: la perpetuazione di un assetto proprietario monocratico, a scapito dell'efficienza e della dinamicit\u00e0, una riluttanza all'innovazione del vertice, poca capacit\u00e0 competitiva, forme paternalistiche nelle relazioni con i dipendenti...","og_url":"https:\/\/www.article-marketing.eu\/comunicati\/economia-e-lavoro\/la-leva-manageriale-per-far-crescere-e-competere-le-piccole-aziende\/","og_site_name":"Article Marketing","article_published_time":"2009-01-04T13:45:52+00:00","author":"Redazione Comunicati Stampa","twitter_card":"summary_large_image","twitter_misc":{"Scritto da":"Redazione Comunicati Stampa","Tempo di lettura stimato":"6 minuti"},"schema":{"@context":"https:\/\/schema.org","@graph":[{"@type":"Article","@id":"https:\/\/www.article-marketing.eu\/comunicati\/economia-e-lavoro\/la-leva-manageriale-per-far-crescere-e-competere-le-piccole-aziende\/#article","isPartOf":{"@id":"https:\/\/www.article-marketing.eu\/comunicati\/economia-e-lavoro\/la-leva-manageriale-per-far-crescere-e-competere-le-piccole-aziende\/"},"author":{"name":"Redazione Comunicati Stampa","@id":"https:\/\/www.article-marketing.eu\/comunicati\/#\/schema\/person\/44372e4d4d0fa797b18e03ed1ace9017"},"headline":"La leva manageriale per far crescere e competere le piccole aziende","datePublished":"2009-01-04T13:45:52+00:00","mainEntityOfPage":{"@id":"https:\/\/www.article-marketing.eu\/comunicati\/economia-e-lavoro\/la-leva-manageriale-per-far-crescere-e-competere-le-piccole-aziende\/"},"wordCount":1286,"commentCount":0,"keywords":["analisi","analisi organizzativa","business","certificazione","consulenza di direzione","controllo di gestione","finanza aziendale","formazione","internazionalizzazione aziendale","marketing","pmi","selezione","sistema qualit\u00e0","start up","strategie","temporary management"],"articleSection":["Economia e lavoro"],"inLanguage":"it-IT","potentialAction":[{"@type":"CommentAction","name":"Comment","target":["https:\/\/www.article-marketing.eu\/comunicati\/economia-e-lavoro\/la-leva-manageriale-per-far-crescere-e-competere-le-piccole-aziende\/#respond"]}]},{"@type":"WebPage","@id":"https:\/\/www.article-marketing.eu\/comunicati\/economia-e-lavoro\/la-leva-manageriale-per-far-crescere-e-competere-le-piccole-aziende\/","url":"https:\/\/www.article-marketing.eu\/comunicati\/economia-e-lavoro\/la-leva-manageriale-per-far-crescere-e-competere-le-piccole-aziende\/","name":"La leva manageriale per far crescere e competere le piccole aziende - Article Marketing","isPartOf":{"@id":"https:\/\/www.article-marketing.eu\/comunicati\/#website"},"datePublished":"2009-01-04T13:45:52+00:00","author":{"@id":"https:\/\/www.article-marketing.eu\/comunicati\/#\/schema\/person\/44372e4d4d0fa797b18e03ed1ace9017"},"breadcrumb":{"@id":"https:\/\/www.article-marketing.eu\/comunicati\/economia-e-lavoro\/la-leva-manageriale-per-far-crescere-e-competere-le-piccole-aziende\/#breadcrumb"},"inLanguage":"it-IT","potentialAction":[{"@type":"ReadAction","target":["https:\/\/www.article-marketing.eu\/comunicati\/economia-e-lavoro\/la-leva-manageriale-per-far-crescere-e-competere-le-piccole-aziende\/"]}]},{"@type":"BreadcrumbList","@id":"https:\/\/www.article-marketing.eu\/comunicati\/economia-e-lavoro\/la-leva-manageriale-per-far-crescere-e-competere-le-piccole-aziende\/#breadcrumb","itemListElement":[{"@type":"ListItem","position":1,"name":"Home","item":"https:\/\/www.article-marketing.eu\/comunicati\/"},{"@type":"ListItem","position":2,"name":"La leva manageriale per far crescere e competere le piccole aziende"}]},{"@type":"WebSite","@id":"https:\/\/www.article-marketing.eu\/comunicati\/#website","url":"https:\/\/www.article-marketing.eu\/comunicati\/","name":"Article Marketing","description":"article marketing &amp; press release","potentialAction":[{"@type":"SearchAction","target":{"@type":"EntryPoint","urlTemplate":"https:\/\/www.article-marketing.eu\/comunicati\/?s={search_term_string}"},"query-input":{"@type":"PropertyValueSpecification","valueRequired":true,"valueName":"search_term_string"}}],"inLanguage":"it-IT"},{"@type":"Person","@id":"https:\/\/www.article-marketing.eu\/comunicati\/#\/schema\/person\/44372e4d4d0fa797b18e03ed1ace9017","name":"Redazione Comunicati Stampa","image":{"@type":"ImageObject","inLanguage":"it-IT","@id":"https:\/\/www.article-marketing.eu\/comunicati\/#\/schema\/person\/image\/","url":"https:\/\/secure.gravatar.com\/avatar\/50e5c6421d3072f42e7ace803501602c60d75233d34e29fd05feb91c8760b792?s=96&d=mm&r=g","contentUrl":"https:\/\/secure.gravatar.com\/avatar\/50e5c6421d3072f42e7ace803501602c60d75233d34e29fd05feb91c8760b792?s=96&d=mm&r=g","caption":"Redazione Comunicati Stampa"},"url":"https:\/\/www.article-marketing.eu\/comunicati\/author\/redazione-comunicati-stampa\/"}]}},"_links":{"self":[{"href":"https:\/\/www.article-marketing.eu\/comunicati\/wp-json\/wp\/v2\/posts\/1106","targetHints":{"allow":["GET"]}}],"collection":[{"href":"https:\/\/www.article-marketing.eu\/comunicati\/wp-json\/wp\/v2\/posts"}],"about":[{"href":"https:\/\/www.article-marketing.eu\/comunicati\/wp-json\/wp\/v2\/types\/post"}],"author":[{"embeddable":true,"href":"https:\/\/www.article-marketing.eu\/comunicati\/wp-json\/wp\/v2\/users\/10"}],"replies":[{"embeddable":true,"href":"https:\/\/www.article-marketing.eu\/comunicati\/wp-json\/wp\/v2\/comments?post=1106"}],"version-history":[{"count":0,"href":"https:\/\/www.article-marketing.eu\/comunicati\/wp-json\/wp\/v2\/posts\/1106\/revisions"}],"wp:attachment":[{"href":"https:\/\/www.article-marketing.eu\/comunicati\/wp-json\/wp\/v2\/media?parent=1106"}],"wp:term":[{"taxonomy":"category","embeddable":true,"href":"https:\/\/www.article-marketing.eu\/comunicati\/wp-json\/wp\/v2\/categories?post=1106"},{"taxonomy":"post_tag","embeddable":true,"href":"https:\/\/www.article-marketing.eu\/comunicati\/wp-json\/wp\/v2\/tags?post=1106"}],"curies":[{"name":"wp","href":"https:\/\/api.w.org\/{rel}","templated":true}]}}