{"id":1125,"date":"2009-01-09T20:15:57","date_gmt":"2009-01-09T19:15:57","guid":{"rendered":"http:\/\/www.article-marketing.eu\/comunicati\/senza-categoria\/a-praga-lo-start-dellanno-europeo-della-creativit%e0-e-innovazione-2009\/"},"modified":"2009-01-09T20:15:57","modified_gmt":"2009-01-09T19:15:57","slug":"a-praga-lo-start-dellanno-europeo-della-creativit%e0-e-innovazione-2009","status":"publish","type":"post","link":"https:\/\/www.article-marketing.eu\/comunicati\/comunicati-stampa\/a-praga-lo-start-dellanno-europeo-della-creativit%e0-e-innovazione-2009\/","title":{"rendered":"A Praga lo start dell\u2019Anno Europeo della Creativit\u00e0 e Innovazione 2009"},"content":{"rendered":"<p style=\"TEXT-ALIGN: justify\"><strong>Milano, 09.01.2009. <\/strong>Si \u00e8 tenuta il <strong>7 gennaio 2008 a Praga, alla presenza del primo ministro ceco Mirek Topol\u00e1nek e del presidente della Commissione Europea Jos\u00e9 Manuel Barroso, l\u2019inaugurazione ufficiale dell\u2019<\/strong><strong>Anno europeo della creativit\u00e0 e dell&#8217;innovazione 2009<\/strong> il cui slogan \u00e8 &quot;Immaginare. Creare. Innovare&quot;. <\/p>\n<p style=\"TEXT-ALIGN: justify\">L\u2019<em>European Year of Innovation and Creativity <\/em>(EYCI) mira ad accrescere <strong>la consapevolezza dell\u2019importanza della creativit\u00e0 e dell\u2019innovazione nello sviluppo personale, sociale ed economico<\/strong>, in particolare in un contesto di concorrenza globale e di sfide per la crescita, e quindi di stimolare il dibattito e favorire l\u2019istruzione e la ricerca.&nbsp; <\/p>\n<p style=\"TEXT-ALIGN: justify\"><strong>Creativitaly<\/strong><strong>,<\/strong><strong> <\/strong>collettore di realt\u00e0<strong> <\/strong><strong>istituzionali e private che ha trattative in corso riguardo a alcune iniziative da sviluppare sul connubio creativit\u00e0-innovazione in Italia,<\/strong> era presente alla cerimonia d\u2019apertura con <strong>Daniela Montagner <\/strong>e<strong> Massimo Soriani Bellavista<\/strong>, che ha dichiarato:<strong> <\/strong>\u2018<em>Durante la tavola rotonda della mattinata con gli Ambasciatori dell\u2019EYCI \u00e8 emerso un approccio multifattoriale e variegato sul concetto di creativit\u00e0, mentre nel proseguo della giornata, un grande sforzo da parte delle Istituzioni europee per dar slancio a questa iniziativa, che non prevede un budget dedicato\u2019<\/em>.<\/p>\n<p style=\"TEXT-ALIGN: justify\">Nella tavola rotonda, moderata da Esko Aho, Vice Presidente Nokia gi\u00e0 primo ministro finlandese, hanno partecipato nove Ambasciatori dell\u2019EYCI tra cui l\u2019inventore Karlheinz Brandenburg, il ricercatore Dominique Langevin, lo <a title=\"Scultore\" href=\"http:\/\/it.wikipedia.org\/wiki\/Scultore\">scultore<\/a>-architetto e designer Ern&#337; Rubik, il regista e sceneggiatore Radu Mih&#259;ileanu e <strong>Edward de Bono<\/strong>, considerato uno dei massimi studiosi del pensiero creativo mondiale, che<strong> <\/strong>ha<strong> <\/strong>affermato: \u2018<em>Sento molto spesso parlare di complessit\u00e0 legata ai processi di creativit\u00e0 e innovazione, penso sia un errore, in quanto la creativit\u00e0 e l\u2019innovazione hanno bisogno di un approccio semplificatore<\/em>\u2019 e aggiunge: \u2018<em>quello che \u00e8 importante per le aziende in questo momento \u00e8 la \u2018creativit\u00e0 delle idee\u2019<\/em>.<\/p>\n<p style=\"TEXT-ALIGN: justify\">Ern&#337; Rubik<strong> <\/strong>ha dichiarato: \u2018<em>Tutti parlano, anche troppo, di creativit\u00e0 ed innovazione, ma la domanda che dovrebbe essere antistante \u00e8 questa: per farci cosa?<\/em>\u2019.<\/p>\n<p>  <em>Creativitaly<\/em><\/p>\n<p style=\"TEXT-ALIGN: justify\"><em>Creativitaly \u00e8 un collettore di realt\u00e0 istituzionali e private avente lo scopo di implementare il concetto della creativit\u00e0 e dell\u2019innovazione veicolato dalla grande opportunit\u00e0 dell\u2019Anno Europeo della Creativit\u00e0 e Innovazione 2009.<\/em><\/p>\n<p style=\"TEXT-ALIGN: justify\"><em><strong>Il team \u00e8 composto da: Maria Grazia Mattei<\/strong>, CEO di MGM Digital Communication e curatrice di numerose iniziative, tra cui: <\/em>\u2018<em>Mondi virtuali\u2019, \u2018Oltre il Villaggio Globale\u2019, \u2018Virtual Set\u2019, \u2018Innovation Circus\u2019 <\/em>e<em> \u2018Meet the Media Guru\u2019<\/em>. <strong><em>Fabrizio Bellavista<\/em><\/strong><em>, <\/em><em>consulente di comunicazione digitale, partner dell\u2019istituto Psycho Research, vicepresidente del Premio Targa d\u2019oro della Comunicazione. \u00c8 autore del libro <\/em><em>\u2018IDEE\u2019<\/em><em> sulla creativit\u00e0.<strong>&#8211; Massimo Giordani<\/strong>, CEO dell\u2019agenzia Time &amp; Mind e docente al Politecnico di Torino, presidente dell\u2019associazione Inter.media, vice-presidente dell\u2019associazione POPAI e fondatore del magazine digitale \u2018The Daily Bit\u2019. <strong>Massimo Soriani Bellavista,<\/strong> AD di Creattivit\u00e0 srl. Consulente e formatore. Trainer PNL e Master Strategica e&nbsp;Scuola di Palo Alto, Master Trainer in Pensiero Laterale e \u20186 cappelli per pensare\u2019, docente di apprendimento rapido e Photoreading. Docente all\u2019Universit\u00e0 Supsi di Lugano.<strong> Rebecca Pera,<\/strong><strong> <\/strong>psicologa e docente di Psicologia della creativit\u00e0 e psicologia del comportamento al Politecnico di Torino e Milano. Ha scritto <strong>\u2018Intuizione creativa e generazione di nuove idee\u2019<\/strong><strong> <\/strong>nel 2005. Insegna attualmente \u2018Social Innovation\u2019 a Londra.<\/em><\/p>\n<p>Info: http:\/\/creativitaly.wordpress.com, http:\/\/create2009.europa.eu<\/p>\n","protected":false},"excerpt":{"rendered":"<p>Si \u00e8 tenuta il 7 gennaio 2008 a Praga, alla presenza del primo ministro ceco Mirek Topol\u00e1nek e del presidente della Commissione Europea Jos\u00e9 Manuel Barroso, l\u2019inaugurazione ufficiale dell\u2019Anno europeo della creativit\u00e0 e dell&#8217;innovazione 2009 il cui slogan \u00e8 &#8220;Immaginare. Creare. Innovare&#8221;.<\/p>\n","protected":false},"author":10,"featured_media":0,"comment_status":"open","ping_status":"open","sticky":false,"template":"","format":"standard","meta":{"cybocfi_hide_featured_image":"","footnotes":""},"categories":[190],"tags":[3832,3830,3838,3840,3839,3200,1341,3828,3835,3827,3831,3833,3834,1826,3829,3836,3837],"class_list":["post-1125","post","type-post","status-publish","format-standard","hentry","category-comunicati-stampa","tag-3832","tag-anno","tag-apertura","tag-cerimonia","tag-conferenza","tag-creare","tag-creativita","tag-daniela-montagner","tag-edward-de-bono","tag-european-year-of-innovation-and-creativity","tag-europeo","tag-immaginare","tag-innovare","tag-innovazione","tag-massimo-soriani-bellavista","tag-presentazione","tag-ufficiale"],"yoast_head":"<!-- This site is optimized with the Yoast SEO plugin v27.0 - https:\/\/yoast.com\/product\/yoast-seo-wordpress\/ -->\n<title>A Praga lo start dell\u2019Anno Europeo della Creativit\u00e0 e Innovazione 2009 - Article Marketing<\/title>\n<meta name=\"robots\" content=\"index, follow, max-snippet:-1, max-image-preview:large, max-video-preview:-1\" \/>\n<link rel=\"canonical\" href=\"https:\/\/www.article-marketing.eu\/comunicati\/comunicati-stampa\/a-praga-lo-start-dellanno-europeo-della-creativit?-e-innovazione-2009\/\" \/>\n<meta property=\"og:locale\" content=\"it_IT\" \/>\n<meta property=\"og:type\" content=\"article\" \/>\n<meta property=\"og:title\" content=\"A Praga lo start dell\u2019Anno Europeo della Creativit\u00e0 e Innovazione 2009 - Article Marketing\" \/>\n<meta property=\"og:description\" content=\"Si \u00e8 tenuta il 7 gennaio 2008 a Praga, alla presenza del primo ministro ceco Mirek Topol\u00e1nek e del presidente della Commissione Europea Jos\u00e9 Manuel Barroso, l\u2019inaugurazione ufficiale dell\u2019Anno europeo della creativit\u00e0 e dell&#039;innovazione 2009 il cui slogan \u00e8 &quot;Immaginare. Creare. Innovare&quot;.\" \/>\n<meta property=\"og:url\" content=\"\" \/>\n<meta property=\"og:site_name\" content=\"Article Marketing\" \/>\n<meta property=\"article:published_time\" content=\"2009-01-09T19:15:57+00:00\" \/>\n<meta name=\"author\" content=\"Redazione Comunicati Stampa\" \/>\n<meta name=\"twitter:card\" content=\"summary_large_image\" \/>\n<meta name=\"twitter:label1\" content=\"Scritto da\" \/>\n\t<meta name=\"twitter:data1\" content=\"Redazione Comunicati Stampa\" \/>\n\t<meta name=\"twitter:label2\" content=\"Tempo di lettura stimato\" \/>\n\t<meta name=\"twitter:data2\" content=\"3 minuti\" \/>\n<script type=\"application\/ld+json\" class=\"yoast-schema-graph\">{\"@context\":\"https:\/\/schema.org\",\"@graph\":[{\"@type\":\"Article\",\"@id\":\"https:\/\/www.article-marketing.eu\/comunicati\/comunicati-stampa\/a-praga-lo-start-dellanno-europeo-della-creativit%e0-e-innovazione-2009\/#article\",\"isPartOf\":{\"@id\":\"https:\/\/www.article-marketing.eu\/comunicati\/comunicati-stampa\/a-praga-lo-start-dellanno-europeo-della-creativit%e0-e-innovazione-2009\/\"},\"author\":{\"name\":\"Redazione Comunicati Stampa\",\"@id\":\"https:\/\/www.article-marketing.eu\/comunicati\/#\/schema\/person\/44372e4d4d0fa797b18e03ed1ace9017\"},\"headline\":\"A Praga lo start dell\u2019Anno Europeo della Creativit\u00e0 e Innovazione 2009\",\"datePublished\":\"2009-01-09T19:15:57+00:00\",\"mainEntityOfPage\":{\"@id\":\"https:\/\/www.article-marketing.eu\/comunicati\/comunicati-stampa\/a-praga-lo-start-dellanno-europeo-della-creativit%e0-e-innovazione-2009\/\"},\"wordCount\":530,\"commentCount\":0,\"keywords\":[\"2009\",\"anno\",\"apertura\",\"cerimonia\",\"conferenza\",\"creare\",\"creativit\u00e0\",\"daniela montagner\",\"edward de bono\",\"European Year of Innovation and Creativity\",\"europeo\",\"immaginare\",\"innovare\",\"innovazione\",\"massimo soriani bellavista\",\"presentazione\",\"ufficiale\"],\"articleSection\":[\"Comunicati stampa\"],\"inLanguage\":\"it-IT\",\"potentialAction\":[{\"@type\":\"CommentAction\",\"name\":\"Comment\",\"target\":[\"https:\/\/www.article-marketing.eu\/comunicati\/comunicati-stampa\/a-praga-lo-start-dellanno-europeo-della-creativit%e0-e-innovazione-2009\/#respond\"]}]},{\"@type\":\"WebPage\",\"@id\":\"https:\/\/www.article-marketing.eu\/comunicati\/comunicati-stampa\/a-praga-lo-start-dellanno-europeo-della-creativit%e0-e-innovazione-2009\/\",\"url\":\"https:\/\/www.article-marketing.eu\/comunicati\/comunicati-stampa\/a-praga-lo-start-dellanno-europeo-della-creativit%e0-e-innovazione-2009\/\",\"name\":\"A Praga lo start dell\u2019Anno Europeo della Creativit\u00e0 e Innovazione 2009 - Article Marketing\",\"isPartOf\":{\"@id\":\"https:\/\/www.article-marketing.eu\/comunicati\/#website\"},\"datePublished\":\"2009-01-09T19:15:57+00:00\",\"author\":{\"@id\":\"https:\/\/www.article-marketing.eu\/comunicati\/#\/schema\/person\/44372e4d4d0fa797b18e03ed1ace9017\"},\"breadcrumb\":{\"@id\":\"https:\/\/www.article-marketing.eu\/comunicati\/comunicati-stampa\/a-praga-lo-start-dellanno-europeo-della-creativit%e0-e-innovazione-2009\/#breadcrumb\"},\"inLanguage\":\"it-IT\",\"potentialAction\":[{\"@type\":\"ReadAction\",\"target\":[\"https:\/\/www.article-marketing.eu\/comunicati\/comunicati-stampa\/a-praga-lo-start-dellanno-europeo-della-creativit%e0-e-innovazione-2009\/\"]}]},{\"@type\":\"BreadcrumbList\",\"@id\":\"https:\/\/www.article-marketing.eu\/comunicati\/comunicati-stampa\/a-praga-lo-start-dellanno-europeo-della-creativit%e0-e-innovazione-2009\/#breadcrumb\",\"itemListElement\":[{\"@type\":\"ListItem\",\"position\":1,\"name\":\"Home\",\"item\":\"https:\/\/www.article-marketing.eu\/comunicati\/\"},{\"@type\":\"ListItem\",\"position\":2,\"name\":\"A Praga lo start dell\u2019Anno Europeo della Creativit\u00e0 e Innovazione 2009\"}]},{\"@type\":\"WebSite\",\"@id\":\"https:\/\/www.article-marketing.eu\/comunicati\/#website\",\"url\":\"https:\/\/www.article-marketing.eu\/comunicati\/\",\"name\":\"Article Marketing\",\"description\":\"article marketing &amp; press release\",\"potentialAction\":[{\"@type\":\"SearchAction\",\"target\":{\"@type\":\"EntryPoint\",\"urlTemplate\":\"https:\/\/www.article-marketing.eu\/comunicati\/?s={search_term_string}\"},\"query-input\":{\"@type\":\"PropertyValueSpecification\",\"valueRequired\":true,\"valueName\":\"search_term_string\"}}],\"inLanguage\":\"it-IT\"},{\"@type\":\"Person\",\"@id\":\"https:\/\/www.article-marketing.eu\/comunicati\/#\/schema\/person\/44372e4d4d0fa797b18e03ed1ace9017\",\"name\":\"Redazione Comunicati Stampa\",\"image\":{\"@type\":\"ImageObject\",\"inLanguage\":\"it-IT\",\"@id\":\"https:\/\/www.article-marketing.eu\/comunicati\/#\/schema\/person\/image\/\",\"url\":\"https:\/\/secure.gravatar.com\/avatar\/50e5c6421d3072f42e7ace803501602c60d75233d34e29fd05feb91c8760b792?s=96&d=mm&r=g\",\"contentUrl\":\"https:\/\/secure.gravatar.com\/avatar\/50e5c6421d3072f42e7ace803501602c60d75233d34e29fd05feb91c8760b792?s=96&d=mm&r=g\",\"caption\":\"Redazione Comunicati Stampa\"},\"url\":\"https:\/\/www.article-marketing.eu\/comunicati\/author\/redazione-comunicati-stampa\/\"}]}<\/script>\n<!-- \/ Yoast SEO plugin. -->","yoast_head_json":{"title":"A Praga lo start dell\u2019Anno Europeo della Creativit\u00e0 e Innovazione 2009 - Article Marketing","robots":{"index":"index","follow":"follow","max-snippet":"max-snippet:-1","max-image-preview":"max-image-preview:large","max-video-preview":"max-video-preview:-1"},"canonical":"https:\/\/www.article-marketing.eu\/comunicati\/comunicati-stampa\/a-praga-lo-start-dellanno-europeo-della-creativit?-e-innovazione-2009\/","og_locale":"it_IT","og_type":"article","og_title":"A Praga lo start dell\u2019Anno Europeo della Creativit\u00e0 e Innovazione 2009 - Article Marketing","og_description":"Si \u00e8 tenuta il 7 gennaio 2008 a Praga, alla presenza del primo ministro ceco Mirek Topol\u00e1nek e del presidente della Commissione Europea Jos\u00e9 Manuel Barroso, l\u2019inaugurazione ufficiale dell\u2019Anno europeo della creativit\u00e0 e dell'innovazione 2009 il cui slogan \u00e8 \"Immaginare. Creare. Innovare\".","og_url":"https:\/\/www.article-marketing.eu\/comunicati\/comunicati-stampa\/a-praga-lo-start-dellanno-europeo-della-creativit?-e-innovazione-2009\/","og_site_name":"Article Marketing","article_published_time":"2009-01-09T19:15:57+00:00","author":"Redazione Comunicati Stampa","twitter_card":"summary_large_image","twitter_misc":{"Scritto da":"Redazione Comunicati Stampa","Tempo di lettura stimato":"3 minuti"},"schema":{"@context":"https:\/\/schema.org","@graph":[{"@type":"Article","@id":"https:\/\/www.article-marketing.eu\/comunicati\/comunicati-stampa\/a-praga-lo-start-dellanno-europeo-della-creativit%e0-e-innovazione-2009\/#article","isPartOf":{"@id":"https:\/\/www.article-marketing.eu\/comunicati\/comunicati-stampa\/a-praga-lo-start-dellanno-europeo-della-creativit%e0-e-innovazione-2009\/"},"author":{"name":"Redazione Comunicati Stampa","@id":"https:\/\/www.article-marketing.eu\/comunicati\/#\/schema\/person\/44372e4d4d0fa797b18e03ed1ace9017"},"headline":"A Praga lo start dell\u2019Anno Europeo della Creativit\u00e0 e Innovazione 2009","datePublished":"2009-01-09T19:15:57+00:00","mainEntityOfPage":{"@id":"https:\/\/www.article-marketing.eu\/comunicati\/comunicati-stampa\/a-praga-lo-start-dellanno-europeo-della-creativit%e0-e-innovazione-2009\/"},"wordCount":530,"commentCount":0,"keywords":["2009","anno","apertura","cerimonia","conferenza","creare","creativit\u00e0","daniela montagner","edward de bono","European Year of Innovation and Creativity","europeo","immaginare","innovare","innovazione","massimo soriani bellavista","presentazione","ufficiale"],"articleSection":["Comunicati stampa"],"inLanguage":"it-IT","potentialAction":[{"@type":"CommentAction","name":"Comment","target":["https:\/\/www.article-marketing.eu\/comunicati\/comunicati-stampa\/a-praga-lo-start-dellanno-europeo-della-creativit%e0-e-innovazione-2009\/#respond"]}]},{"@type":"WebPage","@id":"https:\/\/www.article-marketing.eu\/comunicati\/comunicati-stampa\/a-praga-lo-start-dellanno-europeo-della-creativit%e0-e-innovazione-2009\/","url":"https:\/\/www.article-marketing.eu\/comunicati\/comunicati-stampa\/a-praga-lo-start-dellanno-europeo-della-creativit%e0-e-innovazione-2009\/","name":"A Praga lo start dell\u2019Anno Europeo della Creativit\u00e0 e Innovazione 2009 - Article Marketing","isPartOf":{"@id":"https:\/\/www.article-marketing.eu\/comunicati\/#website"},"datePublished":"2009-01-09T19:15:57+00:00","author":{"@id":"https:\/\/www.article-marketing.eu\/comunicati\/#\/schema\/person\/44372e4d4d0fa797b18e03ed1ace9017"},"breadcrumb":{"@id":"https:\/\/www.article-marketing.eu\/comunicati\/comunicati-stampa\/a-praga-lo-start-dellanno-europeo-della-creativit%e0-e-innovazione-2009\/#breadcrumb"},"inLanguage":"it-IT","potentialAction":[{"@type":"ReadAction","target":["https:\/\/www.article-marketing.eu\/comunicati\/comunicati-stampa\/a-praga-lo-start-dellanno-europeo-della-creativit%e0-e-innovazione-2009\/"]}]},{"@type":"BreadcrumbList","@id":"https:\/\/www.article-marketing.eu\/comunicati\/comunicati-stampa\/a-praga-lo-start-dellanno-europeo-della-creativit%e0-e-innovazione-2009\/#breadcrumb","itemListElement":[{"@type":"ListItem","position":1,"name":"Home","item":"https:\/\/www.article-marketing.eu\/comunicati\/"},{"@type":"ListItem","position":2,"name":"A Praga lo start dell\u2019Anno Europeo della Creativit\u00e0 e Innovazione 2009"}]},{"@type":"WebSite","@id":"https:\/\/www.article-marketing.eu\/comunicati\/#website","url":"https:\/\/www.article-marketing.eu\/comunicati\/","name":"Article Marketing","description":"article marketing &amp; press release","potentialAction":[{"@type":"SearchAction","target":{"@type":"EntryPoint","urlTemplate":"https:\/\/www.article-marketing.eu\/comunicati\/?s={search_term_string}"},"query-input":{"@type":"PropertyValueSpecification","valueRequired":true,"valueName":"search_term_string"}}],"inLanguage":"it-IT"},{"@type":"Person","@id":"https:\/\/www.article-marketing.eu\/comunicati\/#\/schema\/person\/44372e4d4d0fa797b18e03ed1ace9017","name":"Redazione Comunicati Stampa","image":{"@type":"ImageObject","inLanguage":"it-IT","@id":"https:\/\/www.article-marketing.eu\/comunicati\/#\/schema\/person\/image\/","url":"https:\/\/secure.gravatar.com\/avatar\/50e5c6421d3072f42e7ace803501602c60d75233d34e29fd05feb91c8760b792?s=96&d=mm&r=g","contentUrl":"https:\/\/secure.gravatar.com\/avatar\/50e5c6421d3072f42e7ace803501602c60d75233d34e29fd05feb91c8760b792?s=96&d=mm&r=g","caption":"Redazione Comunicati Stampa"},"url":"https:\/\/www.article-marketing.eu\/comunicati\/author\/redazione-comunicati-stampa\/"}]}},"_links":{"self":[{"href":"https:\/\/www.article-marketing.eu\/comunicati\/wp-json\/wp\/v2\/posts\/1125","targetHints":{"allow":["GET"]}}],"collection":[{"href":"https:\/\/www.article-marketing.eu\/comunicati\/wp-json\/wp\/v2\/posts"}],"about":[{"href":"https:\/\/www.article-marketing.eu\/comunicati\/wp-json\/wp\/v2\/types\/post"}],"author":[{"embeddable":true,"href":"https:\/\/www.article-marketing.eu\/comunicati\/wp-json\/wp\/v2\/users\/10"}],"replies":[{"embeddable":true,"href":"https:\/\/www.article-marketing.eu\/comunicati\/wp-json\/wp\/v2\/comments?post=1125"}],"version-history":[{"count":0,"href":"https:\/\/www.article-marketing.eu\/comunicati\/wp-json\/wp\/v2\/posts\/1125\/revisions"}],"wp:attachment":[{"href":"https:\/\/www.article-marketing.eu\/comunicati\/wp-json\/wp\/v2\/media?parent=1125"}],"wp:term":[{"taxonomy":"category","embeddable":true,"href":"https:\/\/www.article-marketing.eu\/comunicati\/wp-json\/wp\/v2\/categories?post=1125"},{"taxonomy":"post_tag","embeddable":true,"href":"https:\/\/www.article-marketing.eu\/comunicati\/wp-json\/wp\/v2\/tags?post=1125"}],"curies":[{"name":"wp","href":"https:\/\/api.w.org\/{rel}","templated":true}]}}