{"id":1138,"date":"2009-01-12T15:30:24","date_gmt":"2009-01-12T14:30:24","guid":{"rendered":"http:\/\/www.article-marketing.eu\/comunicati\/senza-categoria\/tempi-di-crisi-e-di-opportunita\/"},"modified":"2009-01-12T15:30:24","modified_gmt":"2009-01-12T14:30:24","slug":"tempi-di-crisi-e-di-opportunita","status":"publish","type":"post","link":"https:\/\/www.article-marketing.eu\/comunicati\/economia-e-lavoro\/tempi-di-crisi-e-di-opportunita\/","title":{"rendered":"TEMPI DI CRISI E DI OPPORTUNITA&#8217;"},"content":{"rendered":"<p>C\u2019\u00e8 crisi. Un refrain che ascoltiamo da diversi lustri.Tempi di turbolenze e incertezze, crisi e transizioni, si legge e si ascolta dappertutto che il mercato \u00e8 in crisi. Addirittura alcuni ipotizzano e verficano con fatti e cifre, una crisi dell&#8217;attuale sistema economico globale. L&#8217;inattaccabile sistema capitalistico mondiale sarebb arrivato miseramente all\u2019 epilogo. Pare che ultimamente qualcosa non abbia funzionato e l&#8217;insieme di regole, o la mancanza delle stesse, che le diverse istituzioni politiche nel mondo si sono date di comune accordo per la gestione del sistema economico globale ha lasciato spazio a degli errori.<\/p>\n<p>A partire dagli Stati Uniti \u00e8 venuta alla luce una modalit\u00e0 di gestione dei capitali finanziari che non era del tutto legata alla economia reale, pi\u00f9 precisamente si sono creati e commercializzati titoli finanziari con valore fittizio che hanno gonfiato una bolla speculativa abnorme, che adesso esplode travolgendoci.<\/p>\n<p>La situazione economica italiana prima di questa crisi finanziaria non era propriamente florida per vari motivi tra cui l&#8217;inadeguatezza di una parte della struttura economica italiana nella gestione di un mercato globalizzato in continuo e veloce cambiamento e sottoposto in alcuni settori ad una concorrenza mai vista prima.<\/p>\n<p>Ora che questa crisi finanziaria si sta lentamente spostando nell&#8217;economia cosiddetta reale, molti osservatori evidenziano che il nostro sistema sta entrando in una vera e propria fase di recessione e deflazione; ci stiamo impoverendo.<\/p>\n<p>Ma in concreto di cosa stiamo parlando? Il tessuto produttivo italiano \u00e8 formato per il 98 percento da aziende piccol e medie che fino a quest&#8217; estate operavano con grande difficolt\u00e0 in un mercato sempre pi\u00f9 complesso. Un mercato che continua ad muoversi nella direzione di una globalizzazione e di un aumento della concorrenza con richieste e mutamenti continui. Questo mercato in continuo e rapido cambiamento ha messo in difficolt\u00e0 reti vendita testate negli anni e soluzioni di business storicizzate; ora in questo mercato gi\u00e0 difficile si \u00e8 aggiunta pure una crisi finanziaria, economica e strutturale che prima non c&#8217;era. Le aziende ormai sono costrette ad abbassare i prezzi dei prodotti per dare \u201cfiato\u201d alla domanda, la cassa integrazione per vasti settori incombe e per molti lo spettro dell\u2019 impoverimento \u00e8 dietro l\u2019angolo.<\/p>\n<p>Quindi se fino a quest&#8217; estate l&#8217;ambiente circostante l&#8217;azienda era un mercato in continuo mutamento e spesso di difficile interpretazione, ora lo stesso difficile mercato ha accellerato le sue dinamiche e pare essere ancora pi\u00f9 incomprensibile: quello che prima funzionava e vendeva ora non funziona e non vende pi\u00f9. Prodotti e servizi che hanno costruito la storia di aziende e la ricchezza di territori ora non esistono pi\u00f9, scoparsi in pochi mesi o in disarmo preoccupante.<\/p>\n<p>Ma davvero stiamo parlando di ambienti economici turbolenti e di difficile interpretazione o di mercati in crisi? Ebbene parliamo di entrambe a seconda della prospettiva attraverso cui le osserviamo. Nonostante la dura realt\u00e0 del momento storico che stiamo attraversando, siamo certi che questi cambiamenti di mercato generano solo crisi e difficolt\u00e0, oppure possiamo intravedere delle opportunit\u00e0?<\/p>\n<p>I cambiamenti esistono e si verificano per svariati motivi (economici, politici, sociali) spesso in combinazione tra loro. Le conseguenze di questi cambiamenti per\u00f2 sono decisi da coloro che li vivono: opportunit\u00e0 che rafforzano oppure crisi che indeboliscono .<\/p>\n<p>Crisi di mercato, oppure difficili e veloci cambiamenti di mercato da cogliere?<\/p>\n<p>Quando l&#8217;azienda non \u00e8 in grado di gestire i cambiamenti e le variazioni dell&#8217;ambiente esterno, l&#8217;organizzazione aziendale genera una crisi interna che mette in pericolo la vita stessa dell&#8217;azienda.<\/p>\n<p>La decisione di trasformare dei cambiamenti in opportunit\u00e0 \u00e8 determinata dalla capacit\u00e0 flessibile delle organizzazioni aziendali di metabolizzarli e sfruttarli. Questo vuol dire spostare l&#8217;attenzione dall&#8217;esterno verso l&#8217;interno della organizzazione stessa.<\/p>\n<p>Quando un\u00ec impresa organizzata non riesce ad attuare questo processo l&#8217;azienda prende la strada della crisi che si evidenzia con un abbassamento della marginalit\u00e0 e l&#8217;impossibilit\u00e0 di cambiare direzione per un limite culturale del management e dell\u2019 organizzazione stessa.<\/p>\n<p>La causa reale di una crisi aziendale non \u00e8 mai esterna alle aziende; il mercato ed i clienti sono creati e generati dal management delle aziende: se le aziende vanno bene e sono sane sono in grado di crearsi il mercato, altrimenti non ci riescono a imporsi con i loro rpodotti e srvizi e vanno in crisi. Ed in termini concreti siamo di fronte a questa tipologia di evento quando diminuisce la liquidit\u00e0 dell&#8217;azienda e quindi la capacit\u00e0 di investire in nuovi mercati ed in innovazione di prodotto e tecnologica.<\/p>\n<p>Lo scollamento tra i cambiamenti esterni all&#8217;organizzzazione aziendale e la capacit\u00e0 di adeguare le strutture interne non sono di facile evidenziazione. Senza un corretto sistema di reportistica, raccolta dei dati , lettura e interpretazione degli stessi \u00e8 praticamente impossible accorgersi che si sta verificando una diversit\u00e0 di movimento tra il passo del mercato ed il passo dell&#8217;azienda. E\u2019 duro ammetterlo, ma molte piccole e medie aziende in questo senso \u201cnavigano a vista\u201d o hanno scarsa cultura manageriale.<\/p>\n<p>Per affrontare una crisi aziendale bisogna raccogliere i dati mancanti. Bisogna recuperare i dati che avrebbero potuto indicare che la direzione intrapresa non era corretta. Dove ci sono stati degli scostamenti individuare la genesi della crisi e intervenire con un programma adeguato.<\/p>\n<p>Quando una azienda va in crisi significa che c&#8217;\u00e8 stato un momento all&#8217;interno dell&#8217;organizzazione aziendale nel quale la sua capacit\u00e0 di tradurre mutamenti del mercato in opportunit\u00e0 \u00e8 venuta meno. Qualcosa nel passato di successo della storia aziendale si \u00e8 interrotto o \u00e8 cambiato. E\u2019 cambiata quindi anche la capacit\u00e0 di chi gestisce di avere una corretta visione. Prima l&#8217;azienda era in grado di interpretare le richieste inespresse del mercato e trasformarle in business. Successivamente questa capacit\u00e0 di interpretazione dell&#8217;ambiente esterno non \u00e8 stata pi\u00f9 cos\u00ec efficace. Cambi di management ,passaggi generazionali, cambi strategici mal ponderati, sono alla base di crisi profonde.<\/p>\n<p>Le aziende, al di l\u00e0 delle loro dimensioni di fatturato o numero di addetti, attuano di continuo un dialogo con il mercato in cui sono immerse; questo dialogo deve fornire i dati per creare le scelte strategiche. Se questo processo non avviene le scelte strategiche attuate saranno errate, in un mercato in veloce cambiamento e sempre pi\u00f9 di difficile interpretazione le scelte errate si trasformano velocemente in crisi aziendali.<\/p>\n<p>Dobbiamo sviluppare e promuovere una cultura manageriale che ci permetta di raccogliere ed interpretare dati corretti per aiutarci a fare scelte strategiche che creino o cavalchino opportunit\u00e0 anche e soprattutto in momenti di crisi generali di mercato. Oggi l&#8217;errore strategico si paga sempre pi\u00f9 caro.<\/p>\n<p>Acquisire la consapevolezza dell\u2019 opportunit\u00e0 di fare entrare nella gestione aziendale manager esterni alla propriet\u00e0 e alla compagine parentale circostante, potrebbe aiutare ad accelerare uno sviluppo che non sia solo frutto del \u201cnavigare a vista&#8221; e mettere l\u2019 azienda al riparo da crisi improvvise e repentini mutamenti del quadro generale. Pi\u00f9 manager insomma e pi\u00f9 cultura manageriale. A questo proposito bisogna fare scelte buone e sono state individuate delle caratteristiche che accomunano i manager di successo:<\/p>\n<p>\u2013 agiscono subito;<\/p>\n<p>\u2013 comunicano con chiarezza e dicono sempre le stesse cose importanti;<\/p>\n<p>\u2013 vanno diritto al cuore dei problemi;<\/p>\n<p>\u2013 sono refrattari alla burocrazia. Non rallentano le cose da fare attraverso il modo in cui vengono fatte;<\/p>\n<p>\u2013 utilizzano un linguaggio chiaro e trasparente;<\/p>\n<p>\u2013 il passaggio tra il pensiero e l&#8217;azione \u00e8 estremamente rapido;<\/p>\n<p>\u2013 considerano le cose fatte a met\u00e0 come inutili perdite di tempo;<\/p>\n<p>\u2013 sono molto tenaci nel raggiungimento dei risultati.<\/p>\n<p><P><br \/>\n<A href=\"http:\/\/www.spheragroup.it\/\">www.spheragroup.it<\/A><\/p>\n","protected":false},"excerpt":{"rendered":"<p>C\u2019\u00e8 crisi. Un refrain che ascoltiamo da diversi lustri.Tempi di turbolenze e incertezze, crisi e transizioni, si legge e si ascolta dappertutto che il mercato \u00e8 in crisi. Addirittura alcuni ipotizzano e verficano con fatti e cifre, una crisi dell&#8217;attuale sistema economico globale. L&#8217;inattaccabile sistema capitalistico mondiale sarebb arrivato miseramente all\u2019 epilogo&#8230;<\/p>\n","protected":false},"author":10,"featured_media":0,"comment_status":"open","ping_status":"open","sticky":false,"template":"","format":"standard","meta":{"cybocfi_hide_featured_image":"","footnotes":""},"categories":[59],"tags":[3156,3779,1042,2178,3780,3778,3785,440,3781,245,507,3777,3784,3786,3782,3783],"class_list":["post-1138","post","type-post","status-publish","format-standard","hentry","category-economia-e-lavoro","tag-analisi","tag-analisi-organizzativa","tag-business","tag-certificazione","tag-consulenza-di-direzione","tag-controllo-di-gestione","tag-finanza-aziendale","tag-formazione","tag-internazionalizzazione-aziendale","tag-marketing","tag-pmi","tag-selezione","tag-sistema-qualita","tag-start-up","tag-strategie","tag-temporary-management"],"yoast_head":"<!-- This site is optimized with the Yoast SEO plugin v27.0 - https:\/\/yoast.com\/product\/yoast-seo-wordpress\/ -->\n<title>TEMPI DI CRISI E DI OPPORTUNITA&#039; - Article Marketing<\/title>\n<meta name=\"robots\" content=\"index, follow, max-snippet:-1, max-image-preview:large, max-video-preview:-1\" \/>\n<link rel=\"canonical\" href=\"https:\/\/www.article-marketing.eu\/comunicati\/economia-e-lavoro\/tempi-di-crisi-e-di-opportunita\/\" \/>\n<meta property=\"og:locale\" content=\"it_IT\" \/>\n<meta property=\"og:type\" content=\"article\" \/>\n<meta property=\"og:title\" content=\"TEMPI DI CRISI E DI OPPORTUNITA&#039; - Article Marketing\" \/>\n<meta property=\"og:description\" content=\"C\u2019\u00e8 crisi. Un refrain che ascoltiamo da diversi lustri.Tempi di turbolenze e incertezze, crisi e transizioni, si legge e si ascolta dappertutto che il mercato \u00e8 in crisi. Addirittura alcuni ipotizzano e verficano con fatti e cifre, una crisi dell&#039;attuale sistema economico globale. L&#039;inattaccabile sistema capitalistico mondiale sarebb arrivato miseramente all\u2019 epilogo...\" \/>\n<meta property=\"og:url\" content=\"https:\/\/www.article-marketing.eu\/comunicati\/economia-e-lavoro\/tempi-di-crisi-e-di-opportunita\/\" \/>\n<meta property=\"og:site_name\" content=\"Article Marketing\" \/>\n<meta property=\"article:published_time\" content=\"2009-01-12T14:30:24+00:00\" \/>\n<meta name=\"author\" content=\"Redazione Comunicati Stampa\" \/>\n<meta name=\"twitter:card\" content=\"summary_large_image\" \/>\n<meta name=\"twitter:label1\" content=\"Scritto da\" \/>\n\t<meta name=\"twitter:data1\" content=\"Redazione Comunicati Stampa\" \/>\n\t<meta name=\"twitter:label2\" content=\"Tempo di lettura stimato\" \/>\n\t<meta name=\"twitter:data2\" content=\"6 minuti\" \/>\n<script type=\"application\/ld+json\" class=\"yoast-schema-graph\">{\"@context\":\"https:\/\/schema.org\",\"@graph\":[{\"@type\":\"Article\",\"@id\":\"https:\/\/www.article-marketing.eu\/comunicati\/economia-e-lavoro\/tempi-di-crisi-e-di-opportunita\/#article\",\"isPartOf\":{\"@id\":\"https:\/\/www.article-marketing.eu\/comunicati\/economia-e-lavoro\/tempi-di-crisi-e-di-opportunita\/\"},\"author\":{\"name\":\"Redazione Comunicati Stampa\",\"@id\":\"https:\/\/www.article-marketing.eu\/comunicati\/#\/schema\/person\/44372e4d4d0fa797b18e03ed1ace9017\"},\"headline\":\"TEMPI DI CRISI E DI OPPORTUNITA&#8217;\",\"datePublished\":\"2009-01-12T14:30:24+00:00\",\"mainEntityOfPage\":{\"@id\":\"https:\/\/www.article-marketing.eu\/comunicati\/economia-e-lavoro\/tempi-di-crisi-e-di-opportunita\/\"},\"wordCount\":1202,\"commentCount\":0,\"keywords\":[\"analisi\",\"analisi organizzativa\",\"business\",\"certificazione\",\"consulenza di direzione\",\"controllo di gestione\",\"finanza aziendale\",\"formazione\",\"internazionalizzazione aziendale\",\"marketing\",\"pmi\",\"selezione\",\"sistema qualit\u00e0\",\"start up\",\"strategie\",\"temporary management\"],\"articleSection\":[\"Economia e lavoro\"],\"inLanguage\":\"it-IT\",\"potentialAction\":[{\"@type\":\"CommentAction\",\"name\":\"Comment\",\"target\":[\"https:\/\/www.article-marketing.eu\/comunicati\/economia-e-lavoro\/tempi-di-crisi-e-di-opportunita\/#respond\"]}]},{\"@type\":\"WebPage\",\"@id\":\"https:\/\/www.article-marketing.eu\/comunicati\/economia-e-lavoro\/tempi-di-crisi-e-di-opportunita\/\",\"url\":\"https:\/\/www.article-marketing.eu\/comunicati\/economia-e-lavoro\/tempi-di-crisi-e-di-opportunita\/\",\"name\":\"TEMPI DI CRISI E DI OPPORTUNITA' - Article Marketing\",\"isPartOf\":{\"@id\":\"https:\/\/www.article-marketing.eu\/comunicati\/#website\"},\"datePublished\":\"2009-01-12T14:30:24+00:00\",\"author\":{\"@id\":\"https:\/\/www.article-marketing.eu\/comunicati\/#\/schema\/person\/44372e4d4d0fa797b18e03ed1ace9017\"},\"breadcrumb\":{\"@id\":\"https:\/\/www.article-marketing.eu\/comunicati\/economia-e-lavoro\/tempi-di-crisi-e-di-opportunita\/#breadcrumb\"},\"inLanguage\":\"it-IT\",\"potentialAction\":[{\"@type\":\"ReadAction\",\"target\":[\"https:\/\/www.article-marketing.eu\/comunicati\/economia-e-lavoro\/tempi-di-crisi-e-di-opportunita\/\"]}]},{\"@type\":\"BreadcrumbList\",\"@id\":\"https:\/\/www.article-marketing.eu\/comunicati\/economia-e-lavoro\/tempi-di-crisi-e-di-opportunita\/#breadcrumb\",\"itemListElement\":[{\"@type\":\"ListItem\",\"position\":1,\"name\":\"Home\",\"item\":\"https:\/\/www.article-marketing.eu\/comunicati\/\"},{\"@type\":\"ListItem\",\"position\":2,\"name\":\"TEMPI DI CRISI E DI OPPORTUNITA&#8217;\"}]},{\"@type\":\"WebSite\",\"@id\":\"https:\/\/www.article-marketing.eu\/comunicati\/#website\",\"url\":\"https:\/\/www.article-marketing.eu\/comunicati\/\",\"name\":\"Article Marketing\",\"description\":\"article marketing &amp; press release\",\"potentialAction\":[{\"@type\":\"SearchAction\",\"target\":{\"@type\":\"EntryPoint\",\"urlTemplate\":\"https:\/\/www.article-marketing.eu\/comunicati\/?s={search_term_string}\"},\"query-input\":{\"@type\":\"PropertyValueSpecification\",\"valueRequired\":true,\"valueName\":\"search_term_string\"}}],\"inLanguage\":\"it-IT\"},{\"@type\":\"Person\",\"@id\":\"https:\/\/www.article-marketing.eu\/comunicati\/#\/schema\/person\/44372e4d4d0fa797b18e03ed1ace9017\",\"name\":\"Redazione Comunicati Stampa\",\"image\":{\"@type\":\"ImageObject\",\"inLanguage\":\"it-IT\",\"@id\":\"https:\/\/www.article-marketing.eu\/comunicati\/#\/schema\/person\/image\/\",\"url\":\"https:\/\/secure.gravatar.com\/avatar\/50e5c6421d3072f42e7ace803501602c60d75233d34e29fd05feb91c8760b792?s=96&d=mm&r=g\",\"contentUrl\":\"https:\/\/secure.gravatar.com\/avatar\/50e5c6421d3072f42e7ace803501602c60d75233d34e29fd05feb91c8760b792?s=96&d=mm&r=g\",\"caption\":\"Redazione Comunicati Stampa\"},\"url\":\"https:\/\/www.article-marketing.eu\/comunicati\/author\/redazione-comunicati-stampa\/\"}]}<\/script>\n<!-- \/ Yoast SEO plugin. -->","yoast_head_json":{"title":"TEMPI DI CRISI E DI OPPORTUNITA' - Article Marketing","robots":{"index":"index","follow":"follow","max-snippet":"max-snippet:-1","max-image-preview":"max-image-preview:large","max-video-preview":"max-video-preview:-1"},"canonical":"https:\/\/www.article-marketing.eu\/comunicati\/economia-e-lavoro\/tempi-di-crisi-e-di-opportunita\/","og_locale":"it_IT","og_type":"article","og_title":"TEMPI DI CRISI E DI OPPORTUNITA' - Article Marketing","og_description":"C\u2019\u00e8 crisi. Un refrain che ascoltiamo da diversi lustri.Tempi di turbolenze e incertezze, crisi e transizioni, si legge e si ascolta dappertutto che il mercato \u00e8 in crisi. Addirittura alcuni ipotizzano e verficano con fatti e cifre, una crisi dell'attuale sistema economico globale. L'inattaccabile sistema capitalistico mondiale sarebb arrivato miseramente all\u2019 epilogo...","og_url":"https:\/\/www.article-marketing.eu\/comunicati\/economia-e-lavoro\/tempi-di-crisi-e-di-opportunita\/","og_site_name":"Article Marketing","article_published_time":"2009-01-12T14:30:24+00:00","author":"Redazione Comunicati Stampa","twitter_card":"summary_large_image","twitter_misc":{"Scritto da":"Redazione Comunicati Stampa","Tempo di lettura stimato":"6 minuti"},"schema":{"@context":"https:\/\/schema.org","@graph":[{"@type":"Article","@id":"https:\/\/www.article-marketing.eu\/comunicati\/economia-e-lavoro\/tempi-di-crisi-e-di-opportunita\/#article","isPartOf":{"@id":"https:\/\/www.article-marketing.eu\/comunicati\/economia-e-lavoro\/tempi-di-crisi-e-di-opportunita\/"},"author":{"name":"Redazione Comunicati Stampa","@id":"https:\/\/www.article-marketing.eu\/comunicati\/#\/schema\/person\/44372e4d4d0fa797b18e03ed1ace9017"},"headline":"TEMPI DI CRISI E DI OPPORTUNITA&#8217;","datePublished":"2009-01-12T14:30:24+00:00","mainEntityOfPage":{"@id":"https:\/\/www.article-marketing.eu\/comunicati\/economia-e-lavoro\/tempi-di-crisi-e-di-opportunita\/"},"wordCount":1202,"commentCount":0,"keywords":["analisi","analisi organizzativa","business","certificazione","consulenza di direzione","controllo di gestione","finanza aziendale","formazione","internazionalizzazione aziendale","marketing","pmi","selezione","sistema qualit\u00e0","start up","strategie","temporary management"],"articleSection":["Economia e lavoro"],"inLanguage":"it-IT","potentialAction":[{"@type":"CommentAction","name":"Comment","target":["https:\/\/www.article-marketing.eu\/comunicati\/economia-e-lavoro\/tempi-di-crisi-e-di-opportunita\/#respond"]}]},{"@type":"WebPage","@id":"https:\/\/www.article-marketing.eu\/comunicati\/economia-e-lavoro\/tempi-di-crisi-e-di-opportunita\/","url":"https:\/\/www.article-marketing.eu\/comunicati\/economia-e-lavoro\/tempi-di-crisi-e-di-opportunita\/","name":"TEMPI DI CRISI E DI OPPORTUNITA' - Article Marketing","isPartOf":{"@id":"https:\/\/www.article-marketing.eu\/comunicati\/#website"},"datePublished":"2009-01-12T14:30:24+00:00","author":{"@id":"https:\/\/www.article-marketing.eu\/comunicati\/#\/schema\/person\/44372e4d4d0fa797b18e03ed1ace9017"},"breadcrumb":{"@id":"https:\/\/www.article-marketing.eu\/comunicati\/economia-e-lavoro\/tempi-di-crisi-e-di-opportunita\/#breadcrumb"},"inLanguage":"it-IT","potentialAction":[{"@type":"ReadAction","target":["https:\/\/www.article-marketing.eu\/comunicati\/economia-e-lavoro\/tempi-di-crisi-e-di-opportunita\/"]}]},{"@type":"BreadcrumbList","@id":"https:\/\/www.article-marketing.eu\/comunicati\/economia-e-lavoro\/tempi-di-crisi-e-di-opportunita\/#breadcrumb","itemListElement":[{"@type":"ListItem","position":1,"name":"Home","item":"https:\/\/www.article-marketing.eu\/comunicati\/"},{"@type":"ListItem","position":2,"name":"TEMPI DI CRISI E DI OPPORTUNITA&#8217;"}]},{"@type":"WebSite","@id":"https:\/\/www.article-marketing.eu\/comunicati\/#website","url":"https:\/\/www.article-marketing.eu\/comunicati\/","name":"Article Marketing","description":"article marketing &amp; press release","potentialAction":[{"@type":"SearchAction","target":{"@type":"EntryPoint","urlTemplate":"https:\/\/www.article-marketing.eu\/comunicati\/?s={search_term_string}"},"query-input":{"@type":"PropertyValueSpecification","valueRequired":true,"valueName":"search_term_string"}}],"inLanguage":"it-IT"},{"@type":"Person","@id":"https:\/\/www.article-marketing.eu\/comunicati\/#\/schema\/person\/44372e4d4d0fa797b18e03ed1ace9017","name":"Redazione Comunicati Stampa","image":{"@type":"ImageObject","inLanguage":"it-IT","@id":"https:\/\/www.article-marketing.eu\/comunicati\/#\/schema\/person\/image\/","url":"https:\/\/secure.gravatar.com\/avatar\/50e5c6421d3072f42e7ace803501602c60d75233d34e29fd05feb91c8760b792?s=96&d=mm&r=g","contentUrl":"https:\/\/secure.gravatar.com\/avatar\/50e5c6421d3072f42e7ace803501602c60d75233d34e29fd05feb91c8760b792?s=96&d=mm&r=g","caption":"Redazione Comunicati Stampa"},"url":"https:\/\/www.article-marketing.eu\/comunicati\/author\/redazione-comunicati-stampa\/"}]}},"_links":{"self":[{"href":"https:\/\/www.article-marketing.eu\/comunicati\/wp-json\/wp\/v2\/posts\/1138","targetHints":{"allow":["GET"]}}],"collection":[{"href":"https:\/\/www.article-marketing.eu\/comunicati\/wp-json\/wp\/v2\/posts"}],"about":[{"href":"https:\/\/www.article-marketing.eu\/comunicati\/wp-json\/wp\/v2\/types\/post"}],"author":[{"embeddable":true,"href":"https:\/\/www.article-marketing.eu\/comunicati\/wp-json\/wp\/v2\/users\/10"}],"replies":[{"embeddable":true,"href":"https:\/\/www.article-marketing.eu\/comunicati\/wp-json\/wp\/v2\/comments?post=1138"}],"version-history":[{"count":0,"href":"https:\/\/www.article-marketing.eu\/comunicati\/wp-json\/wp\/v2\/posts\/1138\/revisions"}],"wp:attachment":[{"href":"https:\/\/www.article-marketing.eu\/comunicati\/wp-json\/wp\/v2\/media?parent=1138"}],"wp:term":[{"taxonomy":"category","embeddable":true,"href":"https:\/\/www.article-marketing.eu\/comunicati\/wp-json\/wp\/v2\/categories?post=1138"},{"taxonomy":"post_tag","embeddable":true,"href":"https:\/\/www.article-marketing.eu\/comunicati\/wp-json\/wp\/v2\/tags?post=1138"}],"curies":[{"name":"wp","href":"https:\/\/api.w.org\/{rel}","templated":true}]}}