{"id":1140,"date":"2009-01-13T00:08:46","date_gmt":"2009-01-12T23:08:46","guid":{"rendered":"http:\/\/www.article-marketing.eu\/comunicati\/senza-categoria\/marche-centro-darte-i-fermenti-della-regione-nei-lavori-di-quattro-artisti\/"},"modified":"2009-01-13T00:08:46","modified_gmt":"2009-01-12T23:08:46","slug":"marche-centro-darte-i-fermenti-della-regione-nei-lavori-di-quattro-artisti","status":"publish","type":"post","link":"https:\/\/www.article-marketing.eu\/comunicati\/arte-e-cultura\/marche-centro-darte-i-fermenti-della-regione-nei-lavori-di-quattro-artisti\/","title":{"rendered":"Marche Centro d&#8217;Arte: i fermenti della regione nei lavori di quattro artisti"},"content":{"rendered":"<p>Alla Galleria Marconi di Cupra Marittima proseguono gli appuntamenti della rassegna Gallerista sull\u2019orlo di una crisi di nervi. Dopo la collettiva Dittici. Narrazioni fotografiche, che ha presentato i lavori di Marco Scozzaro, Fabio Mantovani e Kei Nagayoshi, domenica 18 Gennaio alle 18.00 si inaugura una collettiva che presenta i lavori  di 4 artisti marchigiani: Roberto Cicchin\u00e8 e Daniele Duranti, che saranno presentati da Stefania Palanca, e nardiescopetta e Rita Soccio, che saranno presentati da Dario Ciferri.<br \/>\nLa mostra rappresenta la prima tappa di un ciclo di tre mostre dedicate ai fermenti dell\u2019arte marchigiana intitolato: Marche Centro d\u2019Arte. Lo scopo di questa rassegna \u00e8 mostrare la vivacit\u00e0 delle produzioni artistiche che ci sono nella regione, una regione in cui da sempre convivono pluralit\u00e0 e singolarit\u00e0, a partire dallo stesso nome. Ogni artista ha una sua peculiarit\u00e0 che rende interessante il suo percorso di ricerca, una voce che unendosi alle altre che emergono dal territorio, da vita a un mosaico ricco vivo e vivace.<\/p>\n<p>\u201cNon \u00e8 un percorso rettilineo quello che porta Roberto Cicchin\u00e8 alla realizzazione del lavoro finito. Non c\u2019\u00e8 in lui la volont\u00e0 di rendere, attraverso l\u2019obiettivo fotografico,\u00a0 l\u2019oggettivit\u00e0: essa \u00e8 filtrata dalla sensibilit\u00e0 dell\u2019artista che restituisce uno sguardo sulle cose e un taglio che sfuggono alla normale osservazione. Le storie che racconta sono provinciali, come provinciale \u2013 nell\u2019accezione positiva di osservare con occhio curioso e sempre nuovo &#8211; \u00e8 il suo modo di porsi di fronte ai propri soggetti. I protagonisti degli scatti non emergono  per ci\u00f2 che realmente e fisicamente sono, ma per il dettaglio che l\u2019artista di loro vuole sottolineare.<\/p>\n<p>Fissare un passaggio, fermare un momento, rendere tangibile l\u2019irreale. Sono i frames cinematografici a rivivere nelle storie raccontate da Daniele Duranti, che porta sulla tela scene metropolitane. La sua volont\u00e0 \u00e8 quella di rendere realistico un mondo che prende corpo esclusivamente grazie all\u2019artista che ne ferma un suo momento. Paesaggi urbani elaborati attraverso una moderna macchina da presa: l\u2019occhio e la mano dell\u2019artista, che colgono i frames, ci dispiegano quella che crediamo essere la realt\u00e0 ma che poi si svela finzione, un\u2019apparenza ingannevole, un poggiare su false certezze\u201d.  (Stefania Palanca)<\/p>\n<p>\u201cUn intervento nello spazio che arriva a illudere le nostre sensazioni, nardiescopetta prendono oggetti della quotidianit\u00e0 e ne estrapolano nuovi significati. Una pulizia di immagine che si esprime attraverso la struttura, una struttura dove le grandi dimensioni si accostano ai dettagli minuziosi, per dare forma a un gioco, che anche un soffio riesce ogni volta a rendere nuovo. Un gioco che risulta estremamente serio e in cui l\u2019uomo entra pur essendone escluso, in una ricerca del paradosso che sembra quasi appesa a un filo.<\/p>\n<p>Il brand pubblicitario, uno dei simboli chiave della societ\u00e0 del benessere, esce dai suoi schemi e cerca di godere delle gioie di una vita reale. Lindo (Mastrolindo) e Stella (la signora del dado Star) fuggono dagli scaffali del supermercato e si innamorano al punto di decidere di mettere su una famiglia. Rita Soccio ci racconta la loro storia e la loro ricerca del sogno dell\u2019uomo medio: una casettina romantica e, perch\u00e9 no, un pizzico di trasgressione. Con un po&#8217; di ironia si riflette sull\u2019influsso della pubblicit\u00e0 nella nostra vita, invertendo le parti\u201d. (Dario Ciferri)<\/p>\n<p>Gallerista sull\u2019orlo di una crisi di nervi<br \/>\nArriva il momento nella vita di un gallerista in cui decide di affidare una mostra al collaboratore pi\u00f9 fidato, quello con cui condivide idee e aspettative, quello che al bisogno \u00e8 in grado di sostituirlo anche nella corrispondenza (senza che tra l\u2019altro nessuno se ne accorga).<br \/>\nTutto sembrerebbe perfetto, ma il cielo non sempre \u00e8 azzurro come si potrebbe pensare e le nuvole sono sempre pronte a fare la loro comparsa.<\/p>\n<p>Allo stress di una mostra, collaboratori di vario tipo aggiungono stress, ritardi, piccole\/grandi inefficienze che un povero gallerista si trova a dover affrontare, perdendo i capelli e\/o facendosi venire i capelli bianchi. Eccolo buttarsi su massicce dosi di tachipirina per affrontare l\u2019immancabile febbre pre-mostra, mettersi ai fornelli per preparare pasti con innumerevoli portate e quantit\u00e0 capaci di sfamare interi reggimenti, eccolo infine perdere l\u2019attimo atteso ogni giorno come la manna dal cielo: il riposino pomeridiano. Una vita dura fatta dalle piccole insoddisfazioni di ogni giorno e dalle grandi soddisfazioni di ogni mese.<\/p>\n<p>Gallerista sull\u2019orlo di una crisi di nervi \u00e8 l\u2019omaggio a quella cosa bellissima ed entusiasmante che \u00e8 l\u2019organizzazione di una mostra, cosa bellissima, ma anche snervante e stancante. Ecco che aumenta il numero delle sigarette fumate fuori dalla porta, ecco che i chiodi e le viti si accumulano sul pavimento. Poi si inaugura, si parla, si ride e il giorno dopo si pulisce. Questa \u00e8 la \u201ctragica\u201d routine che accompagna la vita di un gallerista. Ma non bisogna dimenticare per\u00f2 la bellezza di una mostra, il piacere di una chiacchierata con gli amici, l\u2019emozionarsi sempre nuovo che ripaga da ogni affanno. I rapporti umani, e non solo professionali, con artisti, critici e curatori, sono il vero collante dell\u2019attivit\u00e0 e il motore che rende sempre nuova la voglia di andare avanti.<br \/>\nSolo un grazie a chi ci permette di poter seguire ed apprezzare il mondo dell\u2019arte nel suo continuo movimento.<\/p>\n<p>scheda tecnica\/technical card<\/p>\n<p>testo critico\/art critic by Dario Ciferri e Stefania Palanca<br \/>\nufficio stampa\/ press agent Dario Ciferri<br \/>\ntraduzione di\/translation by Patrizia Isidori<\/p>\n<p>relazioni esterne e promozione delle attivit\u00e0\/ external relationship and promotion of activities Stefania Palanca<\/p>\n<p>fotografia\/photography Marco Biancucci\u00a9<br \/>\nriprese video\/video shooting Stefano Abbadini<br \/>\nallestimenti\/preparation Marco Croci<br \/>\nprogetto grafico\/graphic project maicol e mirco<br \/>\nwebmaster www.siscom.it<\/p>\n<p>dal 18 gennaio al 14 febbraio<br \/>\nfrom 18th january to 14th february<br \/>\norario: luned\u00ec-sabato dalle 16 alle 20<br \/>\nopening time: Mon-Sat 4 to 8 p.m. <\/p>\n<p>Galleria Marconi di Franco Marconi<br \/>\nC.so Vittorio Emanuele, 70<br \/>\n63012 Cupra Marittima (AP)<br \/>\ntel 0735778703<br \/>\ne-mail galmarconi@siscom.it<br \/>\nweb www.siscom.it\/marconi<\/p>\n","protected":false},"excerpt":{"rendered":"<p>Alla Galleria Marconi di Cupra Marittima proseguono gli appuntamenti della rassegna Gallerista sull\u2019orlo di una crisi di nervi, domenica 18 Gennaio alle 18.00 si inaugura una collettiva che presenta i lavori  di 4 artisti marchigiani.<br \/>\nLa mostra rappresenta la prima tappa di un ciclo di tre mostre dedicate ai fermenti dell\u2019arte marchigiana intitolato: Marche Centro d\u2019Arte.<\/p>\n","protected":false},"author":10,"featured_media":0,"comment_status":"open","ping_status":"open","sticky":false,"template":"","format":"standard","meta":{"cybocfi_hide_featured_image":"","footnotes":""},"categories":[27],"tags":[171,1028,1000],"class_list":["post-1140","post","type-post","status-publish","format-standard","hentry","category-arte-e-cultura","tag-arte","tag-galleria-marconi","tag-mostra"],"yoast_head":"<!-- This site is optimized with the Yoast SEO plugin v27.0 - https:\/\/yoast.com\/product\/yoast-seo-wordpress\/ -->\n<title>Marche Centro d&#039;Arte: i fermenti della regione nei lavori di quattro artisti - Article Marketing<\/title>\n<meta name=\"robots\" content=\"index, follow, max-snippet:-1, max-image-preview:large, max-video-preview:-1\" \/>\n<link rel=\"canonical\" href=\"https:\/\/www.article-marketing.eu\/comunicati\/arte-e-cultura\/marche-centro-darte-i-fermenti-della-regione-nei-lavori-di-quattro-artisti\/\" \/>\n<meta property=\"og:locale\" content=\"it_IT\" \/>\n<meta property=\"og:type\" content=\"article\" \/>\n<meta property=\"og:title\" content=\"Marche Centro d&#039;Arte: i fermenti della regione nei lavori di quattro artisti - Article Marketing\" \/>\n<meta property=\"og:description\" content=\"Alla Galleria Marconi di Cupra Marittima proseguono gli appuntamenti della rassegna Gallerista sull\u2019orlo di una crisi di nervi, domenica 18 Gennaio alle 18.00 si inaugura una collettiva che presenta i lavori di 4 artisti marchigiani. La mostra rappresenta la prima tappa di un ciclo di tre mostre dedicate ai fermenti dell\u2019arte marchigiana intitolato: Marche Centro d\u2019Arte.\" \/>\n<meta property=\"og:url\" content=\"https:\/\/www.article-marketing.eu\/comunicati\/arte-e-cultura\/marche-centro-darte-i-fermenti-della-regione-nei-lavori-di-quattro-artisti\/\" \/>\n<meta property=\"og:site_name\" content=\"Article Marketing\" \/>\n<meta property=\"article:published_time\" content=\"2009-01-12T23:08:46+00:00\" \/>\n<meta name=\"author\" content=\"Redazione Comunicati Stampa\" \/>\n<meta name=\"twitter:card\" content=\"summary_large_image\" \/>\n<meta name=\"twitter:label1\" content=\"Scritto da\" \/>\n\t<meta name=\"twitter:data1\" content=\"Redazione Comunicati Stampa\" \/>\n\t<meta name=\"twitter:label2\" content=\"Tempo di lettura stimato\" \/>\n\t<meta name=\"twitter:data2\" content=\"5 minuti\" \/>\n<script type=\"application\/ld+json\" class=\"yoast-schema-graph\">{\"@context\":\"https:\/\/schema.org\",\"@graph\":[{\"@type\":\"Article\",\"@id\":\"https:\/\/www.article-marketing.eu\/comunicati\/arte-e-cultura\/marche-centro-darte-i-fermenti-della-regione-nei-lavori-di-quattro-artisti\/#article\",\"isPartOf\":{\"@id\":\"https:\/\/www.article-marketing.eu\/comunicati\/arte-e-cultura\/marche-centro-darte-i-fermenti-della-regione-nei-lavori-di-quattro-artisti\/\"},\"author\":{\"name\":\"Redazione Comunicati Stampa\",\"@id\":\"https:\/\/www.article-marketing.eu\/comunicati\/#\/schema\/person\/44372e4d4d0fa797b18e03ed1ace9017\"},\"headline\":\"Marche Centro d&#8217;Arte: i fermenti della regione nei lavori di quattro artisti\",\"datePublished\":\"2009-01-12T23:08:46+00:00\",\"mainEntityOfPage\":{\"@id\":\"https:\/\/www.article-marketing.eu\/comunicati\/arte-e-cultura\/marche-centro-darte-i-fermenti-della-regione-nei-lavori-di-quattro-artisti\/\"},\"wordCount\":984,\"commentCount\":0,\"keywords\":[\"arte\",\"galleria marconi\",\"Mostra\"],\"articleSection\":[\"Arte e cultura\"],\"inLanguage\":\"it-IT\",\"potentialAction\":[{\"@type\":\"CommentAction\",\"name\":\"Comment\",\"target\":[\"https:\/\/www.article-marketing.eu\/comunicati\/arte-e-cultura\/marche-centro-darte-i-fermenti-della-regione-nei-lavori-di-quattro-artisti\/#respond\"]}]},{\"@type\":\"WebPage\",\"@id\":\"https:\/\/www.article-marketing.eu\/comunicati\/arte-e-cultura\/marche-centro-darte-i-fermenti-della-regione-nei-lavori-di-quattro-artisti\/\",\"url\":\"https:\/\/www.article-marketing.eu\/comunicati\/arte-e-cultura\/marche-centro-darte-i-fermenti-della-regione-nei-lavori-di-quattro-artisti\/\",\"name\":\"Marche Centro d'Arte: i fermenti della regione nei lavori di quattro artisti - Article Marketing\",\"isPartOf\":{\"@id\":\"https:\/\/www.article-marketing.eu\/comunicati\/#website\"},\"datePublished\":\"2009-01-12T23:08:46+00:00\",\"author\":{\"@id\":\"https:\/\/www.article-marketing.eu\/comunicati\/#\/schema\/person\/44372e4d4d0fa797b18e03ed1ace9017\"},\"breadcrumb\":{\"@id\":\"https:\/\/www.article-marketing.eu\/comunicati\/arte-e-cultura\/marche-centro-darte-i-fermenti-della-regione-nei-lavori-di-quattro-artisti\/#breadcrumb\"},\"inLanguage\":\"it-IT\",\"potentialAction\":[{\"@type\":\"ReadAction\",\"target\":[\"https:\/\/www.article-marketing.eu\/comunicati\/arte-e-cultura\/marche-centro-darte-i-fermenti-della-regione-nei-lavori-di-quattro-artisti\/\"]}]},{\"@type\":\"BreadcrumbList\",\"@id\":\"https:\/\/www.article-marketing.eu\/comunicati\/arte-e-cultura\/marche-centro-darte-i-fermenti-della-regione-nei-lavori-di-quattro-artisti\/#breadcrumb\",\"itemListElement\":[{\"@type\":\"ListItem\",\"position\":1,\"name\":\"Home\",\"item\":\"https:\/\/www.article-marketing.eu\/comunicati\/\"},{\"@type\":\"ListItem\",\"position\":2,\"name\":\"Marche Centro d&#8217;Arte: i fermenti della regione nei lavori di quattro artisti\"}]},{\"@type\":\"WebSite\",\"@id\":\"https:\/\/www.article-marketing.eu\/comunicati\/#website\",\"url\":\"https:\/\/www.article-marketing.eu\/comunicati\/\",\"name\":\"Article Marketing\",\"description\":\"article marketing &amp; press release\",\"potentialAction\":[{\"@type\":\"SearchAction\",\"target\":{\"@type\":\"EntryPoint\",\"urlTemplate\":\"https:\/\/www.article-marketing.eu\/comunicati\/?s={search_term_string}\"},\"query-input\":{\"@type\":\"PropertyValueSpecification\",\"valueRequired\":true,\"valueName\":\"search_term_string\"}}],\"inLanguage\":\"it-IT\"},{\"@type\":\"Person\",\"@id\":\"https:\/\/www.article-marketing.eu\/comunicati\/#\/schema\/person\/44372e4d4d0fa797b18e03ed1ace9017\",\"name\":\"Redazione Comunicati Stampa\",\"image\":{\"@type\":\"ImageObject\",\"inLanguage\":\"it-IT\",\"@id\":\"https:\/\/www.article-marketing.eu\/comunicati\/#\/schema\/person\/image\/\",\"url\":\"https:\/\/secure.gravatar.com\/avatar\/50e5c6421d3072f42e7ace803501602c60d75233d34e29fd05feb91c8760b792?s=96&d=mm&r=g\",\"contentUrl\":\"https:\/\/secure.gravatar.com\/avatar\/50e5c6421d3072f42e7ace803501602c60d75233d34e29fd05feb91c8760b792?s=96&d=mm&r=g\",\"caption\":\"Redazione Comunicati Stampa\"},\"url\":\"https:\/\/www.article-marketing.eu\/comunicati\/author\/redazione-comunicati-stampa\/\"}]}<\/script>\n<!-- \/ Yoast SEO plugin. -->","yoast_head_json":{"title":"Marche Centro d'Arte: i fermenti della regione nei lavori di quattro artisti - Article Marketing","robots":{"index":"index","follow":"follow","max-snippet":"max-snippet:-1","max-image-preview":"max-image-preview:large","max-video-preview":"max-video-preview:-1"},"canonical":"https:\/\/www.article-marketing.eu\/comunicati\/arte-e-cultura\/marche-centro-darte-i-fermenti-della-regione-nei-lavori-di-quattro-artisti\/","og_locale":"it_IT","og_type":"article","og_title":"Marche Centro d'Arte: i fermenti della regione nei lavori di quattro artisti - Article Marketing","og_description":"Alla Galleria Marconi di Cupra Marittima proseguono gli appuntamenti della rassegna Gallerista sull\u2019orlo di una crisi di nervi, domenica 18 Gennaio alle 18.00 si inaugura una collettiva che presenta i lavori di 4 artisti marchigiani. La mostra rappresenta la prima tappa di un ciclo di tre mostre dedicate ai fermenti dell\u2019arte marchigiana intitolato: Marche Centro d\u2019Arte.","og_url":"https:\/\/www.article-marketing.eu\/comunicati\/arte-e-cultura\/marche-centro-darte-i-fermenti-della-regione-nei-lavori-di-quattro-artisti\/","og_site_name":"Article Marketing","article_published_time":"2009-01-12T23:08:46+00:00","author":"Redazione Comunicati Stampa","twitter_card":"summary_large_image","twitter_misc":{"Scritto da":"Redazione Comunicati Stampa","Tempo di lettura stimato":"5 minuti"},"schema":{"@context":"https:\/\/schema.org","@graph":[{"@type":"Article","@id":"https:\/\/www.article-marketing.eu\/comunicati\/arte-e-cultura\/marche-centro-darte-i-fermenti-della-regione-nei-lavori-di-quattro-artisti\/#article","isPartOf":{"@id":"https:\/\/www.article-marketing.eu\/comunicati\/arte-e-cultura\/marche-centro-darte-i-fermenti-della-regione-nei-lavori-di-quattro-artisti\/"},"author":{"name":"Redazione Comunicati Stampa","@id":"https:\/\/www.article-marketing.eu\/comunicati\/#\/schema\/person\/44372e4d4d0fa797b18e03ed1ace9017"},"headline":"Marche Centro d&#8217;Arte: i fermenti della regione nei lavori di quattro artisti","datePublished":"2009-01-12T23:08:46+00:00","mainEntityOfPage":{"@id":"https:\/\/www.article-marketing.eu\/comunicati\/arte-e-cultura\/marche-centro-darte-i-fermenti-della-regione-nei-lavori-di-quattro-artisti\/"},"wordCount":984,"commentCount":0,"keywords":["arte","galleria marconi","Mostra"],"articleSection":["Arte e cultura"],"inLanguage":"it-IT","potentialAction":[{"@type":"CommentAction","name":"Comment","target":["https:\/\/www.article-marketing.eu\/comunicati\/arte-e-cultura\/marche-centro-darte-i-fermenti-della-regione-nei-lavori-di-quattro-artisti\/#respond"]}]},{"@type":"WebPage","@id":"https:\/\/www.article-marketing.eu\/comunicati\/arte-e-cultura\/marche-centro-darte-i-fermenti-della-regione-nei-lavori-di-quattro-artisti\/","url":"https:\/\/www.article-marketing.eu\/comunicati\/arte-e-cultura\/marche-centro-darte-i-fermenti-della-regione-nei-lavori-di-quattro-artisti\/","name":"Marche Centro d'Arte: i fermenti della regione nei lavori di quattro artisti - Article Marketing","isPartOf":{"@id":"https:\/\/www.article-marketing.eu\/comunicati\/#website"},"datePublished":"2009-01-12T23:08:46+00:00","author":{"@id":"https:\/\/www.article-marketing.eu\/comunicati\/#\/schema\/person\/44372e4d4d0fa797b18e03ed1ace9017"},"breadcrumb":{"@id":"https:\/\/www.article-marketing.eu\/comunicati\/arte-e-cultura\/marche-centro-darte-i-fermenti-della-regione-nei-lavori-di-quattro-artisti\/#breadcrumb"},"inLanguage":"it-IT","potentialAction":[{"@type":"ReadAction","target":["https:\/\/www.article-marketing.eu\/comunicati\/arte-e-cultura\/marche-centro-darte-i-fermenti-della-regione-nei-lavori-di-quattro-artisti\/"]}]},{"@type":"BreadcrumbList","@id":"https:\/\/www.article-marketing.eu\/comunicati\/arte-e-cultura\/marche-centro-darte-i-fermenti-della-regione-nei-lavori-di-quattro-artisti\/#breadcrumb","itemListElement":[{"@type":"ListItem","position":1,"name":"Home","item":"https:\/\/www.article-marketing.eu\/comunicati\/"},{"@type":"ListItem","position":2,"name":"Marche Centro d&#8217;Arte: i fermenti della regione nei lavori di quattro artisti"}]},{"@type":"WebSite","@id":"https:\/\/www.article-marketing.eu\/comunicati\/#website","url":"https:\/\/www.article-marketing.eu\/comunicati\/","name":"Article Marketing","description":"article marketing &amp; press release","potentialAction":[{"@type":"SearchAction","target":{"@type":"EntryPoint","urlTemplate":"https:\/\/www.article-marketing.eu\/comunicati\/?s={search_term_string}"},"query-input":{"@type":"PropertyValueSpecification","valueRequired":true,"valueName":"search_term_string"}}],"inLanguage":"it-IT"},{"@type":"Person","@id":"https:\/\/www.article-marketing.eu\/comunicati\/#\/schema\/person\/44372e4d4d0fa797b18e03ed1ace9017","name":"Redazione Comunicati Stampa","image":{"@type":"ImageObject","inLanguage":"it-IT","@id":"https:\/\/www.article-marketing.eu\/comunicati\/#\/schema\/person\/image\/","url":"https:\/\/secure.gravatar.com\/avatar\/50e5c6421d3072f42e7ace803501602c60d75233d34e29fd05feb91c8760b792?s=96&d=mm&r=g","contentUrl":"https:\/\/secure.gravatar.com\/avatar\/50e5c6421d3072f42e7ace803501602c60d75233d34e29fd05feb91c8760b792?s=96&d=mm&r=g","caption":"Redazione Comunicati Stampa"},"url":"https:\/\/www.article-marketing.eu\/comunicati\/author\/redazione-comunicati-stampa\/"}]}},"_links":{"self":[{"href":"https:\/\/www.article-marketing.eu\/comunicati\/wp-json\/wp\/v2\/posts\/1140","targetHints":{"allow":["GET"]}}],"collection":[{"href":"https:\/\/www.article-marketing.eu\/comunicati\/wp-json\/wp\/v2\/posts"}],"about":[{"href":"https:\/\/www.article-marketing.eu\/comunicati\/wp-json\/wp\/v2\/types\/post"}],"author":[{"embeddable":true,"href":"https:\/\/www.article-marketing.eu\/comunicati\/wp-json\/wp\/v2\/users\/10"}],"replies":[{"embeddable":true,"href":"https:\/\/www.article-marketing.eu\/comunicati\/wp-json\/wp\/v2\/comments?post=1140"}],"version-history":[{"count":0,"href":"https:\/\/www.article-marketing.eu\/comunicati\/wp-json\/wp\/v2\/posts\/1140\/revisions"}],"wp:attachment":[{"href":"https:\/\/www.article-marketing.eu\/comunicati\/wp-json\/wp\/v2\/media?parent=1140"}],"wp:term":[{"taxonomy":"category","embeddable":true,"href":"https:\/\/www.article-marketing.eu\/comunicati\/wp-json\/wp\/v2\/categories?post=1140"},{"taxonomy":"post_tag","embeddable":true,"href":"https:\/\/www.article-marketing.eu\/comunicati\/wp-json\/wp\/v2\/tags?post=1140"}],"curies":[{"name":"wp","href":"https:\/\/api.w.org\/{rel}","templated":true}]}}