{"id":11412,"date":"2011-01-16T22:16:42","date_gmt":"2011-01-16T21:16:42","guid":{"rendered":"http:\/\/www.article-marketing.eu\/comunicati\/senza-categoria\/premio-arte-anna-convertino-venezia-28-febbraio-8-marzo\/"},"modified":"2018-07-10T04:03:53","modified_gmt":"2018-07-10T02:03:53","slug":"premio-arte-anna-convertino-venezia-28-febbraio-8-marzo","status":"publish","type":"post","link":"https:\/\/www.article-marketing.eu\/comunicati\/arte-e-cultura\/premio-arte-anna-convertino-venezia-28-febbraio-8-marzo\/","title":{"rendered":"Premio Arte ANNA CONVERTINO &#8211; VENEZIA 28\/Febbraio 8\/Marzo"},"content":{"rendered":"<p>Premio Anna Convertino &#8211; Venezia &#8211; Campo San Polo<\/p>\n<p>Anche quest&#8217;anno Il Premio Anna Convertino spezzer&agrave; la monotonia dei premi in Italia. La precedente edizione del premio and&ograve; in onda su RAI 2 e SKY, con uno share del 11.50 %, gli ospiti musicali furono: Enrico Ruggeri, Antonella Ruggiero,Andrea Mir&ograve;,Tony Esposito, Andrea Cardillo, Patrizia Laquidara, Stefano Picchi, Er Piotta, Tony Malco. L&#8217; evento mediatico, quest&#8217;anno riempir&agrave; di colore e musica la citt&agrave; di Venezia che l&#8217;ospiter&agrave;. Il Premio Anna Convertino &egrave; la sperimentazione in diretta di come 2 arti; musica e pittura, possono coesistere in stretta simbiosi. La base concettuale che amalgama tutto &egrave; far convivere contemporaneamente queste arti sul palcoscenico, ossia la musica deve fare da traino alla pittura, l&#8217;artista-pittore deve interagire in simbiosi con la musica; creare mentre essa scorre inesorabile e si fonde con le azioni dell&#8217;artista pittore, la stessa cosa viene fatta dal musicista che in base alle sensazioni che gli vengono provocate dai fervidi colpi di pennello o qualsivoglia oggetto atto a creare situazioni scenografico-artistiche, si muove all&#8217;interno della melodia, quindi in un reciproco scambio creativo l&#8217;una permea l&#8217;altra e viceversa. In una scenografia essenziale un musicista-cantante si esibisce e contemporaneamente un pittore dipinge, creando un nuovo quadro ispirato dalle note della musica. Sul palcoscenico si vedranno otto coppie ciascuna formata da un pittore e da un musicista e saranno loro che creeranno la performance, con otto tele bianche distribuite agli otto pittori e disposte sul palco come delle quinte. Otto saranno anche le tematiche che dovranno ispirare gli artisti, anche in base alle canzoni che gli artisti-cantanti presenteranno. Per l&#8217;occasione ci sar&agrave; una nuova sperimentazione in arte; 2 artisti un V.J. e un D.J. specializzati nella nuova arte ora in voga, la &#8220;VISUAL ART&#8221;, mixeranno e fonderanno, dal vivo, delle immagini precedentemente acquisite dei quadri del pittore, con le immagini riprese dal vivo dalle telecamere sul palco, creando un shock emozionale nel pubblico a casa e anche in quello presente sulla piazza. Si vedranno fondersi, in un istante, immagini live con quelle gi&agrave; create in studio con effetti particolari di computer grafica. A completare il tutto poi ci sar&agrave; la votazione finale di una giuria accreditata che assegner&agrave; al pittore pi&ugrave; meritevole il premio &#8220;Anna Convertino&#8221; la nota pittrice e modella prematuramente scomparsa, alla quale viene dedicato questo evento e il premio, naturalmente due parole vanno spese per questa grande pittrice al quale viene dedicato il premio: Anna Convertino ha militato per 40 anni nel campo della pittura, misurandosi in tutti i campi dell&#8217;arte figurativa, dalla pittura alla scultura alla scenografia ed altre sperimentazioni in arte, compreso il lavoro di modella in arte che ha sperimentato nelle pi&ugrave; famose Accademie delle Belle Arti d&#8217;Italia: Brera, Roma, Macerata e Perugia cos&igrave; vicina a Spoleto che ha ospitato il Premio Anna Convertino nella prima edizione. Anna con la sua frenetica attivit&agrave; di modella e pittrice rappresenta uno spaccato degli ultimi cinquant&#8217;anni della pittura italiana , come modella ha ispirato i pi&ugrave; grandi maestri di questi anni da Remo Brindisi a Renato Guttuso, a Trubbiani, Montanarini, Fazzini, Enzo Cucchi, Purificato e tantissimi altri, creando insieme a loro quelle opere che rappresentano ai nostri giorni la base culturale della pittura e scultura di questi ultimi anni; era Lei con le sue pose plastiche a guidare la mente e le mani dei Maestri, e spesso partecipava all&#8217;ispirazione degli stessi&#8230;chiss&agrave; senza di Anna quante opere sarebbero state mediocri, e quanti ragazzi delle varie Accademie, dove Anna lavorava ogni santo giorno, ora ripensano a lei che tanto gli ha insegnato e tanto ha dato all&#8217;arte. In quel momento forse molti non capivano l&#8217;importanza di un&#8217;artista-modella, molti non comprendevano cosa significava stare contemporaneamente davanti e dietro una tela, solamente chi si cimenta in entrambe le specialit&agrave; capisce come porsi in determinate situazioni e come far creare un&#8217;opera d&#8217;arte apportando la propria esperienza e la propria creativit&agrave;. Forse l&#8217;opera pi&ugrave; famosa, dove Anna &egrave; stata ritratta, che ha creato poi una situazione particolare in molti italiani, &egrave; proprio la statua della donna accovacciata che &egrave; attualmente all&#8217;interno della RAI in Viale Mazzini. La statua &egrave; stata scolpita dal grande Maestro Emilio Greco, che ha usato come modella proprio Anna, e dopo tanti anni che giace nell&#8217;austero palazzo &egrave; diventata, per molti che lo visitano per lavoro, &#8220;Mamma RAI&#8221;, e sono molti che frequentemente si avvicinano a Lei designandola con questo appellativo, non sapendo che questa statua ha avuto a suo tempo un alter-ego in Anna Convertino, la cosa prima o poi ispirer&agrave; qualcuno e chiss&agrave; che Anna diventi un emblema di un&#8217;epoca attraverso la notoriet&agrave; che le verr&agrave; data da questa situazione estremamente casuale. <br \/>www.insonniareport.eu<br \/>Per richiedere il Regolamento e la scheda di partecipazione: premioannaconvertino@gmail.com<\/p>\n","protected":false},"excerpt":{"rendered":"<p>Premio Anna Convertino &#8211; Venezia 28\/Febbraio 8\/Marzo &#8211; <br \/>Il Premio Anna Convertino \u00e8 un concorso di pittura e arti figurative che si svolger\u00e0 a Venezia durante il Carnevale e vedr\u00e0 coinvolti artisti provenienti da tutta Italia. Gli artisti coinvolti si esibiranno sul palco della magnifica Piazza San Polo, con una coreografia particolare, infatti oltre ad esserci atisti-cantanti che si esibiranno, vedremo alcuni tra i pi\u00f9 grandi campioni di pattinaggio artistico sul ghiaccio che faranno le loro performance mentre gli artisti-pittori si esibiranno sul palco in contemporanea con gli artisti-cantanti. Quasi tutte le forme d&#8217;arte si fonderanno per creare un impatto emozionale unico. Una televisione nazionale riprender\u00e0 il tutto e lo metter\u00e0 in onda a distanza di qualche settimana.<\/p>\n","protected":false},"author":10,"featured_media":0,"comment_status":"open","ping_status":"open","sticky":false,"template":"","format":"standard","meta":{"cybocfi_hide_featured_image":"","footnotes":""},"categories":[27],"tags":[21311],"class_list":["post-11412","post","type-post","status-publish","format-standard","hentry","category-arte-e-cultura","tag-premio-anna-convertino"],"yoast_head":"<!-- This site is optimized with the Yoast SEO plugin v27.0 - https:\/\/yoast.com\/product\/yoast-seo-wordpress\/ -->\n<title>Premio Arte ANNA CONVERTINO - VENEZIA 28\/Febbraio 8\/Marzo - Article Marketing<\/title>\n<meta name=\"robots\" content=\"index, follow, max-snippet:-1, max-image-preview:large, max-video-preview:-1\" \/>\n<link rel=\"canonical\" href=\"https:\/\/www.article-marketing.eu\/comunicati\/arte-e-cultura\/premio-arte-anna-convertino-venezia-28-febbraio-8-marzo\/\" \/>\n<meta property=\"og:locale\" content=\"it_IT\" \/>\n<meta property=\"og:type\" content=\"article\" \/>\n<meta property=\"og:title\" content=\"Premio Arte ANNA CONVERTINO - VENEZIA 28\/Febbraio 8\/Marzo - Article Marketing\" \/>\n<meta property=\"og:description\" content=\"Premio Anna Convertino - Venezia 28\/Febbraio 8\/Marzo - Il Premio Anna Convertino \u00e8 un concorso di pittura e arti figurative che si svolger\u00e0 a Venezia durante il Carnevale e vedr\u00e0 coinvolti artisti provenienti da tutta Italia. Gli artisti coinvolti si esibiranno sul palco della magnifica Piazza San Polo, con una coreografia particolare, infatti oltre ad esserci atisti-cantanti che si esibiranno, vedremo alcuni tra i pi\u00f9 grandi campioni di pattinaggio artistico sul ghiaccio che faranno le loro performance mentre gli artisti-pittori si esibiranno sul palco in contemporanea con gli artisti-cantanti. Quasi tutte le forme d&#039;arte si fonderanno per creare un impatto emozionale unico. Una televisione nazionale riprender\u00e0 il tutto e lo metter\u00e0 in onda a distanza di qualche settimana.\" \/>\n<meta property=\"og:url\" content=\"https:\/\/www.article-marketing.eu\/comunicati\/arte-e-cultura\/premio-arte-anna-convertino-venezia-28-febbraio-8-marzo\/\" \/>\n<meta property=\"og:site_name\" content=\"Article Marketing\" \/>\n<meta property=\"article:published_time\" content=\"2011-01-16T21:16:42+00:00\" \/>\n<meta property=\"article:modified_time\" content=\"2018-07-10T02:03:53+00:00\" \/>\n<meta name=\"author\" content=\"Redazione Comunicati Stampa\" \/>\n<meta name=\"twitter:card\" content=\"summary_large_image\" \/>\n<meta name=\"twitter:label1\" content=\"Scritto da\" \/>\n\t<meta name=\"twitter:data1\" content=\"Redazione Comunicati Stampa\" \/>\n\t<meta name=\"twitter:label2\" content=\"Tempo di lettura stimato\" \/>\n\t<meta name=\"twitter:data2\" content=\"4 minuti\" \/>\n<script type=\"application\/ld+json\" class=\"yoast-schema-graph\">{\"@context\":\"https:\/\/schema.org\",\"@graph\":[{\"@type\":\"Article\",\"@id\":\"https:\/\/www.article-marketing.eu\/comunicati\/arte-e-cultura\/premio-arte-anna-convertino-venezia-28-febbraio-8-marzo\/#article\",\"isPartOf\":{\"@id\":\"https:\/\/www.article-marketing.eu\/comunicati\/arte-e-cultura\/premio-arte-anna-convertino-venezia-28-febbraio-8-marzo\/\"},\"author\":{\"name\":\"Redazione Comunicati Stampa\",\"@id\":\"https:\/\/www.article-marketing.eu\/comunicati\/#\/schema\/person\/44372e4d4d0fa797b18e03ed1ace9017\"},\"headline\":\"Premio Arte ANNA CONVERTINO &#8211; VENEZIA 28\/Febbraio 8\/Marzo\",\"datePublished\":\"2011-01-16T21:16:42+00:00\",\"dateModified\":\"2018-07-10T02:03:53+00:00\",\"mainEntityOfPage\":{\"@id\":\"https:\/\/www.article-marketing.eu\/comunicati\/arte-e-cultura\/premio-arte-anna-convertino-venezia-28-febbraio-8-marzo\/\"},\"wordCount\":814,\"commentCount\":0,\"keywords\":[\"Premio Anna Convertino\"],\"articleSection\":[\"Arte e cultura\"],\"inLanguage\":\"it-IT\",\"potentialAction\":[{\"@type\":\"CommentAction\",\"name\":\"Comment\",\"target\":[\"https:\/\/www.article-marketing.eu\/comunicati\/arte-e-cultura\/premio-arte-anna-convertino-venezia-28-febbraio-8-marzo\/#respond\"]}]},{\"@type\":\"WebPage\",\"@id\":\"https:\/\/www.article-marketing.eu\/comunicati\/arte-e-cultura\/premio-arte-anna-convertino-venezia-28-febbraio-8-marzo\/\",\"url\":\"https:\/\/www.article-marketing.eu\/comunicati\/arte-e-cultura\/premio-arte-anna-convertino-venezia-28-febbraio-8-marzo\/\",\"name\":\"Premio Arte ANNA CONVERTINO - VENEZIA 28\/Febbraio 8\/Marzo - Article Marketing\",\"isPartOf\":{\"@id\":\"https:\/\/www.article-marketing.eu\/comunicati\/#website\"},\"datePublished\":\"2011-01-16T21:16:42+00:00\",\"dateModified\":\"2018-07-10T02:03:53+00:00\",\"author\":{\"@id\":\"https:\/\/www.article-marketing.eu\/comunicati\/#\/schema\/person\/44372e4d4d0fa797b18e03ed1ace9017\"},\"breadcrumb\":{\"@id\":\"https:\/\/www.article-marketing.eu\/comunicati\/arte-e-cultura\/premio-arte-anna-convertino-venezia-28-febbraio-8-marzo\/#breadcrumb\"},\"inLanguage\":\"it-IT\",\"potentialAction\":[{\"@type\":\"ReadAction\",\"target\":[\"https:\/\/www.article-marketing.eu\/comunicati\/arte-e-cultura\/premio-arte-anna-convertino-venezia-28-febbraio-8-marzo\/\"]}]},{\"@type\":\"BreadcrumbList\",\"@id\":\"https:\/\/www.article-marketing.eu\/comunicati\/arte-e-cultura\/premio-arte-anna-convertino-venezia-28-febbraio-8-marzo\/#breadcrumb\",\"itemListElement\":[{\"@type\":\"ListItem\",\"position\":1,\"name\":\"Home\",\"item\":\"https:\/\/www.article-marketing.eu\/comunicati\/\"},{\"@type\":\"ListItem\",\"position\":2,\"name\":\"Premio Arte ANNA CONVERTINO &#8211; VENEZIA 28\/Febbraio 8\/Marzo\"}]},{\"@type\":\"WebSite\",\"@id\":\"https:\/\/www.article-marketing.eu\/comunicati\/#website\",\"url\":\"https:\/\/www.article-marketing.eu\/comunicati\/\",\"name\":\"Article Marketing\",\"description\":\"article marketing &amp; press release\",\"potentialAction\":[{\"@type\":\"SearchAction\",\"target\":{\"@type\":\"EntryPoint\",\"urlTemplate\":\"https:\/\/www.article-marketing.eu\/comunicati\/?s={search_term_string}\"},\"query-input\":{\"@type\":\"PropertyValueSpecification\",\"valueRequired\":true,\"valueName\":\"search_term_string\"}}],\"inLanguage\":\"it-IT\"},{\"@type\":\"Person\",\"@id\":\"https:\/\/www.article-marketing.eu\/comunicati\/#\/schema\/person\/44372e4d4d0fa797b18e03ed1ace9017\",\"name\":\"Redazione Comunicati Stampa\",\"image\":{\"@type\":\"ImageObject\",\"inLanguage\":\"it-IT\",\"@id\":\"https:\/\/www.article-marketing.eu\/comunicati\/#\/schema\/person\/image\/\",\"url\":\"https:\/\/secure.gravatar.com\/avatar\/50e5c6421d3072f42e7ace803501602c60d75233d34e29fd05feb91c8760b792?s=96&d=mm&r=g\",\"contentUrl\":\"https:\/\/secure.gravatar.com\/avatar\/50e5c6421d3072f42e7ace803501602c60d75233d34e29fd05feb91c8760b792?s=96&d=mm&r=g\",\"caption\":\"Redazione Comunicati Stampa\"},\"url\":\"https:\/\/www.article-marketing.eu\/comunicati\/author\/redazione-comunicati-stampa\/\"}]}<\/script>\n<!-- \/ Yoast SEO plugin. -->","yoast_head_json":{"title":"Premio Arte ANNA CONVERTINO - VENEZIA 28\/Febbraio 8\/Marzo - Article Marketing","robots":{"index":"index","follow":"follow","max-snippet":"max-snippet:-1","max-image-preview":"max-image-preview:large","max-video-preview":"max-video-preview:-1"},"canonical":"https:\/\/www.article-marketing.eu\/comunicati\/arte-e-cultura\/premio-arte-anna-convertino-venezia-28-febbraio-8-marzo\/","og_locale":"it_IT","og_type":"article","og_title":"Premio Arte ANNA CONVERTINO - VENEZIA 28\/Febbraio 8\/Marzo - Article Marketing","og_description":"Premio Anna Convertino - Venezia 28\/Febbraio 8\/Marzo - Il Premio Anna Convertino \u00e8 un concorso di pittura e arti figurative che si svolger\u00e0 a Venezia durante il Carnevale e vedr\u00e0 coinvolti artisti provenienti da tutta Italia. Gli artisti coinvolti si esibiranno sul palco della magnifica Piazza San Polo, con una coreografia particolare, infatti oltre ad esserci atisti-cantanti che si esibiranno, vedremo alcuni tra i pi\u00f9 grandi campioni di pattinaggio artistico sul ghiaccio che faranno le loro performance mentre gli artisti-pittori si esibiranno sul palco in contemporanea con gli artisti-cantanti. Quasi tutte le forme d'arte si fonderanno per creare un impatto emozionale unico. Una televisione nazionale riprender\u00e0 il tutto e lo metter\u00e0 in onda a distanza di qualche settimana.","og_url":"https:\/\/www.article-marketing.eu\/comunicati\/arte-e-cultura\/premio-arte-anna-convertino-venezia-28-febbraio-8-marzo\/","og_site_name":"Article Marketing","article_published_time":"2011-01-16T21:16:42+00:00","article_modified_time":"2018-07-10T02:03:53+00:00","author":"Redazione Comunicati Stampa","twitter_card":"summary_large_image","twitter_misc":{"Scritto da":"Redazione Comunicati Stampa","Tempo di lettura stimato":"4 minuti"},"schema":{"@context":"https:\/\/schema.org","@graph":[{"@type":"Article","@id":"https:\/\/www.article-marketing.eu\/comunicati\/arte-e-cultura\/premio-arte-anna-convertino-venezia-28-febbraio-8-marzo\/#article","isPartOf":{"@id":"https:\/\/www.article-marketing.eu\/comunicati\/arte-e-cultura\/premio-arte-anna-convertino-venezia-28-febbraio-8-marzo\/"},"author":{"name":"Redazione Comunicati Stampa","@id":"https:\/\/www.article-marketing.eu\/comunicati\/#\/schema\/person\/44372e4d4d0fa797b18e03ed1ace9017"},"headline":"Premio Arte ANNA CONVERTINO &#8211; VENEZIA 28\/Febbraio 8\/Marzo","datePublished":"2011-01-16T21:16:42+00:00","dateModified":"2018-07-10T02:03:53+00:00","mainEntityOfPage":{"@id":"https:\/\/www.article-marketing.eu\/comunicati\/arte-e-cultura\/premio-arte-anna-convertino-venezia-28-febbraio-8-marzo\/"},"wordCount":814,"commentCount":0,"keywords":["Premio Anna Convertino"],"articleSection":["Arte e cultura"],"inLanguage":"it-IT","potentialAction":[{"@type":"CommentAction","name":"Comment","target":["https:\/\/www.article-marketing.eu\/comunicati\/arte-e-cultura\/premio-arte-anna-convertino-venezia-28-febbraio-8-marzo\/#respond"]}]},{"@type":"WebPage","@id":"https:\/\/www.article-marketing.eu\/comunicati\/arte-e-cultura\/premio-arte-anna-convertino-venezia-28-febbraio-8-marzo\/","url":"https:\/\/www.article-marketing.eu\/comunicati\/arte-e-cultura\/premio-arte-anna-convertino-venezia-28-febbraio-8-marzo\/","name":"Premio Arte ANNA CONVERTINO - VENEZIA 28\/Febbraio 8\/Marzo - Article Marketing","isPartOf":{"@id":"https:\/\/www.article-marketing.eu\/comunicati\/#website"},"datePublished":"2011-01-16T21:16:42+00:00","dateModified":"2018-07-10T02:03:53+00:00","author":{"@id":"https:\/\/www.article-marketing.eu\/comunicati\/#\/schema\/person\/44372e4d4d0fa797b18e03ed1ace9017"},"breadcrumb":{"@id":"https:\/\/www.article-marketing.eu\/comunicati\/arte-e-cultura\/premio-arte-anna-convertino-venezia-28-febbraio-8-marzo\/#breadcrumb"},"inLanguage":"it-IT","potentialAction":[{"@type":"ReadAction","target":["https:\/\/www.article-marketing.eu\/comunicati\/arte-e-cultura\/premio-arte-anna-convertino-venezia-28-febbraio-8-marzo\/"]}]},{"@type":"BreadcrumbList","@id":"https:\/\/www.article-marketing.eu\/comunicati\/arte-e-cultura\/premio-arte-anna-convertino-venezia-28-febbraio-8-marzo\/#breadcrumb","itemListElement":[{"@type":"ListItem","position":1,"name":"Home","item":"https:\/\/www.article-marketing.eu\/comunicati\/"},{"@type":"ListItem","position":2,"name":"Premio Arte ANNA CONVERTINO &#8211; VENEZIA 28\/Febbraio 8\/Marzo"}]},{"@type":"WebSite","@id":"https:\/\/www.article-marketing.eu\/comunicati\/#website","url":"https:\/\/www.article-marketing.eu\/comunicati\/","name":"Article Marketing","description":"article marketing &amp; press release","potentialAction":[{"@type":"SearchAction","target":{"@type":"EntryPoint","urlTemplate":"https:\/\/www.article-marketing.eu\/comunicati\/?s={search_term_string}"},"query-input":{"@type":"PropertyValueSpecification","valueRequired":true,"valueName":"search_term_string"}}],"inLanguage":"it-IT"},{"@type":"Person","@id":"https:\/\/www.article-marketing.eu\/comunicati\/#\/schema\/person\/44372e4d4d0fa797b18e03ed1ace9017","name":"Redazione Comunicati Stampa","image":{"@type":"ImageObject","inLanguage":"it-IT","@id":"https:\/\/www.article-marketing.eu\/comunicati\/#\/schema\/person\/image\/","url":"https:\/\/secure.gravatar.com\/avatar\/50e5c6421d3072f42e7ace803501602c60d75233d34e29fd05feb91c8760b792?s=96&d=mm&r=g","contentUrl":"https:\/\/secure.gravatar.com\/avatar\/50e5c6421d3072f42e7ace803501602c60d75233d34e29fd05feb91c8760b792?s=96&d=mm&r=g","caption":"Redazione Comunicati Stampa"},"url":"https:\/\/www.article-marketing.eu\/comunicati\/author\/redazione-comunicati-stampa\/"}]}},"_links":{"self":[{"href":"https:\/\/www.article-marketing.eu\/comunicati\/wp-json\/wp\/v2\/posts\/11412","targetHints":{"allow":["GET"]}}],"collection":[{"href":"https:\/\/www.article-marketing.eu\/comunicati\/wp-json\/wp\/v2\/posts"}],"about":[{"href":"https:\/\/www.article-marketing.eu\/comunicati\/wp-json\/wp\/v2\/types\/post"}],"author":[{"embeddable":true,"href":"https:\/\/www.article-marketing.eu\/comunicati\/wp-json\/wp\/v2\/users\/10"}],"replies":[{"embeddable":true,"href":"https:\/\/www.article-marketing.eu\/comunicati\/wp-json\/wp\/v2\/comments?post=11412"}],"version-history":[{"count":1,"href":"https:\/\/www.article-marketing.eu\/comunicati\/wp-json\/wp\/v2\/posts\/11412\/revisions"}],"predecessor-version":[{"id":57996,"href":"https:\/\/www.article-marketing.eu\/comunicati\/wp-json\/wp\/v2\/posts\/11412\/revisions\/57996"}],"wp:attachment":[{"href":"https:\/\/www.article-marketing.eu\/comunicati\/wp-json\/wp\/v2\/media?parent=11412"}],"wp:term":[{"taxonomy":"category","embeddable":true,"href":"https:\/\/www.article-marketing.eu\/comunicati\/wp-json\/wp\/v2\/categories?post=11412"},{"taxonomy":"post_tag","embeddable":true,"href":"https:\/\/www.article-marketing.eu\/comunicati\/wp-json\/wp\/v2\/tags?post=11412"}],"curies":[{"name":"wp","href":"https:\/\/api.w.org\/{rel}","templated":true}]}}