{"id":11544,"date":"2007-12-06T00:05:20","date_gmt":"2007-12-05T23:05:20","guid":{"rendered":"http:\/\/www.article-marketing.eu\/comunicati\/senza-categoria\/e-se-il-fattore2c-facesse-la-differenza\/"},"modified":"2007-12-06T00:05:20","modified_gmt":"2007-12-05T23:05:20","slug":"e-se-il-fattore2c-facesse-la-differenza","status":"publish","type":"post","link":"https:\/\/www.article-marketing.eu\/comunicati\/comunicati-stampa\/e-se-il-fattore2c-facesse-la-differenza\/","title":{"rendered":"E se il &#8220;FATTORE2C&#8221; facesse la differenza?"},"content":{"rendered":"<p>Nasce Fattore 2C \u2013 Comunicazione &#038; Creativit\u00e0, un\u2019agenzia che opera  sul mercato italiano dalla sua sede di Torino, avvalendosi dell&#8217;esperienza pi\u00f9 che decennale di professionisti provenienti da differenti settori del mondo della comunicazione.<\/p>\n<p>Fornire esperienza, professionalit\u00e0 e seriet\u00e0 realizzate con la cura di un prodotto artigianale, studiato e seguito in tutte le sue fasi con l&#8217;attenzione che solo un artigiano pu\u00f2 dare alla propria creazione. Divenire un ingranaggio dell&#8217;azienda cliente per ideare, sviluppare e utilizzare insieme tutti gli strumenti e le risorse per valicare i confini aziendali grazie ad un prodotto di alto livello, dal grande valore strategico e personalizzato. Questo \u00e8 l\u2019obiettivo!<\/p>\n<p>I servizi offerti si possono riassumere in 5 macro aree: Pubbliche relazioni ed Ufficio Stampa &#8211; Organizzazione di eventi &#8211; Studio e Sviluppo dell\u2019Immagine &#8211; Progetti editoriali \u2013 Web design<\/p>\n<p>Stefania Reale e Stefano Palumbo, fondatori della nuova agenzia, hanno maturato un\u2019esperienza quindicinale nel settore della comunicazione e della grafica attraverso la guida di direzioni marketing di aziende italiane con sedi anche all\u2019estero.<\/p>\n<p>\u201cLa nostra agenzia si affaccia al mercato forte di concreta e specialistica preparazione del nostro team di lavoro, e da rapporti decennali con il mondo della stampa e con i professionisti del settore. Ci\u00f2 ci permette di garantire la visibilit\u00e0 pi\u00f9 efficace e funzionale al successo dei nostri clienti.\u201d- dichiara Stefania Reale, responsabile delle attivit\u00e0 inerenti le PR, l\u2019ufficio stampa e l\u2019organizzazione degli eventi.<\/p>\n<p>\u201cNon mera tecnica esecutiva ma studio ed ideazione creativa per realizzare un prodotto accattivante, incisivo e congruente, che faccia correre il rischio, al nostro cliente, di essere ricordato\u201d \u2013 questo \u00e8 l\u2019obiettivo primario quando studiamo e proponiamo una campagna grafica ai nostri clienti \u2013 dichiara Stefano Palumbo, responsabile dello studio dell\u2019immagine, dei progetti editoriali e del web design.<\/p>\n<p>Fattore2C oltre ad un prodotto altamente professionale offre anche un\u2019estrema competitivit\u00e0 dovuta ad un rapporto qualit\u00e0\/prezzo vincente.<\/p>\n<p>Per ulteriori informazioni consultare il sito www.fattore2c.it<\/p>\n","protected":false},"excerpt":{"rendered":"<p>Nasce sotto la &#8220;Mole&#8221; una nuova agen zia di Comunicazione &#038; Creativit\u00e0<\/p>\n","protected":false},"author":10,"featured_media":0,"comment_status":"open","ping_status":"open","sticky":false,"template":"","format":"standard","meta":{"cybocfi_hide_featured_image":"","footnotes":""},"categories":[190],"tags":[456,605,21467,21466,1104,4265],"class_list":["post-11544","post","type-post","status-publish","format-standard","hentry","category-comunicati-stampa","tag-eventi","tag-grafica","tag-progetti-editoriali","tag-pubbiche-relazioni","tag-ufficio-stampa","tag-web-design"],"yoast_head":"<!-- This site is optimized with the Yoast SEO plugin v27.0 - https:\/\/yoast.com\/product\/yoast-seo-wordpress\/ -->\n<title>E se il &quot;FATTORE2C&quot; facesse la differenza? - Article Marketing<\/title>\n<meta name=\"robots\" content=\"index, follow, max-snippet:-1, max-image-preview:large, max-video-preview:-1\" \/>\n<link rel=\"canonical\" href=\"https:\/\/www.article-marketing.eu\/comunicati\/comunicati-stampa\/e-se-il-fattore2c-facesse-la-differenza\/\" \/>\n<meta property=\"og:locale\" content=\"it_IT\" \/>\n<meta property=\"og:type\" content=\"article\" \/>\n<meta property=\"og:title\" content=\"E se il &quot;FATTORE2C&quot; facesse la differenza? - Article Marketing\" \/>\n<meta property=\"og:description\" content=\"Nasce sotto la &quot;Mole&quot; una nuova agen zia di Comunicazione &amp; Creativit\u00e0\" \/>\n<meta property=\"og:url\" content=\"https:\/\/www.article-marketing.eu\/comunicati\/comunicati-stampa\/e-se-il-fattore2c-facesse-la-differenza\/\" \/>\n<meta property=\"og:site_name\" content=\"Article Marketing\" \/>\n<meta property=\"article:published_time\" content=\"2007-12-05T23:05:20+00:00\" \/>\n<meta name=\"author\" content=\"Redazione Comunicati Stampa\" \/>\n<meta name=\"twitter:card\" content=\"summary_large_image\" \/>\n<meta name=\"twitter:label1\" content=\"Scritto da\" \/>\n\t<meta name=\"twitter:data1\" content=\"Redazione Comunicati Stampa\" \/>\n\t<meta name=\"twitter:label2\" content=\"Tempo di lettura stimato\" \/>\n\t<meta name=\"twitter:data2\" content=\"2 minuti\" \/>\n<script type=\"application\/ld+json\" class=\"yoast-schema-graph\">{\"@context\":\"https:\/\/schema.org\",\"@graph\":[{\"@type\":\"Article\",\"@id\":\"https:\/\/www.article-marketing.eu\/comunicati\/comunicati-stampa\/e-se-il-fattore2c-facesse-la-differenza\/#article\",\"isPartOf\":{\"@id\":\"https:\/\/www.article-marketing.eu\/comunicati\/comunicati-stampa\/e-se-il-fattore2c-facesse-la-differenza\/\"},\"author\":{\"name\":\"Redazione Comunicati Stampa\",\"@id\":\"https:\/\/www.article-marketing.eu\/comunicati\/#\/schema\/person\/44372e4d4d0fa797b18e03ed1ace9017\"},\"headline\":\"E se il &#8220;FATTORE2C&#8221; facesse la differenza?\",\"datePublished\":\"2007-12-05T23:05:20+00:00\",\"mainEntityOfPage\":{\"@id\":\"https:\/\/www.article-marketing.eu\/comunicati\/comunicati-stampa\/e-se-il-fattore2c-facesse-la-differenza\/\"},\"wordCount\":328,\"commentCount\":0,\"keywords\":[\"eventi\",\"Grafica\",\"progetti editoriali\",\"pubbiche relazioni\",\"ufficio stampa\",\"web design\"],\"articleSection\":[\"Comunicati stampa\"],\"inLanguage\":\"it-IT\",\"potentialAction\":[{\"@type\":\"CommentAction\",\"name\":\"Comment\",\"target\":[\"https:\/\/www.article-marketing.eu\/comunicati\/comunicati-stampa\/e-se-il-fattore2c-facesse-la-differenza\/#respond\"]}]},{\"@type\":\"WebPage\",\"@id\":\"https:\/\/www.article-marketing.eu\/comunicati\/comunicati-stampa\/e-se-il-fattore2c-facesse-la-differenza\/\",\"url\":\"https:\/\/www.article-marketing.eu\/comunicati\/comunicati-stampa\/e-se-il-fattore2c-facesse-la-differenza\/\",\"name\":\"E se il \\\"FATTORE2C\\\" facesse la differenza? - Article Marketing\",\"isPartOf\":{\"@id\":\"https:\/\/www.article-marketing.eu\/comunicati\/#website\"},\"datePublished\":\"2007-12-05T23:05:20+00:00\",\"author\":{\"@id\":\"https:\/\/www.article-marketing.eu\/comunicati\/#\/schema\/person\/44372e4d4d0fa797b18e03ed1ace9017\"},\"breadcrumb\":{\"@id\":\"https:\/\/www.article-marketing.eu\/comunicati\/comunicati-stampa\/e-se-il-fattore2c-facesse-la-differenza\/#breadcrumb\"},\"inLanguage\":\"it-IT\",\"potentialAction\":[{\"@type\":\"ReadAction\",\"target\":[\"https:\/\/www.article-marketing.eu\/comunicati\/comunicati-stampa\/e-se-il-fattore2c-facesse-la-differenza\/\"]}]},{\"@type\":\"BreadcrumbList\",\"@id\":\"https:\/\/www.article-marketing.eu\/comunicati\/comunicati-stampa\/e-se-il-fattore2c-facesse-la-differenza\/#breadcrumb\",\"itemListElement\":[{\"@type\":\"ListItem\",\"position\":1,\"name\":\"Home\",\"item\":\"https:\/\/www.article-marketing.eu\/comunicati\/\"},{\"@type\":\"ListItem\",\"position\":2,\"name\":\"E se il &#8220;FATTORE2C&#8221; facesse la differenza?\"}]},{\"@type\":\"WebSite\",\"@id\":\"https:\/\/www.article-marketing.eu\/comunicati\/#website\",\"url\":\"https:\/\/www.article-marketing.eu\/comunicati\/\",\"name\":\"Article Marketing\",\"description\":\"article marketing &amp; press release\",\"potentialAction\":[{\"@type\":\"SearchAction\",\"target\":{\"@type\":\"EntryPoint\",\"urlTemplate\":\"https:\/\/www.article-marketing.eu\/comunicati\/?s={search_term_string}\"},\"query-input\":{\"@type\":\"PropertyValueSpecification\",\"valueRequired\":true,\"valueName\":\"search_term_string\"}}],\"inLanguage\":\"it-IT\"},{\"@type\":\"Person\",\"@id\":\"https:\/\/www.article-marketing.eu\/comunicati\/#\/schema\/person\/44372e4d4d0fa797b18e03ed1ace9017\",\"name\":\"Redazione Comunicati Stampa\",\"image\":{\"@type\":\"ImageObject\",\"inLanguage\":\"it-IT\",\"@id\":\"https:\/\/www.article-marketing.eu\/comunicati\/#\/schema\/person\/image\/\",\"url\":\"https:\/\/secure.gravatar.com\/avatar\/50e5c6421d3072f42e7ace803501602c60d75233d34e29fd05feb91c8760b792?s=96&d=mm&r=g\",\"contentUrl\":\"https:\/\/secure.gravatar.com\/avatar\/50e5c6421d3072f42e7ace803501602c60d75233d34e29fd05feb91c8760b792?s=96&d=mm&r=g\",\"caption\":\"Redazione Comunicati Stampa\"},\"url\":\"https:\/\/www.article-marketing.eu\/comunicati\/author\/redazione-comunicati-stampa\/\"}]}<\/script>\n<!-- \/ Yoast SEO plugin. -->","yoast_head_json":{"title":"E se il \"FATTORE2C\" facesse la differenza? - Article Marketing","robots":{"index":"index","follow":"follow","max-snippet":"max-snippet:-1","max-image-preview":"max-image-preview:large","max-video-preview":"max-video-preview:-1"},"canonical":"https:\/\/www.article-marketing.eu\/comunicati\/comunicati-stampa\/e-se-il-fattore2c-facesse-la-differenza\/","og_locale":"it_IT","og_type":"article","og_title":"E se il \"FATTORE2C\" facesse la differenza? - Article Marketing","og_description":"Nasce sotto la \"Mole\" una nuova agen zia di Comunicazione & Creativit\u00e0","og_url":"https:\/\/www.article-marketing.eu\/comunicati\/comunicati-stampa\/e-se-il-fattore2c-facesse-la-differenza\/","og_site_name":"Article Marketing","article_published_time":"2007-12-05T23:05:20+00:00","author":"Redazione Comunicati Stampa","twitter_card":"summary_large_image","twitter_misc":{"Scritto da":"Redazione Comunicati Stampa","Tempo di lettura stimato":"2 minuti"},"schema":{"@context":"https:\/\/schema.org","@graph":[{"@type":"Article","@id":"https:\/\/www.article-marketing.eu\/comunicati\/comunicati-stampa\/e-se-il-fattore2c-facesse-la-differenza\/#article","isPartOf":{"@id":"https:\/\/www.article-marketing.eu\/comunicati\/comunicati-stampa\/e-se-il-fattore2c-facesse-la-differenza\/"},"author":{"name":"Redazione Comunicati Stampa","@id":"https:\/\/www.article-marketing.eu\/comunicati\/#\/schema\/person\/44372e4d4d0fa797b18e03ed1ace9017"},"headline":"E se il &#8220;FATTORE2C&#8221; facesse la differenza?","datePublished":"2007-12-05T23:05:20+00:00","mainEntityOfPage":{"@id":"https:\/\/www.article-marketing.eu\/comunicati\/comunicati-stampa\/e-se-il-fattore2c-facesse-la-differenza\/"},"wordCount":328,"commentCount":0,"keywords":["eventi","Grafica","progetti editoriali","pubbiche relazioni","ufficio stampa","web design"],"articleSection":["Comunicati stampa"],"inLanguage":"it-IT","potentialAction":[{"@type":"CommentAction","name":"Comment","target":["https:\/\/www.article-marketing.eu\/comunicati\/comunicati-stampa\/e-se-il-fattore2c-facesse-la-differenza\/#respond"]}]},{"@type":"WebPage","@id":"https:\/\/www.article-marketing.eu\/comunicati\/comunicati-stampa\/e-se-il-fattore2c-facesse-la-differenza\/","url":"https:\/\/www.article-marketing.eu\/comunicati\/comunicati-stampa\/e-se-il-fattore2c-facesse-la-differenza\/","name":"E se il \"FATTORE2C\" facesse la differenza? - Article Marketing","isPartOf":{"@id":"https:\/\/www.article-marketing.eu\/comunicati\/#website"},"datePublished":"2007-12-05T23:05:20+00:00","author":{"@id":"https:\/\/www.article-marketing.eu\/comunicati\/#\/schema\/person\/44372e4d4d0fa797b18e03ed1ace9017"},"breadcrumb":{"@id":"https:\/\/www.article-marketing.eu\/comunicati\/comunicati-stampa\/e-se-il-fattore2c-facesse-la-differenza\/#breadcrumb"},"inLanguage":"it-IT","potentialAction":[{"@type":"ReadAction","target":["https:\/\/www.article-marketing.eu\/comunicati\/comunicati-stampa\/e-se-il-fattore2c-facesse-la-differenza\/"]}]},{"@type":"BreadcrumbList","@id":"https:\/\/www.article-marketing.eu\/comunicati\/comunicati-stampa\/e-se-il-fattore2c-facesse-la-differenza\/#breadcrumb","itemListElement":[{"@type":"ListItem","position":1,"name":"Home","item":"https:\/\/www.article-marketing.eu\/comunicati\/"},{"@type":"ListItem","position":2,"name":"E se il &#8220;FATTORE2C&#8221; facesse la differenza?"}]},{"@type":"WebSite","@id":"https:\/\/www.article-marketing.eu\/comunicati\/#website","url":"https:\/\/www.article-marketing.eu\/comunicati\/","name":"Article Marketing","description":"article marketing &amp; press release","potentialAction":[{"@type":"SearchAction","target":{"@type":"EntryPoint","urlTemplate":"https:\/\/www.article-marketing.eu\/comunicati\/?s={search_term_string}"},"query-input":{"@type":"PropertyValueSpecification","valueRequired":true,"valueName":"search_term_string"}}],"inLanguage":"it-IT"},{"@type":"Person","@id":"https:\/\/www.article-marketing.eu\/comunicati\/#\/schema\/person\/44372e4d4d0fa797b18e03ed1ace9017","name":"Redazione Comunicati Stampa","image":{"@type":"ImageObject","inLanguage":"it-IT","@id":"https:\/\/www.article-marketing.eu\/comunicati\/#\/schema\/person\/image\/","url":"https:\/\/secure.gravatar.com\/avatar\/50e5c6421d3072f42e7ace803501602c60d75233d34e29fd05feb91c8760b792?s=96&d=mm&r=g","contentUrl":"https:\/\/secure.gravatar.com\/avatar\/50e5c6421d3072f42e7ace803501602c60d75233d34e29fd05feb91c8760b792?s=96&d=mm&r=g","caption":"Redazione Comunicati Stampa"},"url":"https:\/\/www.article-marketing.eu\/comunicati\/author\/redazione-comunicati-stampa\/"}]}},"_links":{"self":[{"href":"https:\/\/www.article-marketing.eu\/comunicati\/wp-json\/wp\/v2\/posts\/11544","targetHints":{"allow":["GET"]}}],"collection":[{"href":"https:\/\/www.article-marketing.eu\/comunicati\/wp-json\/wp\/v2\/posts"}],"about":[{"href":"https:\/\/www.article-marketing.eu\/comunicati\/wp-json\/wp\/v2\/types\/post"}],"author":[{"embeddable":true,"href":"https:\/\/www.article-marketing.eu\/comunicati\/wp-json\/wp\/v2\/users\/10"}],"replies":[{"embeddable":true,"href":"https:\/\/www.article-marketing.eu\/comunicati\/wp-json\/wp\/v2\/comments?post=11544"}],"version-history":[{"count":0,"href":"https:\/\/www.article-marketing.eu\/comunicati\/wp-json\/wp\/v2\/posts\/11544\/revisions"}],"wp:attachment":[{"href":"https:\/\/www.article-marketing.eu\/comunicati\/wp-json\/wp\/v2\/media?parent=11544"}],"wp:term":[{"taxonomy":"category","embeddable":true,"href":"https:\/\/www.article-marketing.eu\/comunicati\/wp-json\/wp\/v2\/categories?post=11544"},{"taxonomy":"post_tag","embeddable":true,"href":"https:\/\/www.article-marketing.eu\/comunicati\/wp-json\/wp\/v2\/tags?post=11544"}],"curies":[{"name":"wp","href":"https:\/\/api.w.org\/{rel}","templated":true}]}}