{"id":11550,"date":"2008-04-16T13:19:11","date_gmt":"2008-04-16T11:19:11","guid":{"rendered":"http:\/\/www.article-marketing.eu\/comunicati\/senza-categoria\/scuola-di-canto-marco-simeoni-roma\/"},"modified":"2018-07-10T04:05:21","modified_gmt":"2018-07-10T02:05:21","slug":"scuola-di-canto-marco-simeoni-roma","status":"publish","type":"post","link":"https:\/\/www.article-marketing.eu\/comunicati\/arte-e-cultura\/musica\/scuola-di-canto-marco-simeoni-roma\/","title":{"rendered":"SCUOLA DI CANTO MARCO SIMEONI &#8211; Roma"},"content":{"rendered":"<p align=\"center\"><strong>Nasce a Roma la scuola del M\u00b0 Marco Simeoni <\/strong><\/p>\n<p align=\"center\">&nbsp;<\/p>\n<p align=\"center\"><strong>SCUOLA DI CANTO MARCO SIMEONI<\/strong><\/p>\n<p align=\"center\"><strong>SCM Production<\/strong><\/p>\n<p align=\"center\"><strong>LA SCUOLA SI TROVA IN <\/strong><\/p>\n<p align=\"center\"><strong>&quot;<u>VIA DI SAN GIOVANNI IN LATERANO N\u00b085<\/u>&quot; <\/strong><\/p>\n<p align=\"center\"><strong>PRESSO LO STUDIO REGISTRAZIONE&nbsp; 24GRADI Recording Studio<\/strong><\/p>\n<p align=\"left\"><strong>TUTTE LE LEZIONI SI SVOLGONO IN STUDIO REGISTRAZIONE LUOGO DA NON TRASCURARE PER LA CRESCITA PROFESSIONALE,TUTTE LE LEZIONI SONO INDIVIDUALI E PERSONALIZZATE LA DURATA DI OGNI LEZIONE E DI UN ORA<\/strong><\/p>\n<p align=\"left\">Curo tutti i generi musicale dalla POP alla LIRICA. Il mio insegnamento si basa sulla fisiologia del canto ovvero sulla semeiotica&nbsp;. L&#8217;obbiettivo \u00e8 quello di migliorare la consapevolezza della propria vocalit\u00e0 e della respirazione. Nella mia lezione si studia: *L&#8217;educazione della respirazione *Appoggio e sostegno diaframmatico *Percezione acustica *L&#8217;orecchio e la sua funzionalit\u00e0 *La corretta postura e le sue varianti *Tonificazione della muscolatura,facciale,laringea,addominale,dorsale *Attacchi vocali dei risuonatori alti e bassi *L&#8217;importanza della DIZIONE *Differenza tra &quot;speech, falsetto, pianto, twang, belting, opera&quot; *La voce interna *Lo studio sul vibrato naturale e artificiale *Prevenzione ed Igene vocale ** Medici Specialisti in Foniatria a chi rivolgersi**&nbsp;E vi&nbsp;insegner\u00f2 il&nbsp;<em><strong>VOCAL LISTENING<\/strong><\/em><\/p>\n<p align=\"left\"><strong>&nbsp;&nbsp;Lo studio che si&nbsp;percorre e attuabile su tutti i generi, dall&#8217;Opera al Musical, dal Jazz al pop-rock grazie alla conoscenza foniatrica del nostro apparato al fine di potenziare cambiare e scegliere le settanta sfumature che abbiamo a disposizione come essere umani.<\/strong><\/p>\n<p align=\"left\"><strong>&quot;&quot;Molti studenti che si avvicinano al canto mi domandano ma cos&#8217;\u00e8 il BELTING &#8211; SOB &#8211; TWANG ? ebbene sono le tre principali impostazioni e sfumature della nostra voce ma \u00e8 solo la punta di un iceberg,&nbsp;lo studio della voce \u00e8 una scienza e non si finisce mai di studiarla&quot;&quot;.<u>La scuola offre una moltitudine di servizi grazie a molte collaborazioni artistiche di importanti produzioni.<\/u><\/strong>&nbsp;<\/p>\n<p align=\"left\"><strong><em>FAI UNA LEZIONE PROVA !!! CONTATTA LA SCUOLA&nbsp;&nbsp; ALLO &nbsp;06 97602924&nbsp; &nbsp;OPPURE&nbsp;&nbsp;&nbsp; ALLO&nbsp;&nbsp;&nbsp;&nbsp; 377 12 87 721&nbsp; OPPURE AL 349 7912301&nbsp;&nbsp;&nbsp;OPPURE&nbsp; MANDA UNA MAIL A marco.simeoni@yahoo.it<\/em><\/strong><\/p>\n<p align=\"left\"><strong><em><a title=\"MARCO SIMEONI\" href=\"http:\/\/www.marcosimeoni.it\/\" target=\"_blank\">WWW.MARCOSIMEONI.IT<\/a><\/em><\/strong><\/p>\n","protected":false},"excerpt":{"rendered":"<p>Apre &#8211; attesa da molti &#8211; ufficialmente la scuola di Formazione Vocale del M\u00b0 Marco Simeoni.<\/p>\n","protected":false},"author":10,"featured_media":0,"comment_status":"open","ping_status":"open","sticky":false,"template":"","format":"standard","meta":{"cybocfi_hide_featured_image":"","footnotes":""},"categories":[42],"tags":[1002,8534,21472,14371,21471,7878,21473,8471,45,28,20221,251,3224,21470],"class_list":["post-11550","post","type-post","status-publish","format-standard","hentry","category-musica","tag-associazione","tag-canto","tag-foniatria","tag-insegnanti","tag-isctruzione","tag-lirica","tag-logopedia","tag-marco","tag-musica","tag-musical","tag-pop","tag-roma","tag-scuola","tag-simeoni"],"yoast_head":"<!-- This site is optimized with the Yoast SEO plugin v27.0 - https:\/\/yoast.com\/product\/yoast-seo-wordpress\/ -->\n<title>SCUOLA DI CANTO MARCO SIMEONI - Roma - Article Marketing<\/title>\n<meta name=\"robots\" content=\"index, follow, max-snippet:-1, max-image-preview:large, max-video-preview:-1\" \/>\n<link rel=\"canonical\" href=\"https:\/\/www.article-marketing.eu\/comunicati\/arte-e-cultura\/musica\/scuola-di-canto-marco-simeoni-roma\/\" \/>\n<meta property=\"og:locale\" content=\"it_IT\" \/>\n<meta property=\"og:type\" content=\"article\" \/>\n<meta property=\"og:title\" content=\"SCUOLA DI CANTO MARCO SIMEONI - Roma - Article Marketing\" \/>\n<meta property=\"og:description\" content=\"Apre - attesa da molti - ufficialmente la scuola di Formazione Vocale del M\u00b0 Marco Simeoni.\" \/>\n<meta property=\"og:url\" content=\"https:\/\/www.article-marketing.eu\/comunicati\/arte-e-cultura\/musica\/scuola-di-canto-marco-simeoni-roma\/\" \/>\n<meta property=\"og:site_name\" content=\"Article Marketing\" \/>\n<meta property=\"article:published_time\" content=\"2008-04-16T11:19:11+00:00\" \/>\n<meta property=\"article:modified_time\" content=\"2018-07-10T02:05:21+00:00\" \/>\n<meta name=\"author\" content=\"Redazione Comunicati Stampa\" \/>\n<meta name=\"twitter:card\" content=\"summary_large_image\" \/>\n<meta name=\"twitter:label1\" content=\"Scritto da\" \/>\n\t<meta name=\"twitter:data1\" content=\"Redazione Comunicati Stampa\" \/>\n\t<meta name=\"twitter:label2\" content=\"Tempo di lettura stimato\" \/>\n\t<meta name=\"twitter:data2\" content=\"2 minuti\" \/>\n<script type=\"application\/ld+json\" class=\"yoast-schema-graph\">{\"@context\":\"https:\/\/schema.org\",\"@graph\":[{\"@type\":\"Article\",\"@id\":\"https:\/\/www.article-marketing.eu\/comunicati\/arte-e-cultura\/musica\/scuola-di-canto-marco-simeoni-roma\/#article\",\"isPartOf\":{\"@id\":\"https:\/\/www.article-marketing.eu\/comunicati\/arte-e-cultura\/musica\/scuola-di-canto-marco-simeoni-roma\/\"},\"author\":{\"name\":\"Redazione Comunicati Stampa\",\"@id\":\"https:\/\/www.article-marketing.eu\/comunicati\/#\/schema\/person\/44372e4d4d0fa797b18e03ed1ace9017\"},\"headline\":\"SCUOLA DI CANTO MARCO SIMEONI &#8211; Roma\",\"datePublished\":\"2008-04-16T11:19:11+00:00\",\"dateModified\":\"2018-07-10T02:05:21+00:00\",\"mainEntityOfPage\":{\"@id\":\"https:\/\/www.article-marketing.eu\/comunicati\/arte-e-cultura\/musica\/scuola-di-canto-marco-simeoni-roma\/\"},\"wordCount\":350,\"commentCount\":0,\"keywords\":[\"associazione\",\"canto\",\"foniatria\",\"insegnanti\",\"isctruzione\",\"lirica\",\"logopedia\",\"marco\",\"musica\",\"musical\",\"pop\",\"roma\",\"SCUOLA\",\"simeoni\"],\"articleSection\":[\"Musica\"],\"inLanguage\":\"it-IT\",\"potentialAction\":[{\"@type\":\"CommentAction\",\"name\":\"Comment\",\"target\":[\"https:\/\/www.article-marketing.eu\/comunicati\/arte-e-cultura\/musica\/scuola-di-canto-marco-simeoni-roma\/#respond\"]}]},{\"@type\":\"WebPage\",\"@id\":\"https:\/\/www.article-marketing.eu\/comunicati\/arte-e-cultura\/musica\/scuola-di-canto-marco-simeoni-roma\/\",\"url\":\"https:\/\/www.article-marketing.eu\/comunicati\/arte-e-cultura\/musica\/scuola-di-canto-marco-simeoni-roma\/\",\"name\":\"SCUOLA DI CANTO MARCO SIMEONI - Roma - Article Marketing\",\"isPartOf\":{\"@id\":\"https:\/\/www.article-marketing.eu\/comunicati\/#website\"},\"datePublished\":\"2008-04-16T11:19:11+00:00\",\"dateModified\":\"2018-07-10T02:05:21+00:00\",\"author\":{\"@id\":\"https:\/\/www.article-marketing.eu\/comunicati\/#\/schema\/person\/44372e4d4d0fa797b18e03ed1ace9017\"},\"breadcrumb\":{\"@id\":\"https:\/\/www.article-marketing.eu\/comunicati\/arte-e-cultura\/musica\/scuola-di-canto-marco-simeoni-roma\/#breadcrumb\"},\"inLanguage\":\"it-IT\",\"potentialAction\":[{\"@type\":\"ReadAction\",\"target\":[\"https:\/\/www.article-marketing.eu\/comunicati\/arte-e-cultura\/musica\/scuola-di-canto-marco-simeoni-roma\/\"]}]},{\"@type\":\"BreadcrumbList\",\"@id\":\"https:\/\/www.article-marketing.eu\/comunicati\/arte-e-cultura\/musica\/scuola-di-canto-marco-simeoni-roma\/#breadcrumb\",\"itemListElement\":[{\"@type\":\"ListItem\",\"position\":1,\"name\":\"Home\",\"item\":\"https:\/\/www.article-marketing.eu\/comunicati\/\"},{\"@type\":\"ListItem\",\"position\":2,\"name\":\"SCUOLA DI CANTO MARCO SIMEONI &#8211; Roma\"}]},{\"@type\":\"WebSite\",\"@id\":\"https:\/\/www.article-marketing.eu\/comunicati\/#website\",\"url\":\"https:\/\/www.article-marketing.eu\/comunicati\/\",\"name\":\"Article Marketing\",\"description\":\"article marketing &amp; press release\",\"potentialAction\":[{\"@type\":\"SearchAction\",\"target\":{\"@type\":\"EntryPoint\",\"urlTemplate\":\"https:\/\/www.article-marketing.eu\/comunicati\/?s={search_term_string}\"},\"query-input\":{\"@type\":\"PropertyValueSpecification\",\"valueRequired\":true,\"valueName\":\"search_term_string\"}}],\"inLanguage\":\"it-IT\"},{\"@type\":\"Person\",\"@id\":\"https:\/\/www.article-marketing.eu\/comunicati\/#\/schema\/person\/44372e4d4d0fa797b18e03ed1ace9017\",\"name\":\"Redazione Comunicati Stampa\",\"image\":{\"@type\":\"ImageObject\",\"inLanguage\":\"it-IT\",\"@id\":\"https:\/\/www.article-marketing.eu\/comunicati\/#\/schema\/person\/image\/\",\"url\":\"https:\/\/secure.gravatar.com\/avatar\/50e5c6421d3072f42e7ace803501602c60d75233d34e29fd05feb91c8760b792?s=96&d=mm&r=g\",\"contentUrl\":\"https:\/\/secure.gravatar.com\/avatar\/50e5c6421d3072f42e7ace803501602c60d75233d34e29fd05feb91c8760b792?s=96&d=mm&r=g\",\"caption\":\"Redazione Comunicati Stampa\"},\"url\":\"https:\/\/www.article-marketing.eu\/comunicati\/author\/redazione-comunicati-stampa\/\"}]}<\/script>\n<!-- \/ Yoast SEO plugin. -->","yoast_head_json":{"title":"SCUOLA DI CANTO MARCO SIMEONI - Roma - Article Marketing","robots":{"index":"index","follow":"follow","max-snippet":"max-snippet:-1","max-image-preview":"max-image-preview:large","max-video-preview":"max-video-preview:-1"},"canonical":"https:\/\/www.article-marketing.eu\/comunicati\/arte-e-cultura\/musica\/scuola-di-canto-marco-simeoni-roma\/","og_locale":"it_IT","og_type":"article","og_title":"SCUOLA DI CANTO MARCO SIMEONI - Roma - Article Marketing","og_description":"Apre - attesa da molti - ufficialmente la scuola di Formazione Vocale del M\u00b0 Marco Simeoni.","og_url":"https:\/\/www.article-marketing.eu\/comunicati\/arte-e-cultura\/musica\/scuola-di-canto-marco-simeoni-roma\/","og_site_name":"Article Marketing","article_published_time":"2008-04-16T11:19:11+00:00","article_modified_time":"2018-07-10T02:05:21+00:00","author":"Redazione Comunicati Stampa","twitter_card":"summary_large_image","twitter_misc":{"Scritto da":"Redazione Comunicati Stampa","Tempo di lettura stimato":"2 minuti"},"schema":{"@context":"https:\/\/schema.org","@graph":[{"@type":"Article","@id":"https:\/\/www.article-marketing.eu\/comunicati\/arte-e-cultura\/musica\/scuola-di-canto-marco-simeoni-roma\/#article","isPartOf":{"@id":"https:\/\/www.article-marketing.eu\/comunicati\/arte-e-cultura\/musica\/scuola-di-canto-marco-simeoni-roma\/"},"author":{"name":"Redazione Comunicati Stampa","@id":"https:\/\/www.article-marketing.eu\/comunicati\/#\/schema\/person\/44372e4d4d0fa797b18e03ed1ace9017"},"headline":"SCUOLA DI CANTO MARCO SIMEONI &#8211; Roma","datePublished":"2008-04-16T11:19:11+00:00","dateModified":"2018-07-10T02:05:21+00:00","mainEntityOfPage":{"@id":"https:\/\/www.article-marketing.eu\/comunicati\/arte-e-cultura\/musica\/scuola-di-canto-marco-simeoni-roma\/"},"wordCount":350,"commentCount":0,"keywords":["associazione","canto","foniatria","insegnanti","isctruzione","lirica","logopedia","marco","musica","musical","pop","roma","SCUOLA","simeoni"],"articleSection":["Musica"],"inLanguage":"it-IT","potentialAction":[{"@type":"CommentAction","name":"Comment","target":["https:\/\/www.article-marketing.eu\/comunicati\/arte-e-cultura\/musica\/scuola-di-canto-marco-simeoni-roma\/#respond"]}]},{"@type":"WebPage","@id":"https:\/\/www.article-marketing.eu\/comunicati\/arte-e-cultura\/musica\/scuola-di-canto-marco-simeoni-roma\/","url":"https:\/\/www.article-marketing.eu\/comunicati\/arte-e-cultura\/musica\/scuola-di-canto-marco-simeoni-roma\/","name":"SCUOLA DI CANTO MARCO SIMEONI - Roma - Article Marketing","isPartOf":{"@id":"https:\/\/www.article-marketing.eu\/comunicati\/#website"},"datePublished":"2008-04-16T11:19:11+00:00","dateModified":"2018-07-10T02:05:21+00:00","author":{"@id":"https:\/\/www.article-marketing.eu\/comunicati\/#\/schema\/person\/44372e4d4d0fa797b18e03ed1ace9017"},"breadcrumb":{"@id":"https:\/\/www.article-marketing.eu\/comunicati\/arte-e-cultura\/musica\/scuola-di-canto-marco-simeoni-roma\/#breadcrumb"},"inLanguage":"it-IT","potentialAction":[{"@type":"ReadAction","target":["https:\/\/www.article-marketing.eu\/comunicati\/arte-e-cultura\/musica\/scuola-di-canto-marco-simeoni-roma\/"]}]},{"@type":"BreadcrumbList","@id":"https:\/\/www.article-marketing.eu\/comunicati\/arte-e-cultura\/musica\/scuola-di-canto-marco-simeoni-roma\/#breadcrumb","itemListElement":[{"@type":"ListItem","position":1,"name":"Home","item":"https:\/\/www.article-marketing.eu\/comunicati\/"},{"@type":"ListItem","position":2,"name":"SCUOLA DI CANTO MARCO SIMEONI &#8211; Roma"}]},{"@type":"WebSite","@id":"https:\/\/www.article-marketing.eu\/comunicati\/#website","url":"https:\/\/www.article-marketing.eu\/comunicati\/","name":"Article Marketing","description":"article marketing &amp; press release","potentialAction":[{"@type":"SearchAction","target":{"@type":"EntryPoint","urlTemplate":"https:\/\/www.article-marketing.eu\/comunicati\/?s={search_term_string}"},"query-input":{"@type":"PropertyValueSpecification","valueRequired":true,"valueName":"search_term_string"}}],"inLanguage":"it-IT"},{"@type":"Person","@id":"https:\/\/www.article-marketing.eu\/comunicati\/#\/schema\/person\/44372e4d4d0fa797b18e03ed1ace9017","name":"Redazione Comunicati Stampa","image":{"@type":"ImageObject","inLanguage":"it-IT","@id":"https:\/\/www.article-marketing.eu\/comunicati\/#\/schema\/person\/image\/","url":"https:\/\/secure.gravatar.com\/avatar\/50e5c6421d3072f42e7ace803501602c60d75233d34e29fd05feb91c8760b792?s=96&d=mm&r=g","contentUrl":"https:\/\/secure.gravatar.com\/avatar\/50e5c6421d3072f42e7ace803501602c60d75233d34e29fd05feb91c8760b792?s=96&d=mm&r=g","caption":"Redazione Comunicati Stampa"},"url":"https:\/\/www.article-marketing.eu\/comunicati\/author\/redazione-comunicati-stampa\/"}]}},"_links":{"self":[{"href":"https:\/\/www.article-marketing.eu\/comunicati\/wp-json\/wp\/v2\/posts\/11550","targetHints":{"allow":["GET"]}}],"collection":[{"href":"https:\/\/www.article-marketing.eu\/comunicati\/wp-json\/wp\/v2\/posts"}],"about":[{"href":"https:\/\/www.article-marketing.eu\/comunicati\/wp-json\/wp\/v2\/types\/post"}],"author":[{"embeddable":true,"href":"https:\/\/www.article-marketing.eu\/comunicati\/wp-json\/wp\/v2\/users\/10"}],"replies":[{"embeddable":true,"href":"https:\/\/www.article-marketing.eu\/comunicati\/wp-json\/wp\/v2\/comments?post=11550"}],"version-history":[{"count":1,"href":"https:\/\/www.article-marketing.eu\/comunicati\/wp-json\/wp\/v2\/posts\/11550\/revisions"}],"predecessor-version":[{"id":58039,"href":"https:\/\/www.article-marketing.eu\/comunicati\/wp-json\/wp\/v2\/posts\/11550\/revisions\/58039"}],"wp:attachment":[{"href":"https:\/\/www.article-marketing.eu\/comunicati\/wp-json\/wp\/v2\/media?parent=11550"}],"wp:term":[{"taxonomy":"category","embeddable":true,"href":"https:\/\/www.article-marketing.eu\/comunicati\/wp-json\/wp\/v2\/categories?post=11550"},{"taxonomy":"post_tag","embeddable":true,"href":"https:\/\/www.article-marketing.eu\/comunicati\/wp-json\/wp\/v2\/tags?post=11550"}],"curies":[{"name":"wp","href":"https:\/\/api.w.org\/{rel}","templated":true}]}}