{"id":11551,"date":"2008-05-05T10:25:57","date_gmt":"2008-05-05T08:25:57","guid":{"rendered":"http:\/\/www.article-marketing.eu\/comunicati\/senza-categoria\/corso-professionale-per-illustratori-come-si-diventa-illustratori\/"},"modified":"2018-07-10T04:05:09","modified_gmt":"2018-07-10T02:05:09","slug":"corso-professionale-per-illustratori-come-si-diventa-illustratori","status":"publish","type":"post","link":"https:\/\/www.article-marketing.eu\/comunicati\/istruzione\/corsi\/corso-professionale-per-illustratori-come-si-diventa-illustratori\/","title":{"rendered":"corso professionale per illustratori &#8211; come si diventa illustratori?"},"content":{"rendered":"<p>Per tutti coloro che considerano il mestiere del disegnatore come un sogno realizzabile ecco il corso pratico professionale che stavano aspettando.&nbsp;<\/p>\n<p>Questo non sar\u00e0 &nbsp;tanto un corso di disegno quanto piuttosto un corso professionale che si ripromette di spiegare gli aspetti pratici della professione. Come ci si presenta agli editori? Come mettere insieme un portfolio professionale? E una volta ottenuto il lavoro: come si imposta un progetto? Cosa sono gli sbordi, i menab\u00f2, i rought, le gabbie, gli storyboard&#8230;? Sar\u00e0 incluso nel corso anche un pomeriggio con un commercialista per spiegare tutti gli aspetti fiscali della professione. Dall&#8217;1 al 5 settembre 2008 una settimana full-immersion dalle 9 alle 17 presso il Laboratorio Artistico di Bagnolo Piemonte (in provincia di Cuneo, a un&#8217;ora da Torino)&nbsp;per avvicinarsi al mestiere dell&#8217;illustratore. Il corso sar\u00e0 tenuto dall&#8217;illustratrice free-lance Carla Castagno&nbsp;con la partecipazione del dottor commercialista Mario Clericuzio che spiegher\u00e0 la legge sul diritto d&#8217;autore e risponder\u00e0 alle domande di origine fiscale.&nbsp;<\/p>\n<p>Il corso comincer\u00e0 con la visione dei portfolio dei partecipanti con consigli per migliorarne la presentazione. Poi si simuler\u00e0 il vero e proprio lavoro con l&#8217;editore, immaginando che venga proposto al disegnatore di illustrare la favola di Cappuccetto Rosso. Perci\u00f2 si creer\u00e0 uno storyboard, verranno discussi i parametri di stampa che gli editori possono fornire per la realizzazione di un progetto e si parler\u00e0 di tutti i problemi pratici che si possono incontrare durante il lavoro.&nbsp;<\/p>\n<p>Ai partecipanti \u00e8 consigliato di portare i proprio disegni per comporre il porftolio, fogli e matite per schizzare e per prendere appunti e del materiale visivo relativo alla favola di Cappuccetto Rosso. Illustrazioni, copertine, libri vecchi e nuovi che riguardano la favola classica saranno ben accetti e utili per portare avanti il progetto. Il materiale utile per il corso non \u00e8 fornito dal laboratorio ma \u00e8 a carico del singolo partecipante. Perci\u00f2 si consiglia di portare, oltre alle cose gi\u00e0 menzionate, tutto ci\u00f2 che si ritiene utile.&nbsp;<\/p>\n<p>Le iscrizioni sono attualmente aperte e ci sono ancora alcuni posti disponibili. E&#8217; previsto un limite di 15 partecipanti&nbsp;e le iscrizioni vengono prese in ordine di arrivo. Perci\u00f2 si consiglia di effettuarle il pi\u00f9 presto possibile. Il termine utile per le iscrizioni \u00e8 stato fissato per il giorno 15 agosto 2008<\/p>\n<p>Carla Castagno \u00e8 un&#8217;illustratrice professionista che lavora da dieci anni per l&#8217;editoria la pubblicit\u00e0 e i cartoni animati. Ha pubblicato pi\u00f9 di 20 libri per l&#8217;infanzia in Italia e all&#8217;estero, soprattutto in USA. Lavora illustrando in digitale con la tavoletta grafica e a mano con gli acquerelli. E&#8217; socia dell&#8217;Associazione Illustratori italiana e di quella americana, la Scbwi.&nbsp;<\/p>\n<p>Per informazioni e iscrizioni:&nbsp;<\/p>\n<p>http:\/\/www.illustration-art.net\/illustration_corsoill.html&nbsp;<\/p>\n","protected":false},"excerpt":{"rendered":"<p>Per chi avesse qualche nozione di disegno e si fosse posto questa domanda finalmente una risposta: \u00e8 in previsione per settembre 2008 l&#8217;organizzazione di un corso intensivo sul mestiere dell&#8217;illustratore. Fare dell&#8217;hobby del disegno un vero e proprio mestiere pu\u00f2 essere un sogno di molti.<\/p>\n","protected":false},"author":10,"featured_media":0,"comment_status":"open","ping_status":"open","sticky":false,"template":"","format":"standard","meta":{"cybocfi_hide_featured_image":"","footnotes":""},"categories":[747],"tags":[21475,723,2251,21478,13314,440,21477,21476,7859,21474,90,9460],"class_list":["post-11551","post","type-post","status-publish","format-standard","hentry","category-corsi","tag-cartoon","tag-corsi","tag-corso","tag-disegnatore","tag-disegno","tag-formazione","tag-illustrare","tag-illustratori","tag-illustrazione","tag-infanzia","tag-libri","tag-professionale"],"yoast_head":"<!-- This site is optimized with the Yoast SEO plugin v27.0 - https:\/\/yoast.com\/product\/yoast-seo-wordpress\/ -->\n<title>corso professionale per illustratori - come si diventa illustratori? - Article Marketing<\/title>\n<meta name=\"robots\" content=\"index, follow, max-snippet:-1, max-image-preview:large, max-video-preview:-1\" \/>\n<link rel=\"canonical\" href=\"https:\/\/www.article-marketing.eu\/comunicati\/istruzione\/corsi\/corso-professionale-per-illustratori-come-si-diventa-illustratori\/\" \/>\n<meta property=\"og:locale\" content=\"it_IT\" \/>\n<meta property=\"og:type\" content=\"article\" \/>\n<meta property=\"og:title\" content=\"corso professionale per illustratori - come si diventa illustratori? - Article Marketing\" \/>\n<meta property=\"og:description\" content=\"Per chi avesse qualche nozione di disegno e si fosse posto questa domanda finalmente una risposta: \u00e8 in previsione per settembre 2008 l&#039;organizzazione di un corso intensivo sul mestiere dell&#039;illustratore. Fare dell&#039;hobby del disegno un vero e proprio mestiere pu\u00f2 essere un sogno di molti.\" \/>\n<meta property=\"og:url\" content=\"https:\/\/www.article-marketing.eu\/comunicati\/istruzione\/corsi\/corso-professionale-per-illustratori-come-si-diventa-illustratori\/\" \/>\n<meta property=\"og:site_name\" content=\"Article Marketing\" \/>\n<meta property=\"article:published_time\" content=\"2008-05-05T08:25:57+00:00\" \/>\n<meta property=\"article:modified_time\" content=\"2018-07-10T02:05:09+00:00\" \/>\n<meta name=\"author\" content=\"Redazione Comunicati Stampa\" \/>\n<meta name=\"twitter:card\" content=\"summary_large_image\" \/>\n<meta name=\"twitter:label1\" content=\"Scritto da\" \/>\n\t<meta name=\"twitter:data1\" content=\"Redazione Comunicati Stampa\" \/>\n\t<meta name=\"twitter:label2\" content=\"Tempo di lettura stimato\" \/>\n\t<meta name=\"twitter:data2\" content=\"2 minuti\" \/>\n<script type=\"application\/ld+json\" class=\"yoast-schema-graph\">{\"@context\":\"https:\/\/schema.org\",\"@graph\":[{\"@type\":\"Article\",\"@id\":\"https:\/\/www.article-marketing.eu\/comunicati\/istruzione\/corsi\/corso-professionale-per-illustratori-come-si-diventa-illustratori\/#article\",\"isPartOf\":{\"@id\":\"https:\/\/www.article-marketing.eu\/comunicati\/istruzione\/corsi\/corso-professionale-per-illustratori-come-si-diventa-illustratori\/\"},\"author\":{\"name\":\"Redazione Comunicati Stampa\",\"@id\":\"https:\/\/www.article-marketing.eu\/comunicati\/#\/schema\/person\/44372e4d4d0fa797b18e03ed1ace9017\"},\"headline\":\"corso professionale per illustratori &#8211; come si diventa illustratori?\",\"datePublished\":\"2008-05-05T08:25:57+00:00\",\"dateModified\":\"2018-07-10T02:05:09+00:00\",\"mainEntityOfPage\":{\"@id\":\"https:\/\/www.article-marketing.eu\/comunicati\/istruzione\/corsi\/corso-professionale-per-illustratori-come-si-diventa-illustratori\/\"},\"wordCount\":450,\"commentCount\":0,\"keywords\":[\"cartoon\",\"corsi\",\"corso\",\"disegnatore\",\"disegno\",\"formazione\",\"illustrare\",\"illustratori\",\"illustrazione\",\"infanzia\",\"libri\",\"professionale\"],\"articleSection\":[\"Corsi\"],\"inLanguage\":\"it-IT\",\"potentialAction\":[{\"@type\":\"CommentAction\",\"name\":\"Comment\",\"target\":[\"https:\/\/www.article-marketing.eu\/comunicati\/istruzione\/corsi\/corso-professionale-per-illustratori-come-si-diventa-illustratori\/#respond\"]}]},{\"@type\":\"WebPage\",\"@id\":\"https:\/\/www.article-marketing.eu\/comunicati\/istruzione\/corsi\/corso-professionale-per-illustratori-come-si-diventa-illustratori\/\",\"url\":\"https:\/\/www.article-marketing.eu\/comunicati\/istruzione\/corsi\/corso-professionale-per-illustratori-come-si-diventa-illustratori\/\",\"name\":\"corso professionale per illustratori - come si diventa illustratori? - Article Marketing\",\"isPartOf\":{\"@id\":\"https:\/\/www.article-marketing.eu\/comunicati\/#website\"},\"datePublished\":\"2008-05-05T08:25:57+00:00\",\"dateModified\":\"2018-07-10T02:05:09+00:00\",\"author\":{\"@id\":\"https:\/\/www.article-marketing.eu\/comunicati\/#\/schema\/person\/44372e4d4d0fa797b18e03ed1ace9017\"},\"breadcrumb\":{\"@id\":\"https:\/\/www.article-marketing.eu\/comunicati\/istruzione\/corsi\/corso-professionale-per-illustratori-come-si-diventa-illustratori\/#breadcrumb\"},\"inLanguage\":\"it-IT\",\"potentialAction\":[{\"@type\":\"ReadAction\",\"target\":[\"https:\/\/www.article-marketing.eu\/comunicati\/istruzione\/corsi\/corso-professionale-per-illustratori-come-si-diventa-illustratori\/\"]}]},{\"@type\":\"BreadcrumbList\",\"@id\":\"https:\/\/www.article-marketing.eu\/comunicati\/istruzione\/corsi\/corso-professionale-per-illustratori-come-si-diventa-illustratori\/#breadcrumb\",\"itemListElement\":[{\"@type\":\"ListItem\",\"position\":1,\"name\":\"Home\",\"item\":\"https:\/\/www.article-marketing.eu\/comunicati\/\"},{\"@type\":\"ListItem\",\"position\":2,\"name\":\"corso professionale per illustratori &#8211; come si diventa illustratori?\"}]},{\"@type\":\"WebSite\",\"@id\":\"https:\/\/www.article-marketing.eu\/comunicati\/#website\",\"url\":\"https:\/\/www.article-marketing.eu\/comunicati\/\",\"name\":\"Article Marketing\",\"description\":\"article marketing &amp; press release\",\"potentialAction\":[{\"@type\":\"SearchAction\",\"target\":{\"@type\":\"EntryPoint\",\"urlTemplate\":\"https:\/\/www.article-marketing.eu\/comunicati\/?s={search_term_string}\"},\"query-input\":{\"@type\":\"PropertyValueSpecification\",\"valueRequired\":true,\"valueName\":\"search_term_string\"}}],\"inLanguage\":\"it-IT\"},{\"@type\":\"Person\",\"@id\":\"https:\/\/www.article-marketing.eu\/comunicati\/#\/schema\/person\/44372e4d4d0fa797b18e03ed1ace9017\",\"name\":\"Redazione Comunicati Stampa\",\"image\":{\"@type\":\"ImageObject\",\"inLanguage\":\"it-IT\",\"@id\":\"https:\/\/www.article-marketing.eu\/comunicati\/#\/schema\/person\/image\/\",\"url\":\"https:\/\/secure.gravatar.com\/avatar\/50e5c6421d3072f42e7ace803501602c60d75233d34e29fd05feb91c8760b792?s=96&d=mm&r=g\",\"contentUrl\":\"https:\/\/secure.gravatar.com\/avatar\/50e5c6421d3072f42e7ace803501602c60d75233d34e29fd05feb91c8760b792?s=96&d=mm&r=g\",\"caption\":\"Redazione Comunicati Stampa\"},\"url\":\"https:\/\/www.article-marketing.eu\/comunicati\/author\/redazione-comunicati-stampa\/\"}]}<\/script>\n<!-- \/ Yoast SEO plugin. -->","yoast_head_json":{"title":"corso professionale per illustratori - come si diventa illustratori? - Article Marketing","robots":{"index":"index","follow":"follow","max-snippet":"max-snippet:-1","max-image-preview":"max-image-preview:large","max-video-preview":"max-video-preview:-1"},"canonical":"https:\/\/www.article-marketing.eu\/comunicati\/istruzione\/corsi\/corso-professionale-per-illustratori-come-si-diventa-illustratori\/","og_locale":"it_IT","og_type":"article","og_title":"corso professionale per illustratori - come si diventa illustratori? - Article Marketing","og_description":"Per chi avesse qualche nozione di disegno e si fosse posto questa domanda finalmente una risposta: \u00e8 in previsione per settembre 2008 l'organizzazione di un corso intensivo sul mestiere dell'illustratore. Fare dell'hobby del disegno un vero e proprio mestiere pu\u00f2 essere un sogno di molti.","og_url":"https:\/\/www.article-marketing.eu\/comunicati\/istruzione\/corsi\/corso-professionale-per-illustratori-come-si-diventa-illustratori\/","og_site_name":"Article Marketing","article_published_time":"2008-05-05T08:25:57+00:00","article_modified_time":"2018-07-10T02:05:09+00:00","author":"Redazione Comunicati Stampa","twitter_card":"summary_large_image","twitter_misc":{"Scritto da":"Redazione Comunicati Stampa","Tempo di lettura stimato":"2 minuti"},"schema":{"@context":"https:\/\/schema.org","@graph":[{"@type":"Article","@id":"https:\/\/www.article-marketing.eu\/comunicati\/istruzione\/corsi\/corso-professionale-per-illustratori-come-si-diventa-illustratori\/#article","isPartOf":{"@id":"https:\/\/www.article-marketing.eu\/comunicati\/istruzione\/corsi\/corso-professionale-per-illustratori-come-si-diventa-illustratori\/"},"author":{"name":"Redazione Comunicati Stampa","@id":"https:\/\/www.article-marketing.eu\/comunicati\/#\/schema\/person\/44372e4d4d0fa797b18e03ed1ace9017"},"headline":"corso professionale per illustratori &#8211; come si diventa illustratori?","datePublished":"2008-05-05T08:25:57+00:00","dateModified":"2018-07-10T02:05:09+00:00","mainEntityOfPage":{"@id":"https:\/\/www.article-marketing.eu\/comunicati\/istruzione\/corsi\/corso-professionale-per-illustratori-come-si-diventa-illustratori\/"},"wordCount":450,"commentCount":0,"keywords":["cartoon","corsi","corso","disegnatore","disegno","formazione","illustrare","illustratori","illustrazione","infanzia","libri","professionale"],"articleSection":["Corsi"],"inLanguage":"it-IT","potentialAction":[{"@type":"CommentAction","name":"Comment","target":["https:\/\/www.article-marketing.eu\/comunicati\/istruzione\/corsi\/corso-professionale-per-illustratori-come-si-diventa-illustratori\/#respond"]}]},{"@type":"WebPage","@id":"https:\/\/www.article-marketing.eu\/comunicati\/istruzione\/corsi\/corso-professionale-per-illustratori-come-si-diventa-illustratori\/","url":"https:\/\/www.article-marketing.eu\/comunicati\/istruzione\/corsi\/corso-professionale-per-illustratori-come-si-diventa-illustratori\/","name":"corso professionale per illustratori - come si diventa illustratori? - Article Marketing","isPartOf":{"@id":"https:\/\/www.article-marketing.eu\/comunicati\/#website"},"datePublished":"2008-05-05T08:25:57+00:00","dateModified":"2018-07-10T02:05:09+00:00","author":{"@id":"https:\/\/www.article-marketing.eu\/comunicati\/#\/schema\/person\/44372e4d4d0fa797b18e03ed1ace9017"},"breadcrumb":{"@id":"https:\/\/www.article-marketing.eu\/comunicati\/istruzione\/corsi\/corso-professionale-per-illustratori-come-si-diventa-illustratori\/#breadcrumb"},"inLanguage":"it-IT","potentialAction":[{"@type":"ReadAction","target":["https:\/\/www.article-marketing.eu\/comunicati\/istruzione\/corsi\/corso-professionale-per-illustratori-come-si-diventa-illustratori\/"]}]},{"@type":"BreadcrumbList","@id":"https:\/\/www.article-marketing.eu\/comunicati\/istruzione\/corsi\/corso-professionale-per-illustratori-come-si-diventa-illustratori\/#breadcrumb","itemListElement":[{"@type":"ListItem","position":1,"name":"Home","item":"https:\/\/www.article-marketing.eu\/comunicati\/"},{"@type":"ListItem","position":2,"name":"corso professionale per illustratori &#8211; come si diventa illustratori?"}]},{"@type":"WebSite","@id":"https:\/\/www.article-marketing.eu\/comunicati\/#website","url":"https:\/\/www.article-marketing.eu\/comunicati\/","name":"Article Marketing","description":"article marketing &amp; press release","potentialAction":[{"@type":"SearchAction","target":{"@type":"EntryPoint","urlTemplate":"https:\/\/www.article-marketing.eu\/comunicati\/?s={search_term_string}"},"query-input":{"@type":"PropertyValueSpecification","valueRequired":true,"valueName":"search_term_string"}}],"inLanguage":"it-IT"},{"@type":"Person","@id":"https:\/\/www.article-marketing.eu\/comunicati\/#\/schema\/person\/44372e4d4d0fa797b18e03ed1ace9017","name":"Redazione Comunicati Stampa","image":{"@type":"ImageObject","inLanguage":"it-IT","@id":"https:\/\/www.article-marketing.eu\/comunicati\/#\/schema\/person\/image\/","url":"https:\/\/secure.gravatar.com\/avatar\/50e5c6421d3072f42e7ace803501602c60d75233d34e29fd05feb91c8760b792?s=96&d=mm&r=g","contentUrl":"https:\/\/secure.gravatar.com\/avatar\/50e5c6421d3072f42e7ace803501602c60d75233d34e29fd05feb91c8760b792?s=96&d=mm&r=g","caption":"Redazione Comunicati Stampa"},"url":"https:\/\/www.article-marketing.eu\/comunicati\/author\/redazione-comunicati-stampa\/"}]}},"_links":{"self":[{"href":"https:\/\/www.article-marketing.eu\/comunicati\/wp-json\/wp\/v2\/posts\/11551","targetHints":{"allow":["GET"]}}],"collection":[{"href":"https:\/\/www.article-marketing.eu\/comunicati\/wp-json\/wp\/v2\/posts"}],"about":[{"href":"https:\/\/www.article-marketing.eu\/comunicati\/wp-json\/wp\/v2\/types\/post"}],"author":[{"embeddable":true,"href":"https:\/\/www.article-marketing.eu\/comunicati\/wp-json\/wp\/v2\/users\/10"}],"replies":[{"embeddable":true,"href":"https:\/\/www.article-marketing.eu\/comunicati\/wp-json\/wp\/v2\/comments?post=11551"}],"version-history":[{"count":1,"href":"https:\/\/www.article-marketing.eu\/comunicati\/wp-json\/wp\/v2\/posts\/11551\/revisions"}],"predecessor-version":[{"id":58027,"href":"https:\/\/www.article-marketing.eu\/comunicati\/wp-json\/wp\/v2\/posts\/11551\/revisions\/58027"}],"wp:attachment":[{"href":"https:\/\/www.article-marketing.eu\/comunicati\/wp-json\/wp\/v2\/media?parent=11551"}],"wp:term":[{"taxonomy":"category","embeddable":true,"href":"https:\/\/www.article-marketing.eu\/comunicati\/wp-json\/wp\/v2\/categories?post=11551"},{"taxonomy":"post_tag","embeddable":true,"href":"https:\/\/www.article-marketing.eu\/comunicati\/wp-json\/wp\/v2\/tags?post=11551"}],"curies":[{"name":"wp","href":"https:\/\/api.w.org\/{rel}","templated":true}]}}