{"id":11552,"date":"2008-05-07T17:12:00","date_gmt":"2008-05-07T15:12:00","guid":{"rendered":"http:\/\/www.article-marketing.eu\/comunicati\/senza-categoria\/i-dannati-di-montecitorio-ricchi-e-sconfitti\/"},"modified":"2008-05-07T17:12:00","modified_gmt":"2008-05-07T15:12:00","slug":"i-dannati-di-montecitorio-ricchi-e-sconfitti","status":"publish","type":"post","link":"https:\/\/www.article-marketing.eu\/comunicati\/societa\/politica\/i-dannati-di-montecitorio-ricchi-e-sconfitti\/","title":{"rendered":"I dannati di Montecitorio, ricchi e sconfitti"},"content":{"rendered":"<p>Dal numero de L&#8217;Espresso in edicola questa settimana ecco uno stralcio del testo di Francesca Schianchi sulle indennit\u00e0 che consoleranno, a spese dei contribuenti, i parlamentari sconfitti di destra, sinistra e centro: Ricchi e sconfitti, &nbsp;Il portafoglio dei perdenti \u00e8 molto ricco.<\/p>\n<p>&quot; Oltre 6 mila euro al mese pi\u00f9 altri 131.068 una tantum: sono il vitalizio e il tfr del rifondarolo Fausto Bertinotti che, lasciato lo scranno pi\u00f9 alto di Montecitorio, si consola con un bell\u2019ufficio e il diritto a quattro collaboratori e in pi\u00f9 la presidenza della Fondazione Camera dei deputati (senza stipendio). Generosi vitalizi e assegni di fine mandato (\u201creinserimento nella vita sociale\u201d) sono per\u00f2 la consolazione anche di altri illustri esclusi. Come Ciriaco De Mita: per 43 anni di Parlamento (prima con la Dc, poi con la Margherita, infine candidato ma non eletto con l\u2019Udc) 9.947 euro al mese di pensione e 112.344 di tfr, solo per gli ultimi 12 anni consecutivamente in carica. Stessa pensione per Angelo Sanza (anche lui ex Dc, Fi, non rieletto con l\u2019Udc), 36 anni tra i banchi e buonuscita di 337.032 euro. Ottomila 828 euro al mese per Francesco D\u2019Onofrio (22 anni, prima con la Dc poi con l\u2019Udc) e fine mandato di 168.516 euro, solo per gli ultimi 18 anni. Per Gavino Angius (ex Ds, non rieletto con i socialisti), 21 anni, vitalizio di 8.641 e liquidazione di 196.602. Sedici anni di carriera per Alfonso Pecoraro Scanio (Verdi) e Teodoro Buontempo (La Destra): 6.963 euro di pensione e 149.792 di liquidazione. Stesso assegno mensile <br \/>per Cesare Salvi (Sinistra democratica) e 153.664 euro di tfr. Con 14 anni Oliviero Diliberto (Pdci) ed Enrico Boselli (partito Socialista) hanno diritto a 6.217 euro al mese e 131.068 di fine mandato, come Bertinotti. Per Franco Giordano (Prc) e Paolo Cento (Verdi) 12 anni di Montecitorio significano 5.471 euro di vitalizio e 112.344 di buonuscita. Otto anni per Francesco Storace (La Destra): 3.978 euro e 19.208 di fine mandato, per gli ultimi due anni. Infine, Daniela Santanch\u00e9 (candidata premier per La Destra) che, con sette anni, accumula 3.605 euro di pensione e 65.534 di tfr&quot;<\/p>\n<p>Facile indignarsi, ancora pi\u00f9 facile rinnovare le accuse di casta, autorefenziale, cinica e spregiudicata. Non vi \u00e8 dubbio che la cosa a leggerla sotto l&#8217;occhio della opportunit\u00e0 fa davvero incazzare. Io non credo tanto per le cifre, che in fondo a guardare bene non sono assolutamente paragonabli a quelli dei manager falliti che lasciano le aziende pubbliche o private decotte o sul baratro del fallimento con buonuscite da milioni o a i grandi burocrati dello Stato che lasciano dopo 30\/40 anni di &quot;onorato&quot; servizio le polverose stanze di qualche ministero o di qualche Ente pubblico. Quello che a parer mio non \u00e8 accettabile, al di l\u00e0 di prebende e favori , di per s\u00e8 scandalosi, \u00e8 il Tempo. S\u00ec, il Tempo. Questa gente ha tascorso anni e anni tra Montecitorio e Palazzo Madama. Un pendolo istituzionale inesorabile, forti di quel motu proprio che il Potere ha dato loro e che li ha lasciati a vagar pensierori, intraprendenti, solidali, irresponsabili, lontani dal mondo e dalla gente per i corridoi, i transatlantici e le bouvette dei Palazzi del Potere. Ecco questo a mio avviso dovrebbe far pensare. Possibile che a nessuno mai \u00e8 venuta l&#8217;idea di chiedere il bilancio di questa &quot;occupazione&quot;? Possibile che in questo bel&nbsp;Paese non c&#8217;\u00e8 o&nbsp;c&#8217;era&nbsp;possibilit\u00e0 di trovare altre persone&nbsp;capaci&nbsp;di dare il cambio a questi &quot;dannati di&nbsp;Montecitorio&quot;. Ci ha dovuto pensare un legge elettorale che tanto porcata alla fine non \u00e8 stata. <\/p>\n<p>Anche se di&nbsp;lavoro ce ne sarebbe ancora molto da fare. Per esempio mettere oltre al tempo\/limite di mandato&nbsp;una o altre due variabili per promuovere il cambio di questa classe politica. Quali? La fedina penale, il conflitto d&#8217;interessi, la responsabilit\u00e0 amministrativa&#8230; a citarne alcuni.<br \/>Ma c&#8217;\u00e8 un problema. A chi tocca liberarci dai dannati? Ai dannati stessi&#8230; Un giro di valzer senza speranza. Forse dobbiamo sperare ancora ad un altro giro della giostra che liberi ancora qualcuno di loro da questa dannazione&#8230;<\/p>\n","protected":false},"excerpt":{"rendered":"<p>Dal numero de L&#8217;Espresso in edicola questa settimana ecco uno stralcio del testo di Francesca Schianchi sulle indennit\u00e0 che consoleranno, a spese dei contribuenti, i parlamentari sconfitti di destra, sinistra e centro: Ricchi e sconfitti,  Il portafoglio dei perdenti \u00e8 molto ricco.<\/p>\n","protected":false},"author":10,"featured_media":0,"comment_status":"open","ping_status":"open","sticky":false,"template":"","format":"standard","meta":{"cybocfi_hide_featured_image":"","footnotes":""},"categories":[19],"tags":[21480,21479,21482,76,5285,21481],"class_list":["post-11552","post","type-post","status-publish","format-standard","hentry","category-politica","tag-bocciati","tag-eletti","tag-limite-di-mandato","tag-pensioni","tag-politici","tag-tfr"],"yoast_head":"<!-- This site is optimized with the Yoast SEO plugin v27.0 - https:\/\/yoast.com\/product\/yoast-seo-wordpress\/ -->\n<title>I dannati di Montecitorio, ricchi e sconfitti - Article Marketing<\/title>\n<meta name=\"robots\" content=\"index, follow, max-snippet:-1, max-image-preview:large, max-video-preview:-1\" \/>\n<link rel=\"canonical\" href=\"https:\/\/www.article-marketing.eu\/comunicati\/societa\/politica\/i-dannati-di-montecitorio-ricchi-e-sconfitti\/\" \/>\n<meta property=\"og:locale\" content=\"it_IT\" \/>\n<meta property=\"og:type\" content=\"article\" \/>\n<meta property=\"og:title\" content=\"I dannati di Montecitorio, ricchi e sconfitti - Article Marketing\" \/>\n<meta property=\"og:description\" content=\"Dal numero de L&#039;Espresso in edicola questa settimana ecco uno stralcio del testo di Francesca Schianchi sulle indennit\u00e0 che consoleranno, a spese dei contribuenti, i parlamentari sconfitti di destra, sinistra e centro: Ricchi e sconfitti, Il portafoglio dei perdenti \u00e8 molto ricco.\" \/>\n<meta property=\"og:url\" content=\"https:\/\/www.article-marketing.eu\/comunicati\/societa\/politica\/i-dannati-di-montecitorio-ricchi-e-sconfitti\/\" \/>\n<meta property=\"og:site_name\" content=\"Article Marketing\" \/>\n<meta property=\"article:published_time\" content=\"2008-05-07T15:12:00+00:00\" \/>\n<meta name=\"author\" content=\"Redazione Comunicati Stampa\" \/>\n<meta name=\"twitter:card\" content=\"summary_large_image\" \/>\n<meta name=\"twitter:label1\" content=\"Scritto da\" \/>\n\t<meta name=\"twitter:data1\" content=\"Redazione Comunicati Stampa\" \/>\n\t<meta name=\"twitter:label2\" content=\"Tempo di lettura stimato\" \/>\n\t<meta name=\"twitter:data2\" content=\"3 minuti\" \/>\n<script type=\"application\/ld+json\" class=\"yoast-schema-graph\">{\"@context\":\"https:\/\/schema.org\",\"@graph\":[{\"@type\":\"Article\",\"@id\":\"https:\/\/www.article-marketing.eu\/comunicati\/societa\/politica\/i-dannati-di-montecitorio-ricchi-e-sconfitti\/#article\",\"isPartOf\":{\"@id\":\"https:\/\/www.article-marketing.eu\/comunicati\/societa\/politica\/i-dannati-di-montecitorio-ricchi-e-sconfitti\/\"},\"author\":{\"name\":\"Redazione Comunicati Stampa\",\"@id\":\"https:\/\/www.article-marketing.eu\/comunicati\/#\/schema\/person\/44372e4d4d0fa797b18e03ed1ace9017\"},\"headline\":\"I dannati di Montecitorio, ricchi e sconfitti\",\"datePublished\":\"2008-05-07T15:12:00+00:00\",\"mainEntityOfPage\":{\"@id\":\"https:\/\/www.article-marketing.eu\/comunicati\/societa\/politica\/i-dannati-di-montecitorio-ricchi-e-sconfitti\/\"},\"wordCount\":667,\"commentCount\":0,\"keywords\":[\"bocciati\",\"eletti\",\"limite di mandato\",\"pensioni\",\"politici\",\"tfr\"],\"articleSection\":[\"Politica\"],\"inLanguage\":\"it-IT\",\"potentialAction\":[{\"@type\":\"CommentAction\",\"name\":\"Comment\",\"target\":[\"https:\/\/www.article-marketing.eu\/comunicati\/societa\/politica\/i-dannati-di-montecitorio-ricchi-e-sconfitti\/#respond\"]}]},{\"@type\":\"WebPage\",\"@id\":\"https:\/\/www.article-marketing.eu\/comunicati\/societa\/politica\/i-dannati-di-montecitorio-ricchi-e-sconfitti\/\",\"url\":\"https:\/\/www.article-marketing.eu\/comunicati\/societa\/politica\/i-dannati-di-montecitorio-ricchi-e-sconfitti\/\",\"name\":\"I dannati di Montecitorio, ricchi e sconfitti - Article Marketing\",\"isPartOf\":{\"@id\":\"https:\/\/www.article-marketing.eu\/comunicati\/#website\"},\"datePublished\":\"2008-05-07T15:12:00+00:00\",\"author\":{\"@id\":\"https:\/\/www.article-marketing.eu\/comunicati\/#\/schema\/person\/44372e4d4d0fa797b18e03ed1ace9017\"},\"breadcrumb\":{\"@id\":\"https:\/\/www.article-marketing.eu\/comunicati\/societa\/politica\/i-dannati-di-montecitorio-ricchi-e-sconfitti\/#breadcrumb\"},\"inLanguage\":\"it-IT\",\"potentialAction\":[{\"@type\":\"ReadAction\",\"target\":[\"https:\/\/www.article-marketing.eu\/comunicati\/societa\/politica\/i-dannati-di-montecitorio-ricchi-e-sconfitti\/\"]}]},{\"@type\":\"BreadcrumbList\",\"@id\":\"https:\/\/www.article-marketing.eu\/comunicati\/societa\/politica\/i-dannati-di-montecitorio-ricchi-e-sconfitti\/#breadcrumb\",\"itemListElement\":[{\"@type\":\"ListItem\",\"position\":1,\"name\":\"Home\",\"item\":\"https:\/\/www.article-marketing.eu\/comunicati\/\"},{\"@type\":\"ListItem\",\"position\":2,\"name\":\"I dannati di Montecitorio, ricchi e sconfitti\"}]},{\"@type\":\"WebSite\",\"@id\":\"https:\/\/www.article-marketing.eu\/comunicati\/#website\",\"url\":\"https:\/\/www.article-marketing.eu\/comunicati\/\",\"name\":\"Article Marketing\",\"description\":\"article marketing &amp; press release\",\"potentialAction\":[{\"@type\":\"SearchAction\",\"target\":{\"@type\":\"EntryPoint\",\"urlTemplate\":\"https:\/\/www.article-marketing.eu\/comunicati\/?s={search_term_string}\"},\"query-input\":{\"@type\":\"PropertyValueSpecification\",\"valueRequired\":true,\"valueName\":\"search_term_string\"}}],\"inLanguage\":\"it-IT\"},{\"@type\":\"Person\",\"@id\":\"https:\/\/www.article-marketing.eu\/comunicati\/#\/schema\/person\/44372e4d4d0fa797b18e03ed1ace9017\",\"name\":\"Redazione Comunicati Stampa\",\"image\":{\"@type\":\"ImageObject\",\"inLanguage\":\"it-IT\",\"@id\":\"https:\/\/www.article-marketing.eu\/comunicati\/#\/schema\/person\/image\/\",\"url\":\"https:\/\/secure.gravatar.com\/avatar\/50e5c6421d3072f42e7ace803501602c60d75233d34e29fd05feb91c8760b792?s=96&d=mm&r=g\",\"contentUrl\":\"https:\/\/secure.gravatar.com\/avatar\/50e5c6421d3072f42e7ace803501602c60d75233d34e29fd05feb91c8760b792?s=96&d=mm&r=g\",\"caption\":\"Redazione Comunicati Stampa\"},\"url\":\"https:\/\/www.article-marketing.eu\/comunicati\/author\/redazione-comunicati-stampa\/\"}]}<\/script>\n<!-- \/ Yoast SEO plugin. -->","yoast_head_json":{"title":"I dannati di Montecitorio, ricchi e sconfitti - Article Marketing","robots":{"index":"index","follow":"follow","max-snippet":"max-snippet:-1","max-image-preview":"max-image-preview:large","max-video-preview":"max-video-preview:-1"},"canonical":"https:\/\/www.article-marketing.eu\/comunicati\/societa\/politica\/i-dannati-di-montecitorio-ricchi-e-sconfitti\/","og_locale":"it_IT","og_type":"article","og_title":"I dannati di Montecitorio, ricchi e sconfitti - Article Marketing","og_description":"Dal numero de L'Espresso in edicola questa settimana ecco uno stralcio del testo di Francesca Schianchi sulle indennit\u00e0 che consoleranno, a spese dei contribuenti, i parlamentari sconfitti di destra, sinistra e centro: Ricchi e sconfitti, Il portafoglio dei perdenti \u00e8 molto ricco.","og_url":"https:\/\/www.article-marketing.eu\/comunicati\/societa\/politica\/i-dannati-di-montecitorio-ricchi-e-sconfitti\/","og_site_name":"Article Marketing","article_published_time":"2008-05-07T15:12:00+00:00","author":"Redazione Comunicati Stampa","twitter_card":"summary_large_image","twitter_misc":{"Scritto da":"Redazione Comunicati Stampa","Tempo di lettura stimato":"3 minuti"},"schema":{"@context":"https:\/\/schema.org","@graph":[{"@type":"Article","@id":"https:\/\/www.article-marketing.eu\/comunicati\/societa\/politica\/i-dannati-di-montecitorio-ricchi-e-sconfitti\/#article","isPartOf":{"@id":"https:\/\/www.article-marketing.eu\/comunicati\/societa\/politica\/i-dannati-di-montecitorio-ricchi-e-sconfitti\/"},"author":{"name":"Redazione Comunicati Stampa","@id":"https:\/\/www.article-marketing.eu\/comunicati\/#\/schema\/person\/44372e4d4d0fa797b18e03ed1ace9017"},"headline":"I dannati di Montecitorio, ricchi e sconfitti","datePublished":"2008-05-07T15:12:00+00:00","mainEntityOfPage":{"@id":"https:\/\/www.article-marketing.eu\/comunicati\/societa\/politica\/i-dannati-di-montecitorio-ricchi-e-sconfitti\/"},"wordCount":667,"commentCount":0,"keywords":["bocciati","eletti","limite di mandato","pensioni","politici","tfr"],"articleSection":["Politica"],"inLanguage":"it-IT","potentialAction":[{"@type":"CommentAction","name":"Comment","target":["https:\/\/www.article-marketing.eu\/comunicati\/societa\/politica\/i-dannati-di-montecitorio-ricchi-e-sconfitti\/#respond"]}]},{"@type":"WebPage","@id":"https:\/\/www.article-marketing.eu\/comunicati\/societa\/politica\/i-dannati-di-montecitorio-ricchi-e-sconfitti\/","url":"https:\/\/www.article-marketing.eu\/comunicati\/societa\/politica\/i-dannati-di-montecitorio-ricchi-e-sconfitti\/","name":"I dannati di Montecitorio, ricchi e sconfitti - Article Marketing","isPartOf":{"@id":"https:\/\/www.article-marketing.eu\/comunicati\/#website"},"datePublished":"2008-05-07T15:12:00+00:00","author":{"@id":"https:\/\/www.article-marketing.eu\/comunicati\/#\/schema\/person\/44372e4d4d0fa797b18e03ed1ace9017"},"breadcrumb":{"@id":"https:\/\/www.article-marketing.eu\/comunicati\/societa\/politica\/i-dannati-di-montecitorio-ricchi-e-sconfitti\/#breadcrumb"},"inLanguage":"it-IT","potentialAction":[{"@type":"ReadAction","target":["https:\/\/www.article-marketing.eu\/comunicati\/societa\/politica\/i-dannati-di-montecitorio-ricchi-e-sconfitti\/"]}]},{"@type":"BreadcrumbList","@id":"https:\/\/www.article-marketing.eu\/comunicati\/societa\/politica\/i-dannati-di-montecitorio-ricchi-e-sconfitti\/#breadcrumb","itemListElement":[{"@type":"ListItem","position":1,"name":"Home","item":"https:\/\/www.article-marketing.eu\/comunicati\/"},{"@type":"ListItem","position":2,"name":"I dannati di Montecitorio, ricchi e sconfitti"}]},{"@type":"WebSite","@id":"https:\/\/www.article-marketing.eu\/comunicati\/#website","url":"https:\/\/www.article-marketing.eu\/comunicati\/","name":"Article Marketing","description":"article marketing &amp; press release","potentialAction":[{"@type":"SearchAction","target":{"@type":"EntryPoint","urlTemplate":"https:\/\/www.article-marketing.eu\/comunicati\/?s={search_term_string}"},"query-input":{"@type":"PropertyValueSpecification","valueRequired":true,"valueName":"search_term_string"}}],"inLanguage":"it-IT"},{"@type":"Person","@id":"https:\/\/www.article-marketing.eu\/comunicati\/#\/schema\/person\/44372e4d4d0fa797b18e03ed1ace9017","name":"Redazione Comunicati Stampa","image":{"@type":"ImageObject","inLanguage":"it-IT","@id":"https:\/\/www.article-marketing.eu\/comunicati\/#\/schema\/person\/image\/","url":"https:\/\/secure.gravatar.com\/avatar\/50e5c6421d3072f42e7ace803501602c60d75233d34e29fd05feb91c8760b792?s=96&d=mm&r=g","contentUrl":"https:\/\/secure.gravatar.com\/avatar\/50e5c6421d3072f42e7ace803501602c60d75233d34e29fd05feb91c8760b792?s=96&d=mm&r=g","caption":"Redazione Comunicati Stampa"},"url":"https:\/\/www.article-marketing.eu\/comunicati\/author\/redazione-comunicati-stampa\/"}]}},"_links":{"self":[{"href":"https:\/\/www.article-marketing.eu\/comunicati\/wp-json\/wp\/v2\/posts\/11552","targetHints":{"allow":["GET"]}}],"collection":[{"href":"https:\/\/www.article-marketing.eu\/comunicati\/wp-json\/wp\/v2\/posts"}],"about":[{"href":"https:\/\/www.article-marketing.eu\/comunicati\/wp-json\/wp\/v2\/types\/post"}],"author":[{"embeddable":true,"href":"https:\/\/www.article-marketing.eu\/comunicati\/wp-json\/wp\/v2\/users\/10"}],"replies":[{"embeddable":true,"href":"https:\/\/www.article-marketing.eu\/comunicati\/wp-json\/wp\/v2\/comments?post=11552"}],"version-history":[{"count":0,"href":"https:\/\/www.article-marketing.eu\/comunicati\/wp-json\/wp\/v2\/posts\/11552\/revisions"}],"wp:attachment":[{"href":"https:\/\/www.article-marketing.eu\/comunicati\/wp-json\/wp\/v2\/media?parent=11552"}],"wp:term":[{"taxonomy":"category","embeddable":true,"href":"https:\/\/www.article-marketing.eu\/comunicati\/wp-json\/wp\/v2\/categories?post=11552"},{"taxonomy":"post_tag","embeddable":true,"href":"https:\/\/www.article-marketing.eu\/comunicati\/wp-json\/wp\/v2\/tags?post=11552"}],"curies":[{"name":"wp","href":"https:\/\/api.w.org\/{rel}","templated":true}]}}