{"id":11564,"date":"2008-10-10T17:59:07","date_gmt":"2008-10-10T15:59:07","guid":{"rendered":"http:\/\/www.article-marketing.eu\/comunicati\/senza-categoria\/a-novembre-il-jazzfest-di-berlino\/"},"modified":"2008-10-10T17:59:07","modified_gmt":"2008-10-10T15:59:07","slug":"a-novembre-il-jazzfest-di-berlino","status":"publish","type":"post","link":"https:\/\/www.article-marketing.eu\/comunicati\/arte-e-cultura\/musica\/a-novembre-il-jazzfest-di-berlino\/","title":{"rendered":"A novembre il Jazzfest di Berlino"},"content":{"rendered":"<p>Quest\u2019anno la citt\u00e0 diventer\u00e0 la capitale del jazz per 5 giorni, dal 5 al 9 novembre, ospitando quello che \u00e8 divenuto uno dei festival jazz europei pi\u00f9 seguiti e conosciuti anche grazie alla disponibilit\u00e0 di tutti i <a href=\"http:\/\/www.flashbooking.com\/\">city hotels<\/a>.<\/p>\n<p>Il Festival nacque nel 1964 con il nome \u201cBerliner Jazztage\u201d a Berlino ovest per opera della Berliner Festspiele, e per tutti gli anni Sessanta \u00e8 stato sinonimo di presentazioni di concerti importanti. Pi\u00f9 recentemente ha subito molto l\u2019influenza a vocazione internazionale di Joachim Ernst Berendt, non a caso soprannominato \u201cil Papa del jazz\u201d: questo artista negli anni si \u00e8 molto prodigato per favorire un incontro sul palcoscenico del festival tra musicisti jazz provenienti da tutto il mondo, e i risultati di questo suo lavoro sono accessibili a tutti tramite i suoi dischi \u201cJazz meets the world\u201d.<\/p>\n<p>Quest\u2019anno, e per i prossimi tre, il successore di Peter Schulze, il direttore artistico delle scorse edizioni del Festival, sar\u00e0 Nils Landgren, che aveva gi\u00e0 ricoperto tale incarico nel 2001 ottenendo un clamoroso successo. <\/p>\n<p>Date la sua vasta esperienza e la fitta rete di contatti che \u00e8 riuscito ad accumulare negli anni in questo ambiente, Landgren sembra essere la persona giusta per occuparsi di questo importante evento: l\u2019artista porta avanti con successo la sua carriera da solista (con il nome d\u2019arte Mr Red Horn), e come membro del suo gruppo (i Funk Unit), ma allo steso tempo partecipa anche a vari progetti paralleli con altri gruppi, senza contare l\u2019attivit\u00e0 di consulente che svolge per la NDR Big Band. Uno specialista del jazz per un evento che si pone come obiettivo quello di documentare e promuovere i nuovi trend di questo genere musicale, e di rispecchiare i diversi esiti che la creativit\u00e0 musicale pu\u00f2 raggiungere.<\/p>\n<p>L\u2019evento consister\u00e0 in una serie di concerti di artisti provenienti da tutto il mondo che si esibiranno in diversi luoghi sparsi per tutta la citt\u00e0 (alcuni artisti sicuramente dormiranno presso le pi\u00f9 rinomate pensioni di Berlino, tra cui l\u2019Haus der Berliner Festspiele, uno dei teatri moderni pi\u00f9 notevoli di tutta la citt\u00e0. Si tratta di un\u2019opera dell\u2019architetto berlinese Fritz Bornemann, scomparso nel 2007 (lo stesso della Deutsche Oper), inaugurata nel 1963 con il nome di \u201cTheater der Freien Volksb\u00fchne\u201d, e che \u00e8 resa ancora pi\u00f9 speciale dalla posizione in cui si trova (l\u2019edificio sorge infatti in un giardino di Schaperstrasse), e dal fatto che il palco \u00e8 visibile allo stesso modo da tutti i punti del teatro. Ospita ogni anno le produzioni teatrali pi\u00f9 importanti, oltre che concerti e dibattiti, e dal 2001 \u00e8 diventato il centro delle attivit\u00e0 della Berlinerfestspiele, un\u2019associazione culturale e artistica che sin dalla sua fondazione, nel 1951, si \u00e8 occupata dell\u2019organizzazione di importanti eventi che hanno a che fare con musica, teatro, danza e letteratura, allo scopo di mostrare gli sviluppi pi\u00f9 recenti di tutte queste forme artistiche. MaerzMusik, Theatertreffen, Musikfest Berlin, Internationales Literaturfestival berlin, Spielzeit\u2019Europa sono gli eventi pi\u00f9 importanti organizzati dalla Berliner Festspiele, e uno dei suoi fiori all\u2019occhiello \u00e8 proprio il Jazzfest, che attira sempre migliaia di visitatori.<\/p>\n<p>Berlino \u00e8 una citt\u00e0 dinamica e sempre attenta ai nuovi sviluppi artistici e culturali, e il Jazzfest ne \u00e8 la dimostrazione. Non perderti questo evento, e per essere sicuro di trovare un alloggio economico, prenota subito in uno dei tanti ostelli o appartamenti vacanze di Berlino.<\/p>\n<p>Biglietti: prezzi vari<br \/>\nDate: 5-9 Novembre 2008<br \/>\nDove: Berlino<\/p>\n","protected":false},"excerpt":{"rendered":"<p>Se siete degli amanti del jazz sicuramente saprete che a novembre si svolge, come ogni anno, il Festival di musica jazz di Berlino.<\/p>\n","protected":false},"author":10,"featured_media":0,"comment_status":"open","ping_status":"open","sticky":false,"template":"","format":"standard","meta":{"cybocfi_hide_featured_image":"","footnotes":""},"categories":[42],"tags":[],"class_list":["post-11564","post","type-post","status-publish","format-standard","hentry","category-musica"],"yoast_head":"<!-- This site is optimized with the Yoast SEO plugin v27.0 - https:\/\/yoast.com\/product\/yoast-seo-wordpress\/ -->\n<title>A novembre il Jazzfest di Berlino - Article Marketing<\/title>\n<meta name=\"robots\" content=\"index, follow, max-snippet:-1, max-image-preview:large, max-video-preview:-1\" \/>\n<link rel=\"canonical\" href=\"https:\/\/www.article-marketing.eu\/comunicati\/arte-e-cultura\/musica\/a-novembre-il-jazzfest-di-berlino\/\" \/>\n<meta property=\"og:locale\" content=\"it_IT\" \/>\n<meta property=\"og:type\" content=\"article\" \/>\n<meta property=\"og:title\" content=\"A novembre il Jazzfest di Berlino - Article Marketing\" \/>\n<meta property=\"og:description\" content=\"Se siete degli amanti del jazz sicuramente saprete che a novembre si svolge, come ogni anno, il Festival di musica jazz di Berlino.\" \/>\n<meta property=\"og:url\" content=\"https:\/\/www.article-marketing.eu\/comunicati\/arte-e-cultura\/musica\/a-novembre-il-jazzfest-di-berlino\/\" \/>\n<meta property=\"og:site_name\" content=\"Article Marketing\" \/>\n<meta property=\"article:published_time\" content=\"2008-10-10T15:59:07+00:00\" \/>\n<meta name=\"author\" content=\"Redazione Comunicati Stampa\" \/>\n<meta name=\"twitter:card\" content=\"summary_large_image\" \/>\n<meta name=\"twitter:label1\" content=\"Scritto da\" \/>\n\t<meta name=\"twitter:data1\" content=\"Redazione Comunicati Stampa\" \/>\n\t<meta name=\"twitter:label2\" content=\"Tempo di lettura stimato\" \/>\n\t<meta name=\"twitter:data2\" content=\"3 minuti\" \/>\n<script type=\"application\/ld+json\" class=\"yoast-schema-graph\">{\"@context\":\"https:\/\/schema.org\",\"@graph\":[{\"@type\":\"Article\",\"@id\":\"https:\/\/www.article-marketing.eu\/comunicati\/arte-e-cultura\/musica\/a-novembre-il-jazzfest-di-berlino\/#article\",\"isPartOf\":{\"@id\":\"https:\/\/www.article-marketing.eu\/comunicati\/arte-e-cultura\/musica\/a-novembre-il-jazzfest-di-berlino\/\"},\"author\":{\"name\":\"Redazione Comunicati Stampa\",\"@id\":\"https:\/\/www.article-marketing.eu\/comunicati\/#\/schema\/person\/44372e4d4d0fa797b18e03ed1ace9017\"},\"headline\":\"A novembre il Jazzfest di Berlino\",\"datePublished\":\"2008-10-10T15:59:07+00:00\",\"mainEntityOfPage\":{\"@id\":\"https:\/\/www.article-marketing.eu\/comunicati\/arte-e-cultura\/musica\/a-novembre-il-jazzfest-di-berlino\/\"},\"wordCount\":561,\"commentCount\":0,\"articleSection\":[\"Musica\"],\"inLanguage\":\"it-IT\",\"potentialAction\":[{\"@type\":\"CommentAction\",\"name\":\"Comment\",\"target\":[\"https:\/\/www.article-marketing.eu\/comunicati\/arte-e-cultura\/musica\/a-novembre-il-jazzfest-di-berlino\/#respond\"]}]},{\"@type\":\"WebPage\",\"@id\":\"https:\/\/www.article-marketing.eu\/comunicati\/arte-e-cultura\/musica\/a-novembre-il-jazzfest-di-berlino\/\",\"url\":\"https:\/\/www.article-marketing.eu\/comunicati\/arte-e-cultura\/musica\/a-novembre-il-jazzfest-di-berlino\/\",\"name\":\"A novembre il Jazzfest di Berlino - Article Marketing\",\"isPartOf\":{\"@id\":\"https:\/\/www.article-marketing.eu\/comunicati\/#website\"},\"datePublished\":\"2008-10-10T15:59:07+00:00\",\"author\":{\"@id\":\"https:\/\/www.article-marketing.eu\/comunicati\/#\/schema\/person\/44372e4d4d0fa797b18e03ed1ace9017\"},\"breadcrumb\":{\"@id\":\"https:\/\/www.article-marketing.eu\/comunicati\/arte-e-cultura\/musica\/a-novembre-il-jazzfest-di-berlino\/#breadcrumb\"},\"inLanguage\":\"it-IT\",\"potentialAction\":[{\"@type\":\"ReadAction\",\"target\":[\"https:\/\/www.article-marketing.eu\/comunicati\/arte-e-cultura\/musica\/a-novembre-il-jazzfest-di-berlino\/\"]}]},{\"@type\":\"BreadcrumbList\",\"@id\":\"https:\/\/www.article-marketing.eu\/comunicati\/arte-e-cultura\/musica\/a-novembre-il-jazzfest-di-berlino\/#breadcrumb\",\"itemListElement\":[{\"@type\":\"ListItem\",\"position\":1,\"name\":\"Home\",\"item\":\"https:\/\/www.article-marketing.eu\/comunicati\/\"},{\"@type\":\"ListItem\",\"position\":2,\"name\":\"A novembre il Jazzfest di Berlino\"}]},{\"@type\":\"WebSite\",\"@id\":\"https:\/\/www.article-marketing.eu\/comunicati\/#website\",\"url\":\"https:\/\/www.article-marketing.eu\/comunicati\/\",\"name\":\"Article Marketing\",\"description\":\"article marketing &amp; press release\",\"potentialAction\":[{\"@type\":\"SearchAction\",\"target\":{\"@type\":\"EntryPoint\",\"urlTemplate\":\"https:\/\/www.article-marketing.eu\/comunicati\/?s={search_term_string}\"},\"query-input\":{\"@type\":\"PropertyValueSpecification\",\"valueRequired\":true,\"valueName\":\"search_term_string\"}}],\"inLanguage\":\"it-IT\"},{\"@type\":\"Person\",\"@id\":\"https:\/\/www.article-marketing.eu\/comunicati\/#\/schema\/person\/44372e4d4d0fa797b18e03ed1ace9017\",\"name\":\"Redazione Comunicati Stampa\",\"image\":{\"@type\":\"ImageObject\",\"inLanguage\":\"it-IT\",\"@id\":\"https:\/\/www.article-marketing.eu\/comunicati\/#\/schema\/person\/image\/\",\"url\":\"https:\/\/secure.gravatar.com\/avatar\/50e5c6421d3072f42e7ace803501602c60d75233d34e29fd05feb91c8760b792?s=96&d=mm&r=g\",\"contentUrl\":\"https:\/\/secure.gravatar.com\/avatar\/50e5c6421d3072f42e7ace803501602c60d75233d34e29fd05feb91c8760b792?s=96&d=mm&r=g\",\"caption\":\"Redazione Comunicati Stampa\"},\"url\":\"https:\/\/www.article-marketing.eu\/comunicati\/author\/redazione-comunicati-stampa\/\"}]}<\/script>\n<!-- \/ Yoast SEO plugin. -->","yoast_head_json":{"title":"A novembre il Jazzfest di Berlino - Article Marketing","robots":{"index":"index","follow":"follow","max-snippet":"max-snippet:-1","max-image-preview":"max-image-preview:large","max-video-preview":"max-video-preview:-1"},"canonical":"https:\/\/www.article-marketing.eu\/comunicati\/arte-e-cultura\/musica\/a-novembre-il-jazzfest-di-berlino\/","og_locale":"it_IT","og_type":"article","og_title":"A novembre il Jazzfest di Berlino - Article Marketing","og_description":"Se siete degli amanti del jazz sicuramente saprete che a novembre si svolge, come ogni anno, il Festival di musica jazz di Berlino.","og_url":"https:\/\/www.article-marketing.eu\/comunicati\/arte-e-cultura\/musica\/a-novembre-il-jazzfest-di-berlino\/","og_site_name":"Article Marketing","article_published_time":"2008-10-10T15:59:07+00:00","author":"Redazione Comunicati Stampa","twitter_card":"summary_large_image","twitter_misc":{"Scritto da":"Redazione Comunicati Stampa","Tempo di lettura stimato":"3 minuti"},"schema":{"@context":"https:\/\/schema.org","@graph":[{"@type":"Article","@id":"https:\/\/www.article-marketing.eu\/comunicati\/arte-e-cultura\/musica\/a-novembre-il-jazzfest-di-berlino\/#article","isPartOf":{"@id":"https:\/\/www.article-marketing.eu\/comunicati\/arte-e-cultura\/musica\/a-novembre-il-jazzfest-di-berlino\/"},"author":{"name":"Redazione Comunicati Stampa","@id":"https:\/\/www.article-marketing.eu\/comunicati\/#\/schema\/person\/44372e4d4d0fa797b18e03ed1ace9017"},"headline":"A novembre il Jazzfest di Berlino","datePublished":"2008-10-10T15:59:07+00:00","mainEntityOfPage":{"@id":"https:\/\/www.article-marketing.eu\/comunicati\/arte-e-cultura\/musica\/a-novembre-il-jazzfest-di-berlino\/"},"wordCount":561,"commentCount":0,"articleSection":["Musica"],"inLanguage":"it-IT","potentialAction":[{"@type":"CommentAction","name":"Comment","target":["https:\/\/www.article-marketing.eu\/comunicati\/arte-e-cultura\/musica\/a-novembre-il-jazzfest-di-berlino\/#respond"]}]},{"@type":"WebPage","@id":"https:\/\/www.article-marketing.eu\/comunicati\/arte-e-cultura\/musica\/a-novembre-il-jazzfest-di-berlino\/","url":"https:\/\/www.article-marketing.eu\/comunicati\/arte-e-cultura\/musica\/a-novembre-il-jazzfest-di-berlino\/","name":"A novembre il Jazzfest di Berlino - Article Marketing","isPartOf":{"@id":"https:\/\/www.article-marketing.eu\/comunicati\/#website"},"datePublished":"2008-10-10T15:59:07+00:00","author":{"@id":"https:\/\/www.article-marketing.eu\/comunicati\/#\/schema\/person\/44372e4d4d0fa797b18e03ed1ace9017"},"breadcrumb":{"@id":"https:\/\/www.article-marketing.eu\/comunicati\/arte-e-cultura\/musica\/a-novembre-il-jazzfest-di-berlino\/#breadcrumb"},"inLanguage":"it-IT","potentialAction":[{"@type":"ReadAction","target":["https:\/\/www.article-marketing.eu\/comunicati\/arte-e-cultura\/musica\/a-novembre-il-jazzfest-di-berlino\/"]}]},{"@type":"BreadcrumbList","@id":"https:\/\/www.article-marketing.eu\/comunicati\/arte-e-cultura\/musica\/a-novembre-il-jazzfest-di-berlino\/#breadcrumb","itemListElement":[{"@type":"ListItem","position":1,"name":"Home","item":"https:\/\/www.article-marketing.eu\/comunicati\/"},{"@type":"ListItem","position":2,"name":"A novembre il Jazzfest di Berlino"}]},{"@type":"WebSite","@id":"https:\/\/www.article-marketing.eu\/comunicati\/#website","url":"https:\/\/www.article-marketing.eu\/comunicati\/","name":"Article Marketing","description":"article marketing &amp; press release","potentialAction":[{"@type":"SearchAction","target":{"@type":"EntryPoint","urlTemplate":"https:\/\/www.article-marketing.eu\/comunicati\/?s={search_term_string}"},"query-input":{"@type":"PropertyValueSpecification","valueRequired":true,"valueName":"search_term_string"}}],"inLanguage":"it-IT"},{"@type":"Person","@id":"https:\/\/www.article-marketing.eu\/comunicati\/#\/schema\/person\/44372e4d4d0fa797b18e03ed1ace9017","name":"Redazione Comunicati Stampa","image":{"@type":"ImageObject","inLanguage":"it-IT","@id":"https:\/\/www.article-marketing.eu\/comunicati\/#\/schema\/person\/image\/","url":"https:\/\/secure.gravatar.com\/avatar\/50e5c6421d3072f42e7ace803501602c60d75233d34e29fd05feb91c8760b792?s=96&d=mm&r=g","contentUrl":"https:\/\/secure.gravatar.com\/avatar\/50e5c6421d3072f42e7ace803501602c60d75233d34e29fd05feb91c8760b792?s=96&d=mm&r=g","caption":"Redazione Comunicati Stampa"},"url":"https:\/\/www.article-marketing.eu\/comunicati\/author\/redazione-comunicati-stampa\/"}]}},"_links":{"self":[{"href":"https:\/\/www.article-marketing.eu\/comunicati\/wp-json\/wp\/v2\/posts\/11564","targetHints":{"allow":["GET"]}}],"collection":[{"href":"https:\/\/www.article-marketing.eu\/comunicati\/wp-json\/wp\/v2\/posts"}],"about":[{"href":"https:\/\/www.article-marketing.eu\/comunicati\/wp-json\/wp\/v2\/types\/post"}],"author":[{"embeddable":true,"href":"https:\/\/www.article-marketing.eu\/comunicati\/wp-json\/wp\/v2\/users\/10"}],"replies":[{"embeddable":true,"href":"https:\/\/www.article-marketing.eu\/comunicati\/wp-json\/wp\/v2\/comments?post=11564"}],"version-history":[{"count":0,"href":"https:\/\/www.article-marketing.eu\/comunicati\/wp-json\/wp\/v2\/posts\/11564\/revisions"}],"wp:attachment":[{"href":"https:\/\/www.article-marketing.eu\/comunicati\/wp-json\/wp\/v2\/media?parent=11564"}],"wp:term":[{"taxonomy":"category","embeddable":true,"href":"https:\/\/www.article-marketing.eu\/comunicati\/wp-json\/wp\/v2\/categories?post=11564"},{"taxonomy":"post_tag","embeddable":true,"href":"https:\/\/www.article-marketing.eu\/comunicati\/wp-json\/wp\/v2\/tags?post=11564"}],"curies":[{"name":"wp","href":"https:\/\/api.w.org\/{rel}","templated":true}]}}