{"id":11567,"date":"2008-11-06T23:09:59","date_gmt":"2008-11-06T22:09:59","guid":{"rendered":"http:\/\/www.article-marketing.eu\/comunicati\/senza-categoria\/parc-hotel-flora-a-riva-del-garda-tn-un-pegno-damore-di-luce-allacqua\/"},"modified":"2008-11-06T23:09:59","modified_gmt":"2008-11-06T22:09:59","slug":"parc-hotel-flora-a-riva-del-garda-tn-un-pegno-damore-di-luce-allacqua","status":"publish","type":"post","link":"https:\/\/www.article-marketing.eu\/comunicati\/viaggi-e-vacanze\/hotels-ed-alberghi\/parc-hotel-flora-a-riva-del-garda-tn-un-pegno-damore-di-luce-allacqua\/","title":{"rendered":"Parc Hotel Flora A Riva del Garda (TN), un pegno d\u2019amore di luce all\u2019acqua"},"content":{"rendered":"<p>Una perla al limitare di uno specchio di cristallo, un microcosmo di trasparenza e luminosit\u00e0 che contiene nel nome una dichiarazione d\u2019amore per la natura di cui si circonda e che lo contamina nella propria multiforme espressione.<br \/>\nIl Parc Hotel Flora di Riva del Garda (TN) \u00e8 la forma concreta e tangibile di un pensiero semplice e diretto che impregna di s\u00e9 ogni angolo di una struttura completamente rinnovata che il 7 novembre inaugura la propria seconda vita.<br \/>\nL\u2019amore per la Natura, si diceva, l\u2019ammissione di un sentimento di riconoscenza che si respira dall\u2019ingresso fino alle 46 ampie camere, ognuna mossa \u2013 perch\u00e9 tutto sembra muoversi, come le piante, a seconda della volont\u00e0 della luce &#8211; da un\u2019impiantistica a risparmio energetico, certificato dal marchio ecolabel.<br \/>\nIl fotovoltaico, il solare termico, una prima colazione biologica che offre tra le altre cose formaggi provenienti dalle malghe, strudel, frutta fresca di stagione e che, se il tempo lo consente, pu\u00f2 essere consumata in un meraviglioso giardino, immenso tavolo verde al quale anche gli uccellini non disdegnano di banchettare con le briciole. Palme e sughere si specchiano vanitosi nel laghetto, mentre gli ulivi secolari sembrano un\u2019illusione che prende corpo sulla scia del profumo dell\u2019olio d\u2019oliva del Garda e gli occhi vagano per le colline circostanti alla ricerca dei vigneti evocati da Moscato giallo e Teroldego.<br \/>\nSe il Parc Hotel Flora fosse un colore, sarebbe il bianco. Perch\u00e9 nel bianco vive la pi\u00f9 ricettiva delle condizioni, capace di accogliere all\u2019occorrenza ogni delirio cromatico. Perch\u00e9 nel bianco risaltano le tinte delle due wellness suite, con idromassaggio, bagno turco, vista sul lago \u2013 che \u00e8 un quadro al pari dei tanti che popolano, perch\u00e9 qua tutto sembra vivere, la stanza &#8211; ampia terrazza con sdraio, legno ai pavimenti, soppalco con salottino e la possibilit\u00e0 di usufruire del servizio di massaggio e prima colazione in camera compresa nel prezzo.<br \/>\nI clienti dell\u2019albergo hanno il libero accesso all\u2019area Wellness \u2013 affittabile per compleanni anniversari e ricorrenze &#8211; dove ancora una volta la natura \u00e8 protagonista ed alleata del benessere, grazie ai massaggi con Olio d\u2019oliva del Garda, ideali dopo una lunga gita a bordo delle biciclette sempre a disposizione degli ospiti, che possono anche usufruire di una Bike House, vera e propria ciclo-officina per la manutenzione delle due ruote.<br \/>\nParlarne non basta, perch\u00e9 certe esperienze vanno vissute in prima persona. Ma ancora un consiglio, a sportivi ed appassionati d\u2019arte e lettura, si pu\u00f2 dare. Il Parc Hotel Flora consente l\u2019accesso diretto al lago, dove la scuola di windsurf gestita dal plurimedagliato Sandro Tomasi pu\u00f2 diventare lo spunto per scoprire ed innamorarsi delle potenzialit\u00e0 della combinazione tra acqua e vento. Chi invece predilige la solidit\u00e0 dell\u2019elemento terra ha a disposizione tutto il campionario di attivit\u00e0, dal trekking alla mountain bike, dalle arrampicate al canyoning, proposte dallo specialista Friends Of Arco.<br \/>\nLa biblioteca, dove luce di lettura e musica sono personalizzate, \u00e8 territorio di book-crossing, teatro dell\u2019intreccio nella storia di un libro sedotto e abbandonato, semplicemente dimenticato o tanto amato da dover essere condiviso. Il Parc Hotel Flora offre infine pacchetti in concomitanza delle grandi mostre al Mart o legati ai suggestivi eventi del territorio, come i Mercatini di Natale che scaldano l\u2019atmosfera delle fredde giornate invernali.<br \/>\n15% di sconto con molti ristoranti dei dintorni.<\/p>\n","protected":false},"excerpt":{"rendered":"<p>Una perla al limitare di uno specchio di cristallo, un microcosmo di trasparenza e luminosit\u00e0<\/p>\n","protected":false},"author":10,"featured_media":0,"comment_status":"open","ping_status":"open","sticky":false,"template":"","format":"standard","meta":{"cybocfi_hide_featured_image":"","footnotes":""},"categories":[151],"tags":[171,473,255],"class_list":["post-11567","post","type-post","status-publish","format-standard","hentry","category-hotels-ed-alberghi","tag-arte","tag-capodanno","tag-hotel"],"yoast_head":"<!-- This site is optimized with the Yoast SEO plugin v27.0 - https:\/\/yoast.com\/product\/yoast-seo-wordpress\/ -->\n<title>Parc Hotel Flora A Riva del Garda (TN), un pegno d\u2019amore di luce all\u2019acqua - Article Marketing<\/title>\n<meta name=\"robots\" content=\"index, follow, max-snippet:-1, max-image-preview:large, max-video-preview:-1\" \/>\n<link rel=\"canonical\" href=\"https:\/\/www.article-marketing.eu\/comunicati\/viaggi-e-vacanze\/hotels-ed-alberghi\/parc-hotel-flora-a-riva-del-garda-tn-un-pegno-damore-di-luce-allacqua\/\" \/>\n<meta property=\"og:locale\" content=\"it_IT\" \/>\n<meta property=\"og:type\" content=\"article\" \/>\n<meta property=\"og:title\" content=\"Parc Hotel Flora A Riva del Garda (TN), un pegno d\u2019amore di luce all\u2019acqua - Article Marketing\" \/>\n<meta property=\"og:description\" content=\"Una perla al limitare di uno specchio di cristallo, un microcosmo di trasparenza e luminosit\u00e0\" \/>\n<meta property=\"og:url\" content=\"https:\/\/www.article-marketing.eu\/comunicati\/viaggi-e-vacanze\/hotels-ed-alberghi\/parc-hotel-flora-a-riva-del-garda-tn-un-pegno-damore-di-luce-allacqua\/\" \/>\n<meta property=\"og:site_name\" content=\"Article Marketing\" \/>\n<meta property=\"article:published_time\" content=\"2008-11-06T22:09:59+00:00\" \/>\n<meta name=\"author\" content=\"Redazione Comunicati Stampa\" \/>\n<meta name=\"twitter:card\" content=\"summary_large_image\" \/>\n<meta name=\"twitter:label1\" content=\"Scritto da\" \/>\n\t<meta name=\"twitter:data1\" content=\"Redazione Comunicati Stampa\" \/>\n\t<meta name=\"twitter:label2\" content=\"Tempo di lettura stimato\" \/>\n\t<meta name=\"twitter:data2\" content=\"3 minuti\" \/>\n<script type=\"application\/ld+json\" class=\"yoast-schema-graph\">{\"@context\":\"https:\/\/schema.org\",\"@graph\":[{\"@type\":\"Article\",\"@id\":\"https:\/\/www.article-marketing.eu\/comunicati\/viaggi-e-vacanze\/hotels-ed-alberghi\/parc-hotel-flora-a-riva-del-garda-tn-un-pegno-damore-di-luce-allacqua\/#article\",\"isPartOf\":{\"@id\":\"https:\/\/www.article-marketing.eu\/comunicati\/viaggi-e-vacanze\/hotels-ed-alberghi\/parc-hotel-flora-a-riva-del-garda-tn-un-pegno-damore-di-luce-allacqua\/\"},\"author\":{\"name\":\"Redazione Comunicati Stampa\",\"@id\":\"https:\/\/www.article-marketing.eu\/comunicati\/#\/schema\/person\/44372e4d4d0fa797b18e03ed1ace9017\"},\"headline\":\"Parc Hotel Flora A Riva del Garda (TN), un pegno d\u2019amore di luce all\u2019acqua\",\"datePublished\":\"2008-11-06T22:09:59+00:00\",\"mainEntityOfPage\":{\"@id\":\"https:\/\/www.article-marketing.eu\/comunicati\/viaggi-e-vacanze\/hotels-ed-alberghi\/parc-hotel-flora-a-riva-del-garda-tn-un-pegno-damore-di-luce-allacqua\/\"},\"wordCount\":567,\"commentCount\":0,\"keywords\":[\"arte\",\"capodanno\",\"hotel\"],\"articleSection\":[\"Hotels ed alberghi\"],\"inLanguage\":\"it-IT\",\"potentialAction\":[{\"@type\":\"CommentAction\",\"name\":\"Comment\",\"target\":[\"https:\/\/www.article-marketing.eu\/comunicati\/viaggi-e-vacanze\/hotels-ed-alberghi\/parc-hotel-flora-a-riva-del-garda-tn-un-pegno-damore-di-luce-allacqua\/#respond\"]}]},{\"@type\":\"WebPage\",\"@id\":\"https:\/\/www.article-marketing.eu\/comunicati\/viaggi-e-vacanze\/hotels-ed-alberghi\/parc-hotel-flora-a-riva-del-garda-tn-un-pegno-damore-di-luce-allacqua\/\",\"url\":\"https:\/\/www.article-marketing.eu\/comunicati\/viaggi-e-vacanze\/hotels-ed-alberghi\/parc-hotel-flora-a-riva-del-garda-tn-un-pegno-damore-di-luce-allacqua\/\",\"name\":\"Parc Hotel Flora A Riva del Garda (TN), un pegno d\u2019amore di luce all\u2019acqua - Article Marketing\",\"isPartOf\":{\"@id\":\"https:\/\/www.article-marketing.eu\/comunicati\/#website\"},\"datePublished\":\"2008-11-06T22:09:59+00:00\",\"author\":{\"@id\":\"https:\/\/www.article-marketing.eu\/comunicati\/#\/schema\/person\/44372e4d4d0fa797b18e03ed1ace9017\"},\"breadcrumb\":{\"@id\":\"https:\/\/www.article-marketing.eu\/comunicati\/viaggi-e-vacanze\/hotels-ed-alberghi\/parc-hotel-flora-a-riva-del-garda-tn-un-pegno-damore-di-luce-allacqua\/#breadcrumb\"},\"inLanguage\":\"it-IT\",\"potentialAction\":[{\"@type\":\"ReadAction\",\"target\":[\"https:\/\/www.article-marketing.eu\/comunicati\/viaggi-e-vacanze\/hotels-ed-alberghi\/parc-hotel-flora-a-riva-del-garda-tn-un-pegno-damore-di-luce-allacqua\/\"]}]},{\"@type\":\"BreadcrumbList\",\"@id\":\"https:\/\/www.article-marketing.eu\/comunicati\/viaggi-e-vacanze\/hotels-ed-alberghi\/parc-hotel-flora-a-riva-del-garda-tn-un-pegno-damore-di-luce-allacqua\/#breadcrumb\",\"itemListElement\":[{\"@type\":\"ListItem\",\"position\":1,\"name\":\"Home\",\"item\":\"https:\/\/www.article-marketing.eu\/comunicati\/\"},{\"@type\":\"ListItem\",\"position\":2,\"name\":\"Parc Hotel Flora A Riva del Garda (TN), un pegno d\u2019amore di luce all\u2019acqua\"}]},{\"@type\":\"WebSite\",\"@id\":\"https:\/\/www.article-marketing.eu\/comunicati\/#website\",\"url\":\"https:\/\/www.article-marketing.eu\/comunicati\/\",\"name\":\"Article Marketing\",\"description\":\"article marketing &amp; press release\",\"potentialAction\":[{\"@type\":\"SearchAction\",\"target\":{\"@type\":\"EntryPoint\",\"urlTemplate\":\"https:\/\/www.article-marketing.eu\/comunicati\/?s={search_term_string}\"},\"query-input\":{\"@type\":\"PropertyValueSpecification\",\"valueRequired\":true,\"valueName\":\"search_term_string\"}}],\"inLanguage\":\"it-IT\"},{\"@type\":\"Person\",\"@id\":\"https:\/\/www.article-marketing.eu\/comunicati\/#\/schema\/person\/44372e4d4d0fa797b18e03ed1ace9017\",\"name\":\"Redazione Comunicati Stampa\",\"image\":{\"@type\":\"ImageObject\",\"inLanguage\":\"it-IT\",\"@id\":\"https:\/\/www.article-marketing.eu\/comunicati\/#\/schema\/person\/image\/\",\"url\":\"https:\/\/secure.gravatar.com\/avatar\/50e5c6421d3072f42e7ace803501602c60d75233d34e29fd05feb91c8760b792?s=96&d=mm&r=g\",\"contentUrl\":\"https:\/\/secure.gravatar.com\/avatar\/50e5c6421d3072f42e7ace803501602c60d75233d34e29fd05feb91c8760b792?s=96&d=mm&r=g\",\"caption\":\"Redazione Comunicati Stampa\"},\"url\":\"https:\/\/www.article-marketing.eu\/comunicati\/author\/redazione-comunicati-stampa\/\"}]}<\/script>\n<!-- \/ Yoast SEO plugin. -->","yoast_head_json":{"title":"Parc Hotel Flora A Riva del Garda (TN), un pegno d\u2019amore di luce all\u2019acqua - Article Marketing","robots":{"index":"index","follow":"follow","max-snippet":"max-snippet:-1","max-image-preview":"max-image-preview:large","max-video-preview":"max-video-preview:-1"},"canonical":"https:\/\/www.article-marketing.eu\/comunicati\/viaggi-e-vacanze\/hotels-ed-alberghi\/parc-hotel-flora-a-riva-del-garda-tn-un-pegno-damore-di-luce-allacqua\/","og_locale":"it_IT","og_type":"article","og_title":"Parc Hotel Flora A Riva del Garda (TN), un pegno d\u2019amore di luce all\u2019acqua - Article Marketing","og_description":"Una perla al limitare di uno specchio di cristallo, un microcosmo di trasparenza e luminosit\u00e0","og_url":"https:\/\/www.article-marketing.eu\/comunicati\/viaggi-e-vacanze\/hotels-ed-alberghi\/parc-hotel-flora-a-riva-del-garda-tn-un-pegno-damore-di-luce-allacqua\/","og_site_name":"Article Marketing","article_published_time":"2008-11-06T22:09:59+00:00","author":"Redazione Comunicati Stampa","twitter_card":"summary_large_image","twitter_misc":{"Scritto da":"Redazione Comunicati Stampa","Tempo di lettura stimato":"3 minuti"},"schema":{"@context":"https:\/\/schema.org","@graph":[{"@type":"Article","@id":"https:\/\/www.article-marketing.eu\/comunicati\/viaggi-e-vacanze\/hotels-ed-alberghi\/parc-hotel-flora-a-riva-del-garda-tn-un-pegno-damore-di-luce-allacqua\/#article","isPartOf":{"@id":"https:\/\/www.article-marketing.eu\/comunicati\/viaggi-e-vacanze\/hotels-ed-alberghi\/parc-hotel-flora-a-riva-del-garda-tn-un-pegno-damore-di-luce-allacqua\/"},"author":{"name":"Redazione Comunicati Stampa","@id":"https:\/\/www.article-marketing.eu\/comunicati\/#\/schema\/person\/44372e4d4d0fa797b18e03ed1ace9017"},"headline":"Parc Hotel Flora A Riva del Garda (TN), un pegno d\u2019amore di luce all\u2019acqua","datePublished":"2008-11-06T22:09:59+00:00","mainEntityOfPage":{"@id":"https:\/\/www.article-marketing.eu\/comunicati\/viaggi-e-vacanze\/hotels-ed-alberghi\/parc-hotel-flora-a-riva-del-garda-tn-un-pegno-damore-di-luce-allacqua\/"},"wordCount":567,"commentCount":0,"keywords":["arte","capodanno","hotel"],"articleSection":["Hotels ed alberghi"],"inLanguage":"it-IT","potentialAction":[{"@type":"CommentAction","name":"Comment","target":["https:\/\/www.article-marketing.eu\/comunicati\/viaggi-e-vacanze\/hotels-ed-alberghi\/parc-hotel-flora-a-riva-del-garda-tn-un-pegno-damore-di-luce-allacqua\/#respond"]}]},{"@type":"WebPage","@id":"https:\/\/www.article-marketing.eu\/comunicati\/viaggi-e-vacanze\/hotels-ed-alberghi\/parc-hotel-flora-a-riva-del-garda-tn-un-pegno-damore-di-luce-allacqua\/","url":"https:\/\/www.article-marketing.eu\/comunicati\/viaggi-e-vacanze\/hotels-ed-alberghi\/parc-hotel-flora-a-riva-del-garda-tn-un-pegno-damore-di-luce-allacqua\/","name":"Parc Hotel Flora A Riva del Garda (TN), un pegno d\u2019amore di luce all\u2019acqua - Article Marketing","isPartOf":{"@id":"https:\/\/www.article-marketing.eu\/comunicati\/#website"},"datePublished":"2008-11-06T22:09:59+00:00","author":{"@id":"https:\/\/www.article-marketing.eu\/comunicati\/#\/schema\/person\/44372e4d4d0fa797b18e03ed1ace9017"},"breadcrumb":{"@id":"https:\/\/www.article-marketing.eu\/comunicati\/viaggi-e-vacanze\/hotels-ed-alberghi\/parc-hotel-flora-a-riva-del-garda-tn-un-pegno-damore-di-luce-allacqua\/#breadcrumb"},"inLanguage":"it-IT","potentialAction":[{"@type":"ReadAction","target":["https:\/\/www.article-marketing.eu\/comunicati\/viaggi-e-vacanze\/hotels-ed-alberghi\/parc-hotel-flora-a-riva-del-garda-tn-un-pegno-damore-di-luce-allacqua\/"]}]},{"@type":"BreadcrumbList","@id":"https:\/\/www.article-marketing.eu\/comunicati\/viaggi-e-vacanze\/hotels-ed-alberghi\/parc-hotel-flora-a-riva-del-garda-tn-un-pegno-damore-di-luce-allacqua\/#breadcrumb","itemListElement":[{"@type":"ListItem","position":1,"name":"Home","item":"https:\/\/www.article-marketing.eu\/comunicati\/"},{"@type":"ListItem","position":2,"name":"Parc Hotel Flora A Riva del Garda (TN), un pegno d\u2019amore di luce all\u2019acqua"}]},{"@type":"WebSite","@id":"https:\/\/www.article-marketing.eu\/comunicati\/#website","url":"https:\/\/www.article-marketing.eu\/comunicati\/","name":"Article Marketing","description":"article marketing &amp; press release","potentialAction":[{"@type":"SearchAction","target":{"@type":"EntryPoint","urlTemplate":"https:\/\/www.article-marketing.eu\/comunicati\/?s={search_term_string}"},"query-input":{"@type":"PropertyValueSpecification","valueRequired":true,"valueName":"search_term_string"}}],"inLanguage":"it-IT"},{"@type":"Person","@id":"https:\/\/www.article-marketing.eu\/comunicati\/#\/schema\/person\/44372e4d4d0fa797b18e03ed1ace9017","name":"Redazione Comunicati Stampa","image":{"@type":"ImageObject","inLanguage":"it-IT","@id":"https:\/\/www.article-marketing.eu\/comunicati\/#\/schema\/person\/image\/","url":"https:\/\/secure.gravatar.com\/avatar\/50e5c6421d3072f42e7ace803501602c60d75233d34e29fd05feb91c8760b792?s=96&d=mm&r=g","contentUrl":"https:\/\/secure.gravatar.com\/avatar\/50e5c6421d3072f42e7ace803501602c60d75233d34e29fd05feb91c8760b792?s=96&d=mm&r=g","caption":"Redazione Comunicati Stampa"},"url":"https:\/\/www.article-marketing.eu\/comunicati\/author\/redazione-comunicati-stampa\/"}]}},"_links":{"self":[{"href":"https:\/\/www.article-marketing.eu\/comunicati\/wp-json\/wp\/v2\/posts\/11567","targetHints":{"allow":["GET"]}}],"collection":[{"href":"https:\/\/www.article-marketing.eu\/comunicati\/wp-json\/wp\/v2\/posts"}],"about":[{"href":"https:\/\/www.article-marketing.eu\/comunicati\/wp-json\/wp\/v2\/types\/post"}],"author":[{"embeddable":true,"href":"https:\/\/www.article-marketing.eu\/comunicati\/wp-json\/wp\/v2\/users\/10"}],"replies":[{"embeddable":true,"href":"https:\/\/www.article-marketing.eu\/comunicati\/wp-json\/wp\/v2\/comments?post=11567"}],"version-history":[{"count":0,"href":"https:\/\/www.article-marketing.eu\/comunicati\/wp-json\/wp\/v2\/posts\/11567\/revisions"}],"wp:attachment":[{"href":"https:\/\/www.article-marketing.eu\/comunicati\/wp-json\/wp\/v2\/media?parent=11567"}],"wp:term":[{"taxonomy":"category","embeddable":true,"href":"https:\/\/www.article-marketing.eu\/comunicati\/wp-json\/wp\/v2\/categories?post=11567"},{"taxonomy":"post_tag","embeddable":true,"href":"https:\/\/www.article-marketing.eu\/comunicati\/wp-json\/wp\/v2\/tags?post=11567"}],"curies":[{"name":"wp","href":"https:\/\/api.w.org\/{rel}","templated":true}]}}