{"id":11577,"date":"2009-02-11T17:13:59","date_gmt":"2009-02-11T16:13:59","guid":{"rendered":"http:\/\/www.article-marketing.eu\/comunicati\/senza-categoria\/la-creativit%e0-propulsore-per-uscire-dalla-recessione\/"},"modified":"2009-02-11T17:13:59","modified_gmt":"2009-02-11T16:13:59","slug":"la-creativit%e0-propulsore-per-uscire-dalla-recessione","status":"publish","type":"post","link":"https:\/\/www.article-marketing.eu\/comunicati\/comunicati-stampa\/web\/la-creativit%e0-propulsore-per-uscire-dalla-recessione\/","title":{"rendered":"La creativit\u00e0, propulsore per uscire dalla recessione"},"content":{"rendered":"<p>Creativitaly, il collettore della creative class<em>, <\/em>ha contattato e intervistato, in occasione dell\u2019Anno Europeo della Creativit\u00e0 e Innovazione, una serie di personaggi nell\u2019ambito della comunicazione e dell\u2019azienda.<\/p>\n<p><strong>Fabrizio Bellavista<\/strong>, uno dei promotori del comitato Creativitaly, sostiene che \u201dla consapevolezza, nei periodi di recessione, di dover sfruttare al massimo grado le potenzialit\u00e0 materiali e psichiche a disposizione rappresenta certamente un valore aggiunto. In queste circostanze, per\u00f2, pi\u00f9 di ogni altra cosa serve mettersi in ascolto: dal mondo circostante e dagli utenti stessi ci giungono i feed back per una creativit\u00e0 coerente e utile\u201d. Continua <strong>Federico Cambria<\/strong>, regista pubblicitario e teatrale: \u201cLa creativit\u00e0 \u00e8 una dote che permette di trasformare un frigorifero di casa in un oggetto intimo. In un periodo di recessione c\u2019\u00e8 senz\u2019altro bisogno di una creativit\u00e0 che sfrutti i pochi mezzi a disposizione e che venga considerata non soltanto leva di marketing\u201d. <strong>Massimo Giordani<\/strong>, CEO Time&amp;Mind, cos\u00ec interviene sull\u2019argomento: \u201cLa creativit\u00e0 \u00e8 la capacit\u00e0 di vedere oltre l&#8217;ovvio, di rubare al vento la sua forza per andare sulla propria rotta o di trovare on-line gli strumenti per diventare Presidente degli Stati Uniti&#8230; Oggi serve una creativit\u00e0 coraggiosa, capace di farci uscire dal clima di depressione e di paura del futuro in cui siamo finiti\u201d. <strong>Lorenzo Marini<\/strong>, AD e direttore creativo di Lorenzo Marini &amp; Associati, interviene con una sua personale visione: \u201dIn questo periodo di recessione la creativit\u00e0 diventer\u00e0 sempre pi\u00f9 bella, sempre pi\u00f9 importante, sempre pi\u00f9 centrale, poich\u00e9 quando diminuiscono i budget, cio\u00e8 gli investimenti e dunque la frequenza, deve aumentare l\u2019impatto. E l\u2019impatto si ha con l\u2019originalit\u00e0, con la creativit\u00e0, che \u00e8 una sorta di compromesso, di equilibrio tra mercanzia e poesia\u201d. Anche <strong>Massimo Soriani Bellavista<\/strong>, AD Creattivit\u00e0 srl, approfondisce gli aspetti del processo creativo e sintetizza cos\u00ec il tema dell\u2019inchiesta: \u201cCreativit\u00e0+innovazione = CreATTIVITA\u2019. I tre momenti portanti del processo della CreATTIVITA\u2019 sono: 1) Invenzione (ideazione); 2) Innnovazione (implementazione delle idee; 3) Imprenditoriarit\u00e0 (averne benefici)\u201d. <strong>Anna Scardovelli<\/strong>, copy &amp; content manager Mediolanum Comunicazione: \u201cLa creativit\u00e0 \u00e8 un click che fa vedere le cose in modo nuovo e, in riferimento ai periodi di recessione, ricordiamoci che le idee non costano nulla, possono arrivare da chiunque e a volte cambiano il mondo!\u201d. Prosegue <strong>Antonio Di Blasi<\/strong>, responsabile della P\u00e9pini\u00e8re (incubatore d&#8217;imprese) di Aosta: \u201cIl concetto di creativit\u00e0 che vedo sempre coniugato con quello di innovazione racchiude in s\u00e8 molti aspetti determinanti di cui secondo me i pi\u00f9 importanti sono: 1) Semplicit\u00e0, capacit\u00e0 cio\u00e8 di essere diretti, essenziali, comprensibili; 2) Concretezza, cio\u00e8 proposte concrete, che convincano, che funzionino; 3) Una forte dose di originalit\u00e0, quasi trasgressiva: bisogna essere capaci di uscire fuori dagli schemi\u201d. Conclude <strong>Monica Viani<\/strong>, content &amp; relation specialist: \u201cPer affrontare e superare la crisi esiste un&#8217;unica arma, la creativit\u00e0. Si tratta di ricostruire l&#8217;immagine di se stessi, dell&#8217;ambiente in cui viviamo, dei rapporti relazionali. In parole semplici si tratta di \u201crifare il mondo\u201d. <\/p>\n<p><a name=\"OLE_LINK4\">Creativitaly \u00e8 un collettore di realt\u00e0 istituzionali e private avente lo scopo di implementare il concetto di creativit\u00e0 e innovazione veicolato dalla grande opportunit\u00e0 dell\u2019Anno Europeo della Creativit\u00e0 e Innovazione 2009. <\/a><\/p>\n<p>http:\/\/creativitaly.wordpress.com\/ <\/p>\n<p>&nbsp;<\/p>\n","protected":false},"excerpt":{"rendered":"<p>Creativitaly, il collettore della creative class, ha contattato e intervistato, in occasione dell\u2019Anno Europeo della Creativit\u00e0 e Innovazione, una serie di personaggi nell\u2019ambito della comunicazione e dell\u2019azienda.<\/p>\n","protected":false},"author":10,"featured_media":0,"comment_status":"open","ping_status":"open","sticky":false,"template":"","format":"standard","meta":{"cybocfi_hide_featured_image":"","footnotes":""},"categories":[154],"tags":[3832,5254,3830,21517,979,21516,1341,10072,3831,21519,1564,5255,3833,21515,10067,3829,21518,18566],"class_list":["post-11577","post","type-post","status-publish","format-standard","hentry","category-web","tag-3832","tag-anna-scardovelli","tag-anno","tag-antonio-di-blasi","tag-blog","tag-crea","tag-creativita","tag-creativitaly","tag-europeo","tag-eyci","tag-fabrizio-bellavista","tag-federico-cambria","tag-immaginare","tag-immaginazione","tag-lorenzo-marini","tag-massimo-soriani-bellavista","tag-monica-viani","tag-wordpress"],"yoast_head":"<!-- This site is optimized with the Yoast SEO plugin v27.0 - https:\/\/yoast.com\/product\/yoast-seo-wordpress\/ -->\n<title>La creativit\u00e0, propulsore per uscire dalla recessione - Article Marketing<\/title>\n<meta name=\"robots\" content=\"index, follow, max-snippet:-1, max-image-preview:large, max-video-preview:-1\" \/>\n<link rel=\"canonical\" href=\"https:\/\/www.article-marketing.eu\/comunicati\/comunicati-stampa\/web\/la-creativit?-propulsore-per-uscire-dalla-recessione\/\" \/>\n<meta property=\"og:locale\" content=\"it_IT\" \/>\n<meta property=\"og:type\" content=\"article\" \/>\n<meta property=\"og:title\" content=\"La creativit\u00e0, propulsore per uscire dalla recessione - Article Marketing\" \/>\n<meta property=\"og:description\" content=\"Creativitaly, il collettore della creative class, ha contattato e intervistato, in occasione dell\u2019Anno Europeo della Creativit\u00e0 e Innovazione, una serie di personaggi nell\u2019ambito della comunicazione e dell\u2019azienda.\" \/>\n<meta property=\"og:url\" content=\"\" \/>\n<meta property=\"og:site_name\" content=\"Article Marketing\" \/>\n<meta property=\"article:published_time\" content=\"2009-02-11T16:13:59+00:00\" \/>\n<meta name=\"author\" content=\"Redazione Comunicati Stampa\" \/>\n<meta name=\"twitter:card\" content=\"summary_large_image\" \/>\n<meta name=\"twitter:label1\" content=\"Scritto da\" \/>\n\t<meta name=\"twitter:data1\" content=\"Redazione Comunicati Stampa\" \/>\n\t<meta name=\"twitter:label2\" content=\"Tempo di lettura stimato\" \/>\n\t<meta name=\"twitter:data2\" content=\"3 minuti\" \/>\n<script type=\"application\/ld+json\" class=\"yoast-schema-graph\">{\"@context\":\"https:\/\/schema.org\",\"@graph\":[{\"@type\":\"Article\",\"@id\":\"https:\/\/www.article-marketing.eu\/comunicati\/comunicati-stampa\/web\/la-creativit%e0-propulsore-per-uscire-dalla-recessione\/#article\",\"isPartOf\":{\"@id\":\"https:\/\/www.article-marketing.eu\/comunicati\/comunicati-stampa\/web\/la-creativit%e0-propulsore-per-uscire-dalla-recessione\/\"},\"author\":{\"name\":\"Redazione Comunicati Stampa\",\"@id\":\"https:\/\/www.article-marketing.eu\/comunicati\/#\/schema\/person\/44372e4d4d0fa797b18e03ed1ace9017\"},\"headline\":\"La creativit\u00e0, propulsore per uscire dalla recessione\",\"datePublished\":\"2009-02-11T16:13:59+00:00\",\"mainEntityOfPage\":{\"@id\":\"https:\/\/www.article-marketing.eu\/comunicati\/comunicati-stampa\/web\/la-creativit%e0-propulsore-per-uscire-dalla-recessione\/\"},\"wordCount\":521,\"commentCount\":0,\"keywords\":[\"2009\",\"anna scardovelli\",\"anno\",\"antonio di blasi\",\"blog\",\"crea\",\"creativit\u00e0\",\"creativitaly\",\"europeo\",\"eyci\",\"fabrizio bellavista\",\"federico cambria\",\"immaginare\",\"immaginazione\",\"lorenzo marini\",\"massimo soriani bellavista\",\"monica viani\",\"wordpress\"],\"articleSection\":[\"Web\"],\"inLanguage\":\"it-IT\",\"potentialAction\":[{\"@type\":\"CommentAction\",\"name\":\"Comment\",\"target\":[\"https:\/\/www.article-marketing.eu\/comunicati\/comunicati-stampa\/web\/la-creativit%e0-propulsore-per-uscire-dalla-recessione\/#respond\"]}]},{\"@type\":\"WebPage\",\"@id\":\"https:\/\/www.article-marketing.eu\/comunicati\/comunicati-stampa\/web\/la-creativit%e0-propulsore-per-uscire-dalla-recessione\/\",\"url\":\"https:\/\/www.article-marketing.eu\/comunicati\/comunicati-stampa\/web\/la-creativit%e0-propulsore-per-uscire-dalla-recessione\/\",\"name\":\"La creativit\u00e0, propulsore per uscire dalla recessione - Article Marketing\",\"isPartOf\":{\"@id\":\"https:\/\/www.article-marketing.eu\/comunicati\/#website\"},\"datePublished\":\"2009-02-11T16:13:59+00:00\",\"author\":{\"@id\":\"https:\/\/www.article-marketing.eu\/comunicati\/#\/schema\/person\/44372e4d4d0fa797b18e03ed1ace9017\"},\"breadcrumb\":{\"@id\":\"https:\/\/www.article-marketing.eu\/comunicati\/comunicati-stampa\/web\/la-creativit%e0-propulsore-per-uscire-dalla-recessione\/#breadcrumb\"},\"inLanguage\":\"it-IT\",\"potentialAction\":[{\"@type\":\"ReadAction\",\"target\":[\"https:\/\/www.article-marketing.eu\/comunicati\/comunicati-stampa\/web\/la-creativit%e0-propulsore-per-uscire-dalla-recessione\/\"]}]},{\"@type\":\"BreadcrumbList\",\"@id\":\"https:\/\/www.article-marketing.eu\/comunicati\/comunicati-stampa\/web\/la-creativit%e0-propulsore-per-uscire-dalla-recessione\/#breadcrumb\",\"itemListElement\":[{\"@type\":\"ListItem\",\"position\":1,\"name\":\"Home\",\"item\":\"https:\/\/www.article-marketing.eu\/comunicati\/\"},{\"@type\":\"ListItem\",\"position\":2,\"name\":\"La creativit\u00e0, propulsore per uscire dalla recessione\"}]},{\"@type\":\"WebSite\",\"@id\":\"https:\/\/www.article-marketing.eu\/comunicati\/#website\",\"url\":\"https:\/\/www.article-marketing.eu\/comunicati\/\",\"name\":\"Article Marketing\",\"description\":\"article marketing &amp; press release\",\"potentialAction\":[{\"@type\":\"SearchAction\",\"target\":{\"@type\":\"EntryPoint\",\"urlTemplate\":\"https:\/\/www.article-marketing.eu\/comunicati\/?s={search_term_string}\"},\"query-input\":{\"@type\":\"PropertyValueSpecification\",\"valueRequired\":true,\"valueName\":\"search_term_string\"}}],\"inLanguage\":\"it-IT\"},{\"@type\":\"Person\",\"@id\":\"https:\/\/www.article-marketing.eu\/comunicati\/#\/schema\/person\/44372e4d4d0fa797b18e03ed1ace9017\",\"name\":\"Redazione Comunicati Stampa\",\"image\":{\"@type\":\"ImageObject\",\"inLanguage\":\"it-IT\",\"@id\":\"https:\/\/www.article-marketing.eu\/comunicati\/#\/schema\/person\/image\/\",\"url\":\"https:\/\/secure.gravatar.com\/avatar\/50e5c6421d3072f42e7ace803501602c60d75233d34e29fd05feb91c8760b792?s=96&d=mm&r=g\",\"contentUrl\":\"https:\/\/secure.gravatar.com\/avatar\/50e5c6421d3072f42e7ace803501602c60d75233d34e29fd05feb91c8760b792?s=96&d=mm&r=g\",\"caption\":\"Redazione Comunicati Stampa\"},\"url\":\"https:\/\/www.article-marketing.eu\/comunicati\/author\/redazione-comunicati-stampa\/\"}]}<\/script>\n<!-- \/ Yoast SEO plugin. -->","yoast_head_json":{"title":"La creativit\u00e0, propulsore per uscire dalla recessione - Article Marketing","robots":{"index":"index","follow":"follow","max-snippet":"max-snippet:-1","max-image-preview":"max-image-preview:large","max-video-preview":"max-video-preview:-1"},"canonical":"https:\/\/www.article-marketing.eu\/comunicati\/comunicati-stampa\/web\/la-creativit?-propulsore-per-uscire-dalla-recessione\/","og_locale":"it_IT","og_type":"article","og_title":"La creativit\u00e0, propulsore per uscire dalla recessione - Article Marketing","og_description":"Creativitaly, il collettore della creative class, ha contattato e intervistato, in occasione dell\u2019Anno Europeo della Creativit\u00e0 e Innovazione, una serie di personaggi nell\u2019ambito della comunicazione e dell\u2019azienda.","og_url":"https:\/\/www.article-marketing.eu\/comunicati\/comunicati-stampa\/web\/la-creativit?-propulsore-per-uscire-dalla-recessione\/","og_site_name":"Article Marketing","article_published_time":"2009-02-11T16:13:59+00:00","author":"Redazione Comunicati Stampa","twitter_card":"summary_large_image","twitter_misc":{"Scritto da":"Redazione Comunicati Stampa","Tempo di lettura stimato":"3 minuti"},"schema":{"@context":"https:\/\/schema.org","@graph":[{"@type":"Article","@id":"https:\/\/www.article-marketing.eu\/comunicati\/comunicati-stampa\/web\/la-creativit%e0-propulsore-per-uscire-dalla-recessione\/#article","isPartOf":{"@id":"https:\/\/www.article-marketing.eu\/comunicati\/comunicati-stampa\/web\/la-creativit%e0-propulsore-per-uscire-dalla-recessione\/"},"author":{"name":"Redazione Comunicati Stampa","@id":"https:\/\/www.article-marketing.eu\/comunicati\/#\/schema\/person\/44372e4d4d0fa797b18e03ed1ace9017"},"headline":"La creativit\u00e0, propulsore per uscire dalla recessione","datePublished":"2009-02-11T16:13:59+00:00","mainEntityOfPage":{"@id":"https:\/\/www.article-marketing.eu\/comunicati\/comunicati-stampa\/web\/la-creativit%e0-propulsore-per-uscire-dalla-recessione\/"},"wordCount":521,"commentCount":0,"keywords":["2009","anna scardovelli","anno","antonio di blasi","blog","crea","creativit\u00e0","creativitaly","europeo","eyci","fabrizio bellavista","federico cambria","immaginare","immaginazione","lorenzo marini","massimo soriani bellavista","monica viani","wordpress"],"articleSection":["Web"],"inLanguage":"it-IT","potentialAction":[{"@type":"CommentAction","name":"Comment","target":["https:\/\/www.article-marketing.eu\/comunicati\/comunicati-stampa\/web\/la-creativit%e0-propulsore-per-uscire-dalla-recessione\/#respond"]}]},{"@type":"WebPage","@id":"https:\/\/www.article-marketing.eu\/comunicati\/comunicati-stampa\/web\/la-creativit%e0-propulsore-per-uscire-dalla-recessione\/","url":"https:\/\/www.article-marketing.eu\/comunicati\/comunicati-stampa\/web\/la-creativit%e0-propulsore-per-uscire-dalla-recessione\/","name":"La creativit\u00e0, propulsore per uscire dalla recessione - Article Marketing","isPartOf":{"@id":"https:\/\/www.article-marketing.eu\/comunicati\/#website"},"datePublished":"2009-02-11T16:13:59+00:00","author":{"@id":"https:\/\/www.article-marketing.eu\/comunicati\/#\/schema\/person\/44372e4d4d0fa797b18e03ed1ace9017"},"breadcrumb":{"@id":"https:\/\/www.article-marketing.eu\/comunicati\/comunicati-stampa\/web\/la-creativit%e0-propulsore-per-uscire-dalla-recessione\/#breadcrumb"},"inLanguage":"it-IT","potentialAction":[{"@type":"ReadAction","target":["https:\/\/www.article-marketing.eu\/comunicati\/comunicati-stampa\/web\/la-creativit%e0-propulsore-per-uscire-dalla-recessione\/"]}]},{"@type":"BreadcrumbList","@id":"https:\/\/www.article-marketing.eu\/comunicati\/comunicati-stampa\/web\/la-creativit%e0-propulsore-per-uscire-dalla-recessione\/#breadcrumb","itemListElement":[{"@type":"ListItem","position":1,"name":"Home","item":"https:\/\/www.article-marketing.eu\/comunicati\/"},{"@type":"ListItem","position":2,"name":"La creativit\u00e0, propulsore per uscire dalla recessione"}]},{"@type":"WebSite","@id":"https:\/\/www.article-marketing.eu\/comunicati\/#website","url":"https:\/\/www.article-marketing.eu\/comunicati\/","name":"Article Marketing","description":"article marketing &amp; press release","potentialAction":[{"@type":"SearchAction","target":{"@type":"EntryPoint","urlTemplate":"https:\/\/www.article-marketing.eu\/comunicati\/?s={search_term_string}"},"query-input":{"@type":"PropertyValueSpecification","valueRequired":true,"valueName":"search_term_string"}}],"inLanguage":"it-IT"},{"@type":"Person","@id":"https:\/\/www.article-marketing.eu\/comunicati\/#\/schema\/person\/44372e4d4d0fa797b18e03ed1ace9017","name":"Redazione Comunicati Stampa","image":{"@type":"ImageObject","inLanguage":"it-IT","@id":"https:\/\/www.article-marketing.eu\/comunicati\/#\/schema\/person\/image\/","url":"https:\/\/secure.gravatar.com\/avatar\/50e5c6421d3072f42e7ace803501602c60d75233d34e29fd05feb91c8760b792?s=96&d=mm&r=g","contentUrl":"https:\/\/secure.gravatar.com\/avatar\/50e5c6421d3072f42e7ace803501602c60d75233d34e29fd05feb91c8760b792?s=96&d=mm&r=g","caption":"Redazione Comunicati Stampa"},"url":"https:\/\/www.article-marketing.eu\/comunicati\/author\/redazione-comunicati-stampa\/"}]}},"_links":{"self":[{"href":"https:\/\/www.article-marketing.eu\/comunicati\/wp-json\/wp\/v2\/posts\/11577","targetHints":{"allow":["GET"]}}],"collection":[{"href":"https:\/\/www.article-marketing.eu\/comunicati\/wp-json\/wp\/v2\/posts"}],"about":[{"href":"https:\/\/www.article-marketing.eu\/comunicati\/wp-json\/wp\/v2\/types\/post"}],"author":[{"embeddable":true,"href":"https:\/\/www.article-marketing.eu\/comunicati\/wp-json\/wp\/v2\/users\/10"}],"replies":[{"embeddable":true,"href":"https:\/\/www.article-marketing.eu\/comunicati\/wp-json\/wp\/v2\/comments?post=11577"}],"version-history":[{"count":0,"href":"https:\/\/www.article-marketing.eu\/comunicati\/wp-json\/wp\/v2\/posts\/11577\/revisions"}],"wp:attachment":[{"href":"https:\/\/www.article-marketing.eu\/comunicati\/wp-json\/wp\/v2\/media?parent=11577"}],"wp:term":[{"taxonomy":"category","embeddable":true,"href":"https:\/\/www.article-marketing.eu\/comunicati\/wp-json\/wp\/v2\/categories?post=11577"},{"taxonomy":"post_tag","embeddable":true,"href":"https:\/\/www.article-marketing.eu\/comunicati\/wp-json\/wp\/v2\/tags?post=11577"}],"curies":[{"name":"wp","href":"https:\/\/api.w.org\/{rel}","templated":true}]}}