{"id":11580,"date":"2009-02-16T14:22:06","date_gmt":"2009-02-16T13:22:06","guid":{"rendered":"http:\/\/www.article-marketing.eu\/comunicati\/senza-categoria\/parrucchieri-compagnia-della-bellezza\/"},"modified":"2009-02-16T14:22:06","modified_gmt":"2009-02-16T13:22:06","slug":"parrucchieri-compagnia-della-bellezza","status":"publish","type":"post","link":"https:\/\/www.article-marketing.eu\/comunicati\/economia-e-lavoro\/aziende\/parrucchieri-compagnia-della-bellezza\/","title":{"rendered":"Parrucchieri Compagnia della Bellezza"},"content":{"rendered":"<p>Nata nel 1992, Compagnia della bellezza, con 280 ateliers sparsi sul territorio nazionale, pi\u00f9 sedi in Usa, Per\u00f9, Svizzera, Israele, Barcellona, Parigi, Francoforte, e a breve Londra e New York, si afferma come il pi\u00f9 grande franchising italiano di parrucchieri.<\/p>\n<p>Compagnia della Bellezza \u00e8 oggi una realt\u00e0 di riferimento nel panorama della coiffeure internazionale e della moda.<\/p>\n<p>Il Gruppo rappresenta la prima realt\u00e0 italiana anche in  termini  di sviluppo e crescita della rete franchising in Italia con tassi di crescita superiori a tutti i franchising concorrenti.<\/p>\n<p>Ci\u00f2 \u00e8 frutto di una strategia di sviluppo e commerciale focalizzata alla penetrazione in aree scoperte e al consolidamento in regioni in cui CDB \u00e8 gi\u00e0 presente.<\/p>\n<p>Oggi in tutte le principali province italiane \u00e8 presente il marchio CDB con una capillarit\u00e0 che ne consente di avere una notoriet\u00e0 totale nel settore e tra le donne in Italia.<\/p>\n<p>I soci fondatori sono due parrucchieri siciliani, Salvo Filetti e Renato Gervasi. <\/p>\n<p>Gervasi e Filetti, consulenti d\u2019immagine di molte produzioni Rai e Mediaset dopo aver offerto, con il gioco del \u201cprima e dopo\u201d, efficaci esempi di \u201ctrasformazione\u201d, sono stati protagonisti di una rubrica stabile dedicata alla bellezza, sul nuovo settimanale di Rai Uno \u201cOltre Moda\u201din onda la domenica sera e inoltre sono stati spesso ospiti della rubrica \u201cUno Mattina\u201d<\/p>\n<p>Consulenti da molte anni delle stagioni dell\u2019Alta Moda assecondano il gusto di firme importanti quali, Gianni Calignano, Marella Ferrera, Lorenzo Riva.,Roberta Di Camerino, Tony Ward, Camillo Bona.<\/p>\n<p>A Milano in occasione del Pret-\u00e0 Porter il gruppo di Compagnia della Bellezza scende in campo, portando sempre una vena d\u2019entusiamo che contagia il backstage. La sintonia con firme come Alviero Martini, Ines Valentinish, Simonetta Ravizza, Lorenzo Riva, Roberta di Camerino, produce alcune delle firme pi\u00f9 di tendenza della stagione moda. Anche Un-Dress Blumarine Cristina T , Pin-Up e Blumarine, si sono avvalsi della professionalit\u00e0 del nostro gruppo.<\/p>\n<p>Salvo Filetti e Renato Gervasi hanno firmato le tendenze capelli e make-up a Moda Mare e Donna sotto le Stelle. Inoltre, nell\u2019edizione di \u201cModa Mare Porto Cervo\u201d del 2003 e \u201cLa notte delle Sirene\u201d 2006, oltre a curare le acconciature per le sfilate degli stilisti, hanno fatto sfilare le proprie \u201cteste\u201dlanciando il \u201cpret a coiffer\u201d un evento eccezionale per la moda capelli.<\/p>\n<p>Il Tg2 Salute li ha pi\u00f9 volte intervistati  per consigli  sui capelli e in particolare  sui servizi di colorazione, in cui gli specialisti del gruppo si distinguono. E, infatti, di Renato Gervasi e Salvo Filetti l\u2019originale studio di Cromoterapia che ha individuato  nel 1998 (anno dell\u2019exploit internazionale dell\u2019uso del colore puro blu, viola, verde, ecc) il collegamento tra nuances dei capelli e temperamento psicologico. <\/p>\n<p>Presenti come consulenti su alcuni dei pi\u00f9 noti rotocalchi femminili, gli stilisti di Compagnia della Bellezza, raggiungono con i loro consigli e le loro\u201dcoccole\u201d le donne italiane, curandone l\u2019immagine e il benessere in nome di un\u2019armonia globale; numerose infatti le pubblicazioni su prestigiose riviste di moda quali Vogue, Book, Bazar, Donna Moderna, Amica, Marie Claire, Grazia. <\/p>\n<p>Compagnia della Bellezza \u00e8 associata alla Camera Nazionale della Moda, accanto alle principali griffe internazionali ed \u00e8 l\u2019unico operatore del settore hair care che ne fa parte.<\/p>\n<p><a href=\"http:\/\/www.compagniadellabellezza.com\" target=\"_blank\">Parrucchieri<\/a> &#8211; Compagnia della Bellezza<\/p>\n","protected":false},"excerpt":{"rendered":"<p>Nata nel 1992, Compagnia della bellezza, con 280 ateliers sparsi sul territorio nazionale, pi\u00f9 sedi in Usa, Per\u00f9, Svizzera, Israele, Barcellona, Parigi, Francoforte, e a breve Londra e New York, si afferma come il pi\u00f9 grande franchising italiano di parrucchieri.<\/p>\n","protected":false},"author":10,"featured_media":0,"comment_status":"open","ping_status":"open","sticky":false,"template":"","format":"standard","meta":{"cybocfi_hide_featured_image":"","footnotes":""},"categories":[129],"tags":[21522,21523,13743],"class_list":["post-11580","post","type-post","status-publish","format-standard","hentry","category-aziende","tag-compagnia-della-bellezza","tag-franchising-parrucchieri","tag-parrucchieri"],"yoast_head":"<!-- This site is optimized with the Yoast SEO plugin v27.0 - https:\/\/yoast.com\/product\/yoast-seo-wordpress\/ -->\n<title>Parrucchieri Compagnia della Bellezza - Article Marketing<\/title>\n<meta name=\"robots\" content=\"index, follow, max-snippet:-1, max-image-preview:large, max-video-preview:-1\" \/>\n<link rel=\"canonical\" href=\"https:\/\/www.article-marketing.eu\/comunicati\/economia-e-lavoro\/aziende\/parrucchieri-compagnia-della-bellezza\/\" \/>\n<meta property=\"og:locale\" content=\"it_IT\" \/>\n<meta property=\"og:type\" content=\"article\" \/>\n<meta property=\"og:title\" content=\"Parrucchieri Compagnia della Bellezza - Article Marketing\" \/>\n<meta property=\"og:description\" content=\"Nata nel 1992, Compagnia della bellezza, con 280 ateliers sparsi sul territorio nazionale, pi\u00f9 sedi in Usa, Per\u00f9, Svizzera, Israele, Barcellona, Parigi, Francoforte, e a breve Londra e New York, si afferma come il pi\u00f9 grande franchising italiano di parrucchieri.\" \/>\n<meta property=\"og:url\" content=\"https:\/\/www.article-marketing.eu\/comunicati\/economia-e-lavoro\/aziende\/parrucchieri-compagnia-della-bellezza\/\" \/>\n<meta property=\"og:site_name\" content=\"Article Marketing\" \/>\n<meta property=\"article:published_time\" content=\"2009-02-16T13:22:06+00:00\" \/>\n<meta name=\"author\" content=\"Redazione Comunicati Stampa\" \/>\n<meta name=\"twitter:card\" content=\"summary_large_image\" \/>\n<meta name=\"twitter:label1\" content=\"Scritto da\" \/>\n\t<meta name=\"twitter:data1\" content=\"Redazione Comunicati Stampa\" \/>\n\t<meta name=\"twitter:label2\" content=\"Tempo di lettura stimato\" \/>\n\t<meta name=\"twitter:data2\" content=\"3 minuti\" \/>\n<script type=\"application\/ld+json\" class=\"yoast-schema-graph\">{\"@context\":\"https:\/\/schema.org\",\"@graph\":[{\"@type\":\"Article\",\"@id\":\"https:\/\/www.article-marketing.eu\/comunicati\/economia-e-lavoro\/aziende\/parrucchieri-compagnia-della-bellezza\/#article\",\"isPartOf\":{\"@id\":\"https:\/\/www.article-marketing.eu\/comunicati\/economia-e-lavoro\/aziende\/parrucchieri-compagnia-della-bellezza\/\"},\"author\":{\"name\":\"Redazione Comunicati Stampa\",\"@id\":\"https:\/\/www.article-marketing.eu\/comunicati\/#\/schema\/person\/44372e4d4d0fa797b18e03ed1ace9017\"},\"headline\":\"Parrucchieri Compagnia della Bellezza\",\"datePublished\":\"2009-02-16T13:22:06+00:00\",\"mainEntityOfPage\":{\"@id\":\"https:\/\/www.article-marketing.eu\/comunicati\/economia-e-lavoro\/aziende\/parrucchieri-compagnia-della-bellezza\/\"},\"wordCount\":528,\"commentCount\":0,\"keywords\":[\"compagnia della bellezza\",\"franchising parrucchieri\",\"parrucchieri\"],\"articleSection\":[\"Aziende\"],\"inLanguage\":\"it-IT\",\"potentialAction\":[{\"@type\":\"CommentAction\",\"name\":\"Comment\",\"target\":[\"https:\/\/www.article-marketing.eu\/comunicati\/economia-e-lavoro\/aziende\/parrucchieri-compagnia-della-bellezza\/#respond\"]}]},{\"@type\":\"WebPage\",\"@id\":\"https:\/\/www.article-marketing.eu\/comunicati\/economia-e-lavoro\/aziende\/parrucchieri-compagnia-della-bellezza\/\",\"url\":\"https:\/\/www.article-marketing.eu\/comunicati\/economia-e-lavoro\/aziende\/parrucchieri-compagnia-della-bellezza\/\",\"name\":\"Parrucchieri Compagnia della Bellezza - Article Marketing\",\"isPartOf\":{\"@id\":\"https:\/\/www.article-marketing.eu\/comunicati\/#website\"},\"datePublished\":\"2009-02-16T13:22:06+00:00\",\"author\":{\"@id\":\"https:\/\/www.article-marketing.eu\/comunicati\/#\/schema\/person\/44372e4d4d0fa797b18e03ed1ace9017\"},\"breadcrumb\":{\"@id\":\"https:\/\/www.article-marketing.eu\/comunicati\/economia-e-lavoro\/aziende\/parrucchieri-compagnia-della-bellezza\/#breadcrumb\"},\"inLanguage\":\"it-IT\",\"potentialAction\":[{\"@type\":\"ReadAction\",\"target\":[\"https:\/\/www.article-marketing.eu\/comunicati\/economia-e-lavoro\/aziende\/parrucchieri-compagnia-della-bellezza\/\"]}]},{\"@type\":\"BreadcrumbList\",\"@id\":\"https:\/\/www.article-marketing.eu\/comunicati\/economia-e-lavoro\/aziende\/parrucchieri-compagnia-della-bellezza\/#breadcrumb\",\"itemListElement\":[{\"@type\":\"ListItem\",\"position\":1,\"name\":\"Home\",\"item\":\"https:\/\/www.article-marketing.eu\/comunicati\/\"},{\"@type\":\"ListItem\",\"position\":2,\"name\":\"Parrucchieri Compagnia della Bellezza\"}]},{\"@type\":\"WebSite\",\"@id\":\"https:\/\/www.article-marketing.eu\/comunicati\/#website\",\"url\":\"https:\/\/www.article-marketing.eu\/comunicati\/\",\"name\":\"Article Marketing\",\"description\":\"article marketing &amp; press release\",\"potentialAction\":[{\"@type\":\"SearchAction\",\"target\":{\"@type\":\"EntryPoint\",\"urlTemplate\":\"https:\/\/www.article-marketing.eu\/comunicati\/?s={search_term_string}\"},\"query-input\":{\"@type\":\"PropertyValueSpecification\",\"valueRequired\":true,\"valueName\":\"search_term_string\"}}],\"inLanguage\":\"it-IT\"},{\"@type\":\"Person\",\"@id\":\"https:\/\/www.article-marketing.eu\/comunicati\/#\/schema\/person\/44372e4d4d0fa797b18e03ed1ace9017\",\"name\":\"Redazione Comunicati Stampa\",\"image\":{\"@type\":\"ImageObject\",\"inLanguage\":\"it-IT\",\"@id\":\"https:\/\/www.article-marketing.eu\/comunicati\/#\/schema\/person\/image\/\",\"url\":\"https:\/\/secure.gravatar.com\/avatar\/50e5c6421d3072f42e7ace803501602c60d75233d34e29fd05feb91c8760b792?s=96&d=mm&r=g\",\"contentUrl\":\"https:\/\/secure.gravatar.com\/avatar\/50e5c6421d3072f42e7ace803501602c60d75233d34e29fd05feb91c8760b792?s=96&d=mm&r=g\",\"caption\":\"Redazione Comunicati Stampa\"},\"url\":\"https:\/\/www.article-marketing.eu\/comunicati\/author\/redazione-comunicati-stampa\/\"}]}<\/script>\n<!-- \/ Yoast SEO plugin. -->","yoast_head_json":{"title":"Parrucchieri Compagnia della Bellezza - Article Marketing","robots":{"index":"index","follow":"follow","max-snippet":"max-snippet:-1","max-image-preview":"max-image-preview:large","max-video-preview":"max-video-preview:-1"},"canonical":"https:\/\/www.article-marketing.eu\/comunicati\/economia-e-lavoro\/aziende\/parrucchieri-compagnia-della-bellezza\/","og_locale":"it_IT","og_type":"article","og_title":"Parrucchieri Compagnia della Bellezza - Article Marketing","og_description":"Nata nel 1992, Compagnia della bellezza, con 280 ateliers sparsi sul territorio nazionale, pi\u00f9 sedi in Usa, Per\u00f9, Svizzera, Israele, Barcellona, Parigi, Francoforte, e a breve Londra e New York, si afferma come il pi\u00f9 grande franchising italiano di parrucchieri.","og_url":"https:\/\/www.article-marketing.eu\/comunicati\/economia-e-lavoro\/aziende\/parrucchieri-compagnia-della-bellezza\/","og_site_name":"Article Marketing","article_published_time":"2009-02-16T13:22:06+00:00","author":"Redazione Comunicati Stampa","twitter_card":"summary_large_image","twitter_misc":{"Scritto da":"Redazione Comunicati Stampa","Tempo di lettura stimato":"3 minuti"},"schema":{"@context":"https:\/\/schema.org","@graph":[{"@type":"Article","@id":"https:\/\/www.article-marketing.eu\/comunicati\/economia-e-lavoro\/aziende\/parrucchieri-compagnia-della-bellezza\/#article","isPartOf":{"@id":"https:\/\/www.article-marketing.eu\/comunicati\/economia-e-lavoro\/aziende\/parrucchieri-compagnia-della-bellezza\/"},"author":{"name":"Redazione Comunicati Stampa","@id":"https:\/\/www.article-marketing.eu\/comunicati\/#\/schema\/person\/44372e4d4d0fa797b18e03ed1ace9017"},"headline":"Parrucchieri Compagnia della Bellezza","datePublished":"2009-02-16T13:22:06+00:00","mainEntityOfPage":{"@id":"https:\/\/www.article-marketing.eu\/comunicati\/economia-e-lavoro\/aziende\/parrucchieri-compagnia-della-bellezza\/"},"wordCount":528,"commentCount":0,"keywords":["compagnia della bellezza","franchising parrucchieri","parrucchieri"],"articleSection":["Aziende"],"inLanguage":"it-IT","potentialAction":[{"@type":"CommentAction","name":"Comment","target":["https:\/\/www.article-marketing.eu\/comunicati\/economia-e-lavoro\/aziende\/parrucchieri-compagnia-della-bellezza\/#respond"]}]},{"@type":"WebPage","@id":"https:\/\/www.article-marketing.eu\/comunicati\/economia-e-lavoro\/aziende\/parrucchieri-compagnia-della-bellezza\/","url":"https:\/\/www.article-marketing.eu\/comunicati\/economia-e-lavoro\/aziende\/parrucchieri-compagnia-della-bellezza\/","name":"Parrucchieri Compagnia della Bellezza - Article Marketing","isPartOf":{"@id":"https:\/\/www.article-marketing.eu\/comunicati\/#website"},"datePublished":"2009-02-16T13:22:06+00:00","author":{"@id":"https:\/\/www.article-marketing.eu\/comunicati\/#\/schema\/person\/44372e4d4d0fa797b18e03ed1ace9017"},"breadcrumb":{"@id":"https:\/\/www.article-marketing.eu\/comunicati\/economia-e-lavoro\/aziende\/parrucchieri-compagnia-della-bellezza\/#breadcrumb"},"inLanguage":"it-IT","potentialAction":[{"@type":"ReadAction","target":["https:\/\/www.article-marketing.eu\/comunicati\/economia-e-lavoro\/aziende\/parrucchieri-compagnia-della-bellezza\/"]}]},{"@type":"BreadcrumbList","@id":"https:\/\/www.article-marketing.eu\/comunicati\/economia-e-lavoro\/aziende\/parrucchieri-compagnia-della-bellezza\/#breadcrumb","itemListElement":[{"@type":"ListItem","position":1,"name":"Home","item":"https:\/\/www.article-marketing.eu\/comunicati\/"},{"@type":"ListItem","position":2,"name":"Parrucchieri Compagnia della Bellezza"}]},{"@type":"WebSite","@id":"https:\/\/www.article-marketing.eu\/comunicati\/#website","url":"https:\/\/www.article-marketing.eu\/comunicati\/","name":"Article Marketing","description":"article marketing &amp; press release","potentialAction":[{"@type":"SearchAction","target":{"@type":"EntryPoint","urlTemplate":"https:\/\/www.article-marketing.eu\/comunicati\/?s={search_term_string}"},"query-input":{"@type":"PropertyValueSpecification","valueRequired":true,"valueName":"search_term_string"}}],"inLanguage":"it-IT"},{"@type":"Person","@id":"https:\/\/www.article-marketing.eu\/comunicati\/#\/schema\/person\/44372e4d4d0fa797b18e03ed1ace9017","name":"Redazione Comunicati Stampa","image":{"@type":"ImageObject","inLanguage":"it-IT","@id":"https:\/\/www.article-marketing.eu\/comunicati\/#\/schema\/person\/image\/","url":"https:\/\/secure.gravatar.com\/avatar\/50e5c6421d3072f42e7ace803501602c60d75233d34e29fd05feb91c8760b792?s=96&d=mm&r=g","contentUrl":"https:\/\/secure.gravatar.com\/avatar\/50e5c6421d3072f42e7ace803501602c60d75233d34e29fd05feb91c8760b792?s=96&d=mm&r=g","caption":"Redazione Comunicati Stampa"},"url":"https:\/\/www.article-marketing.eu\/comunicati\/author\/redazione-comunicati-stampa\/"}]}},"_links":{"self":[{"href":"https:\/\/www.article-marketing.eu\/comunicati\/wp-json\/wp\/v2\/posts\/11580","targetHints":{"allow":["GET"]}}],"collection":[{"href":"https:\/\/www.article-marketing.eu\/comunicati\/wp-json\/wp\/v2\/posts"}],"about":[{"href":"https:\/\/www.article-marketing.eu\/comunicati\/wp-json\/wp\/v2\/types\/post"}],"author":[{"embeddable":true,"href":"https:\/\/www.article-marketing.eu\/comunicati\/wp-json\/wp\/v2\/users\/10"}],"replies":[{"embeddable":true,"href":"https:\/\/www.article-marketing.eu\/comunicati\/wp-json\/wp\/v2\/comments?post=11580"}],"version-history":[{"count":0,"href":"https:\/\/www.article-marketing.eu\/comunicati\/wp-json\/wp\/v2\/posts\/11580\/revisions"}],"wp:attachment":[{"href":"https:\/\/www.article-marketing.eu\/comunicati\/wp-json\/wp\/v2\/media?parent=11580"}],"wp:term":[{"taxonomy":"category","embeddable":true,"href":"https:\/\/www.article-marketing.eu\/comunicati\/wp-json\/wp\/v2\/categories?post=11580"},{"taxonomy":"post_tag","embeddable":true,"href":"https:\/\/www.article-marketing.eu\/comunicati\/wp-json\/wp\/v2\/tags?post=11580"}],"curies":[{"name":"wp","href":"https:\/\/api.w.org\/{rel}","templated":true}]}}