{"id":11597,"date":"2009-05-04T19:59:44","date_gmt":"2009-05-04T17:59:44","guid":{"rendered":"http:\/\/www.article-marketing.eu\/comunicati\/senza-categoria\/dare-colore-al-mercato-del-futuro-covegno-a-montecatini-terme-il-giorno-8-maggio-2009-sulle-nuove-tendenze-del-colore\/"},"modified":"2009-05-04T19:59:44","modified_gmt":"2009-05-04T17:59:44","slug":"dare-colore-al-mercato-del-futuro-covegno-a-montecatini-terme-il-giorno-8-maggio-2009-sulle-nuove-tendenze-del-colore","status":"publish","type":"post","link":"https:\/\/www.article-marketing.eu\/comunicati\/comunicati-stampa\/eventi\/dare-colore-al-mercato-del-futuro-covegno-a-montecatini-terme-il-giorno-8-maggio-2009-sulle-nuove-tendenze-del-colore\/","title":{"rendered":"Convegno sulle nuove tendenze del colore: &#8221; Il colore che verr\u00e0 &#8220;"},"content":{"rendered":"<p style=\"MARGIN: 0cm 0cm 10pt\">Covema Vernici Spa e l&#8217;Istituto del Colore presentano il convegno:<br \/>&quot; <strong>IL COLORE che VERRA&#8217;<\/strong> &quot; <br \/>Montecatini Terme, venerd\u00ec 8 Maggio 2009, Sala congressi del Grand Hotel Vittoria, Viale della Libert\u00e0 2\/A<\/p>\n<p style=\"MARGIN: 0cm 0cm 10pt\" align=\"center\">&nbsp;<\/p>\n<p style=\"LINE-HEIGHT: normal\">E&#8217; la tradizionale proposta di&nbsp;un evento a tema per presentare&nbsp;agli operatori del settore i&nbsp;&quot;progetti novit\u00e0&quot; dell&#8217;anno e dibattere insieme su temi inerenti al mondo del colore.<br \/>Il convegno 2009, dal titolo <strong>&quot;DARE COLORE al MERCATO del FUTURO&quot;<\/strong>, si divide in due&nbsp;parti e ribadisce la ferma volont\u00e0 di un&#8217; azienda&nbsp;ad affrontare le attuali difficili situazioni di mercato operando su tre fronti: <strong><em>PENSIERO a COLORI, CAMBIAMENTO e AZIONE.<\/em><\/strong><br \/>Investire una giornata di lavoro in questo particolare 2009 per provare a sentire qualche cosa di &quot;diverso&quot; pu\u00f2 essere di stimolo al necessario cambiamento che questi tempi difficili&nbsp;spesso richiedono e impongono.<\/p>\n<p>Gli argomenti della&nbsp;proposta di quest&#8217;anno sono di notevole interesse e sono divisi in due sessioni.<br \/>La prima parte dell&#8217;incontro, intitolata <strong>&quot;IL COLORE CHE VERRA&#8217;&quot;<\/strong> sar\u00e0 dedicata alla presentazione della nuova collezione <strong>COLORETREND 2010-2011<\/strong> che, giunta alla sua terza edizione,&nbsp;si \u00e8 qualificata come vera specialista sul tema del colore.<\/p>\n<p>Gli esperti dell&#8217;Istituto del Colore racconteranno i nuovi segnali che arrivano, in giro per il mondo, dai mercati&nbsp;complementari al&nbsp;settore del colore&nbsp;e come la nuova collezione \u00e8 stata pensata e organizzata, raccontando ambienti e stili di vita. <\/p>\n<p>Peraltro, proprio all&#8217;inizio di quest&#8217;anno, COLORETREND ha ottenuto anche il prestigioso premio <u><strong>&quot;COOLBRANDS 2009&quot;<\/strong><\/u>, che viene riconosciuto da una qualificata giuria alle marche italiane pi\u00f9 &quot;cool&quot;, cio\u00e8 pi\u00f9 innovative e di tendenza.<\/p>\n<p>Ecco il <strong>programma della mattinata<\/strong>:<strong><br \/><\/strong>Ore 9,30 &#8211; Arrivo e registrazione partecipanti<strong><br \/><\/strong>Ore 10,00 &#8211; <strong>Dare colore al mercato del futuro<\/strong> &#8211; Gianni Martinetti<strong><br \/><\/strong>Ore 10,30 &#8211; <strong>Linguaggio, percezione, armonia e psicologia del colore<\/strong> &#8211; Fulvio Beretta<strong><br \/><\/strong>Ore 11,00 &#8211; Break<strong><br \/><\/strong>Ore 11,15 &#8211; <strong>Le tendenze colore per gli interni dei prossimi anni<\/strong> &#8211; Orietta Pelizzari<strong><br \/><\/strong>Ore 12,00 &#8211; <strong>Coloretrend 2010-2011 &#8211; Colori che raccontano tendenze e stili di vita<\/strong> &#8211; Orietta Pelizzari<strong><br \/><\/strong>Ore 13,00 &#8211; Pranzo a buffet<strong><br \/><\/strong><br \/>Nella seconda parte della giornata, intitolata <strong>&quot;DARE COLORE al MERCATO del FUTURO&quot;<\/strong> un esperto esterno, Alberto Goffy, dar\u00e0 alcuni spunti operativi su come affrontare il mercato in questi momenti di incertezza. <\/p>\n<p style=\"LINE-HEIGHT: normal\">Ecco il <strong>programma del pomeriggio:<br \/><\/strong>Ore 14,30 &#8211; <strong>&quot;Non \u00e8 il pi\u00f9 forte della specie che sopravvive, ma il pi\u00f9 reattivo al cambiamento&quot; <\/strong>&#8211; Alberto Goffy<strong><br \/><\/strong>Ore 15,30 &#8211; <strong>ARCHICOLOR &#8211; Le tendenze colori per esterno <\/strong>&#8211; Gianni Martinetti<strong><br \/><\/strong>Ore 16,00 &#8211;<strong> Le novit\u00e0 COVEMA 2009 e le visioni aziendali del prossimo futuro<br \/><\/strong>Ore 17,00 &#8211; Chiusura dei lavori<strong><\/p>\n<p><\/strong>Nella giornata del <strong>7 e dell&#8217;8 Maggio<\/strong> verranno anche esposti i lavori che hanno partecipato al concorso <strong>&quot;ARCHITETTURA e COLORE&quot;<\/strong>, sponsorizzato dalla&nbsp;Covema Vernici&nbsp;per raccogliere e valorizzare i progetti che pongono il colore come &quot;sostantivo&quot; dell&#8217;intervento e della progettazione architettonica.<\/p>\n<p>Una giornata ricca di spunti e di riflessioni a cui gli imprenditori che vogliono <strong>dare colore al proprio mercato del futuro<\/strong> non possono mancare.<\/p>\n<p>Per informazioni e approfondimenti: <a title=\"Covema Vernici\" href=\"http:\/\/www.covemavernici.com\/\" target=\"_blank\">www.covemavernici.com<\/a><\/p>\n","protected":false},"excerpt":{"rendered":"<p>Le tendenze colore per l&#8217;architettura di interni dei prossimi anni derivano le loro origini dai settori pi\u00f9 variegati fra i quali l&#8217;architettura, l&#8217;arredamento, la moda, il design, l&#8217;elettronica, l&#8217;automotive.<br \/>\nUn insieme di &#8220;contaminazioni&#8221; originali che possono essere osservate nelle realizzazioni degli ultimi negozi di tendenza inaugurati nelle varie citt\u00e0 del mondo, nelle collezioni delle grandi firme, negli hotel e nei locali pi\u00f9 all&#8217;avanguardia, nelle creazioni dei grandi designer o nei cataloghi dei produttori di mobili e arredamenti d&#8217;interni.<\/p>\n","protected":false},"author":10,"featured_media":0,"comment_status":"open","ping_status":"open","sticky":false,"template":"","format":"standard","meta":{"cybocfi_hide_featured_image":"","footnotes":""},"categories":[388],"tags":[5123,21550,78,21548,2466,6543,21546,21551,1107,21547,1424,21549],"class_list":["post-11597","post","type-post","status-publish","format-standard","hentry","category-eventi","tag-architetti","tag-architettura-dinterni","tag-colore","tag-colorificio","tag-convegno","tag-covema-vernici","tag-dare-colore-al-mercato-del-futuro","tag-desiger-dinterni","tag-design","tag-il-colore-che-verra","tag-interni","tag-tendenze-colore"],"yoast_head":"<!-- This site is optimized with the Yoast SEO plugin v27.0 - https:\/\/yoast.com\/product\/yoast-seo-wordpress\/ -->\n<title>Convegno sulle nuove tendenze del colore: &quot; Il colore che verr\u00e0 &quot; - Article Marketing<\/title>\n<meta name=\"robots\" content=\"index, follow, max-snippet:-1, max-image-preview:large, max-video-preview:-1\" \/>\n<link rel=\"canonical\" href=\"https:\/\/www.article-marketing.eu\/comunicati\/comunicati-stampa\/eventi\/dare-colore-al-mercato-del-futuro-covegno-a-montecatini-terme-il-giorno-8-maggio-2009-sulle-nuove-tendenze-del-colore\/\" \/>\n<meta property=\"og:locale\" content=\"it_IT\" \/>\n<meta property=\"og:type\" content=\"article\" \/>\n<meta property=\"og:title\" content=\"Convegno sulle nuove tendenze del colore: &quot; Il colore che verr\u00e0 &quot; - Article Marketing\" \/>\n<meta property=\"og:description\" content=\"Le tendenze colore per l&#039;architettura di interni dei prossimi anni derivano le loro origini dai settori pi\u00f9 variegati fra i quali l&#039;architettura, l&#039;arredamento, la moda, il design, l&#039;elettronica, l&#039;automotive. Un insieme di &quot;contaminazioni&quot; originali che possono essere osservate nelle realizzazioni degli ultimi negozi di tendenza inaugurati nelle varie citt\u00e0 del mondo, nelle collezioni delle grandi firme, negli hotel e nei locali pi\u00f9 all&#039;avanguardia, nelle creazioni dei grandi designer o nei cataloghi dei produttori di mobili e arredamenti d&#039;interni.\" \/>\n<meta property=\"og:url\" content=\"https:\/\/www.article-marketing.eu\/comunicati\/comunicati-stampa\/eventi\/dare-colore-al-mercato-del-futuro-covegno-a-montecatini-terme-il-giorno-8-maggio-2009-sulle-nuove-tendenze-del-colore\/\" \/>\n<meta property=\"og:site_name\" content=\"Article Marketing\" \/>\n<meta property=\"article:published_time\" content=\"2009-05-04T17:59:44+00:00\" \/>\n<meta name=\"author\" content=\"Redazione Comunicati Stampa\" \/>\n<meta name=\"twitter:card\" content=\"summary_large_image\" \/>\n<meta name=\"twitter:label1\" content=\"Scritto da\" \/>\n\t<meta name=\"twitter:data1\" content=\"Redazione Comunicati Stampa\" \/>\n\t<meta name=\"twitter:label2\" content=\"Tempo di lettura stimato\" \/>\n\t<meta name=\"twitter:data2\" content=\"2 minuti\" \/>\n<script type=\"application\/ld+json\" class=\"yoast-schema-graph\">{\"@context\":\"https:\/\/schema.org\",\"@graph\":[{\"@type\":\"Article\",\"@id\":\"https:\/\/www.article-marketing.eu\/comunicati\/comunicati-stampa\/eventi\/dare-colore-al-mercato-del-futuro-covegno-a-montecatini-terme-il-giorno-8-maggio-2009-sulle-nuove-tendenze-del-colore\/#article\",\"isPartOf\":{\"@id\":\"https:\/\/www.article-marketing.eu\/comunicati\/comunicati-stampa\/eventi\/dare-colore-al-mercato-del-futuro-covegno-a-montecatini-terme-il-giorno-8-maggio-2009-sulle-nuove-tendenze-del-colore\/\"},\"author\":{\"name\":\"Redazione Comunicati Stampa\",\"@id\":\"https:\/\/www.article-marketing.eu\/comunicati\/#\/schema\/person\/44372e4d4d0fa797b18e03ed1ace9017\"},\"headline\":\"Convegno sulle nuove tendenze del colore: &#8221; Il colore che verr\u00e0 &#8220;\",\"datePublished\":\"2009-05-04T17:59:44+00:00\",\"mainEntityOfPage\":{\"@id\":\"https:\/\/www.article-marketing.eu\/comunicati\/comunicati-stampa\/eventi\/dare-colore-al-mercato-del-futuro-covegno-a-montecatini-terme-il-giorno-8-maggio-2009-sulle-nuove-tendenze-del-colore\/\"},\"wordCount\":520,\"commentCount\":0,\"keywords\":[\"Architetti\",\"architettura d'interni\",\"colore\",\"colorificio\",\"convegno\",\"Covema Vernici\",\"dare colore al mercato del futuro\",\"desiger d'interni\",\"design\",\"il colore che verr\u00e0\",\"interni\",\"tendenze colore\"],\"articleSection\":[\"Eventi\"],\"inLanguage\":\"it-IT\",\"potentialAction\":[{\"@type\":\"CommentAction\",\"name\":\"Comment\",\"target\":[\"https:\/\/www.article-marketing.eu\/comunicati\/comunicati-stampa\/eventi\/dare-colore-al-mercato-del-futuro-covegno-a-montecatini-terme-il-giorno-8-maggio-2009-sulle-nuove-tendenze-del-colore\/#respond\"]}]},{\"@type\":\"WebPage\",\"@id\":\"https:\/\/www.article-marketing.eu\/comunicati\/comunicati-stampa\/eventi\/dare-colore-al-mercato-del-futuro-covegno-a-montecatini-terme-il-giorno-8-maggio-2009-sulle-nuove-tendenze-del-colore\/\",\"url\":\"https:\/\/www.article-marketing.eu\/comunicati\/comunicati-stampa\/eventi\/dare-colore-al-mercato-del-futuro-covegno-a-montecatini-terme-il-giorno-8-maggio-2009-sulle-nuove-tendenze-del-colore\/\",\"name\":\"Convegno sulle nuove tendenze del colore: \\\" Il colore che verr\u00e0 \\\" - Article Marketing\",\"isPartOf\":{\"@id\":\"https:\/\/www.article-marketing.eu\/comunicati\/#website\"},\"datePublished\":\"2009-05-04T17:59:44+00:00\",\"author\":{\"@id\":\"https:\/\/www.article-marketing.eu\/comunicati\/#\/schema\/person\/44372e4d4d0fa797b18e03ed1ace9017\"},\"breadcrumb\":{\"@id\":\"https:\/\/www.article-marketing.eu\/comunicati\/comunicati-stampa\/eventi\/dare-colore-al-mercato-del-futuro-covegno-a-montecatini-terme-il-giorno-8-maggio-2009-sulle-nuove-tendenze-del-colore\/#breadcrumb\"},\"inLanguage\":\"it-IT\",\"potentialAction\":[{\"@type\":\"ReadAction\",\"target\":[\"https:\/\/www.article-marketing.eu\/comunicati\/comunicati-stampa\/eventi\/dare-colore-al-mercato-del-futuro-covegno-a-montecatini-terme-il-giorno-8-maggio-2009-sulle-nuove-tendenze-del-colore\/\"]}]},{\"@type\":\"BreadcrumbList\",\"@id\":\"https:\/\/www.article-marketing.eu\/comunicati\/comunicati-stampa\/eventi\/dare-colore-al-mercato-del-futuro-covegno-a-montecatini-terme-il-giorno-8-maggio-2009-sulle-nuove-tendenze-del-colore\/#breadcrumb\",\"itemListElement\":[{\"@type\":\"ListItem\",\"position\":1,\"name\":\"Home\",\"item\":\"https:\/\/www.article-marketing.eu\/comunicati\/\"},{\"@type\":\"ListItem\",\"position\":2,\"name\":\"Convegno sulle nuove tendenze del colore: &#8221; Il colore che verr\u00e0 &#8220;\"}]},{\"@type\":\"WebSite\",\"@id\":\"https:\/\/www.article-marketing.eu\/comunicati\/#website\",\"url\":\"https:\/\/www.article-marketing.eu\/comunicati\/\",\"name\":\"Article Marketing\",\"description\":\"article marketing &amp; press release\",\"potentialAction\":[{\"@type\":\"SearchAction\",\"target\":{\"@type\":\"EntryPoint\",\"urlTemplate\":\"https:\/\/www.article-marketing.eu\/comunicati\/?s={search_term_string}\"},\"query-input\":{\"@type\":\"PropertyValueSpecification\",\"valueRequired\":true,\"valueName\":\"search_term_string\"}}],\"inLanguage\":\"it-IT\"},{\"@type\":\"Person\",\"@id\":\"https:\/\/www.article-marketing.eu\/comunicati\/#\/schema\/person\/44372e4d4d0fa797b18e03ed1ace9017\",\"name\":\"Redazione Comunicati Stampa\",\"image\":{\"@type\":\"ImageObject\",\"inLanguage\":\"it-IT\",\"@id\":\"https:\/\/www.article-marketing.eu\/comunicati\/#\/schema\/person\/image\/\",\"url\":\"https:\/\/secure.gravatar.com\/avatar\/50e5c6421d3072f42e7ace803501602c60d75233d34e29fd05feb91c8760b792?s=96&d=mm&r=g\",\"contentUrl\":\"https:\/\/secure.gravatar.com\/avatar\/50e5c6421d3072f42e7ace803501602c60d75233d34e29fd05feb91c8760b792?s=96&d=mm&r=g\",\"caption\":\"Redazione Comunicati Stampa\"},\"url\":\"https:\/\/www.article-marketing.eu\/comunicati\/author\/redazione-comunicati-stampa\/\"}]}<\/script>\n<!-- \/ Yoast SEO plugin. -->","yoast_head_json":{"title":"Convegno sulle nuove tendenze del colore: \" Il colore che verr\u00e0 \" - Article Marketing","robots":{"index":"index","follow":"follow","max-snippet":"max-snippet:-1","max-image-preview":"max-image-preview:large","max-video-preview":"max-video-preview:-1"},"canonical":"https:\/\/www.article-marketing.eu\/comunicati\/comunicati-stampa\/eventi\/dare-colore-al-mercato-del-futuro-covegno-a-montecatini-terme-il-giorno-8-maggio-2009-sulle-nuove-tendenze-del-colore\/","og_locale":"it_IT","og_type":"article","og_title":"Convegno sulle nuove tendenze del colore: \" Il colore che verr\u00e0 \" - Article Marketing","og_description":"Le tendenze colore per l'architettura di interni dei prossimi anni derivano le loro origini dai settori pi\u00f9 variegati fra i quali l'architettura, l'arredamento, la moda, il design, l'elettronica, l'automotive. Un insieme di \"contaminazioni\" originali che possono essere osservate nelle realizzazioni degli ultimi negozi di tendenza inaugurati nelle varie citt\u00e0 del mondo, nelle collezioni delle grandi firme, negli hotel e nei locali pi\u00f9 all'avanguardia, nelle creazioni dei grandi designer o nei cataloghi dei produttori di mobili e arredamenti d'interni.","og_url":"https:\/\/www.article-marketing.eu\/comunicati\/comunicati-stampa\/eventi\/dare-colore-al-mercato-del-futuro-covegno-a-montecatini-terme-il-giorno-8-maggio-2009-sulle-nuove-tendenze-del-colore\/","og_site_name":"Article Marketing","article_published_time":"2009-05-04T17:59:44+00:00","author":"Redazione Comunicati Stampa","twitter_card":"summary_large_image","twitter_misc":{"Scritto da":"Redazione Comunicati Stampa","Tempo di lettura stimato":"2 minuti"},"schema":{"@context":"https:\/\/schema.org","@graph":[{"@type":"Article","@id":"https:\/\/www.article-marketing.eu\/comunicati\/comunicati-stampa\/eventi\/dare-colore-al-mercato-del-futuro-covegno-a-montecatini-terme-il-giorno-8-maggio-2009-sulle-nuove-tendenze-del-colore\/#article","isPartOf":{"@id":"https:\/\/www.article-marketing.eu\/comunicati\/comunicati-stampa\/eventi\/dare-colore-al-mercato-del-futuro-covegno-a-montecatini-terme-il-giorno-8-maggio-2009-sulle-nuove-tendenze-del-colore\/"},"author":{"name":"Redazione Comunicati Stampa","@id":"https:\/\/www.article-marketing.eu\/comunicati\/#\/schema\/person\/44372e4d4d0fa797b18e03ed1ace9017"},"headline":"Convegno sulle nuove tendenze del colore: &#8221; Il colore che verr\u00e0 &#8220;","datePublished":"2009-05-04T17:59:44+00:00","mainEntityOfPage":{"@id":"https:\/\/www.article-marketing.eu\/comunicati\/comunicati-stampa\/eventi\/dare-colore-al-mercato-del-futuro-covegno-a-montecatini-terme-il-giorno-8-maggio-2009-sulle-nuove-tendenze-del-colore\/"},"wordCount":520,"commentCount":0,"keywords":["Architetti","architettura d'interni","colore","colorificio","convegno","Covema Vernici","dare colore al mercato del futuro","desiger d'interni","design","il colore che verr\u00e0","interni","tendenze colore"],"articleSection":["Eventi"],"inLanguage":"it-IT","potentialAction":[{"@type":"CommentAction","name":"Comment","target":["https:\/\/www.article-marketing.eu\/comunicati\/comunicati-stampa\/eventi\/dare-colore-al-mercato-del-futuro-covegno-a-montecatini-terme-il-giorno-8-maggio-2009-sulle-nuove-tendenze-del-colore\/#respond"]}]},{"@type":"WebPage","@id":"https:\/\/www.article-marketing.eu\/comunicati\/comunicati-stampa\/eventi\/dare-colore-al-mercato-del-futuro-covegno-a-montecatini-terme-il-giorno-8-maggio-2009-sulle-nuove-tendenze-del-colore\/","url":"https:\/\/www.article-marketing.eu\/comunicati\/comunicati-stampa\/eventi\/dare-colore-al-mercato-del-futuro-covegno-a-montecatini-terme-il-giorno-8-maggio-2009-sulle-nuove-tendenze-del-colore\/","name":"Convegno sulle nuove tendenze del colore: \" Il colore che verr\u00e0 \" - Article Marketing","isPartOf":{"@id":"https:\/\/www.article-marketing.eu\/comunicati\/#website"},"datePublished":"2009-05-04T17:59:44+00:00","author":{"@id":"https:\/\/www.article-marketing.eu\/comunicati\/#\/schema\/person\/44372e4d4d0fa797b18e03ed1ace9017"},"breadcrumb":{"@id":"https:\/\/www.article-marketing.eu\/comunicati\/comunicati-stampa\/eventi\/dare-colore-al-mercato-del-futuro-covegno-a-montecatini-terme-il-giorno-8-maggio-2009-sulle-nuove-tendenze-del-colore\/#breadcrumb"},"inLanguage":"it-IT","potentialAction":[{"@type":"ReadAction","target":["https:\/\/www.article-marketing.eu\/comunicati\/comunicati-stampa\/eventi\/dare-colore-al-mercato-del-futuro-covegno-a-montecatini-terme-il-giorno-8-maggio-2009-sulle-nuove-tendenze-del-colore\/"]}]},{"@type":"BreadcrumbList","@id":"https:\/\/www.article-marketing.eu\/comunicati\/comunicati-stampa\/eventi\/dare-colore-al-mercato-del-futuro-covegno-a-montecatini-terme-il-giorno-8-maggio-2009-sulle-nuove-tendenze-del-colore\/#breadcrumb","itemListElement":[{"@type":"ListItem","position":1,"name":"Home","item":"https:\/\/www.article-marketing.eu\/comunicati\/"},{"@type":"ListItem","position":2,"name":"Convegno sulle nuove tendenze del colore: &#8221; Il colore che verr\u00e0 &#8220;"}]},{"@type":"WebSite","@id":"https:\/\/www.article-marketing.eu\/comunicati\/#website","url":"https:\/\/www.article-marketing.eu\/comunicati\/","name":"Article Marketing","description":"article marketing &amp; press release","potentialAction":[{"@type":"SearchAction","target":{"@type":"EntryPoint","urlTemplate":"https:\/\/www.article-marketing.eu\/comunicati\/?s={search_term_string}"},"query-input":{"@type":"PropertyValueSpecification","valueRequired":true,"valueName":"search_term_string"}}],"inLanguage":"it-IT"},{"@type":"Person","@id":"https:\/\/www.article-marketing.eu\/comunicati\/#\/schema\/person\/44372e4d4d0fa797b18e03ed1ace9017","name":"Redazione Comunicati Stampa","image":{"@type":"ImageObject","inLanguage":"it-IT","@id":"https:\/\/www.article-marketing.eu\/comunicati\/#\/schema\/person\/image\/","url":"https:\/\/secure.gravatar.com\/avatar\/50e5c6421d3072f42e7ace803501602c60d75233d34e29fd05feb91c8760b792?s=96&d=mm&r=g","contentUrl":"https:\/\/secure.gravatar.com\/avatar\/50e5c6421d3072f42e7ace803501602c60d75233d34e29fd05feb91c8760b792?s=96&d=mm&r=g","caption":"Redazione Comunicati Stampa"},"url":"https:\/\/www.article-marketing.eu\/comunicati\/author\/redazione-comunicati-stampa\/"}]}},"_links":{"self":[{"href":"https:\/\/www.article-marketing.eu\/comunicati\/wp-json\/wp\/v2\/posts\/11597","targetHints":{"allow":["GET"]}}],"collection":[{"href":"https:\/\/www.article-marketing.eu\/comunicati\/wp-json\/wp\/v2\/posts"}],"about":[{"href":"https:\/\/www.article-marketing.eu\/comunicati\/wp-json\/wp\/v2\/types\/post"}],"author":[{"embeddable":true,"href":"https:\/\/www.article-marketing.eu\/comunicati\/wp-json\/wp\/v2\/users\/10"}],"replies":[{"embeddable":true,"href":"https:\/\/www.article-marketing.eu\/comunicati\/wp-json\/wp\/v2\/comments?post=11597"}],"version-history":[{"count":0,"href":"https:\/\/www.article-marketing.eu\/comunicati\/wp-json\/wp\/v2\/posts\/11597\/revisions"}],"wp:attachment":[{"href":"https:\/\/www.article-marketing.eu\/comunicati\/wp-json\/wp\/v2\/media?parent=11597"}],"wp:term":[{"taxonomy":"category","embeddable":true,"href":"https:\/\/www.article-marketing.eu\/comunicati\/wp-json\/wp\/v2\/categories?post=11597"},{"taxonomy":"post_tag","embeddable":true,"href":"https:\/\/www.article-marketing.eu\/comunicati\/wp-json\/wp\/v2\/tags?post=11597"}],"curies":[{"name":"wp","href":"https:\/\/api.w.org\/{rel}","templated":true}]}}