{"id":11608,"date":"2009-06-10T13:20:25","date_gmt":"2009-06-10T11:20:25","guid":{"rendered":"http:\/\/www.article-marketing.eu\/comunicati\/senza-categoria\/advert-specialista-nel-settore-delle-comunicazioni-e-fiera-di-presentare-il-suo-prodotto-di-qualit%e0-ida-la-tua-segretaria-personale\/"},"modified":"2009-06-10T13:20:25","modified_gmt":"2009-06-10T11:20:25","slug":"advert-specialista-nel-settore-delle-comunicazioni-e-fiera-di-presentare-il-suo-prodotto-di-qualit%e0-ida-la-tua-segretaria-personale","status":"publish","type":"post","link":"https:\/\/www.article-marketing.eu\/comunicati\/comunicati-stampa\/prodotti\/advert-specialista-nel-settore-delle-comunicazioni-e-fiera-di-presentare-il-suo-prodotto-di-qualit%e0-ida-la-tua-segretaria-personale\/","title":{"rendered":"Advert, specialista nel settore delle comunicazioni, \u00e8 fiera di presentare il suo prodotto di qualit\u00e0: IDA la tua segretaria personale."},"content":{"rendered":"<p>Napoli, 9 giugno 2009<\/p>\n<p>Advert presenta il suo ultimo prodotto: la segretaria personale. IDA non \u00e8 una segretaria virtuale ma un\u2019assistente in carne ed ossa, che gestisce il tuo ufficio da remoto, tutti i giorni lavorativi secondo le procedure da te stabilite. IDA risponde al telefono e al tuo cellulare, gestisce tutte le tue telefonate, SMS, Email, la tua agenda e i tuoi fax.<\/p>\n<p>La relazione con il proprio cliente \u00e8 un momento di grande importanza per lo sviluppo ed il successo del proprio business. Perch\u00e9 quindi non affidarsi a chi ha fatto di questa attivit\u00e0 la propria professione? Da oggi potrai delegare la gestione delle tue relazioni esterne all\u2019affidabilit\u00e0 e alla competenza di IDA.<br \/>\nIDA si adatta ad ogni tipo di esigenza professionale ed economica: da 99 centesimi al giorno a un massimo di 16 \u20ac. Con IDA sarai finalmente libero da spese di stipendio, contributi, tfr o canoni telefonici.<br \/>\nScopri tutti i vantaggi di IDA, la tua segretaria personale.<br \/>\nVai su http:\/\/segretaria.advert.it\/<\/p>\n<p>Perfetta per superare i problemi economici ed organizzativi legati alla gestione interna del personale \u00e8 garantita dalla professionalit\u00e0 ed esperienza di Advert.<br \/>\nLa qualit\u00e0 della comunicazione \u00e8 ci\u00f2 che da sempre contraddistingue il call center, un\u2019agenzia che gestisce i punti critici del business aziendale, dal reclamo al recupero crediti. Affidarsi ad Advert significa fornire pi\u00f9 assistenza ai clienti e soprattutto dare una forza maggiore alla tua azienda. Una tecnologia al servizio della qualit\u00e0, non solo un call center.<\/p>\n<p>La qualit\u00e0 di Advert \u00e8 nei suoi operatori. La nostra azienda sostiene lo sviluppo delle risorse umane del territorio d&#8217;appartenenza e si propone come un&#8217;alternativa di qualit\u00e0 ai competitor di tutto il paese. La politica di lavoro di Advert \u00e8 incentrata sulla soddisfazione e sul sentimento d&#8217;appartenenza degli operatori. In questo modo stimoliamo i nostri dipendenti ad esprimere un elevato standard di professionalit\u00e0 duraturo nel tempo e a differenziarsi da molti addetti del settore, soprattutto al Nord Italia, che mostrano una scarsa partecipazione all&#8217;attivit\u00e0 dell&#8217;azienda, valutando il lavoro in un call center come una parentesi occasionale nella propria vita professionale e quindi, gioco forza, riponendovi poche speranze e poche risorse.<\/p>\n<p>Il nostro call center offre un&#8217;alternativa di valore e qualit\u00e0, proponendo agli operatori condizioni retributive e contrattuali serie e limpide e la possibilit\u00e0 di crescere e migliorare nel tempo, attraverso una formazione completa e continua. In un territorio caratterizzato dall&#8217;instabilit\u00e0 dell&#8217;occupazione, l&#8217;offerta della nostra azienda \u00e8 una garanzia per l&#8217;operatore, il quale motivato dalla sicurezza del lavoro produce servizi e assistenza di qualit\u00e0. Una qualit\u00e0 continuamente aggiornata e rimodellata secondo le esigenze dei clienti attraverso corsi di formazione del personale mensili che hanno lo scopo di migliorare e perfezionare gli operatori nei tre momenti fondamentali del contatto: l&#8217;accoglienza, la risoluzione dei problemi e la chiusura. Un&#8217;appartenenza all&#8217;azienda che avviene attraverso la condivisione degli obiettivi e delle conoscenze.<\/p>\n<p>Questa \u00e8 la forza della nostra azienda nel mercato locale e nazionale. I nostri operatori sono motivati dal guadagno e dalla certezza di crescere nella e con l&#8217;azienda. Advert un nuovo modo di fare call center, lontano dall&#8217;idea del lavoro passeggero, momentaneo e meccanico, con operatori insoddisfatti e in attesa di altre prospettive lavorative pi\u00f9 remunerative. Vicini, invece ad un&#8217;idea di call center come opportunit\u00e0 per dipendenti e aziende che vogliono professionalit\u00e0, sicurezza e soddisfazione.<\/p>\n","protected":false},"excerpt":{"rendered":"<p>Advert presenta il suo ultimo prodotto: la segretaria personale. IDA non \u00e8 una segretaria virtuale ma un\u2019assistente in carne ed ossa, che gestisce il tuo ufficio da remoto, tutti i giorni lavorativi secondo le procedure da te stabilite. IDA risponde al telefono e al tuo cellulare, gestisce tutte le tue telefonate, SMS, Email, la tua agenda e i tuoi fax.<\/p>\n","protected":false},"author":10,"featured_media":0,"comment_status":"open","ping_status":"open","sticky":false,"template":"","format":"standard","meta":{"cybocfi_hide_featured_image":"","footnotes":""},"categories":[212],"tags":[21611,21610,21613,21612,7922],"class_list":["post-11608","post","type-post","status-publish","format-standard","hentry","category-prodotti","tag-advert-call-center","tag-ida-sgretaria","tag-novita-advert","tag-prodotto-advert","tag-segretaria"],"yoast_head":"<!-- This site is optimized with the Yoast SEO plugin v27.0 - https:\/\/yoast.com\/product\/yoast-seo-wordpress\/ -->\n<title>Advert, specialista nel settore delle comunicazioni, \u00e8 fiera di presentare il suo prodotto di qualit\u00e0: IDA la tua segretaria personale. - Article Marketing<\/title>\n<meta name=\"robots\" content=\"index, follow, max-snippet:-1, max-image-preview:large, max-video-preview:-1\" \/>\n<link rel=\"canonical\" href=\"https:\/\/www.article-marketing.eu\/comunicati\/comunicati-stampa\/prodotti\/advert-specialista-nel-settore-delle-comunicazioni-e-fiera-di-presentare-il-suo-prodotto-di-qualit?-ida-la-tua-segretaria-personale\/\" \/>\n<meta property=\"og:locale\" content=\"it_IT\" \/>\n<meta property=\"og:type\" content=\"article\" \/>\n<meta property=\"og:title\" content=\"Advert, specialista nel settore delle comunicazioni, \u00e8 fiera di presentare il suo prodotto di qualit\u00e0: IDA la tua segretaria personale. - Article Marketing\" \/>\n<meta property=\"og:description\" content=\"Advert presenta il suo ultimo prodotto: la segretaria personale. IDA non \u00e8 una segretaria virtuale ma un\u2019assistente in carne ed ossa, che gestisce il tuo ufficio da remoto, tutti i giorni lavorativi secondo le procedure da te stabilite. IDA risponde al telefono e al tuo cellulare, gestisce tutte le tue telefonate, SMS, Email, la tua agenda e i tuoi fax.\" \/>\n<meta property=\"og:url\" content=\"\" \/>\n<meta property=\"og:site_name\" content=\"Article Marketing\" \/>\n<meta property=\"article:published_time\" content=\"2009-06-10T11:20:25+00:00\" \/>\n<meta name=\"author\" content=\"Redazione Comunicati Stampa\" \/>\n<meta name=\"twitter:card\" content=\"summary_large_image\" \/>\n<meta name=\"twitter:label1\" content=\"Scritto da\" \/>\n\t<meta name=\"twitter:data1\" content=\"Redazione Comunicati Stampa\" \/>\n\t<meta name=\"twitter:label2\" content=\"Tempo di lettura stimato\" \/>\n\t<meta name=\"twitter:data2\" content=\"3 minuti\" \/>\n<script type=\"application\/ld+json\" class=\"yoast-schema-graph\">{\"@context\":\"https:\/\/schema.org\",\"@graph\":[{\"@type\":\"Article\",\"@id\":\"https:\/\/www.article-marketing.eu\/comunicati\/comunicati-stampa\/prodotti\/advert-specialista-nel-settore-delle-comunicazioni-e-fiera-di-presentare-il-suo-prodotto-di-qualit%e0-ida-la-tua-segretaria-personale\/#article\",\"isPartOf\":{\"@id\":\"https:\/\/www.article-marketing.eu\/comunicati\/comunicati-stampa\/prodotti\/advert-specialista-nel-settore-delle-comunicazioni-e-fiera-di-presentare-il-suo-prodotto-di-qualit%e0-ida-la-tua-segretaria-personale\/\"},\"author\":{\"name\":\"Redazione Comunicati Stampa\",\"@id\":\"https:\/\/www.article-marketing.eu\/comunicati\/#\/schema\/person\/44372e4d4d0fa797b18e03ed1ace9017\"},\"headline\":\"Advert, specialista nel settore delle comunicazioni, \u00e8 fiera di presentare il suo prodotto di qualit\u00e0: IDA la tua segretaria personale.\",\"datePublished\":\"2009-06-10T11:20:25+00:00\",\"mainEntityOfPage\":{\"@id\":\"https:\/\/www.article-marketing.eu\/comunicati\/comunicati-stampa\/prodotti\/advert-specialista-nel-settore-delle-comunicazioni-e-fiera-di-presentare-il-suo-prodotto-di-qualit%e0-ida-la-tua-segretaria-personale\/\"},\"wordCount\":556,\"commentCount\":0,\"keywords\":[\"advert call center\",\"ida sgretaria\",\"novit\u00e0 advert\",\"prodotto advert\",\"Segretaria\"],\"articleSection\":[\"Prodotti\"],\"inLanguage\":\"it-IT\",\"potentialAction\":[{\"@type\":\"CommentAction\",\"name\":\"Comment\",\"target\":[\"https:\/\/www.article-marketing.eu\/comunicati\/comunicati-stampa\/prodotti\/advert-specialista-nel-settore-delle-comunicazioni-e-fiera-di-presentare-il-suo-prodotto-di-qualit%e0-ida-la-tua-segretaria-personale\/#respond\"]}]},{\"@type\":\"WebPage\",\"@id\":\"https:\/\/www.article-marketing.eu\/comunicati\/comunicati-stampa\/prodotti\/advert-specialista-nel-settore-delle-comunicazioni-e-fiera-di-presentare-il-suo-prodotto-di-qualit%e0-ida-la-tua-segretaria-personale\/\",\"url\":\"https:\/\/www.article-marketing.eu\/comunicati\/comunicati-stampa\/prodotti\/advert-specialista-nel-settore-delle-comunicazioni-e-fiera-di-presentare-il-suo-prodotto-di-qualit%e0-ida-la-tua-segretaria-personale\/\",\"name\":\"Advert, specialista nel settore delle comunicazioni, \u00e8 fiera di presentare il suo prodotto di qualit\u00e0: IDA la tua segretaria personale. - Article Marketing\",\"isPartOf\":{\"@id\":\"https:\/\/www.article-marketing.eu\/comunicati\/#website\"},\"datePublished\":\"2009-06-10T11:20:25+00:00\",\"author\":{\"@id\":\"https:\/\/www.article-marketing.eu\/comunicati\/#\/schema\/person\/44372e4d4d0fa797b18e03ed1ace9017\"},\"breadcrumb\":{\"@id\":\"https:\/\/www.article-marketing.eu\/comunicati\/comunicati-stampa\/prodotti\/advert-specialista-nel-settore-delle-comunicazioni-e-fiera-di-presentare-il-suo-prodotto-di-qualit%e0-ida-la-tua-segretaria-personale\/#breadcrumb\"},\"inLanguage\":\"it-IT\",\"potentialAction\":[{\"@type\":\"ReadAction\",\"target\":[\"https:\/\/www.article-marketing.eu\/comunicati\/comunicati-stampa\/prodotti\/advert-specialista-nel-settore-delle-comunicazioni-e-fiera-di-presentare-il-suo-prodotto-di-qualit%e0-ida-la-tua-segretaria-personale\/\"]}]},{\"@type\":\"BreadcrumbList\",\"@id\":\"https:\/\/www.article-marketing.eu\/comunicati\/comunicati-stampa\/prodotti\/advert-specialista-nel-settore-delle-comunicazioni-e-fiera-di-presentare-il-suo-prodotto-di-qualit%e0-ida-la-tua-segretaria-personale\/#breadcrumb\",\"itemListElement\":[{\"@type\":\"ListItem\",\"position\":1,\"name\":\"Home\",\"item\":\"https:\/\/www.article-marketing.eu\/comunicati\/\"},{\"@type\":\"ListItem\",\"position\":2,\"name\":\"Advert, specialista nel settore delle comunicazioni, \u00e8 fiera di presentare il suo prodotto di qualit\u00e0: IDA la tua segretaria personale.\"}]},{\"@type\":\"WebSite\",\"@id\":\"https:\/\/www.article-marketing.eu\/comunicati\/#website\",\"url\":\"https:\/\/www.article-marketing.eu\/comunicati\/\",\"name\":\"Article Marketing\",\"description\":\"article marketing &amp; press release\",\"potentialAction\":[{\"@type\":\"SearchAction\",\"target\":{\"@type\":\"EntryPoint\",\"urlTemplate\":\"https:\/\/www.article-marketing.eu\/comunicati\/?s={search_term_string}\"},\"query-input\":{\"@type\":\"PropertyValueSpecification\",\"valueRequired\":true,\"valueName\":\"search_term_string\"}}],\"inLanguage\":\"it-IT\"},{\"@type\":\"Person\",\"@id\":\"https:\/\/www.article-marketing.eu\/comunicati\/#\/schema\/person\/44372e4d4d0fa797b18e03ed1ace9017\",\"name\":\"Redazione Comunicati Stampa\",\"image\":{\"@type\":\"ImageObject\",\"inLanguage\":\"it-IT\",\"@id\":\"https:\/\/www.article-marketing.eu\/comunicati\/#\/schema\/person\/image\/\",\"url\":\"https:\/\/secure.gravatar.com\/avatar\/50e5c6421d3072f42e7ace803501602c60d75233d34e29fd05feb91c8760b792?s=96&d=mm&r=g\",\"contentUrl\":\"https:\/\/secure.gravatar.com\/avatar\/50e5c6421d3072f42e7ace803501602c60d75233d34e29fd05feb91c8760b792?s=96&d=mm&r=g\",\"caption\":\"Redazione Comunicati Stampa\"},\"url\":\"https:\/\/www.article-marketing.eu\/comunicati\/author\/redazione-comunicati-stampa\/\"}]}<\/script>\n<!-- \/ Yoast SEO plugin. -->","yoast_head_json":{"title":"Advert, specialista nel settore delle comunicazioni, \u00e8 fiera di presentare il suo prodotto di qualit\u00e0: IDA la tua segretaria personale. - Article Marketing","robots":{"index":"index","follow":"follow","max-snippet":"max-snippet:-1","max-image-preview":"max-image-preview:large","max-video-preview":"max-video-preview:-1"},"canonical":"https:\/\/www.article-marketing.eu\/comunicati\/comunicati-stampa\/prodotti\/advert-specialista-nel-settore-delle-comunicazioni-e-fiera-di-presentare-il-suo-prodotto-di-qualit?-ida-la-tua-segretaria-personale\/","og_locale":"it_IT","og_type":"article","og_title":"Advert, specialista nel settore delle comunicazioni, \u00e8 fiera di presentare il suo prodotto di qualit\u00e0: IDA la tua segretaria personale. - Article Marketing","og_description":"Advert presenta il suo ultimo prodotto: la segretaria personale. IDA non \u00e8 una segretaria virtuale ma un\u2019assistente in carne ed ossa, che gestisce il tuo ufficio da remoto, tutti i giorni lavorativi secondo le procedure da te stabilite. IDA risponde al telefono e al tuo cellulare, gestisce tutte le tue telefonate, SMS, Email, la tua agenda e i tuoi fax.","og_url":"https:\/\/www.article-marketing.eu\/comunicati\/comunicati-stampa\/prodotti\/advert-specialista-nel-settore-delle-comunicazioni-e-fiera-di-presentare-il-suo-prodotto-di-qualit?-ida-la-tua-segretaria-personale\/","og_site_name":"Article Marketing","article_published_time":"2009-06-10T11:20:25+00:00","author":"Redazione Comunicati Stampa","twitter_card":"summary_large_image","twitter_misc":{"Scritto da":"Redazione Comunicati Stampa","Tempo di lettura stimato":"3 minuti"},"schema":{"@context":"https:\/\/schema.org","@graph":[{"@type":"Article","@id":"https:\/\/www.article-marketing.eu\/comunicati\/comunicati-stampa\/prodotti\/advert-specialista-nel-settore-delle-comunicazioni-e-fiera-di-presentare-il-suo-prodotto-di-qualit%e0-ida-la-tua-segretaria-personale\/#article","isPartOf":{"@id":"https:\/\/www.article-marketing.eu\/comunicati\/comunicati-stampa\/prodotti\/advert-specialista-nel-settore-delle-comunicazioni-e-fiera-di-presentare-il-suo-prodotto-di-qualit%e0-ida-la-tua-segretaria-personale\/"},"author":{"name":"Redazione Comunicati Stampa","@id":"https:\/\/www.article-marketing.eu\/comunicati\/#\/schema\/person\/44372e4d4d0fa797b18e03ed1ace9017"},"headline":"Advert, specialista nel settore delle comunicazioni, \u00e8 fiera di presentare il suo prodotto di qualit\u00e0: IDA la tua segretaria personale.","datePublished":"2009-06-10T11:20:25+00:00","mainEntityOfPage":{"@id":"https:\/\/www.article-marketing.eu\/comunicati\/comunicati-stampa\/prodotti\/advert-specialista-nel-settore-delle-comunicazioni-e-fiera-di-presentare-il-suo-prodotto-di-qualit%e0-ida-la-tua-segretaria-personale\/"},"wordCount":556,"commentCount":0,"keywords":["advert call center","ida sgretaria","novit\u00e0 advert","prodotto advert","Segretaria"],"articleSection":["Prodotti"],"inLanguage":"it-IT","potentialAction":[{"@type":"CommentAction","name":"Comment","target":["https:\/\/www.article-marketing.eu\/comunicati\/comunicati-stampa\/prodotti\/advert-specialista-nel-settore-delle-comunicazioni-e-fiera-di-presentare-il-suo-prodotto-di-qualit%e0-ida-la-tua-segretaria-personale\/#respond"]}]},{"@type":"WebPage","@id":"https:\/\/www.article-marketing.eu\/comunicati\/comunicati-stampa\/prodotti\/advert-specialista-nel-settore-delle-comunicazioni-e-fiera-di-presentare-il-suo-prodotto-di-qualit%e0-ida-la-tua-segretaria-personale\/","url":"https:\/\/www.article-marketing.eu\/comunicati\/comunicati-stampa\/prodotti\/advert-specialista-nel-settore-delle-comunicazioni-e-fiera-di-presentare-il-suo-prodotto-di-qualit%e0-ida-la-tua-segretaria-personale\/","name":"Advert, specialista nel settore delle comunicazioni, \u00e8 fiera di presentare il suo prodotto di qualit\u00e0: IDA la tua segretaria personale. - Article Marketing","isPartOf":{"@id":"https:\/\/www.article-marketing.eu\/comunicati\/#website"},"datePublished":"2009-06-10T11:20:25+00:00","author":{"@id":"https:\/\/www.article-marketing.eu\/comunicati\/#\/schema\/person\/44372e4d4d0fa797b18e03ed1ace9017"},"breadcrumb":{"@id":"https:\/\/www.article-marketing.eu\/comunicati\/comunicati-stampa\/prodotti\/advert-specialista-nel-settore-delle-comunicazioni-e-fiera-di-presentare-il-suo-prodotto-di-qualit%e0-ida-la-tua-segretaria-personale\/#breadcrumb"},"inLanguage":"it-IT","potentialAction":[{"@type":"ReadAction","target":["https:\/\/www.article-marketing.eu\/comunicati\/comunicati-stampa\/prodotti\/advert-specialista-nel-settore-delle-comunicazioni-e-fiera-di-presentare-il-suo-prodotto-di-qualit%e0-ida-la-tua-segretaria-personale\/"]}]},{"@type":"BreadcrumbList","@id":"https:\/\/www.article-marketing.eu\/comunicati\/comunicati-stampa\/prodotti\/advert-specialista-nel-settore-delle-comunicazioni-e-fiera-di-presentare-il-suo-prodotto-di-qualit%e0-ida-la-tua-segretaria-personale\/#breadcrumb","itemListElement":[{"@type":"ListItem","position":1,"name":"Home","item":"https:\/\/www.article-marketing.eu\/comunicati\/"},{"@type":"ListItem","position":2,"name":"Advert, specialista nel settore delle comunicazioni, \u00e8 fiera di presentare il suo prodotto di qualit\u00e0: IDA la tua segretaria personale."}]},{"@type":"WebSite","@id":"https:\/\/www.article-marketing.eu\/comunicati\/#website","url":"https:\/\/www.article-marketing.eu\/comunicati\/","name":"Article Marketing","description":"article marketing &amp; press release","potentialAction":[{"@type":"SearchAction","target":{"@type":"EntryPoint","urlTemplate":"https:\/\/www.article-marketing.eu\/comunicati\/?s={search_term_string}"},"query-input":{"@type":"PropertyValueSpecification","valueRequired":true,"valueName":"search_term_string"}}],"inLanguage":"it-IT"},{"@type":"Person","@id":"https:\/\/www.article-marketing.eu\/comunicati\/#\/schema\/person\/44372e4d4d0fa797b18e03ed1ace9017","name":"Redazione Comunicati Stampa","image":{"@type":"ImageObject","inLanguage":"it-IT","@id":"https:\/\/www.article-marketing.eu\/comunicati\/#\/schema\/person\/image\/","url":"https:\/\/secure.gravatar.com\/avatar\/50e5c6421d3072f42e7ace803501602c60d75233d34e29fd05feb91c8760b792?s=96&d=mm&r=g","contentUrl":"https:\/\/secure.gravatar.com\/avatar\/50e5c6421d3072f42e7ace803501602c60d75233d34e29fd05feb91c8760b792?s=96&d=mm&r=g","caption":"Redazione Comunicati Stampa"},"url":"https:\/\/www.article-marketing.eu\/comunicati\/author\/redazione-comunicati-stampa\/"}]}},"_links":{"self":[{"href":"https:\/\/www.article-marketing.eu\/comunicati\/wp-json\/wp\/v2\/posts\/11608","targetHints":{"allow":["GET"]}}],"collection":[{"href":"https:\/\/www.article-marketing.eu\/comunicati\/wp-json\/wp\/v2\/posts"}],"about":[{"href":"https:\/\/www.article-marketing.eu\/comunicati\/wp-json\/wp\/v2\/types\/post"}],"author":[{"embeddable":true,"href":"https:\/\/www.article-marketing.eu\/comunicati\/wp-json\/wp\/v2\/users\/10"}],"replies":[{"embeddable":true,"href":"https:\/\/www.article-marketing.eu\/comunicati\/wp-json\/wp\/v2\/comments?post=11608"}],"version-history":[{"count":0,"href":"https:\/\/www.article-marketing.eu\/comunicati\/wp-json\/wp\/v2\/posts\/11608\/revisions"}],"wp:attachment":[{"href":"https:\/\/www.article-marketing.eu\/comunicati\/wp-json\/wp\/v2\/media?parent=11608"}],"wp:term":[{"taxonomy":"category","embeddable":true,"href":"https:\/\/www.article-marketing.eu\/comunicati\/wp-json\/wp\/v2\/categories?post=11608"},{"taxonomy":"post_tag","embeddable":true,"href":"https:\/\/www.article-marketing.eu\/comunicati\/wp-json\/wp\/v2\/tags?post=11608"}],"curies":[{"name":"wp","href":"https:\/\/api.w.org\/{rel}","templated":true}]}}