{"id":11675,"date":"2009-12-30T14:08:30","date_gmt":"2009-12-30T13:08:30","guid":{"rendered":"http:\/\/www.article-marketing.eu\/comunicati\/senza-categoria\/chirurgia-estetica-post-partum\/"},"modified":"2009-12-30T14:08:30","modified_gmt":"2009-12-30T13:08:30","slug":"chirurgia-estetica-post-partum","status":"publish","type":"post","link":"https:\/\/www.article-marketing.eu\/comunicati\/salute-e-benessere\/medicina\/chirurgia-estetica-post-partum\/","title":{"rendered":"CHIRURGIA ESTETICA POST-PARTUM"},"content":{"rendered":"<p>LaCLINIQUE\u00ae-Medicina e Chirurgia Estetica, organizzazione italiana di specialisti in medicina e chirurgia estetica, propone un insieme di interventi mirati per chi, dopo aver attraversato il gioioso momento della gravidanza, del parto e dell\u2019allattamento, si guarda allo specchio e non vede lo stesso riflesso di un tempo. Il periodo post-partum \u00e8 uno dei pi\u00f9 difficili che una donna attraversa nella vita. Chi riesce a recuperare la forma perfetta con il semplice aiuto di un personal trainer rappresenta un\u2019eccezione e, nella maggior parte dei casi, le donne non accettano i cambiamenti fisici subiti. La perdita della silhouette originaria comporta profonde conseguenze a livello psicologico: abbassamento del livello di autostima, infelicit\u00e0 e rapporti sociali vissuti male. Per attenuare la difficolt\u00e0 che il periodo post-partum porta con s\u00e9, la soluzione pi\u00f9 semplice \u00e8 il ricorso alla chirurgia estetica. Gravidanza, parto e allattamento determinano in una donna dei traumi fisici specifici che interventi mirati di chirurgia estetica possono risolvere in men che non si dica. Un intervento di addominoplastica, ad esempio, consente di eliminare l\u2019eccesso di grasso addominale, di rassodare chirurgicamente la struttura muscolare e, conseguentemente, della parete addominale. L\u2019addominoplastica \u00e8 una procedura tradizionale cui attualmente si affianca l\u2019innovativa tecnica nota come mini-addominoplastica, idonea soprattutto nei casi in cui l\u2019eccesso di pelle \u00e8 localizzato nella zona sotto-ombelicale. La mini-Addominoplastica \u00e8 normalmente indicata nei casi di eccesso cutaneo limitato alla porzione inferiore dell&#8217; addome, senza diastasi dei retti. In questa situazione \u00e8 possibile eseguire un intervento con cicatrici ridotte che non prevede il riposizionamento dell&#8217;ombelico, limitando lo scollamento cutaneo ed eventualmente associando una Liposuzione della parte alte dell\u2019addome. Se, invece, il problema \u00e8 il seno, ormai rilassato, svuotato ed implacabilmente abbassato in seguito all\u2019allattamento, \u00e8 consigliabile ricorrere ad un intervento di mastopessi. Questa procedura consente di eliminare la pelle in eccesso, risollevare la mammella nella sua posizione originale e restituire al seno l\u2019originaria bellezza e tonicit\u00e0. LaCLINIQUE\u00ae-Medicina e Chirurgia Estetica ti consiglia il Lifting del seno, in caso di<br \/>\nseno cadente<br \/>\nseno molle e rilassato, con pelle in eccesso<br \/>\nsvuotamento accompagnato da un rilassamento del seno, a causa di repentino dimagrimento, gravidanza, allattamento, fotoesposizione, ipersviluppo puberale od invecchiamento<br \/>\nin caso di capezzoli che puntano verso il basso e\/o piega sottomammaria abbondantemente coperta.<br \/>\nLa chirurgia estetica rende meno difficile il periodo post-parto, consentendo ad ogni donna di riappropriarsi del suo fascino, con risvolti positivi in termini di autostima e felicit\u00e0. Seguendo il progetto di riportarti alla tua forma ideale, LaCLINIQUE si prende cura di te, ti segue nel tuo percorso personale, mette a tua disposizione esperienza e professionalit\u00e0, per farti sentire mamma, ma soprattutto \u201cdonna\u201d!<\/p>\n","protected":false},"excerpt":{"rendered":"<p>Felicit\u00e0 ed autostima a rischio. Traumi fisici apparentemente irreversibili. La Chirurgia Estetica  \u00e8 con te!<\/p>\n","protected":false},"author":10,"featured_media":0,"comment_status":"open","ping_status":"open","sticky":false,"template":"","format":"standard","meta":{"cybocfi_hide_featured_image":"","footnotes":""},"categories":[70],"tags":[5582,21782,21783,21784],"class_list":["post-11675","post","type-post","status-publish","format-standard","hentry","category-medicina","tag-aumento-seno","tag-mastopessi","tag-plastica-seno","tag-rifarsi-il-seno"],"yoast_head":"<!-- This site is optimized with the Yoast SEO plugin v27.0 - https:\/\/yoast.com\/product\/yoast-seo-wordpress\/ -->\n<title>CHIRURGIA ESTETICA POST-PARTUM - Article Marketing<\/title>\n<meta name=\"robots\" content=\"index, follow, max-snippet:-1, max-image-preview:large, max-video-preview:-1\" \/>\n<link rel=\"canonical\" href=\"https:\/\/www.article-marketing.eu\/comunicati\/salute-e-benessere\/medicina\/chirurgia-estetica-post-partum\/\" \/>\n<meta property=\"og:locale\" content=\"it_IT\" \/>\n<meta property=\"og:type\" content=\"article\" \/>\n<meta property=\"og:title\" content=\"CHIRURGIA ESTETICA POST-PARTUM - Article Marketing\" \/>\n<meta property=\"og:description\" content=\"Felicit\u00e0 ed autostima a rischio. Traumi fisici apparentemente irreversibili. La Chirurgia Estetica \u00e8 con te!\" \/>\n<meta property=\"og:url\" content=\"https:\/\/www.article-marketing.eu\/comunicati\/salute-e-benessere\/medicina\/chirurgia-estetica-post-partum\/\" \/>\n<meta property=\"og:site_name\" content=\"Article Marketing\" \/>\n<meta property=\"article:published_time\" content=\"2009-12-30T13:08:30+00:00\" \/>\n<meta name=\"author\" content=\"Redazione Comunicati Stampa\" \/>\n<meta name=\"twitter:card\" content=\"summary_large_image\" \/>\n<meta name=\"twitter:label1\" content=\"Scritto da\" \/>\n\t<meta name=\"twitter:data1\" content=\"Redazione Comunicati Stampa\" \/>\n\t<meta name=\"twitter:label2\" content=\"Tempo di lettura stimato\" \/>\n\t<meta name=\"twitter:data2\" content=\"2 minuti\" \/>\n<script type=\"application\/ld+json\" class=\"yoast-schema-graph\">{\"@context\":\"https:\/\/schema.org\",\"@graph\":[{\"@type\":\"Article\",\"@id\":\"https:\/\/www.article-marketing.eu\/comunicati\/salute-e-benessere\/medicina\/chirurgia-estetica-post-partum\/#article\",\"isPartOf\":{\"@id\":\"https:\/\/www.article-marketing.eu\/comunicati\/salute-e-benessere\/medicina\/chirurgia-estetica-post-partum\/\"},\"author\":{\"name\":\"Redazione Comunicati Stampa\",\"@id\":\"https:\/\/www.article-marketing.eu\/comunicati\/#\/schema\/person\/44372e4d4d0fa797b18e03ed1ace9017\"},\"headline\":\"CHIRURGIA ESTETICA POST-PARTUM\",\"datePublished\":\"2009-12-30T13:08:30+00:00\",\"mainEntityOfPage\":{\"@id\":\"https:\/\/www.article-marketing.eu\/comunicati\/salute-e-benessere\/medicina\/chirurgia-estetica-post-partum\/\"},\"wordCount\":435,\"commentCount\":0,\"keywords\":[\"aumento seno\",\"mastopessi\",\"plastica seno\",\"rifarsi il seno\"],\"articleSection\":[\"Medicina\"],\"inLanguage\":\"it-IT\",\"potentialAction\":[{\"@type\":\"CommentAction\",\"name\":\"Comment\",\"target\":[\"https:\/\/www.article-marketing.eu\/comunicati\/salute-e-benessere\/medicina\/chirurgia-estetica-post-partum\/#respond\"]}]},{\"@type\":\"WebPage\",\"@id\":\"https:\/\/www.article-marketing.eu\/comunicati\/salute-e-benessere\/medicina\/chirurgia-estetica-post-partum\/\",\"url\":\"https:\/\/www.article-marketing.eu\/comunicati\/salute-e-benessere\/medicina\/chirurgia-estetica-post-partum\/\",\"name\":\"CHIRURGIA ESTETICA POST-PARTUM - Article Marketing\",\"isPartOf\":{\"@id\":\"https:\/\/www.article-marketing.eu\/comunicati\/#website\"},\"datePublished\":\"2009-12-30T13:08:30+00:00\",\"author\":{\"@id\":\"https:\/\/www.article-marketing.eu\/comunicati\/#\/schema\/person\/44372e4d4d0fa797b18e03ed1ace9017\"},\"breadcrumb\":{\"@id\":\"https:\/\/www.article-marketing.eu\/comunicati\/salute-e-benessere\/medicina\/chirurgia-estetica-post-partum\/#breadcrumb\"},\"inLanguage\":\"it-IT\",\"potentialAction\":[{\"@type\":\"ReadAction\",\"target\":[\"https:\/\/www.article-marketing.eu\/comunicati\/salute-e-benessere\/medicina\/chirurgia-estetica-post-partum\/\"]}]},{\"@type\":\"BreadcrumbList\",\"@id\":\"https:\/\/www.article-marketing.eu\/comunicati\/salute-e-benessere\/medicina\/chirurgia-estetica-post-partum\/#breadcrumb\",\"itemListElement\":[{\"@type\":\"ListItem\",\"position\":1,\"name\":\"Home\",\"item\":\"https:\/\/www.article-marketing.eu\/comunicati\/\"},{\"@type\":\"ListItem\",\"position\":2,\"name\":\"CHIRURGIA ESTETICA POST-PARTUM\"}]},{\"@type\":\"WebSite\",\"@id\":\"https:\/\/www.article-marketing.eu\/comunicati\/#website\",\"url\":\"https:\/\/www.article-marketing.eu\/comunicati\/\",\"name\":\"Article Marketing\",\"description\":\"article marketing &amp; press release\",\"potentialAction\":[{\"@type\":\"SearchAction\",\"target\":{\"@type\":\"EntryPoint\",\"urlTemplate\":\"https:\/\/www.article-marketing.eu\/comunicati\/?s={search_term_string}\"},\"query-input\":{\"@type\":\"PropertyValueSpecification\",\"valueRequired\":true,\"valueName\":\"search_term_string\"}}],\"inLanguage\":\"it-IT\"},{\"@type\":\"Person\",\"@id\":\"https:\/\/www.article-marketing.eu\/comunicati\/#\/schema\/person\/44372e4d4d0fa797b18e03ed1ace9017\",\"name\":\"Redazione Comunicati Stampa\",\"image\":{\"@type\":\"ImageObject\",\"inLanguage\":\"it-IT\",\"@id\":\"https:\/\/www.article-marketing.eu\/comunicati\/#\/schema\/person\/image\/\",\"url\":\"https:\/\/secure.gravatar.com\/avatar\/50e5c6421d3072f42e7ace803501602c60d75233d34e29fd05feb91c8760b792?s=96&d=mm&r=g\",\"contentUrl\":\"https:\/\/secure.gravatar.com\/avatar\/50e5c6421d3072f42e7ace803501602c60d75233d34e29fd05feb91c8760b792?s=96&d=mm&r=g\",\"caption\":\"Redazione Comunicati Stampa\"},\"url\":\"https:\/\/www.article-marketing.eu\/comunicati\/author\/redazione-comunicati-stampa\/\"}]}<\/script>\n<!-- \/ Yoast SEO plugin. -->","yoast_head_json":{"title":"CHIRURGIA ESTETICA POST-PARTUM - Article Marketing","robots":{"index":"index","follow":"follow","max-snippet":"max-snippet:-1","max-image-preview":"max-image-preview:large","max-video-preview":"max-video-preview:-1"},"canonical":"https:\/\/www.article-marketing.eu\/comunicati\/salute-e-benessere\/medicina\/chirurgia-estetica-post-partum\/","og_locale":"it_IT","og_type":"article","og_title":"CHIRURGIA ESTETICA POST-PARTUM - Article Marketing","og_description":"Felicit\u00e0 ed autostima a rischio. Traumi fisici apparentemente irreversibili. La Chirurgia Estetica \u00e8 con te!","og_url":"https:\/\/www.article-marketing.eu\/comunicati\/salute-e-benessere\/medicina\/chirurgia-estetica-post-partum\/","og_site_name":"Article Marketing","article_published_time":"2009-12-30T13:08:30+00:00","author":"Redazione Comunicati Stampa","twitter_card":"summary_large_image","twitter_misc":{"Scritto da":"Redazione Comunicati Stampa","Tempo di lettura stimato":"2 minuti"},"schema":{"@context":"https:\/\/schema.org","@graph":[{"@type":"Article","@id":"https:\/\/www.article-marketing.eu\/comunicati\/salute-e-benessere\/medicina\/chirurgia-estetica-post-partum\/#article","isPartOf":{"@id":"https:\/\/www.article-marketing.eu\/comunicati\/salute-e-benessere\/medicina\/chirurgia-estetica-post-partum\/"},"author":{"name":"Redazione Comunicati Stampa","@id":"https:\/\/www.article-marketing.eu\/comunicati\/#\/schema\/person\/44372e4d4d0fa797b18e03ed1ace9017"},"headline":"CHIRURGIA ESTETICA POST-PARTUM","datePublished":"2009-12-30T13:08:30+00:00","mainEntityOfPage":{"@id":"https:\/\/www.article-marketing.eu\/comunicati\/salute-e-benessere\/medicina\/chirurgia-estetica-post-partum\/"},"wordCount":435,"commentCount":0,"keywords":["aumento seno","mastopessi","plastica seno","rifarsi il seno"],"articleSection":["Medicina"],"inLanguage":"it-IT","potentialAction":[{"@type":"CommentAction","name":"Comment","target":["https:\/\/www.article-marketing.eu\/comunicati\/salute-e-benessere\/medicina\/chirurgia-estetica-post-partum\/#respond"]}]},{"@type":"WebPage","@id":"https:\/\/www.article-marketing.eu\/comunicati\/salute-e-benessere\/medicina\/chirurgia-estetica-post-partum\/","url":"https:\/\/www.article-marketing.eu\/comunicati\/salute-e-benessere\/medicina\/chirurgia-estetica-post-partum\/","name":"CHIRURGIA ESTETICA POST-PARTUM - Article Marketing","isPartOf":{"@id":"https:\/\/www.article-marketing.eu\/comunicati\/#website"},"datePublished":"2009-12-30T13:08:30+00:00","author":{"@id":"https:\/\/www.article-marketing.eu\/comunicati\/#\/schema\/person\/44372e4d4d0fa797b18e03ed1ace9017"},"breadcrumb":{"@id":"https:\/\/www.article-marketing.eu\/comunicati\/salute-e-benessere\/medicina\/chirurgia-estetica-post-partum\/#breadcrumb"},"inLanguage":"it-IT","potentialAction":[{"@type":"ReadAction","target":["https:\/\/www.article-marketing.eu\/comunicati\/salute-e-benessere\/medicina\/chirurgia-estetica-post-partum\/"]}]},{"@type":"BreadcrumbList","@id":"https:\/\/www.article-marketing.eu\/comunicati\/salute-e-benessere\/medicina\/chirurgia-estetica-post-partum\/#breadcrumb","itemListElement":[{"@type":"ListItem","position":1,"name":"Home","item":"https:\/\/www.article-marketing.eu\/comunicati\/"},{"@type":"ListItem","position":2,"name":"CHIRURGIA ESTETICA POST-PARTUM"}]},{"@type":"WebSite","@id":"https:\/\/www.article-marketing.eu\/comunicati\/#website","url":"https:\/\/www.article-marketing.eu\/comunicati\/","name":"Article Marketing","description":"article marketing &amp; press release","potentialAction":[{"@type":"SearchAction","target":{"@type":"EntryPoint","urlTemplate":"https:\/\/www.article-marketing.eu\/comunicati\/?s={search_term_string}"},"query-input":{"@type":"PropertyValueSpecification","valueRequired":true,"valueName":"search_term_string"}}],"inLanguage":"it-IT"},{"@type":"Person","@id":"https:\/\/www.article-marketing.eu\/comunicati\/#\/schema\/person\/44372e4d4d0fa797b18e03ed1ace9017","name":"Redazione Comunicati Stampa","image":{"@type":"ImageObject","inLanguage":"it-IT","@id":"https:\/\/www.article-marketing.eu\/comunicati\/#\/schema\/person\/image\/","url":"https:\/\/secure.gravatar.com\/avatar\/50e5c6421d3072f42e7ace803501602c60d75233d34e29fd05feb91c8760b792?s=96&d=mm&r=g","contentUrl":"https:\/\/secure.gravatar.com\/avatar\/50e5c6421d3072f42e7ace803501602c60d75233d34e29fd05feb91c8760b792?s=96&d=mm&r=g","caption":"Redazione Comunicati Stampa"},"url":"https:\/\/www.article-marketing.eu\/comunicati\/author\/redazione-comunicati-stampa\/"}]}},"_links":{"self":[{"href":"https:\/\/www.article-marketing.eu\/comunicati\/wp-json\/wp\/v2\/posts\/11675","targetHints":{"allow":["GET"]}}],"collection":[{"href":"https:\/\/www.article-marketing.eu\/comunicati\/wp-json\/wp\/v2\/posts"}],"about":[{"href":"https:\/\/www.article-marketing.eu\/comunicati\/wp-json\/wp\/v2\/types\/post"}],"author":[{"embeddable":true,"href":"https:\/\/www.article-marketing.eu\/comunicati\/wp-json\/wp\/v2\/users\/10"}],"replies":[{"embeddable":true,"href":"https:\/\/www.article-marketing.eu\/comunicati\/wp-json\/wp\/v2\/comments?post=11675"}],"version-history":[{"count":0,"href":"https:\/\/www.article-marketing.eu\/comunicati\/wp-json\/wp\/v2\/posts\/11675\/revisions"}],"wp:attachment":[{"href":"https:\/\/www.article-marketing.eu\/comunicati\/wp-json\/wp\/v2\/media?parent=11675"}],"wp:term":[{"taxonomy":"category","embeddable":true,"href":"https:\/\/www.article-marketing.eu\/comunicati\/wp-json\/wp\/v2\/categories?post=11675"},{"taxonomy":"post_tag","embeddable":true,"href":"https:\/\/www.article-marketing.eu\/comunicati\/wp-json\/wp\/v2\/tags?post=11675"}],"curies":[{"name":"wp","href":"https:\/\/api.w.org\/{rel}","templated":true}]}}