{"id":11713,"date":"2010-02-09T17:47:43","date_gmt":"2010-02-09T16:47:43","guid":{"rendered":"http:\/\/www.article-marketing.eu\/comunicati\/senza-categoria\/il-portogallo-e-le-sue-difficolt%e0\/"},"modified":"2018-07-10T04:05:57","modified_gmt":"2018-07-10T02:05:57","slug":"il-portogallo-e-le-sue-difficolt%e0","status":"publish","type":"post","link":"https:\/\/www.article-marketing.eu\/comunicati\/arte-e-cultura\/giornalismo\/il-portogallo-e-le-sue-difficolt%e0\/","title":{"rendered":"Il Portogallo e le sue difficolt\u00e0."},"content":{"rendered":"<p>\u00abPigs\u00bb, porci, li chiamano i me\u00addia<br \/>\nanglosassoni dalle iniziali di Portogallo, Irlanda, Grecia e Spa\u00adgna. O<br \/>\nanche Piigs, aggiungendo\u00adci l&#8217;Italia. E se la maggior parte dei Paesi<br \/>\nche tanto turbano i sonni degli investitori in realt\u00e0 non sta affatto<br \/>\npeggio della Gran Breta\u00adgna, vale il vecchio detto \u00abQuod licet Iovi,<br \/>\nnon licet bovi\u00bb: c&#8217;\u00e8 chi pu\u00f2&#8230; e c&#8217;\u00e8 chi, come il Portogal\u00adlo, si vede<br \/>\nprecipitare da un gior\u00adno all&#8217;altro nel baratro della dif\u00adfidenza.<br \/>Di<br \/>\nessere in questo baratro un go\u00adverno si rende conto quando gli<br \/>\ninvestitori si fanno pregare a sot\u00adtoscrivere prestiti e chiedono<br \/>\ntas\u00adsi d&#8217;interesse sensibilmente pi\u00f9 alti di quelli pagati dalla<br \/>\nGerma\u00adnia (che \u00e8 il benchmark). Il Por\u00adtogallo \u00e8 stato promosso ad un<br \/>\nruolo di centro dell&#8217;attenzione de\u00adgli operatori del mondo intero,<br \/>\nscrive Nuno Serafim, analista di Ig Markets, \u00abpelas piores raz\u00f5es\u00bb, per<br \/>\ni peggiori motivi. Il tasso sui ti\u00adtoli di Stato decennali \u00e8 arrivato a<br \/>\n4,72%. L&#8217;indicatore pi\u00f9 sintetico di questa malevola attenzione \u00e8 per\u00f2<br \/>\nil livello dei credit default swaps, che sono intorno a 160 punti base<br \/>\n(400 per la Grecia, il cui default \u00e8 considerato probabi\u00adle) dopo aver fatto registrare un massimo di 230 e oltre.<br \/>Ma<br \/>\nil Portogallo non \u00e8 come la Grecia. Le sue finanze non sono mai state<br \/>\naltrettanto disinvolte e le sue statistiche mai altrettanto menzognere.<br \/>\nNegli scorsi due de\u00adcenni vi sono state numerose pri\u00advatizzazioni e<br \/>\nliberalizzazioni, in\u00adclusi i settori della finanza e del\u00adle telecom. Il<br \/>\nPaese \u00e8 membro dell&#8217;unione monetaria dal 1998 e dal 2002 vi circolano<br \/>\nle monete e le banconote in euro. La cresci\u00adta economica si \u00e8 mantenuta<br \/>\nal di sopra della media dell&#8217;Unione europea per tutti gli anni Novan\u00adta<br \/>\nanche se ha rallentato nel nuo\u00advo millennio, facendo segnare nei tre<br \/>\nultimi anni tassi reali di au\u00admento del PIL dell&#8217;1,9, 0 e -3,3%. Il<br \/>\nlivello attuale del PIL pro capi\u00adte \u00e8 pari ai due terzi della media<br \/>\ndell&#8217;Unione.<br \/>Il problema, casomai, \u00e8 che co\u00adme in Grecia le misure<br \/>\ndi austeri\u00adt\u00e0 stanno incontrando l&#8217;opposi\u00adzione attiva di vasti ceti<br \/>\ndanneg\u00adgiati dal tiro di cinghia. Per di pi\u00f9, il governo socialista \u00e8<br \/>\nun gover\u00adno di minoranza, dunque in es\u00adsenza debole e provvisorio.<br \/>\nPro\u00adprio negli ultimi giorni il Parla\u00admento ha passato una legge sul\u00adla<br \/>\nfinanza regionale che devia dal\u00adla \u00abretta via\u00bb del riequilibrio<br \/>\nfi\u00adscale. Un brutto segnale, ha com\u00admentato il ministro delle Finan\u00adze<br \/>\nFernando Teixeira dos Santos, che ha subito dichiarato che si dar\u00e0 da<br \/>\nfare perch\u00e9 la legge non venga applicata. Ma la posizione del<br \/>\nPortogallo, ha aggiunto, in re\u00adalt\u00e0 \u00e8 gestibile. \u00abI nostri<br \/>\nfonda\u00admentali mi sembrano buoni\u00bb, ha detto: \u00abAbbiamo gi\u00e0 implementa\u00adto<br \/>\nimportanti riforme strutturali nella sicurezza sociale,<br \/>\nnell&#8217;am\u00administrazione pubblica &#8211; un bel po&#8217; di importanti cambiamenti<br \/>\nper modernizzare il Paese, innal\u00adzare la competitivit\u00e0 e migliora\u00adre la<br \/>\nqualificazione delle nostre risorse umane\u00bb.<br \/>Restano per\u00f2 le cifre<br \/>\nche sangui\u00adnano: un deficit pubblico al 9,3% e debito dello Stato al<br \/>\n76,6% del Prodotto interno lordo. Un recen\u00adte<br \/>\nstudio effettuato dal colosso bancario Unicredit ha trovato che il<br \/>\nPortogallo \u00abha forti squilibri fi\u00adscali e di bilancia commerciale.<br \/>\nInoltre, il suo approccio per ri\u00adportare il deficit fiscale in<br \/>\ncarreg\u00adgiata \u00e8 troppo tiepido, tenuto an\u00adche conto che nel 2010 le<br \/>\nprevi\u00adsioni sono ancora di un calo del PIL (-1%)\u00bb. Di pi\u00f9: il governo<br \/>\ndi Lisbona &#8211; scrive sempre Unicre\u00addit &#8211; ha una maggioranza labile, \u00abe<br \/>\nnon sembra in grado di fare le riforme necessarie\u00bb.<br \/>Purtroppo,<br \/>\nquesta sembra esse\u00adre anche l&#8217;opinione dei signori della finanza, che<br \/>\nnelle ultime settimane stanno concentrando le loro zampate contro<br \/>\nl&#8217;euro nel\u00adla persuasione che i Paesi mino\u00adri siano davvero nei guai &#8211;<br \/>\ne che neppure in via officiosa i Paesi pi\u00f9 forti intendano farsi<br \/>\ngaranti dei loro debiti. Che i debitori debba\u00adno assoggettarsi a<br \/>\nqualche anno di vacche magre \u00e8 ormai incon\u00adtestabile, ma nell&#8217;Unione<br \/>\nnessun Paese vuole apparire lo Shylock di turno che obbliga i piccoli a<br \/>\nvi\u00advere male. E se lo facesse l&#8217;FMI, che in questo campo \u00e8 del tutto<br \/>\nspudorato e alle manifestazioni di protesta non fa neanche pi\u00f9 caso,<br \/>\nsarebbe per l&#8217;Europa un du\u00adplice smacco: mostrerebbe che l&#8217;unione<br \/>\nmonetaria dell&#8217;euro non basta a s\u00e9 stessa e darebbe voce in capitolo<br \/>\nagli Stati Uniti, che del Fondo sono i veri burattinai.<strong><br \/>Paolo Brera.<br \/><\/strong>Foto<strong> : <\/strong>Fernando Teixeira dos Santos.<strong><\/strong><strong><\/strong><\/p>\n","protected":false},"excerpt":{"rendered":"<p>Disavanzo e debito pubblico fuori dalle norme UE.Un recente studio di Unicredit ha evidenziato come il Portogallo abbia forti squilibri fiscali e di bilancia com\u00admerciale &#8211; Inoltre, il suo approccio per riportare il defi\u00adcit fiscale in carreggiata \u00e8 considerato troppo tiepido.\u00abPigs\u00bb, porci, li chiamano i me\u00addia anglosassoni dalle iniziali di Portogallo, Irlanda, Grecia e Spa\u00adgna. O anche Piigs, aggiungendo\u00adci l&#8217;Italia.<\/p>\n","protected":false},"author":10,"featured_media":0,"comment_status":"open","ping_status":"open","sticky":false,"template":"","format":"standard","meta":{"cybocfi_hide_featured_image":"","footnotes":""},"categories":[218],"tags":[],"class_list":["post-11713","post","type-post","status-publish","format-standard","hentry","category-giornalismo"],"yoast_head":"<!-- This site is optimized with the Yoast SEO plugin v27.0 - https:\/\/yoast.com\/product\/yoast-seo-wordpress\/ -->\n<title>Il Portogallo e le sue difficolt\u00e0. - Article Marketing<\/title>\n<meta name=\"robots\" content=\"index, follow, max-snippet:-1, max-image-preview:large, max-video-preview:-1\" \/>\n<link rel=\"canonical\" href=\"https:\/\/www.article-marketing.eu\/comunicati\/arte-e-cultura\/giornalismo\/il-portogallo-e-le-sue-difficolt?\/\" \/>\n<meta property=\"og:locale\" content=\"it_IT\" \/>\n<meta property=\"og:type\" content=\"article\" \/>\n<meta property=\"og:title\" content=\"Il Portogallo e le sue difficolt\u00e0. - Article Marketing\" \/>\n<meta property=\"og:description\" content=\"Disavanzo e debito pubblico fuori dalle norme UE.Un recente studio di Unicredit ha evidenziato come il Portogallo abbia forti squilibri fiscali e di bilancia com\u00admerciale - Inoltre, il suo approccio per riportare il defi\u00adcit fiscale in carreggiata \u00e8 considerato troppo tiepido.\u00abPigs\u00bb, porci, li chiamano i me\u00addia anglosassoni dalle iniziali di Portogallo, Irlanda, Grecia e Spa\u00adgna. O anche Piigs, aggiungendo\u00adci l&#039;Italia.\" \/>\n<meta property=\"og:url\" content=\"\" \/>\n<meta property=\"og:site_name\" content=\"Article Marketing\" \/>\n<meta property=\"article:published_time\" content=\"2010-02-09T16:47:43+00:00\" \/>\n<meta property=\"article:modified_time\" content=\"2018-07-10T02:05:57+00:00\" \/>\n<meta name=\"author\" content=\"Redazione Comunicati Stampa\" \/>\n<meta name=\"twitter:card\" content=\"summary_large_image\" \/>\n<meta name=\"twitter:label1\" content=\"Scritto da\" \/>\n\t<meta name=\"twitter:data1\" content=\"Redazione Comunicati Stampa\" \/>\n\t<meta name=\"twitter:label2\" content=\"Tempo di lettura stimato\" \/>\n\t<meta name=\"twitter:data2\" content=\"4 minuti\" \/>\n<script type=\"application\/ld+json\" class=\"yoast-schema-graph\">{\"@context\":\"https:\/\/schema.org\",\"@graph\":[{\"@type\":\"Article\",\"@id\":\"https:\/\/www.article-marketing.eu\/comunicati\/arte-e-cultura\/giornalismo\/il-portogallo-e-le-sue-difficolt%e0\/#article\",\"isPartOf\":{\"@id\":\"https:\/\/www.article-marketing.eu\/comunicati\/arte-e-cultura\/giornalismo\/il-portogallo-e-le-sue-difficolt%e0\/\"},\"author\":{\"name\":\"Redazione Comunicati Stampa\",\"@id\":\"https:\/\/www.article-marketing.eu\/comunicati\/#\/schema\/person\/44372e4d4d0fa797b18e03ed1ace9017\"},\"headline\":\"Il Portogallo e le sue difficolt\u00e0.\",\"datePublished\":\"2010-02-09T16:47:43+00:00\",\"dateModified\":\"2018-07-10T02:05:57+00:00\",\"mainEntityOfPage\":{\"@id\":\"https:\/\/www.article-marketing.eu\/comunicati\/arte-e-cultura\/giornalismo\/il-portogallo-e-le-sue-difficolt%e0\/\"},\"wordCount\":729,\"commentCount\":0,\"articleSection\":[\"Giornalismo\"],\"inLanguage\":\"it-IT\",\"potentialAction\":[{\"@type\":\"CommentAction\",\"name\":\"Comment\",\"target\":[\"https:\/\/www.article-marketing.eu\/comunicati\/arte-e-cultura\/giornalismo\/il-portogallo-e-le-sue-difficolt%e0\/#respond\"]}]},{\"@type\":\"WebPage\",\"@id\":\"https:\/\/www.article-marketing.eu\/comunicati\/arte-e-cultura\/giornalismo\/il-portogallo-e-le-sue-difficolt%e0\/\",\"url\":\"https:\/\/www.article-marketing.eu\/comunicati\/arte-e-cultura\/giornalismo\/il-portogallo-e-le-sue-difficolt%e0\/\",\"name\":\"Il Portogallo e le sue difficolt\u00e0. - Article Marketing\",\"isPartOf\":{\"@id\":\"https:\/\/www.article-marketing.eu\/comunicati\/#website\"},\"datePublished\":\"2010-02-09T16:47:43+00:00\",\"dateModified\":\"2018-07-10T02:05:57+00:00\",\"author\":{\"@id\":\"https:\/\/www.article-marketing.eu\/comunicati\/#\/schema\/person\/44372e4d4d0fa797b18e03ed1ace9017\"},\"breadcrumb\":{\"@id\":\"https:\/\/www.article-marketing.eu\/comunicati\/arte-e-cultura\/giornalismo\/il-portogallo-e-le-sue-difficolt%e0\/#breadcrumb\"},\"inLanguage\":\"it-IT\",\"potentialAction\":[{\"@type\":\"ReadAction\",\"target\":[\"https:\/\/www.article-marketing.eu\/comunicati\/arte-e-cultura\/giornalismo\/il-portogallo-e-le-sue-difficolt%e0\/\"]}]},{\"@type\":\"BreadcrumbList\",\"@id\":\"https:\/\/www.article-marketing.eu\/comunicati\/arte-e-cultura\/giornalismo\/il-portogallo-e-le-sue-difficolt%e0\/#breadcrumb\",\"itemListElement\":[{\"@type\":\"ListItem\",\"position\":1,\"name\":\"Home\",\"item\":\"https:\/\/www.article-marketing.eu\/comunicati\/\"},{\"@type\":\"ListItem\",\"position\":2,\"name\":\"Il Portogallo e le sue difficolt\u00e0.\"}]},{\"@type\":\"WebSite\",\"@id\":\"https:\/\/www.article-marketing.eu\/comunicati\/#website\",\"url\":\"https:\/\/www.article-marketing.eu\/comunicati\/\",\"name\":\"Article Marketing\",\"description\":\"article marketing &amp; press release\",\"potentialAction\":[{\"@type\":\"SearchAction\",\"target\":{\"@type\":\"EntryPoint\",\"urlTemplate\":\"https:\/\/www.article-marketing.eu\/comunicati\/?s={search_term_string}\"},\"query-input\":{\"@type\":\"PropertyValueSpecification\",\"valueRequired\":true,\"valueName\":\"search_term_string\"}}],\"inLanguage\":\"it-IT\"},{\"@type\":\"Person\",\"@id\":\"https:\/\/www.article-marketing.eu\/comunicati\/#\/schema\/person\/44372e4d4d0fa797b18e03ed1ace9017\",\"name\":\"Redazione Comunicati Stampa\",\"image\":{\"@type\":\"ImageObject\",\"inLanguage\":\"it-IT\",\"@id\":\"https:\/\/www.article-marketing.eu\/comunicati\/#\/schema\/person\/image\/\",\"url\":\"https:\/\/secure.gravatar.com\/avatar\/50e5c6421d3072f42e7ace803501602c60d75233d34e29fd05feb91c8760b792?s=96&d=mm&r=g\",\"contentUrl\":\"https:\/\/secure.gravatar.com\/avatar\/50e5c6421d3072f42e7ace803501602c60d75233d34e29fd05feb91c8760b792?s=96&d=mm&r=g\",\"caption\":\"Redazione Comunicati Stampa\"},\"url\":\"https:\/\/www.article-marketing.eu\/comunicati\/author\/redazione-comunicati-stampa\/\"}]}<\/script>\n<!-- \/ Yoast SEO plugin. -->","yoast_head_json":{"title":"Il Portogallo e le sue difficolt\u00e0. - Article Marketing","robots":{"index":"index","follow":"follow","max-snippet":"max-snippet:-1","max-image-preview":"max-image-preview:large","max-video-preview":"max-video-preview:-1"},"canonical":"https:\/\/www.article-marketing.eu\/comunicati\/arte-e-cultura\/giornalismo\/il-portogallo-e-le-sue-difficolt?\/","og_locale":"it_IT","og_type":"article","og_title":"Il Portogallo e le sue difficolt\u00e0. - Article Marketing","og_description":"Disavanzo e debito pubblico fuori dalle norme UE.Un recente studio di Unicredit ha evidenziato come il Portogallo abbia forti squilibri fiscali e di bilancia com\u00admerciale - Inoltre, il suo approccio per riportare il defi\u00adcit fiscale in carreggiata \u00e8 considerato troppo tiepido.\u00abPigs\u00bb, porci, li chiamano i me\u00addia anglosassoni dalle iniziali di Portogallo, Irlanda, Grecia e Spa\u00adgna. O anche Piigs, aggiungendo\u00adci l'Italia.","og_url":"https:\/\/www.article-marketing.eu\/comunicati\/arte-e-cultura\/giornalismo\/il-portogallo-e-le-sue-difficolt?\/","og_site_name":"Article Marketing","article_published_time":"2010-02-09T16:47:43+00:00","article_modified_time":"2018-07-10T02:05:57+00:00","author":"Redazione Comunicati Stampa","twitter_card":"summary_large_image","twitter_misc":{"Scritto da":"Redazione Comunicati Stampa","Tempo di lettura stimato":"4 minuti"},"schema":{"@context":"https:\/\/schema.org","@graph":[{"@type":"Article","@id":"https:\/\/www.article-marketing.eu\/comunicati\/arte-e-cultura\/giornalismo\/il-portogallo-e-le-sue-difficolt%e0\/#article","isPartOf":{"@id":"https:\/\/www.article-marketing.eu\/comunicati\/arte-e-cultura\/giornalismo\/il-portogallo-e-le-sue-difficolt%e0\/"},"author":{"name":"Redazione Comunicati Stampa","@id":"https:\/\/www.article-marketing.eu\/comunicati\/#\/schema\/person\/44372e4d4d0fa797b18e03ed1ace9017"},"headline":"Il Portogallo e le sue difficolt\u00e0.","datePublished":"2010-02-09T16:47:43+00:00","dateModified":"2018-07-10T02:05:57+00:00","mainEntityOfPage":{"@id":"https:\/\/www.article-marketing.eu\/comunicati\/arte-e-cultura\/giornalismo\/il-portogallo-e-le-sue-difficolt%e0\/"},"wordCount":729,"commentCount":0,"articleSection":["Giornalismo"],"inLanguage":"it-IT","potentialAction":[{"@type":"CommentAction","name":"Comment","target":["https:\/\/www.article-marketing.eu\/comunicati\/arte-e-cultura\/giornalismo\/il-portogallo-e-le-sue-difficolt%e0\/#respond"]}]},{"@type":"WebPage","@id":"https:\/\/www.article-marketing.eu\/comunicati\/arte-e-cultura\/giornalismo\/il-portogallo-e-le-sue-difficolt%e0\/","url":"https:\/\/www.article-marketing.eu\/comunicati\/arte-e-cultura\/giornalismo\/il-portogallo-e-le-sue-difficolt%e0\/","name":"Il Portogallo e le sue difficolt\u00e0. - Article Marketing","isPartOf":{"@id":"https:\/\/www.article-marketing.eu\/comunicati\/#website"},"datePublished":"2010-02-09T16:47:43+00:00","dateModified":"2018-07-10T02:05:57+00:00","author":{"@id":"https:\/\/www.article-marketing.eu\/comunicati\/#\/schema\/person\/44372e4d4d0fa797b18e03ed1ace9017"},"breadcrumb":{"@id":"https:\/\/www.article-marketing.eu\/comunicati\/arte-e-cultura\/giornalismo\/il-portogallo-e-le-sue-difficolt%e0\/#breadcrumb"},"inLanguage":"it-IT","potentialAction":[{"@type":"ReadAction","target":["https:\/\/www.article-marketing.eu\/comunicati\/arte-e-cultura\/giornalismo\/il-portogallo-e-le-sue-difficolt%e0\/"]}]},{"@type":"BreadcrumbList","@id":"https:\/\/www.article-marketing.eu\/comunicati\/arte-e-cultura\/giornalismo\/il-portogallo-e-le-sue-difficolt%e0\/#breadcrumb","itemListElement":[{"@type":"ListItem","position":1,"name":"Home","item":"https:\/\/www.article-marketing.eu\/comunicati\/"},{"@type":"ListItem","position":2,"name":"Il Portogallo e le sue difficolt\u00e0."}]},{"@type":"WebSite","@id":"https:\/\/www.article-marketing.eu\/comunicati\/#website","url":"https:\/\/www.article-marketing.eu\/comunicati\/","name":"Article Marketing","description":"article marketing &amp; press release","potentialAction":[{"@type":"SearchAction","target":{"@type":"EntryPoint","urlTemplate":"https:\/\/www.article-marketing.eu\/comunicati\/?s={search_term_string}"},"query-input":{"@type":"PropertyValueSpecification","valueRequired":true,"valueName":"search_term_string"}}],"inLanguage":"it-IT"},{"@type":"Person","@id":"https:\/\/www.article-marketing.eu\/comunicati\/#\/schema\/person\/44372e4d4d0fa797b18e03ed1ace9017","name":"Redazione Comunicati Stampa","image":{"@type":"ImageObject","inLanguage":"it-IT","@id":"https:\/\/www.article-marketing.eu\/comunicati\/#\/schema\/person\/image\/","url":"https:\/\/secure.gravatar.com\/avatar\/50e5c6421d3072f42e7ace803501602c60d75233d34e29fd05feb91c8760b792?s=96&d=mm&r=g","contentUrl":"https:\/\/secure.gravatar.com\/avatar\/50e5c6421d3072f42e7ace803501602c60d75233d34e29fd05feb91c8760b792?s=96&d=mm&r=g","caption":"Redazione Comunicati Stampa"},"url":"https:\/\/www.article-marketing.eu\/comunicati\/author\/redazione-comunicati-stampa\/"}]}},"_links":{"self":[{"href":"https:\/\/www.article-marketing.eu\/comunicati\/wp-json\/wp\/v2\/posts\/11713","targetHints":{"allow":["GET"]}}],"collection":[{"href":"https:\/\/www.article-marketing.eu\/comunicati\/wp-json\/wp\/v2\/posts"}],"about":[{"href":"https:\/\/www.article-marketing.eu\/comunicati\/wp-json\/wp\/v2\/types\/post"}],"author":[{"embeddable":true,"href":"https:\/\/www.article-marketing.eu\/comunicati\/wp-json\/wp\/v2\/users\/10"}],"replies":[{"embeddable":true,"href":"https:\/\/www.article-marketing.eu\/comunicati\/wp-json\/wp\/v2\/comments?post=11713"}],"version-history":[{"count":1,"href":"https:\/\/www.article-marketing.eu\/comunicati\/wp-json\/wp\/v2\/posts\/11713\/revisions"}],"predecessor-version":[{"id":58071,"href":"https:\/\/www.article-marketing.eu\/comunicati\/wp-json\/wp\/v2\/posts\/11713\/revisions\/58071"}],"wp:attachment":[{"href":"https:\/\/www.article-marketing.eu\/comunicati\/wp-json\/wp\/v2\/media?parent=11713"}],"wp:term":[{"taxonomy":"category","embeddable":true,"href":"https:\/\/www.article-marketing.eu\/comunicati\/wp-json\/wp\/v2\/categories?post=11713"},{"taxonomy":"post_tag","embeddable":true,"href":"https:\/\/www.article-marketing.eu\/comunicati\/wp-json\/wp\/v2\/tags?post=11713"}],"curies":[{"name":"wp","href":"https:\/\/api.w.org\/{rel}","templated":true}]}}