{"id":11724,"date":"2010-03-08T16:56:32","date_gmt":"2010-03-08T15:56:32","guid":{"rendered":"http:\/\/www.article-marketing.eu\/comunicati\/senza-categoria\/addominoplastica-per-correggere-i-segni-dopo-la-gravidanza\/"},"modified":"2018-07-10T04:06:50","modified_gmt":"2018-07-10T02:06:50","slug":"addominoplastica-per-correggere-i-segni-dopo-la-gravidanza","status":"publish","type":"post","link":"https:\/\/www.article-marketing.eu\/comunicati\/salute-e-benessere\/addominoplastica-per-correggere-i-segni-dopo-la-gravidanza\/","title":{"rendered":"Addominoplastica per Correggere i Segni dopo la Gravidanza"},"content":{"rendered":"<p>Molte donne dopo un parto con taglio cesareo hanno difficolt\u00e0 a riconoscersi ancora nel proprio corpo: la cicatrice simile ad un cordone, la pelle del ventre che tende a formare uno scalino ed \u00e8 ancora pi\u00f9 evidente in caso di sovrappeso.<\/p>\n<p>La ginnastica e la dieta anche ferrea non risolvono questi problemi, mentre lo pu\u00f2 fare la chirurgia.<br \/>&nbsp;&nbsp;&nbsp;&nbsp;&nbsp;&nbsp;&nbsp;&nbsp;&nbsp;&nbsp;&nbsp;&nbsp;&nbsp;&nbsp;&nbsp;&nbsp;&nbsp;&nbsp;&nbsp;&nbsp;&nbsp;&nbsp;&nbsp;&nbsp;&nbsp;&nbsp;&nbsp;&nbsp;&nbsp;&nbsp;&nbsp;&nbsp;&nbsp;&nbsp;&nbsp;&nbsp;&nbsp;&nbsp;&nbsp;&nbsp;&nbsp;&nbsp;&nbsp;&nbsp;&nbsp;&nbsp;&nbsp;&nbsp;&nbsp;&nbsp;&nbsp;&nbsp;&nbsp;&nbsp;&nbsp;&nbsp;&nbsp;&nbsp;&nbsp;&nbsp;&nbsp;&nbsp;&nbsp;&nbsp;&nbsp;&nbsp;&nbsp;&nbsp;&nbsp;&nbsp;&nbsp;&nbsp;&nbsp;&nbsp;&nbsp;&nbsp;&nbsp;&nbsp;&nbsp;&nbsp;&nbsp;&nbsp;&nbsp;&nbsp;&nbsp;&nbsp;&nbsp;&nbsp;&nbsp;&nbsp;&nbsp;&nbsp;&nbsp;&nbsp;&nbsp;&nbsp;&nbsp;&nbsp;&nbsp;&nbsp;&nbsp;&nbsp;&nbsp;&nbsp;&nbsp;&nbsp;&nbsp;&nbsp;&nbsp;&nbsp;&nbsp;&nbsp;&nbsp;&nbsp;&nbsp;&nbsp;&nbsp;&nbsp;&nbsp;&nbsp;&nbsp;&nbsp;&nbsp; <br \/>L\u2019addominoplastica \u00e8 l\u2019intervento chirurgico che ha la funzione di migliorare la regione addominale in pazienti che presentano flaccidit\u00e0 della cute, frequentemente associata ad eccesso di tessuto adiposo e perdita di tono della muscolatura.<br \/>&nbsp;&nbsp;&nbsp;&nbsp;&nbsp;&nbsp;&nbsp;&nbsp;&nbsp;&nbsp;&nbsp;&nbsp;&nbsp;&nbsp;&nbsp;&nbsp;&nbsp;&nbsp;&nbsp;&nbsp;&nbsp;&nbsp;&nbsp;&nbsp;&nbsp;&nbsp;&nbsp;&nbsp;&nbsp;&nbsp;&nbsp;&nbsp;&nbsp;&nbsp;&nbsp;&nbsp;&nbsp;&nbsp;&nbsp;&nbsp;&nbsp;&nbsp;&nbsp;&nbsp;&nbsp;&nbsp;&nbsp;&nbsp;&nbsp;&nbsp;&nbsp;&nbsp;&nbsp;&nbsp;&nbsp;&nbsp;&nbsp;&nbsp;&nbsp;&nbsp;&nbsp;&nbsp;&nbsp;&nbsp;&nbsp;&nbsp;&nbsp;&nbsp;&nbsp;&nbsp;&nbsp;&nbsp;&nbsp;&nbsp;&nbsp;&nbsp;&nbsp;&nbsp;&nbsp;&nbsp;&nbsp;&nbsp;&nbsp;&nbsp;&nbsp;&nbsp;&nbsp;&nbsp;&nbsp;&nbsp;&nbsp;&nbsp;&nbsp;&nbsp;&nbsp;&nbsp;&nbsp;&nbsp;&nbsp;&nbsp;&nbsp;&nbsp;&nbsp;&nbsp;&nbsp;&nbsp;&nbsp;&nbsp;&nbsp;&nbsp;&nbsp;&nbsp;&nbsp;&nbsp;&nbsp;&nbsp; <br \/>Possiamo ricostituire la parete addominale grazie a dei punti interni, disegnare e isolare l\u2019ombelico riposizioniandolo nella sede opportuna con dei punti interni in modo che non abbia un aspetto chirurgico, mentre l\u2019eccesso di pelle viene eliminato con una tecnica \u201chigh tension\u201d che permette di scaricare la tensione nella parte alta dell\u2019addome in modo tale che si possa evitare la cicatrice ombelico-pubica anche nei casi pi\u00f9 difficili.<br \/>&nbsp;&nbsp;&nbsp;&nbsp;&nbsp;&nbsp;&nbsp;&nbsp;&nbsp;&nbsp;&nbsp;&nbsp;&nbsp;&nbsp;&nbsp;&nbsp;&nbsp;&nbsp;&nbsp;&nbsp;&nbsp;&nbsp;&nbsp;&nbsp;&nbsp;&nbsp;&nbsp;&nbsp;&nbsp;&nbsp;&nbsp;&nbsp;&nbsp;&nbsp;&nbsp;&nbsp;&nbsp;&nbsp;&nbsp;&nbsp;&nbsp;&nbsp;&nbsp;&nbsp;&nbsp;&nbsp;&nbsp;&nbsp;&nbsp;&nbsp;&nbsp;&nbsp;&nbsp;&nbsp;&nbsp;&nbsp;&nbsp;&nbsp;&nbsp;&nbsp;&nbsp;&nbsp;&nbsp;&nbsp;&nbsp;&nbsp;&nbsp;&nbsp;&nbsp;&nbsp;&nbsp;&nbsp;&nbsp;&nbsp;&nbsp;&nbsp;&nbsp;&nbsp;&nbsp;&nbsp;&nbsp;&nbsp;&nbsp;&nbsp;&nbsp;&nbsp;&nbsp;&nbsp;&nbsp;&nbsp;&nbsp;&nbsp;&nbsp;&nbsp;&nbsp;&nbsp;&nbsp;&nbsp;&nbsp;&nbsp;&nbsp;&nbsp;&nbsp;&nbsp;&nbsp;&nbsp;&nbsp;&nbsp;&nbsp;&nbsp;&nbsp;&nbsp;&nbsp;&nbsp;&nbsp;&nbsp; <br \/>L\u2019addominoplastica ha una durata di circa tre ore e necessita della anestesia generale. Effettuiamo l&#8217;incisione nella parte bassa dell&#8217;addome, a circa sette centimetri dal fornice vaginale, in modo che la cicatrice risulti copribile con una mutandina.<\/p>\n<p>Sono necessarie almeno due settimane di riposo, anche per chi svolge attivit\u00e0 fisica moderata. La ripresa delle attivit\u00e0 sportive deve avvenire con gradualit\u00e0 dopo circa un mese.<\/p>\n<p>La miniaddominoplastica \u00e8 un intervento simile al precedente, ma di minore entit\u00e0 dal punto di vista chirurgico, permettendo un recupero funzionale pi\u00f9 veloce.<\/p>\n<p>L\u2019indicazione elettiva \u00e8 per pazienti con un modesto rilassamento cutaneo e rilasciamento della muscolatura limitati alla sola regione sottoombelicale. La cicatrice risultante \u00e8 simile a quella dell\u2019addominoplastica, ma pi\u00f9 corta. Inoltre non vi \u00e8 alcuna cicatrice ombelicale. L&#8217;intervento pu\u00f2 essere effettuato in day surgery.<\/p>\n","protected":false},"excerpt":{"rendered":"<p>Accettarsi dopo le modificazioni intervenute sul corpo femminile pu\u00f2 essere difficile. La chirurgia plastica pu\u00f2 risolvere questo problema in modo definitivo.<\/p>\n","protected":false},"author":10,"featured_media":0,"comment_status":"open","ping_status":"open","sticky":false,"template":"","format":"standard","meta":{"cybocfi_hide_featured_image":"","footnotes":""},"categories":[265],"tags":[21884,5545,21886,11355,21885,5548],"class_list":["post-11724","post","type-post","status-publish","format-standard","hentry","category-salute-e-benessere","tag-addominoplastica","tag-chirurgia-plastica","tag-chirurgo-torino","tag-lifting","tag-luca-cravero","tag-mastoplastica"],"yoast_head":"<!-- This site is optimized with the Yoast SEO plugin v27.0 - https:\/\/yoast.com\/product\/yoast-seo-wordpress\/ -->\n<title>Addominoplastica per Correggere i Segni dopo la Gravidanza - Article Marketing<\/title>\n<meta name=\"robots\" content=\"index, follow, max-snippet:-1, max-image-preview:large, max-video-preview:-1\" \/>\n<link rel=\"canonical\" href=\"https:\/\/www.article-marketing.eu\/comunicati\/salute-e-benessere\/addominoplastica-per-correggere-i-segni-dopo-la-gravidanza\/\" \/>\n<meta property=\"og:locale\" content=\"it_IT\" \/>\n<meta property=\"og:type\" content=\"article\" \/>\n<meta property=\"og:title\" content=\"Addominoplastica per Correggere i Segni dopo la Gravidanza - Article Marketing\" \/>\n<meta property=\"og:description\" content=\"Accettarsi dopo le modificazioni intervenute sul corpo femminile pu\u00f2 essere difficile. La chirurgia plastica pu\u00f2 risolvere questo problema in modo definitivo.\" \/>\n<meta property=\"og:url\" content=\"https:\/\/www.article-marketing.eu\/comunicati\/salute-e-benessere\/addominoplastica-per-correggere-i-segni-dopo-la-gravidanza\/\" \/>\n<meta property=\"og:site_name\" content=\"Article Marketing\" \/>\n<meta property=\"article:published_time\" content=\"2010-03-08T15:56:32+00:00\" \/>\n<meta property=\"article:modified_time\" content=\"2018-07-10T02:06:50+00:00\" \/>\n<meta name=\"author\" content=\"Redazione Comunicati Stampa\" \/>\n<meta name=\"twitter:card\" content=\"summary_large_image\" \/>\n<meta name=\"twitter:label1\" content=\"Scritto da\" \/>\n\t<meta name=\"twitter:data1\" content=\"Redazione Comunicati Stampa\" \/>\n\t<meta name=\"twitter:label2\" content=\"Tempo di lettura stimato\" \/>\n\t<meta name=\"twitter:data2\" content=\"3 minuti\" \/>\n<script type=\"application\/ld+json\" class=\"yoast-schema-graph\">{\"@context\":\"https:\/\/schema.org\",\"@graph\":[{\"@type\":\"Article\",\"@id\":\"https:\/\/www.article-marketing.eu\/comunicati\/salute-e-benessere\/addominoplastica-per-correggere-i-segni-dopo-la-gravidanza\/#article\",\"isPartOf\":{\"@id\":\"https:\/\/www.article-marketing.eu\/comunicati\/salute-e-benessere\/addominoplastica-per-correggere-i-segni-dopo-la-gravidanza\/\"},\"author\":{\"name\":\"Redazione Comunicati Stampa\",\"@id\":\"https:\/\/www.article-marketing.eu\/comunicati\/#\/schema\/person\/44372e4d4d0fa797b18e03ed1ace9017\"},\"headline\":\"Addominoplastica per Correggere i Segni dopo la Gravidanza\",\"datePublished\":\"2010-03-08T15:56:32+00:00\",\"dateModified\":\"2018-07-10T02:06:50+00:00\",\"mainEntityOfPage\":{\"@id\":\"https:\/\/www.article-marketing.eu\/comunicati\/salute-e-benessere\/addominoplastica-per-correggere-i-segni-dopo-la-gravidanza\/\"},\"wordCount\":652,\"commentCount\":0,\"keywords\":[\"addominoplastica\",\"chirurgia plastica\",\"chirurgo torino\",\"lifting\",\"luca cravero\",\"mastoplastica\"],\"articleSection\":[\"Salute e benessere\"],\"inLanguage\":\"it-IT\",\"potentialAction\":[{\"@type\":\"CommentAction\",\"name\":\"Comment\",\"target\":[\"https:\/\/www.article-marketing.eu\/comunicati\/salute-e-benessere\/addominoplastica-per-correggere-i-segni-dopo-la-gravidanza\/#respond\"]}]},{\"@type\":\"WebPage\",\"@id\":\"https:\/\/www.article-marketing.eu\/comunicati\/salute-e-benessere\/addominoplastica-per-correggere-i-segni-dopo-la-gravidanza\/\",\"url\":\"https:\/\/www.article-marketing.eu\/comunicati\/salute-e-benessere\/addominoplastica-per-correggere-i-segni-dopo-la-gravidanza\/\",\"name\":\"Addominoplastica per Correggere i Segni dopo la Gravidanza - Article Marketing\",\"isPartOf\":{\"@id\":\"https:\/\/www.article-marketing.eu\/comunicati\/#website\"},\"datePublished\":\"2010-03-08T15:56:32+00:00\",\"dateModified\":\"2018-07-10T02:06:50+00:00\",\"author\":{\"@id\":\"https:\/\/www.article-marketing.eu\/comunicati\/#\/schema\/person\/44372e4d4d0fa797b18e03ed1ace9017\"},\"breadcrumb\":{\"@id\":\"https:\/\/www.article-marketing.eu\/comunicati\/salute-e-benessere\/addominoplastica-per-correggere-i-segni-dopo-la-gravidanza\/#breadcrumb\"},\"inLanguage\":\"it-IT\",\"potentialAction\":[{\"@type\":\"ReadAction\",\"target\":[\"https:\/\/www.article-marketing.eu\/comunicati\/salute-e-benessere\/addominoplastica-per-correggere-i-segni-dopo-la-gravidanza\/\"]}]},{\"@type\":\"BreadcrumbList\",\"@id\":\"https:\/\/www.article-marketing.eu\/comunicati\/salute-e-benessere\/addominoplastica-per-correggere-i-segni-dopo-la-gravidanza\/#breadcrumb\",\"itemListElement\":[{\"@type\":\"ListItem\",\"position\":1,\"name\":\"Home\",\"item\":\"https:\/\/www.article-marketing.eu\/comunicati\/\"},{\"@type\":\"ListItem\",\"position\":2,\"name\":\"Addominoplastica per Correggere i Segni dopo la Gravidanza\"}]},{\"@type\":\"WebSite\",\"@id\":\"https:\/\/www.article-marketing.eu\/comunicati\/#website\",\"url\":\"https:\/\/www.article-marketing.eu\/comunicati\/\",\"name\":\"Article Marketing\",\"description\":\"article marketing &amp; press release\",\"potentialAction\":[{\"@type\":\"SearchAction\",\"target\":{\"@type\":\"EntryPoint\",\"urlTemplate\":\"https:\/\/www.article-marketing.eu\/comunicati\/?s={search_term_string}\"},\"query-input\":{\"@type\":\"PropertyValueSpecification\",\"valueRequired\":true,\"valueName\":\"search_term_string\"}}],\"inLanguage\":\"it-IT\"},{\"@type\":\"Person\",\"@id\":\"https:\/\/www.article-marketing.eu\/comunicati\/#\/schema\/person\/44372e4d4d0fa797b18e03ed1ace9017\",\"name\":\"Redazione Comunicati Stampa\",\"image\":{\"@type\":\"ImageObject\",\"inLanguage\":\"it-IT\",\"@id\":\"https:\/\/www.article-marketing.eu\/comunicati\/#\/schema\/person\/image\/\",\"url\":\"https:\/\/secure.gravatar.com\/avatar\/50e5c6421d3072f42e7ace803501602c60d75233d34e29fd05feb91c8760b792?s=96&d=mm&r=g\",\"contentUrl\":\"https:\/\/secure.gravatar.com\/avatar\/50e5c6421d3072f42e7ace803501602c60d75233d34e29fd05feb91c8760b792?s=96&d=mm&r=g\",\"caption\":\"Redazione Comunicati Stampa\"},\"url\":\"https:\/\/www.article-marketing.eu\/comunicati\/author\/redazione-comunicati-stampa\/\"}]}<\/script>\n<!-- \/ Yoast SEO plugin. -->","yoast_head_json":{"title":"Addominoplastica per Correggere i Segni dopo la Gravidanza - Article Marketing","robots":{"index":"index","follow":"follow","max-snippet":"max-snippet:-1","max-image-preview":"max-image-preview:large","max-video-preview":"max-video-preview:-1"},"canonical":"https:\/\/www.article-marketing.eu\/comunicati\/salute-e-benessere\/addominoplastica-per-correggere-i-segni-dopo-la-gravidanza\/","og_locale":"it_IT","og_type":"article","og_title":"Addominoplastica per Correggere i Segni dopo la Gravidanza - Article Marketing","og_description":"Accettarsi dopo le modificazioni intervenute sul corpo femminile pu\u00f2 essere difficile. La chirurgia plastica pu\u00f2 risolvere questo problema in modo definitivo.","og_url":"https:\/\/www.article-marketing.eu\/comunicati\/salute-e-benessere\/addominoplastica-per-correggere-i-segni-dopo-la-gravidanza\/","og_site_name":"Article Marketing","article_published_time":"2010-03-08T15:56:32+00:00","article_modified_time":"2018-07-10T02:06:50+00:00","author":"Redazione Comunicati Stampa","twitter_card":"summary_large_image","twitter_misc":{"Scritto da":"Redazione Comunicati Stampa","Tempo di lettura stimato":"3 minuti"},"schema":{"@context":"https:\/\/schema.org","@graph":[{"@type":"Article","@id":"https:\/\/www.article-marketing.eu\/comunicati\/salute-e-benessere\/addominoplastica-per-correggere-i-segni-dopo-la-gravidanza\/#article","isPartOf":{"@id":"https:\/\/www.article-marketing.eu\/comunicati\/salute-e-benessere\/addominoplastica-per-correggere-i-segni-dopo-la-gravidanza\/"},"author":{"name":"Redazione Comunicati Stampa","@id":"https:\/\/www.article-marketing.eu\/comunicati\/#\/schema\/person\/44372e4d4d0fa797b18e03ed1ace9017"},"headline":"Addominoplastica per Correggere i Segni dopo la Gravidanza","datePublished":"2010-03-08T15:56:32+00:00","dateModified":"2018-07-10T02:06:50+00:00","mainEntityOfPage":{"@id":"https:\/\/www.article-marketing.eu\/comunicati\/salute-e-benessere\/addominoplastica-per-correggere-i-segni-dopo-la-gravidanza\/"},"wordCount":652,"commentCount":0,"keywords":["addominoplastica","chirurgia plastica","chirurgo torino","lifting","luca cravero","mastoplastica"],"articleSection":["Salute e benessere"],"inLanguage":"it-IT","potentialAction":[{"@type":"CommentAction","name":"Comment","target":["https:\/\/www.article-marketing.eu\/comunicati\/salute-e-benessere\/addominoplastica-per-correggere-i-segni-dopo-la-gravidanza\/#respond"]}]},{"@type":"WebPage","@id":"https:\/\/www.article-marketing.eu\/comunicati\/salute-e-benessere\/addominoplastica-per-correggere-i-segni-dopo-la-gravidanza\/","url":"https:\/\/www.article-marketing.eu\/comunicati\/salute-e-benessere\/addominoplastica-per-correggere-i-segni-dopo-la-gravidanza\/","name":"Addominoplastica per Correggere i Segni dopo la Gravidanza - Article Marketing","isPartOf":{"@id":"https:\/\/www.article-marketing.eu\/comunicati\/#website"},"datePublished":"2010-03-08T15:56:32+00:00","dateModified":"2018-07-10T02:06:50+00:00","author":{"@id":"https:\/\/www.article-marketing.eu\/comunicati\/#\/schema\/person\/44372e4d4d0fa797b18e03ed1ace9017"},"breadcrumb":{"@id":"https:\/\/www.article-marketing.eu\/comunicati\/salute-e-benessere\/addominoplastica-per-correggere-i-segni-dopo-la-gravidanza\/#breadcrumb"},"inLanguage":"it-IT","potentialAction":[{"@type":"ReadAction","target":["https:\/\/www.article-marketing.eu\/comunicati\/salute-e-benessere\/addominoplastica-per-correggere-i-segni-dopo-la-gravidanza\/"]}]},{"@type":"BreadcrumbList","@id":"https:\/\/www.article-marketing.eu\/comunicati\/salute-e-benessere\/addominoplastica-per-correggere-i-segni-dopo-la-gravidanza\/#breadcrumb","itemListElement":[{"@type":"ListItem","position":1,"name":"Home","item":"https:\/\/www.article-marketing.eu\/comunicati\/"},{"@type":"ListItem","position":2,"name":"Addominoplastica per Correggere i Segni dopo la Gravidanza"}]},{"@type":"WebSite","@id":"https:\/\/www.article-marketing.eu\/comunicati\/#website","url":"https:\/\/www.article-marketing.eu\/comunicati\/","name":"Article Marketing","description":"article marketing &amp; press release","potentialAction":[{"@type":"SearchAction","target":{"@type":"EntryPoint","urlTemplate":"https:\/\/www.article-marketing.eu\/comunicati\/?s={search_term_string}"},"query-input":{"@type":"PropertyValueSpecification","valueRequired":true,"valueName":"search_term_string"}}],"inLanguage":"it-IT"},{"@type":"Person","@id":"https:\/\/www.article-marketing.eu\/comunicati\/#\/schema\/person\/44372e4d4d0fa797b18e03ed1ace9017","name":"Redazione Comunicati Stampa","image":{"@type":"ImageObject","inLanguage":"it-IT","@id":"https:\/\/www.article-marketing.eu\/comunicati\/#\/schema\/person\/image\/","url":"https:\/\/secure.gravatar.com\/avatar\/50e5c6421d3072f42e7ace803501602c60d75233d34e29fd05feb91c8760b792?s=96&d=mm&r=g","contentUrl":"https:\/\/secure.gravatar.com\/avatar\/50e5c6421d3072f42e7ace803501602c60d75233d34e29fd05feb91c8760b792?s=96&d=mm&r=g","caption":"Redazione Comunicati Stampa"},"url":"https:\/\/www.article-marketing.eu\/comunicati\/author\/redazione-comunicati-stampa\/"}]}},"_links":{"self":[{"href":"https:\/\/www.article-marketing.eu\/comunicati\/wp-json\/wp\/v2\/posts\/11724","targetHints":{"allow":["GET"]}}],"collection":[{"href":"https:\/\/www.article-marketing.eu\/comunicati\/wp-json\/wp\/v2\/posts"}],"about":[{"href":"https:\/\/www.article-marketing.eu\/comunicati\/wp-json\/wp\/v2\/types\/post"}],"author":[{"embeddable":true,"href":"https:\/\/www.article-marketing.eu\/comunicati\/wp-json\/wp\/v2\/users\/10"}],"replies":[{"embeddable":true,"href":"https:\/\/www.article-marketing.eu\/comunicati\/wp-json\/wp\/v2\/comments?post=11724"}],"version-history":[{"count":1,"href":"https:\/\/www.article-marketing.eu\/comunicati\/wp-json\/wp\/v2\/posts\/11724\/revisions"}],"predecessor-version":[{"id":58076,"href":"https:\/\/www.article-marketing.eu\/comunicati\/wp-json\/wp\/v2\/posts\/11724\/revisions\/58076"}],"wp:attachment":[{"href":"https:\/\/www.article-marketing.eu\/comunicati\/wp-json\/wp\/v2\/media?parent=11724"}],"wp:term":[{"taxonomy":"category","embeddable":true,"href":"https:\/\/www.article-marketing.eu\/comunicati\/wp-json\/wp\/v2\/categories?post=11724"},{"taxonomy":"post_tag","embeddable":true,"href":"https:\/\/www.article-marketing.eu\/comunicati\/wp-json\/wp\/v2\/tags?post=11724"}],"curies":[{"name":"wp","href":"https:\/\/api.w.org\/{rel}","templated":true}]}}