{"id":11741,"date":"2010-03-24T11:00:04","date_gmt":"2010-03-24T10:00:04","guid":{"rendered":"http:\/\/www.article-marketing.eu\/comunicati\/senza-categoria\/mens-sana-in-corpore-sano-curare-il-corpo-e-la-mente\/"},"modified":"2010-03-24T11:00:04","modified_gmt":"2010-03-24T10:00:04","slug":"mens-sana-in-corpore-sano-curare-il-corpo-e-la-mente","status":"publish","type":"post","link":"https:\/\/www.article-marketing.eu\/comunicati\/salute-e-benessere\/mens-sana-in-corpore-sano-curare-il-corpo-e-la-mente\/","title":{"rendered":"Mens sana in corpore sano: curare il corpo e la mente"},"content":{"rendered":"<p>Lo scopo dei centri benessere \u00e8 quello di mettere a disposizione quelle piccole coccole che fanno star bene e che nella vita di tutti i giorni, molto spesso, mancano: dal massaggio alla sauna, passando per la buona cucina e il semplice relax. Questo \u00e8 quello che si pu\u00f2 trovare in alcuni hotel beauty farm, per i quali la cura e il benessere dell\u2019ospite sono un lavoro serio, e gli extra come la sauna, il bagno turco, i massaggi e le zone relax, diventano ovviet\u00e0, regalando agli ospiti un soggiorno da sogno, lontano dalla realt\u00e0 di tutti i giorni in cui molti non trovano nemmeno il tempo per prendere un caff\u00e8 seduti. Ecco allora che i centri benessere, che siano centri a s\u00e9 stante oppure parte di grand hotel o di un <a href=\"http:\/\/www.grandhoteldesbains.com\/it\/offerte_80.html\">centro benessere mare<\/a>, danno la possibilit\u00e0 a chi si rende conto di aver bisogno di rallentare un po\u2019 il ritmo di dedicare un po\u2019 di tempo a s\u00e9 stessi: tecniche di massaggio orientale, bagni di cristallo, lettini rilassanti, saune \u2026 le possibilit\u00e0 di scelta sono moltissime, e le pi\u00f9 semplici non sono certo da mettere da parte: una comoda sedia a sdraio con un bel libro, un aperitivo sorseggiato a bordo piscina o un bel tuffo in acqua, la variet\u00e0 non manca, e le possibilit\u00e0 sono quelle che vogliamo darci. Un soggiorno in un centro benessere spa d\u00e0 la possibilit\u00e0 di godere dei piccoli grandi piaceri, tanto semplici quanto benefici; ricordarsi di voler bene a s\u00e9 stessi, nella fretta del tran-tran quotidiano, a volte riesce difficile, e il risultato \u00e8 che spesso si vivono le giornate per compiere i propri doveri, ma con pochissimi momenti dedicati a s\u00e9 stessi. In fondo, a volte ci meritiamo qualche ricompensa, no?<\/p>\n<p>In pi\u00f9, ogni regione d\u2019Italia, e addirittura ogni citt\u00e0, offre le sue specialissime coccole culinarie: la buona cucina \u00e8 un punto d\u2019orgoglio, soprattutto nel Bel Paese, in cui ogni regione \u00e8 fiera di offrire la sua ampia gamma di specialit\u00e0 culinarie. Dalla Valle d\u2019Aosta alla Sicilia ogni regione vanta un\u2019enorme variet\u00e0 di piatti, e ognuna presenta il suo cavallo di battaglia insieme ad una quantit\u00e0 di altri piatti meno conosciuti ma assolutamente degni di essere assaggiati. Per esempio, se la Romagna \u00e8 conosciuta in tutta Italia per la sua celebre piadina, avr\u00e0 tutto il piacere di far conoscere le altre sue specialit\u00e0, come i cappelletti, gli gnocchi, il cotechino e tante altre. <\/p>\n<p>La cucina romagnola \u00e8, diversamente dalla vicinissima e abbondante cucina emiliana, una cucina povera, dove per \u201cpovera\u201d si intende non poco varia ma fatta con ingredienti semplici, facilmente reperibili in tutte le case, il cui risultato magari sono piatti comodi da mangiare fuori, al lavoro: anche pensando all\u2019amata piadina, per esempio, \u00e8 facile immaginare che fosse un pasto da consumare fuori casa, durante le giornate di lavoro nei campi; \u00e8 particolarmente comodo per la sua forma e per il fatto che non \u00e8 necessario mangiarlo appena fatto, anzi \u00e8 buono anche freddo.<\/p>\n","protected":false},"excerpt":{"rendered":"<p>Salute fisica e salute mentale spesso sono collegate: disturbi fisici possono facilmente essere causa di malesseri psicologici e viceversa, quindi volersi bene e concedersi dei piaceri fa bene allo spirito \u2026 e anche al corpo.<\/p>\n","protected":false},"author":10,"featured_media":0,"comment_status":"open","ping_status":"open","sticky":false,"template":"","format":"standard","meta":{"cybocfi_hide_featured_image":"","footnotes":""},"categories":[265],"tags":[],"class_list":["post-11741","post","type-post","status-publish","format-standard","hentry","category-salute-e-benessere"],"yoast_head":"<!-- This site is optimized with the Yoast SEO plugin v27.0 - https:\/\/yoast.com\/product\/yoast-seo-wordpress\/ -->\n<title>Mens sana in corpore sano: curare il corpo e la mente - Article Marketing<\/title>\n<meta name=\"robots\" content=\"index, follow, max-snippet:-1, max-image-preview:large, max-video-preview:-1\" \/>\n<link rel=\"canonical\" href=\"https:\/\/www.article-marketing.eu\/comunicati\/salute-e-benessere\/mens-sana-in-corpore-sano-curare-il-corpo-e-la-mente\/\" \/>\n<meta property=\"og:locale\" content=\"it_IT\" \/>\n<meta property=\"og:type\" content=\"article\" \/>\n<meta property=\"og:title\" content=\"Mens sana in corpore sano: curare il corpo e la mente - Article Marketing\" \/>\n<meta property=\"og:description\" content=\"Salute fisica e salute mentale spesso sono collegate: disturbi fisici possono facilmente essere causa di malesseri psicologici e viceversa, quindi volersi bene e concedersi dei piaceri fa bene allo spirito \u2026 e anche al corpo.\" \/>\n<meta property=\"og:url\" content=\"https:\/\/www.article-marketing.eu\/comunicati\/salute-e-benessere\/mens-sana-in-corpore-sano-curare-il-corpo-e-la-mente\/\" \/>\n<meta property=\"og:site_name\" content=\"Article Marketing\" \/>\n<meta property=\"article:published_time\" content=\"2010-03-24T10:00:04+00:00\" \/>\n<meta name=\"author\" content=\"Redazione Comunicati Stampa\" \/>\n<meta name=\"twitter:card\" content=\"summary_large_image\" \/>\n<meta name=\"twitter:label1\" content=\"Scritto da\" \/>\n\t<meta name=\"twitter:data1\" content=\"Redazione Comunicati Stampa\" \/>\n\t<meta name=\"twitter:label2\" content=\"Tempo di lettura stimato\" \/>\n\t<meta name=\"twitter:data2\" content=\"2 minuti\" \/>\n<script type=\"application\/ld+json\" class=\"yoast-schema-graph\">{\"@context\":\"https:\/\/schema.org\",\"@graph\":[{\"@type\":\"Article\",\"@id\":\"https:\/\/www.article-marketing.eu\/comunicati\/salute-e-benessere\/mens-sana-in-corpore-sano-curare-il-corpo-e-la-mente\/#article\",\"isPartOf\":{\"@id\":\"https:\/\/www.article-marketing.eu\/comunicati\/salute-e-benessere\/mens-sana-in-corpore-sano-curare-il-corpo-e-la-mente\/\"},\"author\":{\"name\":\"Redazione Comunicati Stampa\",\"@id\":\"https:\/\/www.article-marketing.eu\/comunicati\/#\/schema\/person\/44372e4d4d0fa797b18e03ed1ace9017\"},\"headline\":\"Mens sana in corpore sano: curare il corpo e la mente\",\"datePublished\":\"2010-03-24T10:00:04+00:00\",\"mainEntityOfPage\":{\"@id\":\"https:\/\/www.article-marketing.eu\/comunicati\/salute-e-benessere\/mens-sana-in-corpore-sano-curare-il-corpo-e-la-mente\/\"},\"wordCount\":498,\"commentCount\":0,\"articleSection\":[\"Salute e benessere\"],\"inLanguage\":\"it-IT\",\"potentialAction\":[{\"@type\":\"CommentAction\",\"name\":\"Comment\",\"target\":[\"https:\/\/www.article-marketing.eu\/comunicati\/salute-e-benessere\/mens-sana-in-corpore-sano-curare-il-corpo-e-la-mente\/#respond\"]}]},{\"@type\":\"WebPage\",\"@id\":\"https:\/\/www.article-marketing.eu\/comunicati\/salute-e-benessere\/mens-sana-in-corpore-sano-curare-il-corpo-e-la-mente\/\",\"url\":\"https:\/\/www.article-marketing.eu\/comunicati\/salute-e-benessere\/mens-sana-in-corpore-sano-curare-il-corpo-e-la-mente\/\",\"name\":\"Mens sana in corpore sano: curare il corpo e la mente - Article Marketing\",\"isPartOf\":{\"@id\":\"https:\/\/www.article-marketing.eu\/comunicati\/#website\"},\"datePublished\":\"2010-03-24T10:00:04+00:00\",\"author\":{\"@id\":\"https:\/\/www.article-marketing.eu\/comunicati\/#\/schema\/person\/44372e4d4d0fa797b18e03ed1ace9017\"},\"breadcrumb\":{\"@id\":\"https:\/\/www.article-marketing.eu\/comunicati\/salute-e-benessere\/mens-sana-in-corpore-sano-curare-il-corpo-e-la-mente\/#breadcrumb\"},\"inLanguage\":\"it-IT\",\"potentialAction\":[{\"@type\":\"ReadAction\",\"target\":[\"https:\/\/www.article-marketing.eu\/comunicati\/salute-e-benessere\/mens-sana-in-corpore-sano-curare-il-corpo-e-la-mente\/\"]}]},{\"@type\":\"BreadcrumbList\",\"@id\":\"https:\/\/www.article-marketing.eu\/comunicati\/salute-e-benessere\/mens-sana-in-corpore-sano-curare-il-corpo-e-la-mente\/#breadcrumb\",\"itemListElement\":[{\"@type\":\"ListItem\",\"position\":1,\"name\":\"Home\",\"item\":\"https:\/\/www.article-marketing.eu\/comunicati\/\"},{\"@type\":\"ListItem\",\"position\":2,\"name\":\"Mens sana in corpore sano: curare il corpo e la mente\"}]},{\"@type\":\"WebSite\",\"@id\":\"https:\/\/www.article-marketing.eu\/comunicati\/#website\",\"url\":\"https:\/\/www.article-marketing.eu\/comunicati\/\",\"name\":\"Article Marketing\",\"description\":\"article marketing &amp; press release\",\"potentialAction\":[{\"@type\":\"SearchAction\",\"target\":{\"@type\":\"EntryPoint\",\"urlTemplate\":\"https:\/\/www.article-marketing.eu\/comunicati\/?s={search_term_string}\"},\"query-input\":{\"@type\":\"PropertyValueSpecification\",\"valueRequired\":true,\"valueName\":\"search_term_string\"}}],\"inLanguage\":\"it-IT\"},{\"@type\":\"Person\",\"@id\":\"https:\/\/www.article-marketing.eu\/comunicati\/#\/schema\/person\/44372e4d4d0fa797b18e03ed1ace9017\",\"name\":\"Redazione Comunicati Stampa\",\"image\":{\"@type\":\"ImageObject\",\"inLanguage\":\"it-IT\",\"@id\":\"https:\/\/www.article-marketing.eu\/comunicati\/#\/schema\/person\/image\/\",\"url\":\"https:\/\/secure.gravatar.com\/avatar\/50e5c6421d3072f42e7ace803501602c60d75233d34e29fd05feb91c8760b792?s=96&d=mm&r=g\",\"contentUrl\":\"https:\/\/secure.gravatar.com\/avatar\/50e5c6421d3072f42e7ace803501602c60d75233d34e29fd05feb91c8760b792?s=96&d=mm&r=g\",\"caption\":\"Redazione Comunicati Stampa\"},\"url\":\"https:\/\/www.article-marketing.eu\/comunicati\/author\/redazione-comunicati-stampa\/\"}]}<\/script>\n<!-- \/ Yoast SEO plugin. -->","yoast_head_json":{"title":"Mens sana in corpore sano: curare il corpo e la mente - Article Marketing","robots":{"index":"index","follow":"follow","max-snippet":"max-snippet:-1","max-image-preview":"max-image-preview:large","max-video-preview":"max-video-preview:-1"},"canonical":"https:\/\/www.article-marketing.eu\/comunicati\/salute-e-benessere\/mens-sana-in-corpore-sano-curare-il-corpo-e-la-mente\/","og_locale":"it_IT","og_type":"article","og_title":"Mens sana in corpore sano: curare il corpo e la mente - Article Marketing","og_description":"Salute fisica e salute mentale spesso sono collegate: disturbi fisici possono facilmente essere causa di malesseri psicologici e viceversa, quindi volersi bene e concedersi dei piaceri fa bene allo spirito \u2026 e anche al corpo.","og_url":"https:\/\/www.article-marketing.eu\/comunicati\/salute-e-benessere\/mens-sana-in-corpore-sano-curare-il-corpo-e-la-mente\/","og_site_name":"Article Marketing","article_published_time":"2010-03-24T10:00:04+00:00","author":"Redazione Comunicati Stampa","twitter_card":"summary_large_image","twitter_misc":{"Scritto da":"Redazione Comunicati Stampa","Tempo di lettura stimato":"2 minuti"},"schema":{"@context":"https:\/\/schema.org","@graph":[{"@type":"Article","@id":"https:\/\/www.article-marketing.eu\/comunicati\/salute-e-benessere\/mens-sana-in-corpore-sano-curare-il-corpo-e-la-mente\/#article","isPartOf":{"@id":"https:\/\/www.article-marketing.eu\/comunicati\/salute-e-benessere\/mens-sana-in-corpore-sano-curare-il-corpo-e-la-mente\/"},"author":{"name":"Redazione Comunicati Stampa","@id":"https:\/\/www.article-marketing.eu\/comunicati\/#\/schema\/person\/44372e4d4d0fa797b18e03ed1ace9017"},"headline":"Mens sana in corpore sano: curare il corpo e la mente","datePublished":"2010-03-24T10:00:04+00:00","mainEntityOfPage":{"@id":"https:\/\/www.article-marketing.eu\/comunicati\/salute-e-benessere\/mens-sana-in-corpore-sano-curare-il-corpo-e-la-mente\/"},"wordCount":498,"commentCount":0,"articleSection":["Salute e benessere"],"inLanguage":"it-IT","potentialAction":[{"@type":"CommentAction","name":"Comment","target":["https:\/\/www.article-marketing.eu\/comunicati\/salute-e-benessere\/mens-sana-in-corpore-sano-curare-il-corpo-e-la-mente\/#respond"]}]},{"@type":"WebPage","@id":"https:\/\/www.article-marketing.eu\/comunicati\/salute-e-benessere\/mens-sana-in-corpore-sano-curare-il-corpo-e-la-mente\/","url":"https:\/\/www.article-marketing.eu\/comunicati\/salute-e-benessere\/mens-sana-in-corpore-sano-curare-il-corpo-e-la-mente\/","name":"Mens sana in corpore sano: curare il corpo e la mente - Article Marketing","isPartOf":{"@id":"https:\/\/www.article-marketing.eu\/comunicati\/#website"},"datePublished":"2010-03-24T10:00:04+00:00","author":{"@id":"https:\/\/www.article-marketing.eu\/comunicati\/#\/schema\/person\/44372e4d4d0fa797b18e03ed1ace9017"},"breadcrumb":{"@id":"https:\/\/www.article-marketing.eu\/comunicati\/salute-e-benessere\/mens-sana-in-corpore-sano-curare-il-corpo-e-la-mente\/#breadcrumb"},"inLanguage":"it-IT","potentialAction":[{"@type":"ReadAction","target":["https:\/\/www.article-marketing.eu\/comunicati\/salute-e-benessere\/mens-sana-in-corpore-sano-curare-il-corpo-e-la-mente\/"]}]},{"@type":"BreadcrumbList","@id":"https:\/\/www.article-marketing.eu\/comunicati\/salute-e-benessere\/mens-sana-in-corpore-sano-curare-il-corpo-e-la-mente\/#breadcrumb","itemListElement":[{"@type":"ListItem","position":1,"name":"Home","item":"https:\/\/www.article-marketing.eu\/comunicati\/"},{"@type":"ListItem","position":2,"name":"Mens sana in corpore sano: curare il corpo e la mente"}]},{"@type":"WebSite","@id":"https:\/\/www.article-marketing.eu\/comunicati\/#website","url":"https:\/\/www.article-marketing.eu\/comunicati\/","name":"Article Marketing","description":"article marketing &amp; press release","potentialAction":[{"@type":"SearchAction","target":{"@type":"EntryPoint","urlTemplate":"https:\/\/www.article-marketing.eu\/comunicati\/?s={search_term_string}"},"query-input":{"@type":"PropertyValueSpecification","valueRequired":true,"valueName":"search_term_string"}}],"inLanguage":"it-IT"},{"@type":"Person","@id":"https:\/\/www.article-marketing.eu\/comunicati\/#\/schema\/person\/44372e4d4d0fa797b18e03ed1ace9017","name":"Redazione Comunicati Stampa","image":{"@type":"ImageObject","inLanguage":"it-IT","@id":"https:\/\/www.article-marketing.eu\/comunicati\/#\/schema\/person\/image\/","url":"https:\/\/secure.gravatar.com\/avatar\/50e5c6421d3072f42e7ace803501602c60d75233d34e29fd05feb91c8760b792?s=96&d=mm&r=g","contentUrl":"https:\/\/secure.gravatar.com\/avatar\/50e5c6421d3072f42e7ace803501602c60d75233d34e29fd05feb91c8760b792?s=96&d=mm&r=g","caption":"Redazione Comunicati Stampa"},"url":"https:\/\/www.article-marketing.eu\/comunicati\/author\/redazione-comunicati-stampa\/"}]}},"_links":{"self":[{"href":"https:\/\/www.article-marketing.eu\/comunicati\/wp-json\/wp\/v2\/posts\/11741","targetHints":{"allow":["GET"]}}],"collection":[{"href":"https:\/\/www.article-marketing.eu\/comunicati\/wp-json\/wp\/v2\/posts"}],"about":[{"href":"https:\/\/www.article-marketing.eu\/comunicati\/wp-json\/wp\/v2\/types\/post"}],"author":[{"embeddable":true,"href":"https:\/\/www.article-marketing.eu\/comunicati\/wp-json\/wp\/v2\/users\/10"}],"replies":[{"embeddable":true,"href":"https:\/\/www.article-marketing.eu\/comunicati\/wp-json\/wp\/v2\/comments?post=11741"}],"version-history":[{"count":0,"href":"https:\/\/www.article-marketing.eu\/comunicati\/wp-json\/wp\/v2\/posts\/11741\/revisions"}],"wp:attachment":[{"href":"https:\/\/www.article-marketing.eu\/comunicati\/wp-json\/wp\/v2\/media?parent=11741"}],"wp:term":[{"taxonomy":"category","embeddable":true,"href":"https:\/\/www.article-marketing.eu\/comunicati\/wp-json\/wp\/v2\/categories?post=11741"},{"taxonomy":"post_tag","embeddable":true,"href":"https:\/\/www.article-marketing.eu\/comunicati\/wp-json\/wp\/v2\/tags?post=11741"}],"curies":[{"name":"wp","href":"https:\/\/api.w.org\/{rel}","templated":true}]}}