{"id":11765,"date":"2010-04-14T15:20:39","date_gmt":"2010-04-14T13:20:39","guid":{"rendered":"http:\/\/www.article-marketing.eu\/comunicati\/senza-categoria\/apre-a-milano-ixina-il-primo-franchising-specializzato-della-piu-grande-catena-europea-di-cucine\/"},"modified":"2010-04-14T15:20:39","modified_gmt":"2010-04-14T13:20:39","slug":"apre-a-milano-ixina-il-primo-franchising-specializzato-della-piu-grande-catena-europea-di-cucine","status":"publish","type":"post","link":"https:\/\/www.article-marketing.eu\/comunicati\/comunicati-stampa\/prodotti\/apre-a-milano-ixina-il-primo-franchising-specializzato-della-piu-grande-catena-europea-di-cucine\/","title":{"rendered":"Apre a Milano Ixina, il primo franchising specializzato della pi\u00f9 grande catena europea di cucine"},"content":{"rendered":"<p>L\u2019espansione nel mercato italiano di <strong>Ixina<\/strong>, la pi\u00f9 grande catena europea di franchising specializzata in cucine componibili, prosegue con successo. Dopo Bari, Cagliari, Modena e Genova, tocca a Milano (Viale Italia 5, Corsico) ospitare il primo showroom in franchising in Lombardia. Il negozio, circa 500 mq di esposizione, attivo gi\u00e0 da alcuni giorni, verr\u00e0 inaugurato ufficialmente sabato pomeriggio con un brindisi cui parteciperanno <strong>Edi Snaidero <\/strong>(Presidente e Amministratore Delegato del Gruppo Snaidero, che comprende i marchi Snaidero Cucine, i francesi Arthur Bonnet e Comera, il tedesco Rational, l\u2019austriaco Regina, oltre a network commerciali in franchising come Cuisines Plus e, appunto, Ixina), <strong>Jean-Pierre Pont<\/strong> (Amministratore Delegato di Ixina International) et <strong>Philippe Mammone<\/strong> (Direttore Generale di Ixina Italia).<\/p>\n<p><strong>Ixina<\/strong>, leader di mercato in Europa, vanta oltre 100 negozi tra Francia, Belgio, Spagna, Portogallo e Italia e pi\u00f9 di 30.000 cucine vendute ogni anno, per un fatturato di rete di 250 milioni di euro. L\u2019azienda, nata in Belgio negli anni Settanta, partendo dalla vendita di elettrodomestici, ha progressivamente allargato l\u2019offerta alle cucine componibili, con una crescita costante grazie a fornitori sempre pi\u00f9 qualificati e al franchising specializzato, tanto da entrare a far parte, nel 2003, del Gruppo Snaidero (primo gruppo italiano nelle cucine componibili con un fatturato di 240 milioni di euro nel 2008, e leader in Europa nella distribuzione di cucine in franchising).<\/p>\n<p>L\u2019arrivo di <strong>Ixina <\/strong>in Italia, nella sua autonomia di missione, costituisce anche una opportunit\u00e0 in pi\u00f9 per i distributori locali, che, grazie al franchising, possono raggiungere anche il target medio. In Italia, <strong>Ixina <\/strong>prevede infatti l\u2019apertura di un centinaio di negozi nei prossimi anni.<\/p>\n<p>Ma qual \u00e8 l\u2019opportunit\u00e0 di business rappresentata da <strong>Ixina<\/strong>? &lt;&lt; In una situazione di mercato caratterizzata dalla despecializzazione e da una grande frammentazione distributiva &#8211; dichiara il Direttore Generale di Ixina Italia <strong>Philippe Mammone<\/strong> \u2013 la strategia vincente \u00e8 costituita da un approccio da specialista. Ed \u00e8 proprio questo che noi offriamo ai nostri potenziali partner: la possibilit\u00e0 di conquistare un mercato dalle grandi potenzialit\u00e0 con un formula di franchising veramente unica, che, grazie alla assoluta specializzazione, garantisce al cliente finale soluzioni \u201ca misura dei propri desideri\u201d, ed al franchisee la possibilit\u00e0 di partecipare ad un progetto affascinante, ovvero essere tra i protagonisti della crescita della catena in franchising leader in Europa &gt;&gt;.<\/p>\n<p><u>I DATI DEL SETTORE<\/u><\/p>\n<p>La strategia di <strong>Ixina <\/strong>\u00e8 confortata da dati e analisi di mercato, da cui emergono chiari orientamenti. In Italia oggi (dati CSIL 2007) vige una grande polverizzazione distributiva: nel 58% dei casi la cucina si acquista in uno dei 17mila negozi generalisti di mobili, categoria seguita dai negozi specializzati (20%) e dalla GDO (solo il 12%). Ben il 40% dei futuri acquirenti confronta almeno quattro punti vendita; la cucina componibile viene poi comprata \u2013 nell\u201983% dei casi completa di elettrodomestici &#8211; entro una distanza di 15-20 minuti dall\u2019abitazione, spendendo in media 6.500 euro. Quattro acquisti su cinque rientrano nella fascia medio-bassa, corrispondenti ai due terzi del mercato complessivo.<\/p>\n<p><u>LA MISSIONE IXINA<\/u><\/p>\n<p>In questo quadro, si inserisce la missione aziendale <strong>Ixina<\/strong>: sviluppare una catena internazionale di punti vendita in franchising, specializzati nella vendita di cucine componibili di alta qualit\u00e0, a prezzi attraenti, accessibili a tutti.<br \/>In Italia la catena punta ad avere a regime, in dieci anni, 100 punti vendita in franchising: modello per la prima volta applicato, in questo settore, su tutto il territorio nazionale. <\/p>\n<p><u>IL PRODOTTO<\/u><\/p>\n<p>Buon gusto, design, qualit\u00e0, prezzi trasparenti, e soprattutto specializzazione. Un punto di forza che si traduce, ad esempio, nella qualit\u00e0 dei servizi pre, durante, post vendita; nell\u2019essere gli unici tra gli specializzati, grazie alla partnership con marchi leader come Gruppo Electrolux, Gruppo Indesit e Gruppo Candy, a dedicare un\u2019area ai soli elettrodomestici da incasso: forni, piani cottura e lavastoviglie delle migliori marche; nel saper completare l\u2019ambiente cucina con una ampia offerta di tavoli e sedie; nei progetti iperrealisti realizzati in 3D; nei preventivi dettagliati, chiari e trasparenti, senza dover negoziare; nella garanzia che, grazie alla Serenity Card, si allunga gratuitamente ai 10 anni sui mobili, e nel montaggio effettuato da squadre specializzate, in costante aggiornamento. <\/p>\n<p>Al centro di tutto, ovviamente, le cucine. 15 i modelli esposti nello showroom, con composizioni, colori e finiture creati per il solo mercato italiano. Ixina propone due linee di prodotto complementari &#8211; \u201cTecna\u201d e \u201cStyla\u201d &#8211; in partnership con due tra i principali produttori di cucine componibili in Europa: la tedesca Nobilia (secondo produttore nel continente) e Regina Italia. La qualit\u00e0 dei fornitori, dunque, consente alle cucine Ixina di essere prodotte e montate in stabilimenti dotati delle tecnologie pi\u00f9 sofisticate, performanti e affidabili d\u2019Europa, con la cura dei minimi dettagli, per assicurare solidit\u00e0, comfort e funzionalit\u00e0. <\/p>\n<p>Informazioni per il pubblico: 02.44.08.404 &#8211; <a href=\"http:\/\/www.ixina.it\" title=\"Vai al sito ufficiale di Ixina Italia\">www.ixina.it<\/a>\n <\/p>\n","protected":false},"excerpt":{"rendered":"<p>Sabato l\u2019inaugurazione dello showroom di Corsico, presente Edi Snaidero. Parole chiave: specializzazione, qualit\u00e0 e servizi.<\/p>\n","protected":false},"author":10,"featured_media":0,"comment_status":"open","ping_status":"open","sticky":false,"template":"","format":"standard","meta":{"cybocfi_hide_featured_image":"","footnotes":""},"categories":[212],"tags":[576,11141,1107,786,1424,1343,575,3028,5772],"class_list":["post-11765","post","type-post","status-publish","format-standard","hentry","category-prodotti","tag-arredamento","tag-cucine","tag-design","tag-franchising","tag-interni","tag-milano","tag-mobili","tag-negozio","tag-showroom"],"yoast_head":"<!-- This site is optimized with the Yoast SEO plugin v27.0 - https:\/\/yoast.com\/product\/yoast-seo-wordpress\/ -->\n<title>Apre a Milano Ixina, il primo franchising specializzato della pi\u00f9 grande catena europea di cucine - Article Marketing<\/title>\n<meta name=\"robots\" content=\"index, follow, max-snippet:-1, max-image-preview:large, max-video-preview:-1\" \/>\n<link rel=\"canonical\" href=\"https:\/\/www.article-marketing.eu\/comunicati\/comunicati-stampa\/prodotti\/apre-a-milano-ixina-il-primo-franchising-specializzato-della-piu-grande-catena-europea-di-cucine\/\" \/>\n<meta property=\"og:locale\" content=\"it_IT\" \/>\n<meta property=\"og:type\" content=\"article\" \/>\n<meta property=\"og:title\" content=\"Apre a Milano Ixina, il primo franchising specializzato della pi\u00f9 grande catena europea di cucine - Article Marketing\" \/>\n<meta property=\"og:description\" content=\"Sabato l\u2019inaugurazione dello showroom di Corsico, presente Edi Snaidero. Parole chiave: specializzazione, qualit\u00e0 e servizi.\" \/>\n<meta property=\"og:url\" content=\"https:\/\/www.article-marketing.eu\/comunicati\/comunicati-stampa\/prodotti\/apre-a-milano-ixina-il-primo-franchising-specializzato-della-piu-grande-catena-europea-di-cucine\/\" \/>\n<meta property=\"og:site_name\" content=\"Article Marketing\" \/>\n<meta property=\"article:published_time\" content=\"2010-04-14T13:20:39+00:00\" \/>\n<meta name=\"author\" content=\"Redazione Comunicati Stampa\" \/>\n<meta name=\"twitter:card\" content=\"summary_large_image\" \/>\n<meta name=\"twitter:label1\" content=\"Scritto da\" \/>\n\t<meta name=\"twitter:data1\" content=\"Redazione Comunicati Stampa\" \/>\n\t<meta name=\"twitter:label2\" content=\"Tempo di lettura stimato\" \/>\n\t<meta name=\"twitter:data2\" content=\"4 minuti\" \/>\n<script type=\"application\/ld+json\" class=\"yoast-schema-graph\">{\"@context\":\"https:\/\/schema.org\",\"@graph\":[{\"@type\":\"Article\",\"@id\":\"https:\/\/www.article-marketing.eu\/comunicati\/comunicati-stampa\/prodotti\/apre-a-milano-ixina-il-primo-franchising-specializzato-della-piu-grande-catena-europea-di-cucine\/#article\",\"isPartOf\":{\"@id\":\"https:\/\/www.article-marketing.eu\/comunicati\/comunicati-stampa\/prodotti\/apre-a-milano-ixina-il-primo-franchising-specializzato-della-piu-grande-catena-europea-di-cucine\/\"},\"author\":{\"name\":\"Redazione Comunicati Stampa\",\"@id\":\"https:\/\/www.article-marketing.eu\/comunicati\/#\/schema\/person\/44372e4d4d0fa797b18e03ed1ace9017\"},\"headline\":\"Apre a Milano Ixina, il primo franchising specializzato della pi\u00f9 grande catena europea di cucine\",\"datePublished\":\"2010-04-14T13:20:39+00:00\",\"mainEntityOfPage\":{\"@id\":\"https:\/\/www.article-marketing.eu\/comunicati\/comunicati-stampa\/prodotti\/apre-a-milano-ixina-il-primo-franchising-specializzato-della-piu-grande-catena-europea-di-cucine\/\"},\"wordCount\":784,\"commentCount\":0,\"keywords\":[\"arredamento\",\"cucine\",\"design\",\"Franchising\",\"interni\",\"milano\",\"mobili\",\"negozio\",\"showroom\"],\"articleSection\":[\"Prodotti\"],\"inLanguage\":\"it-IT\",\"potentialAction\":[{\"@type\":\"CommentAction\",\"name\":\"Comment\",\"target\":[\"https:\/\/www.article-marketing.eu\/comunicati\/comunicati-stampa\/prodotti\/apre-a-milano-ixina-il-primo-franchising-specializzato-della-piu-grande-catena-europea-di-cucine\/#respond\"]}]},{\"@type\":\"WebPage\",\"@id\":\"https:\/\/www.article-marketing.eu\/comunicati\/comunicati-stampa\/prodotti\/apre-a-milano-ixina-il-primo-franchising-specializzato-della-piu-grande-catena-europea-di-cucine\/\",\"url\":\"https:\/\/www.article-marketing.eu\/comunicati\/comunicati-stampa\/prodotti\/apre-a-milano-ixina-il-primo-franchising-specializzato-della-piu-grande-catena-europea-di-cucine\/\",\"name\":\"Apre a Milano Ixina, il primo franchising specializzato della pi\u00f9 grande catena europea di cucine - Article Marketing\",\"isPartOf\":{\"@id\":\"https:\/\/www.article-marketing.eu\/comunicati\/#website\"},\"datePublished\":\"2010-04-14T13:20:39+00:00\",\"author\":{\"@id\":\"https:\/\/www.article-marketing.eu\/comunicati\/#\/schema\/person\/44372e4d4d0fa797b18e03ed1ace9017\"},\"breadcrumb\":{\"@id\":\"https:\/\/www.article-marketing.eu\/comunicati\/comunicati-stampa\/prodotti\/apre-a-milano-ixina-il-primo-franchising-specializzato-della-piu-grande-catena-europea-di-cucine\/#breadcrumb\"},\"inLanguage\":\"it-IT\",\"potentialAction\":[{\"@type\":\"ReadAction\",\"target\":[\"https:\/\/www.article-marketing.eu\/comunicati\/comunicati-stampa\/prodotti\/apre-a-milano-ixina-il-primo-franchising-specializzato-della-piu-grande-catena-europea-di-cucine\/\"]}]},{\"@type\":\"BreadcrumbList\",\"@id\":\"https:\/\/www.article-marketing.eu\/comunicati\/comunicati-stampa\/prodotti\/apre-a-milano-ixina-il-primo-franchising-specializzato-della-piu-grande-catena-europea-di-cucine\/#breadcrumb\",\"itemListElement\":[{\"@type\":\"ListItem\",\"position\":1,\"name\":\"Home\",\"item\":\"https:\/\/www.article-marketing.eu\/comunicati\/\"},{\"@type\":\"ListItem\",\"position\":2,\"name\":\"Apre a Milano Ixina, il primo franchising specializzato della pi\u00f9 grande catena europea di cucine\"}]},{\"@type\":\"WebSite\",\"@id\":\"https:\/\/www.article-marketing.eu\/comunicati\/#website\",\"url\":\"https:\/\/www.article-marketing.eu\/comunicati\/\",\"name\":\"Article Marketing\",\"description\":\"article marketing &amp; press release\",\"potentialAction\":[{\"@type\":\"SearchAction\",\"target\":{\"@type\":\"EntryPoint\",\"urlTemplate\":\"https:\/\/www.article-marketing.eu\/comunicati\/?s={search_term_string}\"},\"query-input\":{\"@type\":\"PropertyValueSpecification\",\"valueRequired\":true,\"valueName\":\"search_term_string\"}}],\"inLanguage\":\"it-IT\"},{\"@type\":\"Person\",\"@id\":\"https:\/\/www.article-marketing.eu\/comunicati\/#\/schema\/person\/44372e4d4d0fa797b18e03ed1ace9017\",\"name\":\"Redazione Comunicati Stampa\",\"image\":{\"@type\":\"ImageObject\",\"inLanguage\":\"it-IT\",\"@id\":\"https:\/\/www.article-marketing.eu\/comunicati\/#\/schema\/person\/image\/\",\"url\":\"https:\/\/secure.gravatar.com\/avatar\/50e5c6421d3072f42e7ace803501602c60d75233d34e29fd05feb91c8760b792?s=96&d=mm&r=g\",\"contentUrl\":\"https:\/\/secure.gravatar.com\/avatar\/50e5c6421d3072f42e7ace803501602c60d75233d34e29fd05feb91c8760b792?s=96&d=mm&r=g\",\"caption\":\"Redazione Comunicati Stampa\"},\"url\":\"https:\/\/www.article-marketing.eu\/comunicati\/author\/redazione-comunicati-stampa\/\"}]}<\/script>\n<!-- \/ Yoast SEO plugin. -->","yoast_head_json":{"title":"Apre a Milano Ixina, il primo franchising specializzato della pi\u00f9 grande catena europea di cucine - Article Marketing","robots":{"index":"index","follow":"follow","max-snippet":"max-snippet:-1","max-image-preview":"max-image-preview:large","max-video-preview":"max-video-preview:-1"},"canonical":"https:\/\/www.article-marketing.eu\/comunicati\/comunicati-stampa\/prodotti\/apre-a-milano-ixina-il-primo-franchising-specializzato-della-piu-grande-catena-europea-di-cucine\/","og_locale":"it_IT","og_type":"article","og_title":"Apre a Milano Ixina, il primo franchising specializzato della pi\u00f9 grande catena europea di cucine - Article Marketing","og_description":"Sabato l\u2019inaugurazione dello showroom di Corsico, presente Edi Snaidero. Parole chiave: specializzazione, qualit\u00e0 e servizi.","og_url":"https:\/\/www.article-marketing.eu\/comunicati\/comunicati-stampa\/prodotti\/apre-a-milano-ixina-il-primo-franchising-specializzato-della-piu-grande-catena-europea-di-cucine\/","og_site_name":"Article Marketing","article_published_time":"2010-04-14T13:20:39+00:00","author":"Redazione Comunicati Stampa","twitter_card":"summary_large_image","twitter_misc":{"Scritto da":"Redazione Comunicati Stampa","Tempo di lettura stimato":"4 minuti"},"schema":{"@context":"https:\/\/schema.org","@graph":[{"@type":"Article","@id":"https:\/\/www.article-marketing.eu\/comunicati\/comunicati-stampa\/prodotti\/apre-a-milano-ixina-il-primo-franchising-specializzato-della-piu-grande-catena-europea-di-cucine\/#article","isPartOf":{"@id":"https:\/\/www.article-marketing.eu\/comunicati\/comunicati-stampa\/prodotti\/apre-a-milano-ixina-il-primo-franchising-specializzato-della-piu-grande-catena-europea-di-cucine\/"},"author":{"name":"Redazione Comunicati Stampa","@id":"https:\/\/www.article-marketing.eu\/comunicati\/#\/schema\/person\/44372e4d4d0fa797b18e03ed1ace9017"},"headline":"Apre a Milano Ixina, il primo franchising specializzato della pi\u00f9 grande catena europea di cucine","datePublished":"2010-04-14T13:20:39+00:00","mainEntityOfPage":{"@id":"https:\/\/www.article-marketing.eu\/comunicati\/comunicati-stampa\/prodotti\/apre-a-milano-ixina-il-primo-franchising-specializzato-della-piu-grande-catena-europea-di-cucine\/"},"wordCount":784,"commentCount":0,"keywords":["arredamento","cucine","design","Franchising","interni","milano","mobili","negozio","showroom"],"articleSection":["Prodotti"],"inLanguage":"it-IT","potentialAction":[{"@type":"CommentAction","name":"Comment","target":["https:\/\/www.article-marketing.eu\/comunicati\/comunicati-stampa\/prodotti\/apre-a-milano-ixina-il-primo-franchising-specializzato-della-piu-grande-catena-europea-di-cucine\/#respond"]}]},{"@type":"WebPage","@id":"https:\/\/www.article-marketing.eu\/comunicati\/comunicati-stampa\/prodotti\/apre-a-milano-ixina-il-primo-franchising-specializzato-della-piu-grande-catena-europea-di-cucine\/","url":"https:\/\/www.article-marketing.eu\/comunicati\/comunicati-stampa\/prodotti\/apre-a-milano-ixina-il-primo-franchising-specializzato-della-piu-grande-catena-europea-di-cucine\/","name":"Apre a Milano Ixina, il primo franchising specializzato della pi\u00f9 grande catena europea di cucine - Article Marketing","isPartOf":{"@id":"https:\/\/www.article-marketing.eu\/comunicati\/#website"},"datePublished":"2010-04-14T13:20:39+00:00","author":{"@id":"https:\/\/www.article-marketing.eu\/comunicati\/#\/schema\/person\/44372e4d4d0fa797b18e03ed1ace9017"},"breadcrumb":{"@id":"https:\/\/www.article-marketing.eu\/comunicati\/comunicati-stampa\/prodotti\/apre-a-milano-ixina-il-primo-franchising-specializzato-della-piu-grande-catena-europea-di-cucine\/#breadcrumb"},"inLanguage":"it-IT","potentialAction":[{"@type":"ReadAction","target":["https:\/\/www.article-marketing.eu\/comunicati\/comunicati-stampa\/prodotti\/apre-a-milano-ixina-il-primo-franchising-specializzato-della-piu-grande-catena-europea-di-cucine\/"]}]},{"@type":"BreadcrumbList","@id":"https:\/\/www.article-marketing.eu\/comunicati\/comunicati-stampa\/prodotti\/apre-a-milano-ixina-il-primo-franchising-specializzato-della-piu-grande-catena-europea-di-cucine\/#breadcrumb","itemListElement":[{"@type":"ListItem","position":1,"name":"Home","item":"https:\/\/www.article-marketing.eu\/comunicati\/"},{"@type":"ListItem","position":2,"name":"Apre a Milano Ixina, il primo franchising specializzato della pi\u00f9 grande catena europea di cucine"}]},{"@type":"WebSite","@id":"https:\/\/www.article-marketing.eu\/comunicati\/#website","url":"https:\/\/www.article-marketing.eu\/comunicati\/","name":"Article Marketing","description":"article marketing &amp; press release","potentialAction":[{"@type":"SearchAction","target":{"@type":"EntryPoint","urlTemplate":"https:\/\/www.article-marketing.eu\/comunicati\/?s={search_term_string}"},"query-input":{"@type":"PropertyValueSpecification","valueRequired":true,"valueName":"search_term_string"}}],"inLanguage":"it-IT"},{"@type":"Person","@id":"https:\/\/www.article-marketing.eu\/comunicati\/#\/schema\/person\/44372e4d4d0fa797b18e03ed1ace9017","name":"Redazione Comunicati Stampa","image":{"@type":"ImageObject","inLanguage":"it-IT","@id":"https:\/\/www.article-marketing.eu\/comunicati\/#\/schema\/person\/image\/","url":"https:\/\/secure.gravatar.com\/avatar\/50e5c6421d3072f42e7ace803501602c60d75233d34e29fd05feb91c8760b792?s=96&d=mm&r=g","contentUrl":"https:\/\/secure.gravatar.com\/avatar\/50e5c6421d3072f42e7ace803501602c60d75233d34e29fd05feb91c8760b792?s=96&d=mm&r=g","caption":"Redazione Comunicati Stampa"},"url":"https:\/\/www.article-marketing.eu\/comunicati\/author\/redazione-comunicati-stampa\/"}]}},"_links":{"self":[{"href":"https:\/\/www.article-marketing.eu\/comunicati\/wp-json\/wp\/v2\/posts\/11765","targetHints":{"allow":["GET"]}}],"collection":[{"href":"https:\/\/www.article-marketing.eu\/comunicati\/wp-json\/wp\/v2\/posts"}],"about":[{"href":"https:\/\/www.article-marketing.eu\/comunicati\/wp-json\/wp\/v2\/types\/post"}],"author":[{"embeddable":true,"href":"https:\/\/www.article-marketing.eu\/comunicati\/wp-json\/wp\/v2\/users\/10"}],"replies":[{"embeddable":true,"href":"https:\/\/www.article-marketing.eu\/comunicati\/wp-json\/wp\/v2\/comments?post=11765"}],"version-history":[{"count":0,"href":"https:\/\/www.article-marketing.eu\/comunicati\/wp-json\/wp\/v2\/posts\/11765\/revisions"}],"wp:attachment":[{"href":"https:\/\/www.article-marketing.eu\/comunicati\/wp-json\/wp\/v2\/media?parent=11765"}],"wp:term":[{"taxonomy":"category","embeddable":true,"href":"https:\/\/www.article-marketing.eu\/comunicati\/wp-json\/wp\/v2\/categories?post=11765"},{"taxonomy":"post_tag","embeddable":true,"href":"https:\/\/www.article-marketing.eu\/comunicati\/wp-json\/wp\/v2\/tags?post=11765"}],"curies":[{"name":"wp","href":"https:\/\/api.w.org\/{rel}","templated":true}]}}