{"id":11790,"date":"2010-05-28T15:29:38","date_gmt":"2010-05-28T13:29:38","guid":{"rendered":"http:\/\/www.article-marketing.eu\/comunicati\/senza-categoria\/vacanze-in-sardegna-con-hosteras-e-il-cagnolino\/"},"modified":"2010-05-28T15:29:38","modified_gmt":"2010-05-28T13:29:38","slug":"vacanze-in-sardegna-con-hosteras-e-il-cagnolino","status":"publish","type":"post","link":"https:\/\/www.article-marketing.eu\/comunicati\/viaggi-e-vacanze\/vacanze-in-sardegna-con-hosteras-e-il-cagnolino\/","title":{"rendered":"VACANZE IN SARDEGNA CON HOSTERAS E IL CAGNOLINO"},"content":{"rendered":"<p>\n \u00c8 arrivato il momento di organizzare le proprie vacanze ed ognuno ha esigenze diverse. Si parte con i bimbi, con il cagnolino oppure con gli amici, per una settimana o per qualche giorno in pi\u00f9 ma in ogni caso si parte, si va in vacanza.<br \/>E allora dove andare? Affidarsi al consiglio degli amici oppure ascoltare un professionista? La vacanza \u00e8 un\u2019occasione che non pu\u00f2 essere sprecata, \u00e8 una scelta che deve essere azzeccata perch\u00e9 il suo successo ci fa star bene. A tal proposito Hosteras, lo specialista della <a href=\"http:\/\/www.hosteras.it\" title=\"Viaggi\">Sardegna<\/a>, dispone di un team di professionisti che la Sardegna la conosce fino in fondo ed \u00e8 capace, ascoltando le esigenze di ogni cliente, di formulare la giusta offerta. <br \/>In un mondo tecnologico, dove l\u2019offerta vacanza \u00e8 disponibile ovunque diventa sempre pi\u00f9 difficile sapere cosa \u00e8 meglio e a chi affidarsi ed \u00e8 per questo che Hosteras si avvale di propri Consulenti Vacanza che sono in grado di ascoltare e soprattutto formulare la giusta soluzione tra le centinaia disponibili. <\/p>\n<p>La tecnologia ci permette di assemblare le informazioni ma poi occorrono le persone che devono essere capaci di elaborarle, per questo Hosteras investe sempre pi\u00f9 in un Servizio Clienti efficiente, disponibile e preparato, pronto collaborare su tutto. Un binomio vincente per un operatore web che dedica il proprio tempo al cliente e si serve della tecnologia per essere competitivo sul mercato. <\/p>\n<p>La carta vincente \u00e8 la specializzazione essere un punto di riferimento autorevole e referenziato, solo cos\u00ec si diventa partner di chi vuole andare in vacanza, anche solo per pochi giorni.<\/p>\n<p>\u00c8 arrivato il momento di organizzare le proprie vacanze e Fido, il vostro amico a quattro zampe, viene con voi.<\/p>\n<p>Sempre pi\u00f9 accettati dagli hotel i piccoli animali domestici costituiscono ormai una compagnia anche durante le vacanze estive e Hosteras si fa paladino di questa buona abitudine, segno di grande civilt\u00e0. <\/p>\n<p>Oltre ad una selezione di tutti gli hotel e i residence che accolgono a braccia aperte il vostro pet, Hosteras fa di pi\u00f9, offre il costo della pulizia extra di fine soggiorno che viene richiesto per il cagnolino o il gattino. Un cadeau per premiare tutte le famiglie che non si separano mai dal loro piccolo amico.&nbsp; <\/p>\n<p>\u00c8 questa, da parte di Hosteras, la prima di una serie di iniziative in programma volte a \u201cfacilitare\u201d le vacanze con il pet. Attualmente sono allo studio soluzioni pi\u00f9 ampie che porteranno al coinvolgimento di un numero pi\u00f9 vasto di hotel, veterinari, negozi specializzati per alimenti e accessori nonch\u00e9 dog sitter per i pi\u00f9 esigenti. Un network territoriale per affrontare in maniera tangibile le esigenze di chi ha deciso di adottare un animale.&nbsp; <\/p>\n<p>Una selezione delle migliori offerte per organizzare al meglio le proprie vacanze, \u00e8 questa la proposta di Hosteras che, nel suo programma della stagione 2010, mette in evidenza le offerte di qualit\u00e0 che premiano chi con la propria vacanza non vuole correre rischi. Un hotel confortevole, extra lusso o semplicemente un B&amp;B, in riva al mare o in campagna, tanti, diversi e per tutte le tasche. Basta collegarsi su www.hosteras.it per scoprire un mare di promozioni<\/p>\n","protected":false},"excerpt":{"rendered":"<p>ZERO STRESS,  SI VA IN VACANZA<br \/>\ncon i consulenti Vacanza di Hosteras la soluzione \u00e8 solo su misura<br \/>\n\u00c8 arrivato il momento di organizzare le proprie vacanze ed ognuno ha esigenze diverse. Si parte con i bimbi, con il cagnolino oppure con gli amici, per una settimana o per qualche giorno in pi\u00f9 ma in ogni caso si parte, si va in vacanza.<\/p>\n","protected":false},"author":10,"featured_media":0,"comment_status":"open","ping_status":"open","sticky":false,"template":"","format":"standard","meta":{"cybocfi_hide_featured_image":"","footnotes":""},"categories":[280],"tags":[799,1086,13689,3,4],"class_list":["post-11790","post","type-post","status-publish","format-standard","hentry","category-viaggi-e-vacanze","tag-mare","tag-sardegna","tag-sole","tag-vacanze","tag-viaggi"],"yoast_head":"<!-- This site is optimized with the Yoast SEO plugin v27.0 - https:\/\/yoast.com\/product\/yoast-seo-wordpress\/ -->\n<title>VACANZE IN SARDEGNA CON HOSTERAS E IL CAGNOLINO - Article Marketing<\/title>\n<meta name=\"robots\" content=\"index, follow, max-snippet:-1, max-image-preview:large, max-video-preview:-1\" \/>\n<link rel=\"canonical\" href=\"https:\/\/www.article-marketing.eu\/comunicati\/viaggi-e-vacanze\/vacanze-in-sardegna-con-hosteras-e-il-cagnolino\/\" \/>\n<meta property=\"og:locale\" content=\"it_IT\" \/>\n<meta property=\"og:type\" content=\"article\" \/>\n<meta property=\"og:title\" content=\"VACANZE IN SARDEGNA CON HOSTERAS E IL CAGNOLINO - Article Marketing\" \/>\n<meta property=\"og:description\" content=\"ZERO STRESS, SI VA IN VACANZA con i consulenti Vacanza di Hosteras la soluzione \u00e8 solo su misura \u00c8 arrivato il momento di organizzare le proprie vacanze ed ognuno ha esigenze diverse. Si parte con i bimbi, con il cagnolino oppure con gli amici, per una settimana o per qualche giorno in pi\u00f9 ma in ogni caso si parte, si va in vacanza.\" \/>\n<meta property=\"og:url\" content=\"https:\/\/www.article-marketing.eu\/comunicati\/viaggi-e-vacanze\/vacanze-in-sardegna-con-hosteras-e-il-cagnolino\/\" \/>\n<meta property=\"og:site_name\" content=\"Article Marketing\" \/>\n<meta property=\"article:published_time\" content=\"2010-05-28T13:29:38+00:00\" \/>\n<meta name=\"author\" content=\"Redazione Comunicati Stampa\" \/>\n<meta name=\"twitter:card\" content=\"summary_large_image\" \/>\n<meta name=\"twitter:label1\" content=\"Scritto da\" \/>\n\t<meta name=\"twitter:data1\" content=\"Redazione Comunicati Stampa\" \/>\n\t<meta name=\"twitter:label2\" content=\"Tempo di lettura stimato\" \/>\n\t<meta name=\"twitter:data2\" content=\"3 minuti\" \/>\n<script type=\"application\/ld+json\" class=\"yoast-schema-graph\">{\"@context\":\"https:\/\/schema.org\",\"@graph\":[{\"@type\":\"Article\",\"@id\":\"https:\/\/www.article-marketing.eu\/comunicati\/viaggi-e-vacanze\/vacanze-in-sardegna-con-hosteras-e-il-cagnolino\/#article\",\"isPartOf\":{\"@id\":\"https:\/\/www.article-marketing.eu\/comunicati\/viaggi-e-vacanze\/vacanze-in-sardegna-con-hosteras-e-il-cagnolino\/\"},\"author\":{\"name\":\"Redazione Comunicati Stampa\",\"@id\":\"https:\/\/www.article-marketing.eu\/comunicati\/#\/schema\/person\/44372e4d4d0fa797b18e03ed1ace9017\"},\"headline\":\"VACANZE IN SARDEGNA CON HOSTERAS E IL CAGNOLINO\",\"datePublished\":\"2010-05-28T13:29:38+00:00\",\"mainEntityOfPage\":{\"@id\":\"https:\/\/www.article-marketing.eu\/comunicati\/viaggi-e-vacanze\/vacanze-in-sardegna-con-hosteras-e-il-cagnolino\/\"},\"wordCount\":520,\"commentCount\":0,\"keywords\":[\"mare\",\"sardegna\",\"sole\",\"vacanze\",\"viaggi\"],\"articleSection\":[\"Viaggi e vacanze\"],\"inLanguage\":\"it-IT\",\"potentialAction\":[{\"@type\":\"CommentAction\",\"name\":\"Comment\",\"target\":[\"https:\/\/www.article-marketing.eu\/comunicati\/viaggi-e-vacanze\/vacanze-in-sardegna-con-hosteras-e-il-cagnolino\/#respond\"]}]},{\"@type\":\"WebPage\",\"@id\":\"https:\/\/www.article-marketing.eu\/comunicati\/viaggi-e-vacanze\/vacanze-in-sardegna-con-hosteras-e-il-cagnolino\/\",\"url\":\"https:\/\/www.article-marketing.eu\/comunicati\/viaggi-e-vacanze\/vacanze-in-sardegna-con-hosteras-e-il-cagnolino\/\",\"name\":\"VACANZE IN SARDEGNA CON HOSTERAS E IL CAGNOLINO - Article Marketing\",\"isPartOf\":{\"@id\":\"https:\/\/www.article-marketing.eu\/comunicati\/#website\"},\"datePublished\":\"2010-05-28T13:29:38+00:00\",\"author\":{\"@id\":\"https:\/\/www.article-marketing.eu\/comunicati\/#\/schema\/person\/44372e4d4d0fa797b18e03ed1ace9017\"},\"breadcrumb\":{\"@id\":\"https:\/\/www.article-marketing.eu\/comunicati\/viaggi-e-vacanze\/vacanze-in-sardegna-con-hosteras-e-il-cagnolino\/#breadcrumb\"},\"inLanguage\":\"it-IT\",\"potentialAction\":[{\"@type\":\"ReadAction\",\"target\":[\"https:\/\/www.article-marketing.eu\/comunicati\/viaggi-e-vacanze\/vacanze-in-sardegna-con-hosteras-e-il-cagnolino\/\"]}]},{\"@type\":\"BreadcrumbList\",\"@id\":\"https:\/\/www.article-marketing.eu\/comunicati\/viaggi-e-vacanze\/vacanze-in-sardegna-con-hosteras-e-il-cagnolino\/#breadcrumb\",\"itemListElement\":[{\"@type\":\"ListItem\",\"position\":1,\"name\":\"Home\",\"item\":\"https:\/\/www.article-marketing.eu\/comunicati\/\"},{\"@type\":\"ListItem\",\"position\":2,\"name\":\"VACANZE IN SARDEGNA CON HOSTERAS E IL CAGNOLINO\"}]},{\"@type\":\"WebSite\",\"@id\":\"https:\/\/www.article-marketing.eu\/comunicati\/#website\",\"url\":\"https:\/\/www.article-marketing.eu\/comunicati\/\",\"name\":\"Article Marketing\",\"description\":\"article marketing &amp; press release\",\"potentialAction\":[{\"@type\":\"SearchAction\",\"target\":{\"@type\":\"EntryPoint\",\"urlTemplate\":\"https:\/\/www.article-marketing.eu\/comunicati\/?s={search_term_string}\"},\"query-input\":{\"@type\":\"PropertyValueSpecification\",\"valueRequired\":true,\"valueName\":\"search_term_string\"}}],\"inLanguage\":\"it-IT\"},{\"@type\":\"Person\",\"@id\":\"https:\/\/www.article-marketing.eu\/comunicati\/#\/schema\/person\/44372e4d4d0fa797b18e03ed1ace9017\",\"name\":\"Redazione Comunicati Stampa\",\"image\":{\"@type\":\"ImageObject\",\"inLanguage\":\"it-IT\",\"@id\":\"https:\/\/www.article-marketing.eu\/comunicati\/#\/schema\/person\/image\/\",\"url\":\"https:\/\/secure.gravatar.com\/avatar\/50e5c6421d3072f42e7ace803501602c60d75233d34e29fd05feb91c8760b792?s=96&d=mm&r=g\",\"contentUrl\":\"https:\/\/secure.gravatar.com\/avatar\/50e5c6421d3072f42e7ace803501602c60d75233d34e29fd05feb91c8760b792?s=96&d=mm&r=g\",\"caption\":\"Redazione Comunicati Stampa\"},\"url\":\"https:\/\/www.article-marketing.eu\/comunicati\/author\/redazione-comunicati-stampa\/\"}]}<\/script>\n<!-- \/ Yoast SEO plugin. -->","yoast_head_json":{"title":"VACANZE IN SARDEGNA CON HOSTERAS E IL CAGNOLINO - Article Marketing","robots":{"index":"index","follow":"follow","max-snippet":"max-snippet:-1","max-image-preview":"max-image-preview:large","max-video-preview":"max-video-preview:-1"},"canonical":"https:\/\/www.article-marketing.eu\/comunicati\/viaggi-e-vacanze\/vacanze-in-sardegna-con-hosteras-e-il-cagnolino\/","og_locale":"it_IT","og_type":"article","og_title":"VACANZE IN SARDEGNA CON HOSTERAS E IL CAGNOLINO - Article Marketing","og_description":"ZERO STRESS, SI VA IN VACANZA con i consulenti Vacanza di Hosteras la soluzione \u00e8 solo su misura \u00c8 arrivato il momento di organizzare le proprie vacanze ed ognuno ha esigenze diverse. Si parte con i bimbi, con il cagnolino oppure con gli amici, per una settimana o per qualche giorno in pi\u00f9 ma in ogni caso si parte, si va in vacanza.","og_url":"https:\/\/www.article-marketing.eu\/comunicati\/viaggi-e-vacanze\/vacanze-in-sardegna-con-hosteras-e-il-cagnolino\/","og_site_name":"Article Marketing","article_published_time":"2010-05-28T13:29:38+00:00","author":"Redazione Comunicati Stampa","twitter_card":"summary_large_image","twitter_misc":{"Scritto da":"Redazione Comunicati Stampa","Tempo di lettura stimato":"3 minuti"},"schema":{"@context":"https:\/\/schema.org","@graph":[{"@type":"Article","@id":"https:\/\/www.article-marketing.eu\/comunicati\/viaggi-e-vacanze\/vacanze-in-sardegna-con-hosteras-e-il-cagnolino\/#article","isPartOf":{"@id":"https:\/\/www.article-marketing.eu\/comunicati\/viaggi-e-vacanze\/vacanze-in-sardegna-con-hosteras-e-il-cagnolino\/"},"author":{"name":"Redazione Comunicati Stampa","@id":"https:\/\/www.article-marketing.eu\/comunicati\/#\/schema\/person\/44372e4d4d0fa797b18e03ed1ace9017"},"headline":"VACANZE IN SARDEGNA CON HOSTERAS E IL CAGNOLINO","datePublished":"2010-05-28T13:29:38+00:00","mainEntityOfPage":{"@id":"https:\/\/www.article-marketing.eu\/comunicati\/viaggi-e-vacanze\/vacanze-in-sardegna-con-hosteras-e-il-cagnolino\/"},"wordCount":520,"commentCount":0,"keywords":["mare","sardegna","sole","vacanze","viaggi"],"articleSection":["Viaggi e vacanze"],"inLanguage":"it-IT","potentialAction":[{"@type":"CommentAction","name":"Comment","target":["https:\/\/www.article-marketing.eu\/comunicati\/viaggi-e-vacanze\/vacanze-in-sardegna-con-hosteras-e-il-cagnolino\/#respond"]}]},{"@type":"WebPage","@id":"https:\/\/www.article-marketing.eu\/comunicati\/viaggi-e-vacanze\/vacanze-in-sardegna-con-hosteras-e-il-cagnolino\/","url":"https:\/\/www.article-marketing.eu\/comunicati\/viaggi-e-vacanze\/vacanze-in-sardegna-con-hosteras-e-il-cagnolino\/","name":"VACANZE IN SARDEGNA CON HOSTERAS E IL CAGNOLINO - Article Marketing","isPartOf":{"@id":"https:\/\/www.article-marketing.eu\/comunicati\/#website"},"datePublished":"2010-05-28T13:29:38+00:00","author":{"@id":"https:\/\/www.article-marketing.eu\/comunicati\/#\/schema\/person\/44372e4d4d0fa797b18e03ed1ace9017"},"breadcrumb":{"@id":"https:\/\/www.article-marketing.eu\/comunicati\/viaggi-e-vacanze\/vacanze-in-sardegna-con-hosteras-e-il-cagnolino\/#breadcrumb"},"inLanguage":"it-IT","potentialAction":[{"@type":"ReadAction","target":["https:\/\/www.article-marketing.eu\/comunicati\/viaggi-e-vacanze\/vacanze-in-sardegna-con-hosteras-e-il-cagnolino\/"]}]},{"@type":"BreadcrumbList","@id":"https:\/\/www.article-marketing.eu\/comunicati\/viaggi-e-vacanze\/vacanze-in-sardegna-con-hosteras-e-il-cagnolino\/#breadcrumb","itemListElement":[{"@type":"ListItem","position":1,"name":"Home","item":"https:\/\/www.article-marketing.eu\/comunicati\/"},{"@type":"ListItem","position":2,"name":"VACANZE IN SARDEGNA CON HOSTERAS E IL CAGNOLINO"}]},{"@type":"WebSite","@id":"https:\/\/www.article-marketing.eu\/comunicati\/#website","url":"https:\/\/www.article-marketing.eu\/comunicati\/","name":"Article Marketing","description":"article marketing &amp; press release","potentialAction":[{"@type":"SearchAction","target":{"@type":"EntryPoint","urlTemplate":"https:\/\/www.article-marketing.eu\/comunicati\/?s={search_term_string}"},"query-input":{"@type":"PropertyValueSpecification","valueRequired":true,"valueName":"search_term_string"}}],"inLanguage":"it-IT"},{"@type":"Person","@id":"https:\/\/www.article-marketing.eu\/comunicati\/#\/schema\/person\/44372e4d4d0fa797b18e03ed1ace9017","name":"Redazione Comunicati Stampa","image":{"@type":"ImageObject","inLanguage":"it-IT","@id":"https:\/\/www.article-marketing.eu\/comunicati\/#\/schema\/person\/image\/","url":"https:\/\/secure.gravatar.com\/avatar\/50e5c6421d3072f42e7ace803501602c60d75233d34e29fd05feb91c8760b792?s=96&d=mm&r=g","contentUrl":"https:\/\/secure.gravatar.com\/avatar\/50e5c6421d3072f42e7ace803501602c60d75233d34e29fd05feb91c8760b792?s=96&d=mm&r=g","caption":"Redazione Comunicati Stampa"},"url":"https:\/\/www.article-marketing.eu\/comunicati\/author\/redazione-comunicati-stampa\/"}]}},"_links":{"self":[{"href":"https:\/\/www.article-marketing.eu\/comunicati\/wp-json\/wp\/v2\/posts\/11790","targetHints":{"allow":["GET"]}}],"collection":[{"href":"https:\/\/www.article-marketing.eu\/comunicati\/wp-json\/wp\/v2\/posts"}],"about":[{"href":"https:\/\/www.article-marketing.eu\/comunicati\/wp-json\/wp\/v2\/types\/post"}],"author":[{"embeddable":true,"href":"https:\/\/www.article-marketing.eu\/comunicati\/wp-json\/wp\/v2\/users\/10"}],"replies":[{"embeddable":true,"href":"https:\/\/www.article-marketing.eu\/comunicati\/wp-json\/wp\/v2\/comments?post=11790"}],"version-history":[{"count":0,"href":"https:\/\/www.article-marketing.eu\/comunicati\/wp-json\/wp\/v2\/posts\/11790\/revisions"}],"wp:attachment":[{"href":"https:\/\/www.article-marketing.eu\/comunicati\/wp-json\/wp\/v2\/media?parent=11790"}],"wp:term":[{"taxonomy":"category","embeddable":true,"href":"https:\/\/www.article-marketing.eu\/comunicati\/wp-json\/wp\/v2\/categories?post=11790"},{"taxonomy":"post_tag","embeddable":true,"href":"https:\/\/www.article-marketing.eu\/comunicati\/wp-json\/wp\/v2\/tags?post=11790"}],"curies":[{"name":"wp","href":"https:\/\/api.w.org\/{rel}","templated":true}]}}