{"id":11810,"date":"2010-06-29T12:51:44","date_gmt":"2010-06-29T10:51:44","guid":{"rendered":"http:\/\/www.article-marketing.eu\/comunicati\/senza-categoria\/agricoltura-fra-tradizione-e-innovazione\/"},"modified":"2010-06-29T12:51:44","modified_gmt":"2010-06-29T10:51:44","slug":"agricoltura-fra-tradizione-e-innovazione","status":"publish","type":"post","link":"https:\/\/www.article-marketing.eu\/comunicati\/ambiente\/natura\/agricoltura-fra-tradizione-e-innovazione\/","title":{"rendered":"AGRICOLTURA FRA TRADIZIONE E INNOVAZIONE"},"content":{"rendered":"<p>&nbsp;<\/p>\n<p>&nbsp;<\/p>\n<p>&nbsp;<\/p>\n<p class=\"MsoNormal\">come di consueto, si concluder\u00e0 a settembre inoltrato con le feste dedicate all\u2019ultimo prodotto importante dell\u2019agricoltura italiana, la vite.<\/p>\n<p class=\"MsoNormal\">Da giugno infatti innumerevoli sono le sagre le feste le fiere<br \/>\ndedicate ai prodotti tipici di ogni zona d\u2019Italia. Dal grano al vino, dalle<br \/>\nmele alle patate tutti i prodotti tipici della nostra terra sono festeggiati e<br \/>\nonorati come loro dovuto con&nbsp; sagre<br \/>\ndentro alle quali tutti trovano spazio dai commercianti ai ristoratori in<br \/>\ngrandi feste che fortunatamente coinvolgono ancora tantissimo gli italiani e<br \/>\nnon solo, vista la grande presenza di turisti anche di altre nazioni. <\/p>\n<p class=\"MsoNormal\">E\u2019 inevitabile per\u00f2 ricollegare queste feste cos\u00ec radicate<br \/>\nalle tradizione,che si rifanno ad una realt\u00e0 agreste cos\u00ec cara a molti dei<br \/>\nnostri poeti, all\u2019agricoltura, settore sul quale tutte le economie mondiali si<br \/>\nreggono, settore senza il quale non si potrebbe crescere n\u00e9 a livello economico<br \/>\nn\u00e9 a livello di benessere. L\u2019agricoltura infatti fino alla met\u00e0 del secolo<br \/>\nscorso era quel settore in cui la maggior parte delle persone era impegnato,<br \/>\nnon a caso in Italia numerosi sono i richiami alla realt\u00e0 agreste cara a molti<br \/>\npoeti come Pascoli, ma anche a molti registi come Ermanno Olmi che a rivelato quanto<br \/>\ndura fosse la vita quotidiana del contadino attraverso la sua pellicola<br \/>\n\u201cL\u2019albero degli zoccoli\u201d.<\/p>\n<p class=\"MsoNormal\">Proprio per questo \u00e8 sorprendente come nel corso di pochi<br \/>\nanni, gli addetti al settore primario siano diminuiti in&nbsp; maniera esponenziale ma \u00e8 ancor pi\u00f9 sorprendente<br \/>\ncome non sia diminuita la produzione di materie prime. La tecnologia applicata<br \/>\nall\u2019agricoltura infatti ha fatto passi da gigante in ogni settore dalla &nbsp;<a href=\"http:\/\/www.vigolo.com\/\">produzione macchine agricole<\/a> alla<br \/>\ntipologia di coltura da applicare ad un determinato tipo di terreno. Non a caso<br \/>\nsempre pi\u00f9 specialistici si fanno gli studi del settore agrario che oramai<br \/>\nspaziano anche alle colture relative alle energie rinnovabili. Per quanto<br \/>\nriguarda le tecnologie relative alle colture per l\u2019alimentazione negli ultimi<br \/>\nanni sono state elaborate metodologie sempre pi\u00f9 avanzate nella produzione di<br \/>\nmacchine agricole che sono andate via via sostituendosi all\u2019uomo permettendo a<br \/>\npoche persone di mantenere la produzione molto alta. Inoltre l\u2019elaborazione di trivelle agricole sempre pi\u00f9 ad alta potenza ha garantito una<br \/>\npi\u00f9 duratura redditivit\u00e0 dei terreni destinati all\u2019agricoltura. <\/p>\n<p class=\"MsoNormal\">Anche la semina, da sempre momento pi\u00f9 faticoso per<br \/>\nl\u2019agricoltore ha subito grandi trasformazioni infatti con la progettazione di macchine semina tutto il<br \/>\nprocedimento \u00e8 divenuto pi\u00f9 facile e sbrigativo tanto che un solo uomo pu\u00f2<br \/>\nseminare pi\u00f9 e pi\u00f9 campi nel tempo in cui, non troppi anni fa\u2019, ne venivano<br \/>\nseminati due o tre. <\/p>\n<p class=\"MsoNormal\">Ma la tecnologia applicata all\u2019agricoltura \u00e8 in continua<br \/>\nfase di elaborazione, infatti con l\u2019avvento di nuove colture, le gi\u00e0 citate che<br \/>\nsono destinate alla produzione di energia, sicuramente non mancheranno le<br \/>\nsorprese nei prossimi anni.<\/p>\n","protected":false},"excerpt":{"rendered":"<p>Con l\u2019avvento della bella stagione oramai si \u00e8 aperto anche il periodo delle grandi fiere che,<\/p>\n","protected":false},"author":10,"featured_media":0,"comment_status":"open","ping_status":"open","sticky":false,"template":"","format":"standard","meta":{"cybocfi_hide_featured_image":"","footnotes":""},"categories":[92],"tags":[14283,22075,259],"class_list":["post-11810","post","type-post","status-publish","format-standard","hentry","category-natura","tag-agricoltura","tag-attrezzi-agricoli","tag-tecnologia"],"yoast_head":"<!-- This site is optimized with the Yoast SEO plugin v27.0 - https:\/\/yoast.com\/product\/yoast-seo-wordpress\/ -->\n<title>AGRICOLTURA FRA TRADIZIONE E INNOVAZIONE - Article Marketing<\/title>\n<meta name=\"robots\" content=\"index, follow, max-snippet:-1, max-image-preview:large, max-video-preview:-1\" \/>\n<link rel=\"canonical\" href=\"https:\/\/www.article-marketing.eu\/comunicati\/ambiente\/natura\/agricoltura-fra-tradizione-e-innovazione\/\" \/>\n<meta property=\"og:locale\" content=\"it_IT\" \/>\n<meta property=\"og:type\" content=\"article\" \/>\n<meta property=\"og:title\" content=\"AGRICOLTURA FRA TRADIZIONE E INNOVAZIONE - Article Marketing\" \/>\n<meta property=\"og:description\" content=\"Con l\u2019avvento della bella stagione oramai si \u00e8 aperto anche il periodo delle grandi fiere che,\" \/>\n<meta property=\"og:url\" content=\"https:\/\/www.article-marketing.eu\/comunicati\/ambiente\/natura\/agricoltura-fra-tradizione-e-innovazione\/\" \/>\n<meta property=\"og:site_name\" content=\"Article Marketing\" \/>\n<meta property=\"article:published_time\" content=\"2010-06-29T10:51:44+00:00\" \/>\n<meta name=\"author\" content=\"Redazione Comunicati Stampa\" \/>\n<meta name=\"twitter:card\" content=\"summary_large_image\" \/>\n<meta name=\"twitter:label1\" content=\"Scritto da\" \/>\n\t<meta name=\"twitter:data1\" content=\"Redazione Comunicati Stampa\" \/>\n\t<meta name=\"twitter:label2\" content=\"Tempo di lettura stimato\" \/>\n\t<meta name=\"twitter:data2\" content=\"2 minuti\" \/>\n<script type=\"application\/ld+json\" class=\"yoast-schema-graph\">{\"@context\":\"https:\/\/schema.org\",\"@graph\":[{\"@type\":\"Article\",\"@id\":\"https:\/\/www.article-marketing.eu\/comunicati\/ambiente\/natura\/agricoltura-fra-tradizione-e-innovazione\/#article\",\"isPartOf\":{\"@id\":\"https:\/\/www.article-marketing.eu\/comunicati\/ambiente\/natura\/agricoltura-fra-tradizione-e-innovazione\/\"},\"author\":{\"name\":\"Redazione Comunicati Stampa\",\"@id\":\"https:\/\/www.article-marketing.eu\/comunicati\/#\/schema\/person\/44372e4d4d0fa797b18e03ed1ace9017\"},\"headline\":\"AGRICOLTURA FRA TRADIZIONE E INNOVAZIONE\",\"datePublished\":\"2010-06-29T10:51:44+00:00\",\"mainEntityOfPage\":{\"@id\":\"https:\/\/www.article-marketing.eu\/comunicati\/ambiente\/natura\/agricoltura-fra-tradizione-e-innovazione\/\"},\"wordCount\":470,\"commentCount\":0,\"keywords\":[\"agricoltura\",\"Attrezzi agricoli\",\"tecnologia\"],\"articleSection\":[\"Natura\"],\"inLanguage\":\"it-IT\",\"potentialAction\":[{\"@type\":\"CommentAction\",\"name\":\"Comment\",\"target\":[\"https:\/\/www.article-marketing.eu\/comunicati\/ambiente\/natura\/agricoltura-fra-tradizione-e-innovazione\/#respond\"]}]},{\"@type\":\"WebPage\",\"@id\":\"https:\/\/www.article-marketing.eu\/comunicati\/ambiente\/natura\/agricoltura-fra-tradizione-e-innovazione\/\",\"url\":\"https:\/\/www.article-marketing.eu\/comunicati\/ambiente\/natura\/agricoltura-fra-tradizione-e-innovazione\/\",\"name\":\"AGRICOLTURA FRA TRADIZIONE E INNOVAZIONE - Article Marketing\",\"isPartOf\":{\"@id\":\"https:\/\/www.article-marketing.eu\/comunicati\/#website\"},\"datePublished\":\"2010-06-29T10:51:44+00:00\",\"author\":{\"@id\":\"https:\/\/www.article-marketing.eu\/comunicati\/#\/schema\/person\/44372e4d4d0fa797b18e03ed1ace9017\"},\"breadcrumb\":{\"@id\":\"https:\/\/www.article-marketing.eu\/comunicati\/ambiente\/natura\/agricoltura-fra-tradizione-e-innovazione\/#breadcrumb\"},\"inLanguage\":\"it-IT\",\"potentialAction\":[{\"@type\":\"ReadAction\",\"target\":[\"https:\/\/www.article-marketing.eu\/comunicati\/ambiente\/natura\/agricoltura-fra-tradizione-e-innovazione\/\"]}]},{\"@type\":\"BreadcrumbList\",\"@id\":\"https:\/\/www.article-marketing.eu\/comunicati\/ambiente\/natura\/agricoltura-fra-tradizione-e-innovazione\/#breadcrumb\",\"itemListElement\":[{\"@type\":\"ListItem\",\"position\":1,\"name\":\"Home\",\"item\":\"https:\/\/www.article-marketing.eu\/comunicati\/\"},{\"@type\":\"ListItem\",\"position\":2,\"name\":\"AGRICOLTURA FRA TRADIZIONE E INNOVAZIONE\"}]},{\"@type\":\"WebSite\",\"@id\":\"https:\/\/www.article-marketing.eu\/comunicati\/#website\",\"url\":\"https:\/\/www.article-marketing.eu\/comunicati\/\",\"name\":\"Article Marketing\",\"description\":\"article marketing &amp; press release\",\"potentialAction\":[{\"@type\":\"SearchAction\",\"target\":{\"@type\":\"EntryPoint\",\"urlTemplate\":\"https:\/\/www.article-marketing.eu\/comunicati\/?s={search_term_string}\"},\"query-input\":{\"@type\":\"PropertyValueSpecification\",\"valueRequired\":true,\"valueName\":\"search_term_string\"}}],\"inLanguage\":\"it-IT\"},{\"@type\":\"Person\",\"@id\":\"https:\/\/www.article-marketing.eu\/comunicati\/#\/schema\/person\/44372e4d4d0fa797b18e03ed1ace9017\",\"name\":\"Redazione Comunicati Stampa\",\"image\":{\"@type\":\"ImageObject\",\"inLanguage\":\"it-IT\",\"@id\":\"https:\/\/www.article-marketing.eu\/comunicati\/#\/schema\/person\/image\/\",\"url\":\"https:\/\/secure.gravatar.com\/avatar\/50e5c6421d3072f42e7ace803501602c60d75233d34e29fd05feb91c8760b792?s=96&d=mm&r=g\",\"contentUrl\":\"https:\/\/secure.gravatar.com\/avatar\/50e5c6421d3072f42e7ace803501602c60d75233d34e29fd05feb91c8760b792?s=96&d=mm&r=g\",\"caption\":\"Redazione Comunicati Stampa\"},\"url\":\"https:\/\/www.article-marketing.eu\/comunicati\/author\/redazione-comunicati-stampa\/\"}]}<\/script>\n<!-- \/ Yoast SEO plugin. -->","yoast_head_json":{"title":"AGRICOLTURA FRA TRADIZIONE E INNOVAZIONE - Article Marketing","robots":{"index":"index","follow":"follow","max-snippet":"max-snippet:-1","max-image-preview":"max-image-preview:large","max-video-preview":"max-video-preview:-1"},"canonical":"https:\/\/www.article-marketing.eu\/comunicati\/ambiente\/natura\/agricoltura-fra-tradizione-e-innovazione\/","og_locale":"it_IT","og_type":"article","og_title":"AGRICOLTURA FRA TRADIZIONE E INNOVAZIONE - Article Marketing","og_description":"Con l\u2019avvento della bella stagione oramai si \u00e8 aperto anche il periodo delle grandi fiere che,","og_url":"https:\/\/www.article-marketing.eu\/comunicati\/ambiente\/natura\/agricoltura-fra-tradizione-e-innovazione\/","og_site_name":"Article Marketing","article_published_time":"2010-06-29T10:51:44+00:00","author":"Redazione Comunicati Stampa","twitter_card":"summary_large_image","twitter_misc":{"Scritto da":"Redazione Comunicati Stampa","Tempo di lettura stimato":"2 minuti"},"schema":{"@context":"https:\/\/schema.org","@graph":[{"@type":"Article","@id":"https:\/\/www.article-marketing.eu\/comunicati\/ambiente\/natura\/agricoltura-fra-tradizione-e-innovazione\/#article","isPartOf":{"@id":"https:\/\/www.article-marketing.eu\/comunicati\/ambiente\/natura\/agricoltura-fra-tradizione-e-innovazione\/"},"author":{"name":"Redazione Comunicati Stampa","@id":"https:\/\/www.article-marketing.eu\/comunicati\/#\/schema\/person\/44372e4d4d0fa797b18e03ed1ace9017"},"headline":"AGRICOLTURA FRA TRADIZIONE E INNOVAZIONE","datePublished":"2010-06-29T10:51:44+00:00","mainEntityOfPage":{"@id":"https:\/\/www.article-marketing.eu\/comunicati\/ambiente\/natura\/agricoltura-fra-tradizione-e-innovazione\/"},"wordCount":470,"commentCount":0,"keywords":["agricoltura","Attrezzi agricoli","tecnologia"],"articleSection":["Natura"],"inLanguage":"it-IT","potentialAction":[{"@type":"CommentAction","name":"Comment","target":["https:\/\/www.article-marketing.eu\/comunicati\/ambiente\/natura\/agricoltura-fra-tradizione-e-innovazione\/#respond"]}]},{"@type":"WebPage","@id":"https:\/\/www.article-marketing.eu\/comunicati\/ambiente\/natura\/agricoltura-fra-tradizione-e-innovazione\/","url":"https:\/\/www.article-marketing.eu\/comunicati\/ambiente\/natura\/agricoltura-fra-tradizione-e-innovazione\/","name":"AGRICOLTURA FRA TRADIZIONE E INNOVAZIONE - Article Marketing","isPartOf":{"@id":"https:\/\/www.article-marketing.eu\/comunicati\/#website"},"datePublished":"2010-06-29T10:51:44+00:00","author":{"@id":"https:\/\/www.article-marketing.eu\/comunicati\/#\/schema\/person\/44372e4d4d0fa797b18e03ed1ace9017"},"breadcrumb":{"@id":"https:\/\/www.article-marketing.eu\/comunicati\/ambiente\/natura\/agricoltura-fra-tradizione-e-innovazione\/#breadcrumb"},"inLanguage":"it-IT","potentialAction":[{"@type":"ReadAction","target":["https:\/\/www.article-marketing.eu\/comunicati\/ambiente\/natura\/agricoltura-fra-tradizione-e-innovazione\/"]}]},{"@type":"BreadcrumbList","@id":"https:\/\/www.article-marketing.eu\/comunicati\/ambiente\/natura\/agricoltura-fra-tradizione-e-innovazione\/#breadcrumb","itemListElement":[{"@type":"ListItem","position":1,"name":"Home","item":"https:\/\/www.article-marketing.eu\/comunicati\/"},{"@type":"ListItem","position":2,"name":"AGRICOLTURA FRA TRADIZIONE E INNOVAZIONE"}]},{"@type":"WebSite","@id":"https:\/\/www.article-marketing.eu\/comunicati\/#website","url":"https:\/\/www.article-marketing.eu\/comunicati\/","name":"Article Marketing","description":"article marketing &amp; press release","potentialAction":[{"@type":"SearchAction","target":{"@type":"EntryPoint","urlTemplate":"https:\/\/www.article-marketing.eu\/comunicati\/?s={search_term_string}"},"query-input":{"@type":"PropertyValueSpecification","valueRequired":true,"valueName":"search_term_string"}}],"inLanguage":"it-IT"},{"@type":"Person","@id":"https:\/\/www.article-marketing.eu\/comunicati\/#\/schema\/person\/44372e4d4d0fa797b18e03ed1ace9017","name":"Redazione Comunicati Stampa","image":{"@type":"ImageObject","inLanguage":"it-IT","@id":"https:\/\/www.article-marketing.eu\/comunicati\/#\/schema\/person\/image\/","url":"https:\/\/secure.gravatar.com\/avatar\/50e5c6421d3072f42e7ace803501602c60d75233d34e29fd05feb91c8760b792?s=96&d=mm&r=g","contentUrl":"https:\/\/secure.gravatar.com\/avatar\/50e5c6421d3072f42e7ace803501602c60d75233d34e29fd05feb91c8760b792?s=96&d=mm&r=g","caption":"Redazione Comunicati Stampa"},"url":"https:\/\/www.article-marketing.eu\/comunicati\/author\/redazione-comunicati-stampa\/"}]}},"_links":{"self":[{"href":"https:\/\/www.article-marketing.eu\/comunicati\/wp-json\/wp\/v2\/posts\/11810","targetHints":{"allow":["GET"]}}],"collection":[{"href":"https:\/\/www.article-marketing.eu\/comunicati\/wp-json\/wp\/v2\/posts"}],"about":[{"href":"https:\/\/www.article-marketing.eu\/comunicati\/wp-json\/wp\/v2\/types\/post"}],"author":[{"embeddable":true,"href":"https:\/\/www.article-marketing.eu\/comunicati\/wp-json\/wp\/v2\/users\/10"}],"replies":[{"embeddable":true,"href":"https:\/\/www.article-marketing.eu\/comunicati\/wp-json\/wp\/v2\/comments?post=11810"}],"version-history":[{"count":0,"href":"https:\/\/www.article-marketing.eu\/comunicati\/wp-json\/wp\/v2\/posts\/11810\/revisions"}],"wp:attachment":[{"href":"https:\/\/www.article-marketing.eu\/comunicati\/wp-json\/wp\/v2\/media?parent=11810"}],"wp:term":[{"taxonomy":"category","embeddable":true,"href":"https:\/\/www.article-marketing.eu\/comunicati\/wp-json\/wp\/v2\/categories?post=11810"},{"taxonomy":"post_tag","embeddable":true,"href":"https:\/\/www.article-marketing.eu\/comunicati\/wp-json\/wp\/v2\/tags?post=11810"}],"curies":[{"name":"wp","href":"https:\/\/api.w.org\/{rel}","templated":true}]}}