{"id":11815,"date":"2010-07-07T12:18:16","date_gmt":"2010-07-07T10:18:16","guid":{"rendered":"http:\/\/www.article-marketing.eu\/comunicati\/senza-categoria\/massima-serenit%e0-in-vacanza-con-i-prodotti-fritz-di-avm\/"},"modified":"2010-07-07T12:18:16","modified_gmt":"2010-07-07T10:18:16","slug":"massima-serenit%e0-in-vacanza-con-i-prodotti-fritz-di-avm","status":"publish","type":"post","link":"https:\/\/www.article-marketing.eu\/comunicati\/internet\/massima-serenit%e0-in-vacanza-con-i-prodotti-fritz-di-avm\/","title":{"rendered":"Massima serenit\u00e0 in vacanza con i prodotti FRITZ! di AVM"},"content":{"rendered":"<p>\u201cQuando si \u00e8 in ferie non \u00e8 necessario essere fuori dal mondo, a meno che non lo si desideri esplicitamente\u201d cos\u00ec Gianni Garita, Sales Manager di AVM per l\u2019Italia, commenta le vacanze ormai alle porte. \u201cDurante il meritato periodo di riposo tutti desiderano \u2018staccare\u2019, ma, specie per i professionisti, \u00e8 sempre pi\u00f9 difficile alienarsi totalmente dalle proprie attivit\u00e0. Quindi, perch\u00e9 non gestirle in tutta comodit\u00e0 da qualsivoglia luogo di soggiorno?\u201d<\/p>\n<p>Massima serenit\u00e0, al momento giusto, con le versatili funzioni di telefonia <br \/>Per risparmiare tempo e denaro, evitando di ascoltare la segreteria telefonica dall\u2019altra parte dell\u2019oceano, i dispositivi della gamma FRITZ!Box inoltrano tutti i messaggi vocali o fax in tempo reale all\u2019account di posta elettronica, rispettivamente in formato audio (WAV) o come documento PDF. Attraverso il servizio push, che include anche un elenco giornaliero delle \u201cchiamate perse\u201d, si viene informati tempestivamente di quanto succede, pur trovandosi a bordo piscina. Il sofisticato centralino telefonico integrato nei dispositivi FRITZ! consente altres\u00ec di trasferire le chiamate a qualsiasi numero di rete fissa o mobile durante l\u2019assenza, o di effettuare una deviazione di chiamata selettiva in base al numero chiamante. Con il servizio notturno \u00e8 possibile inoltre definire gli orari della propria reperibilit\u00e0 telefonica oltre ad impostare la comoda \u201csveglia\u201d. <\/p>\n<p>Accesso remoto protetto al tuo NAS di casa<br \/>Scegliere e condividere le foto pi\u00f9 belle delle vacanze con famiglia e amici non \u00e8 pi\u00f9 un compito tedioso post-vacanze: la funzionalit\u00e0 VPN integrata nei FRITZ!Box consente di collegarsi alla rete di casa o dell\u2019ufficio da un internet cafe e di accedere i modo sicuro ai propri dati, oppure caricare le foto da condividere in tempo reale con gli amici attraverso la funzione di server FTP, facilmente configurabile con servizi di DNS dinamico tipo dyndns.org. Usato in combinazione con l\u2019impianto multimediale di casa, il FRITZ!Box Fon WLAN 7270 consente ad esempio di caricare sul NAS le foto delle ferie con lo smartphone; la famiglia a casa potr\u00e0 guardare le foto sulla tv attraverso la funzione di streaming integrata nel 7270.<\/p>\n<p>Risparmio sui consumi elettrici e riduzione delle emissioni radio <br \/>I FRITZ!Box riuniscono pi\u00f9 dispositivi in un\u2019unica soluzione, riducendo drasticamente il consumo elettrico altrimenti generato, pur lasciandoli accesi durante la propria assenza. Quale ulteriore contributo al \u201cgreen IT\u201d, l\u2019intera gamma FRITZ!Box di AVM \u00e8 dotata della funzione di spegnimento automatico del segnale wireless, sia per minimizzare il consumo elettrico sia per evitare l\u2019emissione di onde radio, non necessaria mentre si \u00e8 via. <br \/>Una grigliata a casa propria <br \/>Per chi trascorre parte delle ferie a casa, il FRITZ!Box offre servizi di streaming audio e video con Universal Plug &amp; Play (UPnP), che consentono di accedere ai propri contenuti multimediali da qualsiasi posizione nell\u2019edificio. In combinazione con il FRITZ!WLAN Repeater N\/G annunciato di recente, gli utenti possono ascoltare i propri file MP3 preferiti inviandoli alla radio sulla terrazza o in giardino, mentre si godono ad esempio una bella grigliata con gli amici. Allo stesso tempo, l\u2019estensione del segnale di rete wireless generata dal Repeater stesso, consente all\u2019utente di navigare in internet mentre prende il sole in giardino o persino di ricevere le telefonate della linea fissa sul proprio smartphone, dato che \u2013 collegandosi alla rete tramite il ripetitore \u2013 sar\u00e0 possibile beneficiare di tutte le funzioni di telefonia avanzata integrate nel FRITZ!Box.<br \/>Per ulteriori informazioni sui prodotti FRITZ!Box pregasi consultare www.fritzbox.eu.<\/p>\n","protected":false},"excerpt":{"rendered":"<p>\u2022 Niente compromessi per i professionisti in viaggio: accesso remoto protetto alla rete, inoltro flessibile delle chiamate e servizio push per la trasmissione istantanea di messaggi vocali o fax<br \/>\n\u2022 Condividi le tue foto in tempo reale con famiglia e amici<br \/>\n\u2022 Ascolta i tuoi MP3 preferiti con la radio in giardino<\/p>\n","protected":false},"author":10,"featured_media":0,"comment_status":"open","ping_status":"open","sticky":false,"template":"","format":"standard","meta":{"cybocfi_hide_featured_image":"","footnotes":""},"categories":[466],"tags":[325,22079,22080,22085,22084,320],"class_list":["post-11815","post","type-post","status-publish","format-standard","hentry","category-internet","tag-adsl","tag-avm","tag-fritz","tag-fritzbox","tag-fritzwlan","tag-internet"],"yoast_head":"<!-- This site is optimized with the Yoast SEO plugin v27.0 - https:\/\/yoast.com\/product\/yoast-seo-wordpress\/ -->\n<title>Massima serenit\u00e0 in vacanza con i prodotti FRITZ! di AVM - Article Marketing<\/title>\n<meta name=\"robots\" content=\"index, follow, max-snippet:-1, max-image-preview:large, max-video-preview:-1\" \/>\n<link rel=\"canonical\" href=\"https:\/\/www.article-marketing.eu\/comunicati\/internet\/massima-serenit?-in-vacanza-con-i-prodotti-fritz-di-avm\/\" \/>\n<meta property=\"og:locale\" content=\"it_IT\" \/>\n<meta property=\"og:type\" content=\"article\" \/>\n<meta property=\"og:title\" content=\"Massima serenit\u00e0 in vacanza con i prodotti FRITZ! di AVM - Article Marketing\" \/>\n<meta property=\"og:description\" content=\"\u2022 Niente compromessi per i professionisti in viaggio: accesso remoto protetto alla rete, inoltro flessibile delle chiamate e servizio push per la trasmissione istantanea di messaggi vocali o fax \u2022 Condividi le tue foto in tempo reale con famiglia e amici \u2022 Ascolta i tuoi MP3 preferiti con la radio in giardino\" \/>\n<meta property=\"og:url\" content=\"\" \/>\n<meta property=\"og:site_name\" content=\"Article Marketing\" \/>\n<meta property=\"article:published_time\" content=\"2010-07-07T10:18:16+00:00\" \/>\n<meta name=\"author\" content=\"Redazione Comunicati Stampa\" \/>\n<meta name=\"twitter:card\" content=\"summary_large_image\" \/>\n<meta name=\"twitter:label1\" content=\"Scritto da\" \/>\n\t<meta name=\"twitter:data1\" content=\"Redazione Comunicati Stampa\" \/>\n\t<meta name=\"twitter:label2\" content=\"Tempo di lettura stimato\" \/>\n\t<meta name=\"twitter:data2\" content=\"3 minuti\" \/>\n<script type=\"application\/ld+json\" class=\"yoast-schema-graph\">{\"@context\":\"https:\/\/schema.org\",\"@graph\":[{\"@type\":\"Article\",\"@id\":\"https:\/\/www.article-marketing.eu\/comunicati\/internet\/massima-serenit%e0-in-vacanza-con-i-prodotti-fritz-di-avm\/#article\",\"isPartOf\":{\"@id\":\"https:\/\/www.article-marketing.eu\/comunicati\/internet\/massima-serenit%e0-in-vacanza-con-i-prodotti-fritz-di-avm\/\"},\"author\":{\"name\":\"Redazione Comunicati Stampa\",\"@id\":\"https:\/\/www.article-marketing.eu\/comunicati\/#\/schema\/person\/44372e4d4d0fa797b18e03ed1ace9017\"},\"headline\":\"Massima serenit\u00e0 in vacanza con i prodotti FRITZ! di AVM\",\"datePublished\":\"2010-07-07T10:18:16+00:00\",\"mainEntityOfPage\":{\"@id\":\"https:\/\/www.article-marketing.eu\/comunicati\/internet\/massima-serenit%e0-in-vacanza-con-i-prodotti-fritz-di-avm\/\"},\"wordCount\":575,\"commentCount\":0,\"keywords\":[\"adsl\",\"AVM\",\"FRITZ!\",\"FRITZ!Box\",\"FRITZ!WLAN\",\"internet\"],\"articleSection\":[\"Internet\"],\"inLanguage\":\"it-IT\",\"potentialAction\":[{\"@type\":\"CommentAction\",\"name\":\"Comment\",\"target\":[\"https:\/\/www.article-marketing.eu\/comunicati\/internet\/massima-serenit%e0-in-vacanza-con-i-prodotti-fritz-di-avm\/#respond\"]}]},{\"@type\":\"WebPage\",\"@id\":\"https:\/\/www.article-marketing.eu\/comunicati\/internet\/massima-serenit%e0-in-vacanza-con-i-prodotti-fritz-di-avm\/\",\"url\":\"https:\/\/www.article-marketing.eu\/comunicati\/internet\/massima-serenit%e0-in-vacanza-con-i-prodotti-fritz-di-avm\/\",\"name\":\"Massima serenit\u00e0 in vacanza con i prodotti FRITZ! di AVM - Article Marketing\",\"isPartOf\":{\"@id\":\"https:\/\/www.article-marketing.eu\/comunicati\/#website\"},\"datePublished\":\"2010-07-07T10:18:16+00:00\",\"author\":{\"@id\":\"https:\/\/www.article-marketing.eu\/comunicati\/#\/schema\/person\/44372e4d4d0fa797b18e03ed1ace9017\"},\"breadcrumb\":{\"@id\":\"https:\/\/www.article-marketing.eu\/comunicati\/internet\/massima-serenit%e0-in-vacanza-con-i-prodotti-fritz-di-avm\/#breadcrumb\"},\"inLanguage\":\"it-IT\",\"potentialAction\":[{\"@type\":\"ReadAction\",\"target\":[\"https:\/\/www.article-marketing.eu\/comunicati\/internet\/massima-serenit%e0-in-vacanza-con-i-prodotti-fritz-di-avm\/\"]}]},{\"@type\":\"BreadcrumbList\",\"@id\":\"https:\/\/www.article-marketing.eu\/comunicati\/internet\/massima-serenit%e0-in-vacanza-con-i-prodotti-fritz-di-avm\/#breadcrumb\",\"itemListElement\":[{\"@type\":\"ListItem\",\"position\":1,\"name\":\"Home\",\"item\":\"https:\/\/www.article-marketing.eu\/comunicati\/\"},{\"@type\":\"ListItem\",\"position\":2,\"name\":\"Massima serenit\u00e0 in vacanza con i prodotti FRITZ! di AVM\"}]},{\"@type\":\"WebSite\",\"@id\":\"https:\/\/www.article-marketing.eu\/comunicati\/#website\",\"url\":\"https:\/\/www.article-marketing.eu\/comunicati\/\",\"name\":\"Article Marketing\",\"description\":\"article marketing &amp; press release\",\"potentialAction\":[{\"@type\":\"SearchAction\",\"target\":{\"@type\":\"EntryPoint\",\"urlTemplate\":\"https:\/\/www.article-marketing.eu\/comunicati\/?s={search_term_string}\"},\"query-input\":{\"@type\":\"PropertyValueSpecification\",\"valueRequired\":true,\"valueName\":\"search_term_string\"}}],\"inLanguage\":\"it-IT\"},{\"@type\":\"Person\",\"@id\":\"https:\/\/www.article-marketing.eu\/comunicati\/#\/schema\/person\/44372e4d4d0fa797b18e03ed1ace9017\",\"name\":\"Redazione Comunicati Stampa\",\"image\":{\"@type\":\"ImageObject\",\"inLanguage\":\"it-IT\",\"@id\":\"https:\/\/www.article-marketing.eu\/comunicati\/#\/schema\/person\/image\/\",\"url\":\"https:\/\/secure.gravatar.com\/avatar\/50e5c6421d3072f42e7ace803501602c60d75233d34e29fd05feb91c8760b792?s=96&d=mm&r=g\",\"contentUrl\":\"https:\/\/secure.gravatar.com\/avatar\/50e5c6421d3072f42e7ace803501602c60d75233d34e29fd05feb91c8760b792?s=96&d=mm&r=g\",\"caption\":\"Redazione Comunicati Stampa\"},\"url\":\"https:\/\/www.article-marketing.eu\/comunicati\/author\/redazione-comunicati-stampa\/\"}]}<\/script>\n<!-- \/ Yoast SEO plugin. -->","yoast_head_json":{"title":"Massima serenit\u00e0 in vacanza con i prodotti FRITZ! di AVM - Article Marketing","robots":{"index":"index","follow":"follow","max-snippet":"max-snippet:-1","max-image-preview":"max-image-preview:large","max-video-preview":"max-video-preview:-1"},"canonical":"https:\/\/www.article-marketing.eu\/comunicati\/internet\/massima-serenit?-in-vacanza-con-i-prodotti-fritz-di-avm\/","og_locale":"it_IT","og_type":"article","og_title":"Massima serenit\u00e0 in vacanza con i prodotti FRITZ! di AVM - Article Marketing","og_description":"\u2022 Niente compromessi per i professionisti in viaggio: accesso remoto protetto alla rete, inoltro flessibile delle chiamate e servizio push per la trasmissione istantanea di messaggi vocali o fax \u2022 Condividi le tue foto in tempo reale con famiglia e amici \u2022 Ascolta i tuoi MP3 preferiti con la radio in giardino","og_url":"https:\/\/www.article-marketing.eu\/comunicati\/internet\/massima-serenit?-in-vacanza-con-i-prodotti-fritz-di-avm\/","og_site_name":"Article Marketing","article_published_time":"2010-07-07T10:18:16+00:00","author":"Redazione Comunicati Stampa","twitter_card":"summary_large_image","twitter_misc":{"Scritto da":"Redazione Comunicati Stampa","Tempo di lettura stimato":"3 minuti"},"schema":{"@context":"https:\/\/schema.org","@graph":[{"@type":"Article","@id":"https:\/\/www.article-marketing.eu\/comunicati\/internet\/massima-serenit%e0-in-vacanza-con-i-prodotti-fritz-di-avm\/#article","isPartOf":{"@id":"https:\/\/www.article-marketing.eu\/comunicati\/internet\/massima-serenit%e0-in-vacanza-con-i-prodotti-fritz-di-avm\/"},"author":{"name":"Redazione Comunicati Stampa","@id":"https:\/\/www.article-marketing.eu\/comunicati\/#\/schema\/person\/44372e4d4d0fa797b18e03ed1ace9017"},"headline":"Massima serenit\u00e0 in vacanza con i prodotti FRITZ! di AVM","datePublished":"2010-07-07T10:18:16+00:00","mainEntityOfPage":{"@id":"https:\/\/www.article-marketing.eu\/comunicati\/internet\/massima-serenit%e0-in-vacanza-con-i-prodotti-fritz-di-avm\/"},"wordCount":575,"commentCount":0,"keywords":["adsl","AVM","FRITZ!","FRITZ!Box","FRITZ!WLAN","internet"],"articleSection":["Internet"],"inLanguage":"it-IT","potentialAction":[{"@type":"CommentAction","name":"Comment","target":["https:\/\/www.article-marketing.eu\/comunicati\/internet\/massima-serenit%e0-in-vacanza-con-i-prodotti-fritz-di-avm\/#respond"]}]},{"@type":"WebPage","@id":"https:\/\/www.article-marketing.eu\/comunicati\/internet\/massima-serenit%e0-in-vacanza-con-i-prodotti-fritz-di-avm\/","url":"https:\/\/www.article-marketing.eu\/comunicati\/internet\/massima-serenit%e0-in-vacanza-con-i-prodotti-fritz-di-avm\/","name":"Massima serenit\u00e0 in vacanza con i prodotti FRITZ! di AVM - Article Marketing","isPartOf":{"@id":"https:\/\/www.article-marketing.eu\/comunicati\/#website"},"datePublished":"2010-07-07T10:18:16+00:00","author":{"@id":"https:\/\/www.article-marketing.eu\/comunicati\/#\/schema\/person\/44372e4d4d0fa797b18e03ed1ace9017"},"breadcrumb":{"@id":"https:\/\/www.article-marketing.eu\/comunicati\/internet\/massima-serenit%e0-in-vacanza-con-i-prodotti-fritz-di-avm\/#breadcrumb"},"inLanguage":"it-IT","potentialAction":[{"@type":"ReadAction","target":["https:\/\/www.article-marketing.eu\/comunicati\/internet\/massima-serenit%e0-in-vacanza-con-i-prodotti-fritz-di-avm\/"]}]},{"@type":"BreadcrumbList","@id":"https:\/\/www.article-marketing.eu\/comunicati\/internet\/massima-serenit%e0-in-vacanza-con-i-prodotti-fritz-di-avm\/#breadcrumb","itemListElement":[{"@type":"ListItem","position":1,"name":"Home","item":"https:\/\/www.article-marketing.eu\/comunicati\/"},{"@type":"ListItem","position":2,"name":"Massima serenit\u00e0 in vacanza con i prodotti FRITZ! di AVM"}]},{"@type":"WebSite","@id":"https:\/\/www.article-marketing.eu\/comunicati\/#website","url":"https:\/\/www.article-marketing.eu\/comunicati\/","name":"Article Marketing","description":"article marketing &amp; press release","potentialAction":[{"@type":"SearchAction","target":{"@type":"EntryPoint","urlTemplate":"https:\/\/www.article-marketing.eu\/comunicati\/?s={search_term_string}"},"query-input":{"@type":"PropertyValueSpecification","valueRequired":true,"valueName":"search_term_string"}}],"inLanguage":"it-IT"},{"@type":"Person","@id":"https:\/\/www.article-marketing.eu\/comunicati\/#\/schema\/person\/44372e4d4d0fa797b18e03ed1ace9017","name":"Redazione Comunicati Stampa","image":{"@type":"ImageObject","inLanguage":"it-IT","@id":"https:\/\/www.article-marketing.eu\/comunicati\/#\/schema\/person\/image\/","url":"https:\/\/secure.gravatar.com\/avatar\/50e5c6421d3072f42e7ace803501602c60d75233d34e29fd05feb91c8760b792?s=96&d=mm&r=g","contentUrl":"https:\/\/secure.gravatar.com\/avatar\/50e5c6421d3072f42e7ace803501602c60d75233d34e29fd05feb91c8760b792?s=96&d=mm&r=g","caption":"Redazione Comunicati Stampa"},"url":"https:\/\/www.article-marketing.eu\/comunicati\/author\/redazione-comunicati-stampa\/"}]}},"_links":{"self":[{"href":"https:\/\/www.article-marketing.eu\/comunicati\/wp-json\/wp\/v2\/posts\/11815","targetHints":{"allow":["GET"]}}],"collection":[{"href":"https:\/\/www.article-marketing.eu\/comunicati\/wp-json\/wp\/v2\/posts"}],"about":[{"href":"https:\/\/www.article-marketing.eu\/comunicati\/wp-json\/wp\/v2\/types\/post"}],"author":[{"embeddable":true,"href":"https:\/\/www.article-marketing.eu\/comunicati\/wp-json\/wp\/v2\/users\/10"}],"replies":[{"embeddable":true,"href":"https:\/\/www.article-marketing.eu\/comunicati\/wp-json\/wp\/v2\/comments?post=11815"}],"version-history":[{"count":0,"href":"https:\/\/www.article-marketing.eu\/comunicati\/wp-json\/wp\/v2\/posts\/11815\/revisions"}],"wp:attachment":[{"href":"https:\/\/www.article-marketing.eu\/comunicati\/wp-json\/wp\/v2\/media?parent=11815"}],"wp:term":[{"taxonomy":"category","embeddable":true,"href":"https:\/\/www.article-marketing.eu\/comunicati\/wp-json\/wp\/v2\/categories?post=11815"},{"taxonomy":"post_tag","embeddable":true,"href":"https:\/\/www.article-marketing.eu\/comunicati\/wp-json\/wp\/v2\/tags?post=11815"}],"curies":[{"name":"wp","href":"https:\/\/api.w.org\/{rel}","templated":true}]}}