{"id":1186,"date":"2009-01-20T15:02:26","date_gmt":"2009-01-20T14:02:26","guid":{"rendered":"http:\/\/www.article-marketing.eu\/comunicati\/senza-categoria\/festa-di-santa-agata-a-catania-febbraio-2009\/"},"modified":"2009-01-20T15:02:26","modified_gmt":"2009-01-20T14:02:26","slug":"festa-di-santa-agata-a-catania-febbraio-2009","status":"publish","type":"post","link":"https:\/\/www.article-marketing.eu\/comunicati\/viaggi-e-vacanze\/destinazioni\/festa-di-santa-agata-a-catania-febbraio-2009\/","title":{"rendered":"Festa di Santa Agata a Catania febbraio 2009"},"content":{"rendered":"<p>Le celebrazioni si svolgono da secoli e sono volte a ricordare il martirio di Sant\u2019Agata, nata a Catania nel 235 d.C. , in un periodo segnato dalle persecuzioni dei cristiani. Proprio per la sua fede cristiana Agata venne arrestata, torturata e posta in un letto di tizzoni ardenti. Agata mor\u00ec pregando il 251 d.C. L\u2019anno dopo un\u2019eruzione dell\u2019Etna minacci\u00f2 seriamente la citt\u00e0, e i cittadini, nell\u2019estremo tentativo di fermare la colata di lava, posero il velo della Santa davanti alla lava, che subito si ferm\u00f2. Per questa ragione Agata venne santificata e proclamata patrona di Catania, l\u2019occasione \u00e8 buona per passare un incredibile <a href=\"http:\/\/it.flashbooking.com\/navigation\/europe_italia_catania_all_all.html\">weekend in Sicilia<\/a>.<\/p>\n<p>Da subito Sant\u2019Agata divenne oggetto di culto, ma si reputa che solo a partire dal XIV secolo abbiano avuto inizio i grandiosi festeggiamenti che hanno luogo tuttora e che sono diventati, col tempo, un appuntamento non solo religioso, ma anche folcloristico, caratterizzato da celebrazioni solenni, cortei storici, spettacoli pirotecnici e anche una fiera, e che si svolgono ogni anno secondo riti precisi. I festeggiamenti cominciano gi\u00e0 alla fine di gennaio, ma \u00e8 a febbraio, in particolare tra il 3 e il 5 (giorno della morte della Santa), che raggiungono l\u2019apice. Il 3 febbraio \u00e8 il giorno dedicato alla processione per l\u2019offerta delle candele, durante la quale sfilano dei cittadini vestiti con costumi storici e due carrozze settecentesche precedute da undici candelore, ossia delle costruzioni lignee riccamente decorate recanti al loro interno dei ceri e rappresentanti le antiche corporazioni di artigiani della citt\u00e0. Uno spettacolo pirotecnico (che assume un significato particolare, essendo Sant\u2019Agata la protettrice del fuoco e degli incendi), chiude la giornata. Il 4 febbraio \u00e8 invece il giorno del primo incontro dei cittadini con la Santa: le sue reliquie (conservate in uno scrigno e in un busto d\u2019argento contenente il teschio e la cassa toracica) vengono infatti prelevate dalla Cattedrale, caricate su di un fercolo e quindi portate in processione attraverso zone che ricordano i luoghi del martirio. L\u2019intera struttura con i reliquiari pu\u00f2 arrivare a pesare fino a 30 quintali, e per trainarla sono necessarie 4000 o 5000 persone, vestite con un costume tipico (delle vesti bianche legate sui fianchi, un berretto di velluto nero e guanti bianchi): la processione \u00e8 veramente uno spettacolo unico. Il fercolo ritorna in cattedrale a notte fonda, dove il giorno dopo, il 5 febbraio, viene celebrato il pontificale e da dove, nel pomeriggio, si riparte con la processione, che attraversa altre zone della citt\u00e0. Particolarmente significativo \u00e8 il momento del passaggio del fercolo per via San Giuliano, caratterizzata da una pericolosa pendenza: portare la pesante struttura attraverso questa via viene considerata come una prova di coraggio per i cittadini. Un altro spettacolo pirotecnico, a notte fonda, chiude i festeggiamenti.<\/p>\n<p>I turisti che si recano nei vari ostelli Catania per assistere a questa particolarissima processione avranno anche la possibilit\u00e0 di assaggiare dei dolci tipici che ricordano alcuni momenti del martirio della Santa, come le \u201cmammelle di Sant\u2019Agata\u201d (delle piccole cassate guarnite con una ciliegia, che ricordano il momento in cui alla Santa vennero strappate le mammelle), e le \u201colivette di Sant\u2019Agata\u201d, dei dolci verdi di pasta di mandorla ricoperti di zucchero (secondo la tradizione, mentre stava scappando dai soldati romani, Sant\u2019Agata si chin\u00f2 e vide sorgere un olivo, che la ripar\u00f2 dalla vista dei soldati e la sfam\u00f2).<\/p>\n<p>Vieni a conoscere una particolarissima festa religiosa e folcloristica! A Catania accorrono sempre centinaia di migliaia di persone per assistere alle celebrazioni di Sant\u2019Agata, quindi consigliamo di prenotare il pi\u00f9 presto possibile un bed breakfast Catania.<\/p>\n<p>Biglietti: evento gratuito<br \/>\nDate: 4 Gennaio -12 Febbraio 2009<br \/>\nDove: Catania, Palermo<\/p>\n","protected":false},"excerpt":{"rendered":"<p>Ogni anno, tra gennaio e febbraio, nella magnifica Catania hanno luogo i festeggiamenti per Sant\u2019Agata, la santa patrona della citt\u00e0. Si tratta di una tradizione centenaria, molto sentita dai Catanesi e apprezzata anche da migliaia di devoti e turisti che accorrono per partecipare a questa festa cattolica che \u00e8 considerata tra le pi\u00f9 importanti del mondo.<\/p>\n","protected":false},"author":10,"featured_media":0,"comment_status":"open","ping_status":"open","sticky":false,"template":"","format":"standard","meta":{"cybocfi_hide_featured_image":"","footnotes":""},"categories":[143],"tags":[171,878,596,2916,2757,9],"class_list":["post-1186","post","type-post","status-publish","format-standard","hentry","category-destinazioni","tag-arte","tag-catania","tag-cultura","tag-folklore","tag-manifestazione","tag-religione"],"yoast_head":"<!-- This site is optimized with the Yoast SEO plugin v27.0 - https:\/\/yoast.com\/product\/yoast-seo-wordpress\/ -->\n<title>Festa di Santa Agata a Catania febbraio 2009 - Article Marketing<\/title>\n<meta name=\"robots\" content=\"index, follow, max-snippet:-1, max-image-preview:large, max-video-preview:-1\" \/>\n<link rel=\"canonical\" href=\"https:\/\/www.article-marketing.eu\/comunicati\/viaggi-e-vacanze\/destinazioni\/festa-di-santa-agata-a-catania-febbraio-2009\/\" \/>\n<meta property=\"og:locale\" content=\"it_IT\" \/>\n<meta property=\"og:type\" content=\"article\" \/>\n<meta property=\"og:title\" content=\"Festa di Santa Agata a Catania febbraio 2009 - Article Marketing\" \/>\n<meta property=\"og:description\" content=\"Ogni anno, tra gennaio e febbraio, nella magnifica Catania hanno luogo i festeggiamenti per Sant\u2019Agata, la santa patrona della citt\u00e0. Si tratta di una tradizione centenaria, molto sentita dai Catanesi e apprezzata anche da migliaia di devoti e turisti che accorrono per partecipare a questa festa cattolica che \u00e8 considerata tra le pi\u00f9 importanti del mondo.\" \/>\n<meta property=\"og:url\" content=\"https:\/\/www.article-marketing.eu\/comunicati\/viaggi-e-vacanze\/destinazioni\/festa-di-santa-agata-a-catania-febbraio-2009\/\" \/>\n<meta property=\"og:site_name\" content=\"Article Marketing\" \/>\n<meta property=\"article:published_time\" content=\"2009-01-20T14:02:26+00:00\" \/>\n<meta name=\"author\" content=\"Redazione Comunicati Stampa\" \/>\n<meta name=\"twitter:card\" content=\"summary_large_image\" \/>\n<meta name=\"twitter:label1\" content=\"Scritto da\" \/>\n\t<meta name=\"twitter:data1\" content=\"Redazione Comunicati Stampa\" \/>\n\t<meta name=\"twitter:label2\" content=\"Tempo di lettura stimato\" \/>\n\t<meta name=\"twitter:data2\" content=\"3 minuti\" \/>\n<script type=\"application\/ld+json\" class=\"yoast-schema-graph\">{\"@context\":\"https:\/\/schema.org\",\"@graph\":[{\"@type\":\"Article\",\"@id\":\"https:\/\/www.article-marketing.eu\/comunicati\/viaggi-e-vacanze\/destinazioni\/festa-di-santa-agata-a-catania-febbraio-2009\/#article\",\"isPartOf\":{\"@id\":\"https:\/\/www.article-marketing.eu\/comunicati\/viaggi-e-vacanze\/destinazioni\/festa-di-santa-agata-a-catania-febbraio-2009\/\"},\"author\":{\"name\":\"Redazione Comunicati Stampa\",\"@id\":\"https:\/\/www.article-marketing.eu\/comunicati\/#\/schema\/person\/44372e4d4d0fa797b18e03ed1ace9017\"},\"headline\":\"Festa di Santa Agata a Catania febbraio 2009\",\"datePublished\":\"2009-01-20T14:02:26+00:00\",\"mainEntityOfPage\":{\"@id\":\"https:\/\/www.article-marketing.eu\/comunicati\/viaggi-e-vacanze\/destinazioni\/festa-di-santa-agata-a-catania-febbraio-2009\/\"},\"wordCount\":605,\"commentCount\":0,\"keywords\":[\"arte\",\"catania\",\"cultura\",\"folklore\",\"manifestazione\",\"religione\"],\"articleSection\":[\"Destinazioni\"],\"inLanguage\":\"it-IT\",\"potentialAction\":[{\"@type\":\"CommentAction\",\"name\":\"Comment\",\"target\":[\"https:\/\/www.article-marketing.eu\/comunicati\/viaggi-e-vacanze\/destinazioni\/festa-di-santa-agata-a-catania-febbraio-2009\/#respond\"]}]},{\"@type\":\"WebPage\",\"@id\":\"https:\/\/www.article-marketing.eu\/comunicati\/viaggi-e-vacanze\/destinazioni\/festa-di-santa-agata-a-catania-febbraio-2009\/\",\"url\":\"https:\/\/www.article-marketing.eu\/comunicati\/viaggi-e-vacanze\/destinazioni\/festa-di-santa-agata-a-catania-febbraio-2009\/\",\"name\":\"Festa di Santa Agata a Catania febbraio 2009 - Article Marketing\",\"isPartOf\":{\"@id\":\"https:\/\/www.article-marketing.eu\/comunicati\/#website\"},\"datePublished\":\"2009-01-20T14:02:26+00:00\",\"author\":{\"@id\":\"https:\/\/www.article-marketing.eu\/comunicati\/#\/schema\/person\/44372e4d4d0fa797b18e03ed1ace9017\"},\"breadcrumb\":{\"@id\":\"https:\/\/www.article-marketing.eu\/comunicati\/viaggi-e-vacanze\/destinazioni\/festa-di-santa-agata-a-catania-febbraio-2009\/#breadcrumb\"},\"inLanguage\":\"it-IT\",\"potentialAction\":[{\"@type\":\"ReadAction\",\"target\":[\"https:\/\/www.article-marketing.eu\/comunicati\/viaggi-e-vacanze\/destinazioni\/festa-di-santa-agata-a-catania-febbraio-2009\/\"]}]},{\"@type\":\"BreadcrumbList\",\"@id\":\"https:\/\/www.article-marketing.eu\/comunicati\/viaggi-e-vacanze\/destinazioni\/festa-di-santa-agata-a-catania-febbraio-2009\/#breadcrumb\",\"itemListElement\":[{\"@type\":\"ListItem\",\"position\":1,\"name\":\"Home\",\"item\":\"https:\/\/www.article-marketing.eu\/comunicati\/\"},{\"@type\":\"ListItem\",\"position\":2,\"name\":\"Festa di Santa Agata a Catania febbraio 2009\"}]},{\"@type\":\"WebSite\",\"@id\":\"https:\/\/www.article-marketing.eu\/comunicati\/#website\",\"url\":\"https:\/\/www.article-marketing.eu\/comunicati\/\",\"name\":\"Article Marketing\",\"description\":\"article marketing &amp; press release\",\"potentialAction\":[{\"@type\":\"SearchAction\",\"target\":{\"@type\":\"EntryPoint\",\"urlTemplate\":\"https:\/\/www.article-marketing.eu\/comunicati\/?s={search_term_string}\"},\"query-input\":{\"@type\":\"PropertyValueSpecification\",\"valueRequired\":true,\"valueName\":\"search_term_string\"}}],\"inLanguage\":\"it-IT\"},{\"@type\":\"Person\",\"@id\":\"https:\/\/www.article-marketing.eu\/comunicati\/#\/schema\/person\/44372e4d4d0fa797b18e03ed1ace9017\",\"name\":\"Redazione Comunicati Stampa\",\"image\":{\"@type\":\"ImageObject\",\"inLanguage\":\"it-IT\",\"@id\":\"https:\/\/www.article-marketing.eu\/comunicati\/#\/schema\/person\/image\/\",\"url\":\"https:\/\/secure.gravatar.com\/avatar\/50e5c6421d3072f42e7ace803501602c60d75233d34e29fd05feb91c8760b792?s=96&d=mm&r=g\",\"contentUrl\":\"https:\/\/secure.gravatar.com\/avatar\/50e5c6421d3072f42e7ace803501602c60d75233d34e29fd05feb91c8760b792?s=96&d=mm&r=g\",\"caption\":\"Redazione Comunicati Stampa\"},\"url\":\"https:\/\/www.article-marketing.eu\/comunicati\/author\/redazione-comunicati-stampa\/\"}]}<\/script>\n<!-- \/ Yoast SEO plugin. -->","yoast_head_json":{"title":"Festa di Santa Agata a Catania febbraio 2009 - Article Marketing","robots":{"index":"index","follow":"follow","max-snippet":"max-snippet:-1","max-image-preview":"max-image-preview:large","max-video-preview":"max-video-preview:-1"},"canonical":"https:\/\/www.article-marketing.eu\/comunicati\/viaggi-e-vacanze\/destinazioni\/festa-di-santa-agata-a-catania-febbraio-2009\/","og_locale":"it_IT","og_type":"article","og_title":"Festa di Santa Agata a Catania febbraio 2009 - Article Marketing","og_description":"Ogni anno, tra gennaio e febbraio, nella magnifica Catania hanno luogo i festeggiamenti per Sant\u2019Agata, la santa patrona della citt\u00e0. Si tratta di una tradizione centenaria, molto sentita dai Catanesi e apprezzata anche da migliaia di devoti e turisti che accorrono per partecipare a questa festa cattolica che \u00e8 considerata tra le pi\u00f9 importanti del mondo.","og_url":"https:\/\/www.article-marketing.eu\/comunicati\/viaggi-e-vacanze\/destinazioni\/festa-di-santa-agata-a-catania-febbraio-2009\/","og_site_name":"Article Marketing","article_published_time":"2009-01-20T14:02:26+00:00","author":"Redazione Comunicati Stampa","twitter_card":"summary_large_image","twitter_misc":{"Scritto da":"Redazione Comunicati Stampa","Tempo di lettura stimato":"3 minuti"},"schema":{"@context":"https:\/\/schema.org","@graph":[{"@type":"Article","@id":"https:\/\/www.article-marketing.eu\/comunicati\/viaggi-e-vacanze\/destinazioni\/festa-di-santa-agata-a-catania-febbraio-2009\/#article","isPartOf":{"@id":"https:\/\/www.article-marketing.eu\/comunicati\/viaggi-e-vacanze\/destinazioni\/festa-di-santa-agata-a-catania-febbraio-2009\/"},"author":{"name":"Redazione Comunicati Stampa","@id":"https:\/\/www.article-marketing.eu\/comunicati\/#\/schema\/person\/44372e4d4d0fa797b18e03ed1ace9017"},"headline":"Festa di Santa Agata a Catania febbraio 2009","datePublished":"2009-01-20T14:02:26+00:00","mainEntityOfPage":{"@id":"https:\/\/www.article-marketing.eu\/comunicati\/viaggi-e-vacanze\/destinazioni\/festa-di-santa-agata-a-catania-febbraio-2009\/"},"wordCount":605,"commentCount":0,"keywords":["arte","catania","cultura","folklore","manifestazione","religione"],"articleSection":["Destinazioni"],"inLanguage":"it-IT","potentialAction":[{"@type":"CommentAction","name":"Comment","target":["https:\/\/www.article-marketing.eu\/comunicati\/viaggi-e-vacanze\/destinazioni\/festa-di-santa-agata-a-catania-febbraio-2009\/#respond"]}]},{"@type":"WebPage","@id":"https:\/\/www.article-marketing.eu\/comunicati\/viaggi-e-vacanze\/destinazioni\/festa-di-santa-agata-a-catania-febbraio-2009\/","url":"https:\/\/www.article-marketing.eu\/comunicati\/viaggi-e-vacanze\/destinazioni\/festa-di-santa-agata-a-catania-febbraio-2009\/","name":"Festa di Santa Agata a Catania febbraio 2009 - Article Marketing","isPartOf":{"@id":"https:\/\/www.article-marketing.eu\/comunicati\/#website"},"datePublished":"2009-01-20T14:02:26+00:00","author":{"@id":"https:\/\/www.article-marketing.eu\/comunicati\/#\/schema\/person\/44372e4d4d0fa797b18e03ed1ace9017"},"breadcrumb":{"@id":"https:\/\/www.article-marketing.eu\/comunicati\/viaggi-e-vacanze\/destinazioni\/festa-di-santa-agata-a-catania-febbraio-2009\/#breadcrumb"},"inLanguage":"it-IT","potentialAction":[{"@type":"ReadAction","target":["https:\/\/www.article-marketing.eu\/comunicati\/viaggi-e-vacanze\/destinazioni\/festa-di-santa-agata-a-catania-febbraio-2009\/"]}]},{"@type":"BreadcrumbList","@id":"https:\/\/www.article-marketing.eu\/comunicati\/viaggi-e-vacanze\/destinazioni\/festa-di-santa-agata-a-catania-febbraio-2009\/#breadcrumb","itemListElement":[{"@type":"ListItem","position":1,"name":"Home","item":"https:\/\/www.article-marketing.eu\/comunicati\/"},{"@type":"ListItem","position":2,"name":"Festa di Santa Agata a Catania febbraio 2009"}]},{"@type":"WebSite","@id":"https:\/\/www.article-marketing.eu\/comunicati\/#website","url":"https:\/\/www.article-marketing.eu\/comunicati\/","name":"Article Marketing","description":"article marketing &amp; press release","potentialAction":[{"@type":"SearchAction","target":{"@type":"EntryPoint","urlTemplate":"https:\/\/www.article-marketing.eu\/comunicati\/?s={search_term_string}"},"query-input":{"@type":"PropertyValueSpecification","valueRequired":true,"valueName":"search_term_string"}}],"inLanguage":"it-IT"},{"@type":"Person","@id":"https:\/\/www.article-marketing.eu\/comunicati\/#\/schema\/person\/44372e4d4d0fa797b18e03ed1ace9017","name":"Redazione Comunicati Stampa","image":{"@type":"ImageObject","inLanguage":"it-IT","@id":"https:\/\/www.article-marketing.eu\/comunicati\/#\/schema\/person\/image\/","url":"https:\/\/secure.gravatar.com\/avatar\/50e5c6421d3072f42e7ace803501602c60d75233d34e29fd05feb91c8760b792?s=96&d=mm&r=g","contentUrl":"https:\/\/secure.gravatar.com\/avatar\/50e5c6421d3072f42e7ace803501602c60d75233d34e29fd05feb91c8760b792?s=96&d=mm&r=g","caption":"Redazione Comunicati Stampa"},"url":"https:\/\/www.article-marketing.eu\/comunicati\/author\/redazione-comunicati-stampa\/"}]}},"_links":{"self":[{"href":"https:\/\/www.article-marketing.eu\/comunicati\/wp-json\/wp\/v2\/posts\/1186","targetHints":{"allow":["GET"]}}],"collection":[{"href":"https:\/\/www.article-marketing.eu\/comunicati\/wp-json\/wp\/v2\/posts"}],"about":[{"href":"https:\/\/www.article-marketing.eu\/comunicati\/wp-json\/wp\/v2\/types\/post"}],"author":[{"embeddable":true,"href":"https:\/\/www.article-marketing.eu\/comunicati\/wp-json\/wp\/v2\/users\/10"}],"replies":[{"embeddable":true,"href":"https:\/\/www.article-marketing.eu\/comunicati\/wp-json\/wp\/v2\/comments?post=1186"}],"version-history":[{"count":0,"href":"https:\/\/www.article-marketing.eu\/comunicati\/wp-json\/wp\/v2\/posts\/1186\/revisions"}],"wp:attachment":[{"href":"https:\/\/www.article-marketing.eu\/comunicati\/wp-json\/wp\/v2\/media?parent=1186"}],"wp:term":[{"taxonomy":"category","embeddable":true,"href":"https:\/\/www.article-marketing.eu\/comunicati\/wp-json\/wp\/v2\/categories?post=1186"},{"taxonomy":"post_tag","embeddable":true,"href":"https:\/\/www.article-marketing.eu\/comunicati\/wp-json\/wp\/v2\/tags?post=1186"}],"curies":[{"name":"wp","href":"https:\/\/api.w.org\/{rel}","templated":true}]}}