{"id":11993,"date":"2010-11-23T17:48:43","date_gmt":"2010-11-23T16:48:43","guid":{"rendered":"http:\/\/www.article-marketing.eu\/comunicati\/senza-categoria\/capodanno-sulla-riviera-romagnola-eventi-e-concerti-fra-rimini-e-riccione\/"},"modified":"2010-11-23T17:48:43","modified_gmt":"2010-11-23T16:48:43","slug":"capodanno-sulla-riviera-romagnola-eventi-e-concerti-fra-rimini-e-riccione","status":"publish","type":"post","link":"https:\/\/www.article-marketing.eu\/comunicati\/viaggi-e-vacanze\/capodanno-sulla-riviera-romagnola-eventi-e-concerti-fra-rimini-e-riccione\/","title":{"rendered":"Capodanno sulla Riviera Romagnola: eventi e concerti fra Rimini e Riccione"},"content":{"rendered":"<p>Scegli Rimini e la mitica Riviera Romagnola per le tue vacanze di Natale e Capodanno!<br \/>Scopri le iniziative, i concerti, le feste e i mille appuntamenti della Riviera del divertimento: ci sono eventi e manifestazioni per tutti i gusti e tutte le et\u00e0.<br \/>La Riviera si prepara per le feste di Natale, inizia la lista dei tanti eventi e delle feste nei locali pi\u00f9 conosciuti fra Rimini e Riccione, mentre fervono i preparativi per i veglioni, l\u2019animazione in piazza e i tanti cenoni con danze e intrattenimenti.<br \/>Primo su tutti l&#8217;evento Capodanno 2010, il grande spettacolo d&#8217;intrattenimento e musica, condotto da Mara Venier e Pino Insegno e trasmesso in diretta televisiva da RaiUno. Per l&#8217;ottavo anno consecutivo Marina Centro sar\u00e0 lo scenario della grande festa del Capodanno di Rimini con la partecipazione di gruppi musicali, cantanti, personaggi dello spettacolo, comici che renderanno speciale e divertente il veglione delle tantissime persone che ogni anno affollano Marina Centro!<br \/>In Riviera c&#8217;\u00e8 veramente l&#8217;imbarazzo della scelta per festeggiare il Capodanno all&#8217;insegna del divertimento: ogni hotel prepara intrattenimento e cenoni dai mille gusti, le discoteche promettono musica e sorprese, i pub e i locali pi\u00f9 conosciuti di Rimini, Riccione e Milano Marittima, non mancheranno di stupire con le loro proposte, prima durante e dopo la mezzanotte del nuovo anno&#8230;<br \/>Grazie alle tante iniziative e al senso di ospitalit\u00e0 dell&#8217;intera Riviera Romagnola, le vacanze di Natale e Capodanno fra Rimini e Riccione, sono adatte a tutti.<br \/>Capodanno per le Famiglie: molti alberghi sono specializzati nell&#8217;accoglienza delle famiglie in vacanza e ogni anno organizzano party e animazione per i pi\u00f9 piccoli, mentre mamma e pap\u00e0 si godono cene sopraffine in tutta tranquillit\u00e0.<br \/>Capodanno nelle discoteche: le discoteche delle colline di Rimini e Riccione e i locali pi\u00f9 trendy della Romagna tutta non deludono mai i tanti giovani che si spostano per festeggiare l&#8217;anno che verr\u00e0 a suon di musica, con iniziative stravaganti e tante sorprese!<br \/>Capodanno di Benessere: perch\u00e9 non approfittare delle vacanze natalizie per concedersi un soggiorno in hotel con centro benessere e brindare al nuovo anno immersi nel piacere e nel relax di una vacanza dedicata al wellness e alla cura di s\u00e9! <\/p>\n<p>L&#8217;atmosfera del Natale con le sue luci, le decorazioni e le installazioni si accende gi\u00e0 l&#8217;ultimo weekend di novembre: i borghi, la Marina, le strade principali e le piazze saranno illuminate dall&#8217;iniziativa Lucincitt\u00e0 fino al giorno della Befana.<br \/>Imperdibili, i bellissimi presepi di sabbia della riviera di Rimini, un&#8217;iniziativa suggestiva che vede diverse spiagge di Rimini e provincia, arricchirsi di spettacolari scene della tradizione natalizia, espressioni artistiche di grandi maestri e specialisti di quest&#8217;arte effimera visibili dall&#8217;8 dicembre al 10 gennaio.<br \/>Fra le novit\u00e0 di quest&#8217;anno segnaliamo l&#8217;Ecopresepe del famosissimo Bagno 26, una nativit\u00e0 realizzata solo con materiale di riciclo e il Villaggio delle Fiabe con animazioni per bambini e degustazioni gastronomiche dal 19 dicembre al 10 gennaio. <br \/>Sempre a Rimini, in Piazzale Boscovich, a due passi dal fascino del mare d&#8217;inverno, sar\u00e0 allestito il Rimini Ice Village, una vera e propria pista per il pattinaggio sul ghiaccio; sar\u00e0 possibile divertirsi con amici e bambini fino a tarda sera oppure richiedere lezioni di pattinaggio con istruttori professionisti.<br \/>La pista seguir\u00e0 i seguenti orari: dal luned\u00ec al venerd\u00ec (15.00-19.00 20.30-23.00), sabato e domenica(10.00-12.30 15.00-19.00 20.30-23.00).<br \/>Dal 6 dicembre al 6 gennaio, sar\u00e0 possibile prenotare speciali appuntamenti con l&#8217;archeologia, per chi vuole scoprire anche il lato antico e storico di Rimini, dalla Domus del Chirurgo ai Musei Civici.<br \/>Per chi vuole dedicare la festa di Capodanno alla felicit\u00e0 dei pi\u00f9 piccoli, ecco la fantastica proposta del Parco Divertimenti di Fiabilandia: Capodanno Insieme, con incluso nel prezzo, il cenone, le attrazioni aperte fino alle 23 e tanta animazione per tutti!<br \/>Da non perdere l&#8217;allestimento chic di Viale Ceccarini e Viale Dante per le festivit\u00e0 natalizie, la magia della pista di pattinaggio su ghiaccio a due passi dal mare, gli spettacoli e i concerti che si alterneranno sul palco di Piazzale Roma durante il Capodanno, con l&#8217;immancabile spettacolo pirotecnico a ritmo di musica.<br \/>Per i pi\u00f9 temerari, c&#8217;\u00e8 il classico appuntamento del tuffo in mare con brindisi finale, un gesto scaramantico di buon auspicio organizzato da due associazioni locali cui tutti si possono unire!<br \/>A Bellaria Igea Marina, il Capodanno si festeggia in piazza con una serata di musica, cabaret e fuochi d&#8217;artificio in Piazza Matteotti, ma se siete appassionati di tango, per voi l&#8217;immancabile Gran Gal\u00e0 della rassegna Tango Fusion, dal 30 dicembre al 3 gennaio, con serata speciale per un Capodanno di fuoco!<br \/>Per gli amanti della lirica, sono previsti due appuntamenti all\u2019Auditorium del Palacongressi di Rimini con l&#8217;intramontabile Carmen di Bizet, il 1 e 3 gennaio.<\/p>\n<p>Altri eventi a Rimini e dintorni:<br \/>7 dicembre &#8211; 105 Stadium<br \/>Jesus Christ Super Star<br \/>23 ottobre 2010- 27 marzo 2011 &#8211; Rimini, Castel Sismondo<br \/>Parigi gli anni meravigliosi<br \/>Caravaggio e altri pittori del Seicento<br \/>23 ottobre 2010 &#8211; 27 marzo 2011<br \/>Rimini City Pass<\/p>\n<p>Fra Natale e Capodanno sono tantissimi gli eventi che coinvolgono i turisti della Riviera Romagnola. Ogni discoteca e locale propone una festa divertentissima e unica. Gli hotel hanno gi\u00e0 iniziato a proporre pacchetti vacanza e Last-minute vantaggiosi per il vostro Capodanno in riviera&#8230; magari potrebbe essere l&#8217;idea giusta per un sorprendente regalo natalizio!<\/p>\n<p>Scopri le iniziative, i concerti, le feste e i mille appuntamenti della Riviera del divertimento: ci sono eventi e manifestazioni per tutti i gusti e tutte le et\u00e0.<br \/>Scegli Rimini e la mitica Riviera Romagnola per le tue vacanze di Natale e Capodanno con <a href=\"www.info-alberghi.com\/\">www.info-alberghi.com<\/a>!<\/p>\n","protected":false},"excerpt":{"rendered":"<p>Scopri le iniziative, i concerti, le feste e i mille appuntamenti della Riviera del divertimento: ci sono eventi e manifestazioni per tutti i gusti e tutte le et\u00e0.<br \/>La Riviera si prepara per le feste di Natale, inizia la lista dei tanti eventi e delle feste nei locali pi\u00f9 conosciuti fra Rimini e Riccione, mentre fervono i preparativi per i veglioni, l\u2019animazione in piazza e i tanti cenoni con danze e intrattenimenti.<\/p>\n","protected":false},"author":10,"featured_media":0,"comment_status":"open","ping_status":"open","sticky":false,"template":"","format":"standard","meta":{"cybocfi_hide_featured_image":"","footnotes":""},"categories":[280],"tags":[22268,473,1595,456,1172,876],"class_list":["post-11993","post","type-post","status-publish","format-standard","hentry","category-viaggi-e-vacanze","tag-bellaria","tag-capodanno","tag-cattolica","tag-eventi","tag-riccione","tag-rimini"],"yoast_head":"<!-- This site is optimized with the Yoast SEO plugin v27.0 - https:\/\/yoast.com\/product\/yoast-seo-wordpress\/ -->\n<title>Capodanno sulla Riviera Romagnola: eventi e concerti fra Rimini e Riccione - Article Marketing<\/title>\n<meta name=\"robots\" content=\"index, follow, max-snippet:-1, max-image-preview:large, max-video-preview:-1\" \/>\n<link rel=\"canonical\" href=\"https:\/\/www.article-marketing.eu\/comunicati\/viaggi-e-vacanze\/capodanno-sulla-riviera-romagnola-eventi-e-concerti-fra-rimini-e-riccione\/\" \/>\n<meta property=\"og:locale\" content=\"it_IT\" \/>\n<meta property=\"og:type\" content=\"article\" \/>\n<meta property=\"og:title\" content=\"Capodanno sulla Riviera Romagnola: eventi e concerti fra Rimini e Riccione - Article Marketing\" \/>\n<meta property=\"og:description\" content=\"Scopri le iniziative, i concerti, le feste e i mille appuntamenti della Riviera del divertimento: ci sono eventi e manifestazioni per tutti i gusti e tutte le et\u00e0.La Riviera si prepara per le feste di Natale, inizia la lista dei tanti eventi e delle feste nei locali pi\u00f9 conosciuti fra Rimini e Riccione, mentre fervono i preparativi per i veglioni, l\u2019animazione in piazza e i tanti cenoni con danze e intrattenimenti.\" \/>\n<meta property=\"og:url\" content=\"https:\/\/www.article-marketing.eu\/comunicati\/viaggi-e-vacanze\/capodanno-sulla-riviera-romagnola-eventi-e-concerti-fra-rimini-e-riccione\/\" \/>\n<meta property=\"og:site_name\" content=\"Article Marketing\" \/>\n<meta property=\"article:published_time\" content=\"2010-11-23T16:48:43+00:00\" \/>\n<meta name=\"author\" content=\"Redazione Comunicati Stampa\" \/>\n<meta name=\"twitter:card\" content=\"summary_large_image\" \/>\n<meta name=\"twitter:label1\" content=\"Scritto da\" \/>\n\t<meta name=\"twitter:data1\" content=\"Redazione Comunicati Stampa\" \/>\n\t<meta name=\"twitter:label2\" content=\"Tempo di lettura stimato\" \/>\n\t<meta name=\"twitter:data2\" content=\"4 minuti\" \/>\n<script type=\"application\/ld+json\" class=\"yoast-schema-graph\">{\"@context\":\"https:\/\/schema.org\",\"@graph\":[{\"@type\":\"Article\",\"@id\":\"https:\/\/www.article-marketing.eu\/comunicati\/viaggi-e-vacanze\/capodanno-sulla-riviera-romagnola-eventi-e-concerti-fra-rimini-e-riccione\/#article\",\"isPartOf\":{\"@id\":\"https:\/\/www.article-marketing.eu\/comunicati\/viaggi-e-vacanze\/capodanno-sulla-riviera-romagnola-eventi-e-concerti-fra-rimini-e-riccione\/\"},\"author\":{\"name\":\"Redazione Comunicati Stampa\",\"@id\":\"https:\/\/www.article-marketing.eu\/comunicati\/#\/schema\/person\/44372e4d4d0fa797b18e03ed1ace9017\"},\"headline\":\"Capodanno sulla Riviera Romagnola: eventi e concerti fra Rimini e Riccione\",\"datePublished\":\"2010-11-23T16:48:43+00:00\",\"mainEntityOfPage\":{\"@id\":\"https:\/\/www.article-marketing.eu\/comunicati\/viaggi-e-vacanze\/capodanno-sulla-riviera-romagnola-eventi-e-concerti-fra-rimini-e-riccione\/\"},\"wordCount\":909,\"commentCount\":0,\"keywords\":[\"bellaria\",\"capodanno\",\"cattolica\",\"eventi\",\"Riccione\",\"rimini\"],\"articleSection\":[\"Viaggi e vacanze\"],\"inLanguage\":\"it-IT\",\"potentialAction\":[{\"@type\":\"CommentAction\",\"name\":\"Comment\",\"target\":[\"https:\/\/www.article-marketing.eu\/comunicati\/viaggi-e-vacanze\/capodanno-sulla-riviera-romagnola-eventi-e-concerti-fra-rimini-e-riccione\/#respond\"]}]},{\"@type\":\"WebPage\",\"@id\":\"https:\/\/www.article-marketing.eu\/comunicati\/viaggi-e-vacanze\/capodanno-sulla-riviera-romagnola-eventi-e-concerti-fra-rimini-e-riccione\/\",\"url\":\"https:\/\/www.article-marketing.eu\/comunicati\/viaggi-e-vacanze\/capodanno-sulla-riviera-romagnola-eventi-e-concerti-fra-rimini-e-riccione\/\",\"name\":\"Capodanno sulla Riviera Romagnola: eventi e concerti fra Rimini e Riccione - Article Marketing\",\"isPartOf\":{\"@id\":\"https:\/\/www.article-marketing.eu\/comunicati\/#website\"},\"datePublished\":\"2010-11-23T16:48:43+00:00\",\"author\":{\"@id\":\"https:\/\/www.article-marketing.eu\/comunicati\/#\/schema\/person\/44372e4d4d0fa797b18e03ed1ace9017\"},\"breadcrumb\":{\"@id\":\"https:\/\/www.article-marketing.eu\/comunicati\/viaggi-e-vacanze\/capodanno-sulla-riviera-romagnola-eventi-e-concerti-fra-rimini-e-riccione\/#breadcrumb\"},\"inLanguage\":\"it-IT\",\"potentialAction\":[{\"@type\":\"ReadAction\",\"target\":[\"https:\/\/www.article-marketing.eu\/comunicati\/viaggi-e-vacanze\/capodanno-sulla-riviera-romagnola-eventi-e-concerti-fra-rimini-e-riccione\/\"]}]},{\"@type\":\"BreadcrumbList\",\"@id\":\"https:\/\/www.article-marketing.eu\/comunicati\/viaggi-e-vacanze\/capodanno-sulla-riviera-romagnola-eventi-e-concerti-fra-rimini-e-riccione\/#breadcrumb\",\"itemListElement\":[{\"@type\":\"ListItem\",\"position\":1,\"name\":\"Home\",\"item\":\"https:\/\/www.article-marketing.eu\/comunicati\/\"},{\"@type\":\"ListItem\",\"position\":2,\"name\":\"Capodanno sulla Riviera Romagnola: eventi e concerti fra Rimini e Riccione\"}]},{\"@type\":\"WebSite\",\"@id\":\"https:\/\/www.article-marketing.eu\/comunicati\/#website\",\"url\":\"https:\/\/www.article-marketing.eu\/comunicati\/\",\"name\":\"Article Marketing\",\"description\":\"article marketing &amp; press release\",\"potentialAction\":[{\"@type\":\"SearchAction\",\"target\":{\"@type\":\"EntryPoint\",\"urlTemplate\":\"https:\/\/www.article-marketing.eu\/comunicati\/?s={search_term_string}\"},\"query-input\":{\"@type\":\"PropertyValueSpecification\",\"valueRequired\":true,\"valueName\":\"search_term_string\"}}],\"inLanguage\":\"it-IT\"},{\"@type\":\"Person\",\"@id\":\"https:\/\/www.article-marketing.eu\/comunicati\/#\/schema\/person\/44372e4d4d0fa797b18e03ed1ace9017\",\"name\":\"Redazione Comunicati Stampa\",\"image\":{\"@type\":\"ImageObject\",\"inLanguage\":\"it-IT\",\"@id\":\"https:\/\/www.article-marketing.eu\/comunicati\/#\/schema\/person\/image\/\",\"url\":\"https:\/\/secure.gravatar.com\/avatar\/50e5c6421d3072f42e7ace803501602c60d75233d34e29fd05feb91c8760b792?s=96&d=mm&r=g\",\"contentUrl\":\"https:\/\/secure.gravatar.com\/avatar\/50e5c6421d3072f42e7ace803501602c60d75233d34e29fd05feb91c8760b792?s=96&d=mm&r=g\",\"caption\":\"Redazione Comunicati Stampa\"},\"url\":\"https:\/\/www.article-marketing.eu\/comunicati\/author\/redazione-comunicati-stampa\/\"}]}<\/script>\n<!-- \/ Yoast SEO plugin. -->","yoast_head_json":{"title":"Capodanno sulla Riviera Romagnola: eventi e concerti fra Rimini e Riccione - Article Marketing","robots":{"index":"index","follow":"follow","max-snippet":"max-snippet:-1","max-image-preview":"max-image-preview:large","max-video-preview":"max-video-preview:-1"},"canonical":"https:\/\/www.article-marketing.eu\/comunicati\/viaggi-e-vacanze\/capodanno-sulla-riviera-romagnola-eventi-e-concerti-fra-rimini-e-riccione\/","og_locale":"it_IT","og_type":"article","og_title":"Capodanno sulla Riviera Romagnola: eventi e concerti fra Rimini e Riccione - Article Marketing","og_description":"Scopri le iniziative, i concerti, le feste e i mille appuntamenti della Riviera del divertimento: ci sono eventi e manifestazioni per tutti i gusti e tutte le et\u00e0.La Riviera si prepara per le feste di Natale, inizia la lista dei tanti eventi e delle feste nei locali pi\u00f9 conosciuti fra Rimini e Riccione, mentre fervono i preparativi per i veglioni, l\u2019animazione in piazza e i tanti cenoni con danze e intrattenimenti.","og_url":"https:\/\/www.article-marketing.eu\/comunicati\/viaggi-e-vacanze\/capodanno-sulla-riviera-romagnola-eventi-e-concerti-fra-rimini-e-riccione\/","og_site_name":"Article Marketing","article_published_time":"2010-11-23T16:48:43+00:00","author":"Redazione Comunicati Stampa","twitter_card":"summary_large_image","twitter_misc":{"Scritto da":"Redazione Comunicati Stampa","Tempo di lettura stimato":"4 minuti"},"schema":{"@context":"https:\/\/schema.org","@graph":[{"@type":"Article","@id":"https:\/\/www.article-marketing.eu\/comunicati\/viaggi-e-vacanze\/capodanno-sulla-riviera-romagnola-eventi-e-concerti-fra-rimini-e-riccione\/#article","isPartOf":{"@id":"https:\/\/www.article-marketing.eu\/comunicati\/viaggi-e-vacanze\/capodanno-sulla-riviera-romagnola-eventi-e-concerti-fra-rimini-e-riccione\/"},"author":{"name":"Redazione Comunicati Stampa","@id":"https:\/\/www.article-marketing.eu\/comunicati\/#\/schema\/person\/44372e4d4d0fa797b18e03ed1ace9017"},"headline":"Capodanno sulla Riviera Romagnola: eventi e concerti fra Rimini e Riccione","datePublished":"2010-11-23T16:48:43+00:00","mainEntityOfPage":{"@id":"https:\/\/www.article-marketing.eu\/comunicati\/viaggi-e-vacanze\/capodanno-sulla-riviera-romagnola-eventi-e-concerti-fra-rimini-e-riccione\/"},"wordCount":909,"commentCount":0,"keywords":["bellaria","capodanno","cattolica","eventi","Riccione","rimini"],"articleSection":["Viaggi e vacanze"],"inLanguage":"it-IT","potentialAction":[{"@type":"CommentAction","name":"Comment","target":["https:\/\/www.article-marketing.eu\/comunicati\/viaggi-e-vacanze\/capodanno-sulla-riviera-romagnola-eventi-e-concerti-fra-rimini-e-riccione\/#respond"]}]},{"@type":"WebPage","@id":"https:\/\/www.article-marketing.eu\/comunicati\/viaggi-e-vacanze\/capodanno-sulla-riviera-romagnola-eventi-e-concerti-fra-rimini-e-riccione\/","url":"https:\/\/www.article-marketing.eu\/comunicati\/viaggi-e-vacanze\/capodanno-sulla-riviera-romagnola-eventi-e-concerti-fra-rimini-e-riccione\/","name":"Capodanno sulla Riviera Romagnola: eventi e concerti fra Rimini e Riccione - Article Marketing","isPartOf":{"@id":"https:\/\/www.article-marketing.eu\/comunicati\/#website"},"datePublished":"2010-11-23T16:48:43+00:00","author":{"@id":"https:\/\/www.article-marketing.eu\/comunicati\/#\/schema\/person\/44372e4d4d0fa797b18e03ed1ace9017"},"breadcrumb":{"@id":"https:\/\/www.article-marketing.eu\/comunicati\/viaggi-e-vacanze\/capodanno-sulla-riviera-romagnola-eventi-e-concerti-fra-rimini-e-riccione\/#breadcrumb"},"inLanguage":"it-IT","potentialAction":[{"@type":"ReadAction","target":["https:\/\/www.article-marketing.eu\/comunicati\/viaggi-e-vacanze\/capodanno-sulla-riviera-romagnola-eventi-e-concerti-fra-rimini-e-riccione\/"]}]},{"@type":"BreadcrumbList","@id":"https:\/\/www.article-marketing.eu\/comunicati\/viaggi-e-vacanze\/capodanno-sulla-riviera-romagnola-eventi-e-concerti-fra-rimini-e-riccione\/#breadcrumb","itemListElement":[{"@type":"ListItem","position":1,"name":"Home","item":"https:\/\/www.article-marketing.eu\/comunicati\/"},{"@type":"ListItem","position":2,"name":"Capodanno sulla Riviera Romagnola: eventi e concerti fra Rimini e Riccione"}]},{"@type":"WebSite","@id":"https:\/\/www.article-marketing.eu\/comunicati\/#website","url":"https:\/\/www.article-marketing.eu\/comunicati\/","name":"Article Marketing","description":"article marketing &amp; press release","potentialAction":[{"@type":"SearchAction","target":{"@type":"EntryPoint","urlTemplate":"https:\/\/www.article-marketing.eu\/comunicati\/?s={search_term_string}"},"query-input":{"@type":"PropertyValueSpecification","valueRequired":true,"valueName":"search_term_string"}}],"inLanguage":"it-IT"},{"@type":"Person","@id":"https:\/\/www.article-marketing.eu\/comunicati\/#\/schema\/person\/44372e4d4d0fa797b18e03ed1ace9017","name":"Redazione Comunicati Stampa","image":{"@type":"ImageObject","inLanguage":"it-IT","@id":"https:\/\/www.article-marketing.eu\/comunicati\/#\/schema\/person\/image\/","url":"https:\/\/secure.gravatar.com\/avatar\/50e5c6421d3072f42e7ace803501602c60d75233d34e29fd05feb91c8760b792?s=96&d=mm&r=g","contentUrl":"https:\/\/secure.gravatar.com\/avatar\/50e5c6421d3072f42e7ace803501602c60d75233d34e29fd05feb91c8760b792?s=96&d=mm&r=g","caption":"Redazione Comunicati Stampa"},"url":"https:\/\/www.article-marketing.eu\/comunicati\/author\/redazione-comunicati-stampa\/"}]}},"_links":{"self":[{"href":"https:\/\/www.article-marketing.eu\/comunicati\/wp-json\/wp\/v2\/posts\/11993","targetHints":{"allow":["GET"]}}],"collection":[{"href":"https:\/\/www.article-marketing.eu\/comunicati\/wp-json\/wp\/v2\/posts"}],"about":[{"href":"https:\/\/www.article-marketing.eu\/comunicati\/wp-json\/wp\/v2\/types\/post"}],"author":[{"embeddable":true,"href":"https:\/\/www.article-marketing.eu\/comunicati\/wp-json\/wp\/v2\/users\/10"}],"replies":[{"embeddable":true,"href":"https:\/\/www.article-marketing.eu\/comunicati\/wp-json\/wp\/v2\/comments?post=11993"}],"version-history":[{"count":0,"href":"https:\/\/www.article-marketing.eu\/comunicati\/wp-json\/wp\/v2\/posts\/11993\/revisions"}],"wp:attachment":[{"href":"https:\/\/www.article-marketing.eu\/comunicati\/wp-json\/wp\/v2\/media?parent=11993"}],"wp:term":[{"taxonomy":"category","embeddable":true,"href":"https:\/\/www.article-marketing.eu\/comunicati\/wp-json\/wp\/v2\/categories?post=11993"},{"taxonomy":"post_tag","embeddable":true,"href":"https:\/\/www.article-marketing.eu\/comunicati\/wp-json\/wp\/v2\/tags?post=11993"}],"curies":[{"name":"wp","href":"https:\/\/api.w.org\/{rel}","templated":true}]}}