{"id":12,"date":"2007-09-22T16:30:42","date_gmt":"2007-09-22T14:30:42","guid":{"rendered":"http:\/\/www.article-marketing.eu\/comunicati\/senza-categoria\/la-vita-del-santo-piu-famoso-ditalia\/"},"modified":"2007-09-22T16:30:42","modified_gmt":"2007-09-22T14:30:42","slug":"la-vita-del-santo-piu-famoso-ditalia","status":"publish","type":"post","link":"https:\/\/www.article-marketing.eu\/comunicati\/societa\/religione\/la-vita-del-santo-piu-famoso-ditalia\/","title":{"rendered":"La vita del Santo pi\u00f9 famoso d&#8217;Italia"},"content":{"rendered":"<p>Figlio del nobile Martino De&#8217; Buglioni e di Maria Taveira, nato nella capitale portoghese nell&#8217;Agosto del 1195, Fernando, questo il nome di battessimo del futuro <strong><a href=\"https:\/\/www.article-marketing.eu\/societa\/religione\/la-vita-del-santo-piu-famoso-ditalia.html\">Sant&#8217;Antonio<\/a><\/strong>, abitava a poche decine di metri dalla cattedrale di Lisbona. All&#8217;et\u00e0 di quindici anni <strong>decide di farsi prete<\/strong> e abbracciare l&#8217;ideale monastico. <\/p>\n<p>&nbsp;<\/p>\n<p><strong>Dopo circa due anni trascorsi nel monastero da S\u00e3o Vicente<\/strong>, che sorge appena fuori le mura cittadine, Fernando decide di ritirarsi a Coimbra perch\u00e8 infastidito dalle continue visite di amici e parenti. Qui, nel convento degli agostiniani, il futuro santo vive per sette anni formandosi sui libri della fornitissima biblioteca. <\/p>\n<p>&nbsp;<\/p>\n<p>Nel 1220 viene ordinato sacerdote e quello stesso anno, affascinato dalla regola dei frati francescani appena approdati in terra portoghese, diventa un seguace di San Francesco d&#8217;Assisi e, per l&#8217;occasione, <strong>abbandona anche il suo vecchio nome di battessimo, assumendo quello di Antonio<\/strong>, in onore di un eremita egiziano che aveva ospitato i francescani. La sua prima meta \u00e8 il Marocco, dove rimane ben poco a causa di una malattia tropicale non specificata che lo fa quasi soccombere e lo costringe a riprendere la via di casa. <\/p>\n<p>E qui entra in gioco il vento. <strong>Una forte tempesta obbliga la nave su cui stava viaggiando a cambiare rotta e cos\u00ec, invece di approdare in Portogallo, la dirottano in Sicilia, a Messina<\/strong>. Antonio si ritrova dunque nel nostra Bel Paese. Dalla Sicilia raggiunge Assisi, dove incontra frate Graziano, ministro provinciale della Romagna, che lo prende con s\u00e9 e lo conduce a Montepaolo: qui Antonio fa vita da eremita sottoponendosi a penitenze e digiuni. Avrebbe trascorso tutta la vita cos\u00ec, senza diventare ci\u00f2 che \u00e8 diventato e sopratutto senza incrociare Padova se, nel Settembre 1222, a Forl\u00ec, durante una cerimonia per le ordinazioni sacerdotali di religiosi francescani e domenicani, la situazione dei confratelli non lo avesse messo improvvisamente al centro dell&#8217;attenzione. Accade infatti che nessuno dei frati si \u00e8 preparato per rivolgere il tradizionale sermone ai preti novelli e, arrivato il momento della predica, uno dopo l&#8217;altro tutti declinano l&#8217;invito. Fra Graziano, l&#8217;unico a conoscere le doti di Antonio, d\u00e0 a lui la parola. Il futuro Santo obbedisce. E quel sermone commuove tutti i presenti suscitando una grande emozione.<\/p>\n<p>&nbsp;<\/p>\n<p>Inizia cos\u00ec la sua nuova missione: quella di teologo e predicatore. La sua fama cresce a tal punto che lo stesso <strong>Francesco d&#8217;Assisi<\/strong> gli fa pervenire una lettera che recita: &quot;al fratello Antonio auguro salute. Approvo che tu insegni teologia ai frati, purch\u00e9 a motivo di tale studio, tu no smorzi lo spirito della santa orazione e devozione, come \u00e8 ordinato nella regola. St\u00e0 sano&quot;. Antonio comincia a predicare e a insegnare a Bologna e in Francia, a Montpellier, Tolosa, Limoges e Bourges. Per tre anni, ricopre pure l&#8217;incarico di ministro provinciale del Nord Italia. A Padova, nel piccolo convento della chiesa di <em>Santa Maria Mater Domini<\/em>, il futuro santo scrive i suoi &quot;sermoni&quot; ma sopratutto si dedica giorno e notte all&#8217;apostolato. <strong>Predica insegna e confessa<\/strong>. La gente rimane colpita dalle sue parole, attende per ore il suo arrivo, pende dalle sue labbra. Le chiese della citt\u00e0 sono incapaci di contenere i fedeli, e cos\u00ec Antonio parla alle folle nelle piazze poi nei prati fuori le mura. &quot;riconduceva a pace fraterna i discordi&quot;, dicono le cronache &quot;ridava libert\u00e0 ai detenuti, faceva restituire ci\u00f2 che era stato rapinato con l&#8217;usura e le violenze&quot;.<\/p>\n","protected":false},"excerpt":{"rendered":"<p>Figlio del nobile Martino De&#8217; Buglioni e di Maria Taveira, nato nella capitale portoghese nell&#8217;Agosto del 1195, Fernando, questo il nome di battessimo del futuro Sant&#8217;Antonio, abitava a poche decine di metri dalla cattedrale di Lisbona. All&#8217;et\u00e0 di quindici anni decide di farsi prete e abbracciare l&#8217;ideale monastico.<\/p>\n","protected":false},"author":10,"featured_media":0,"comment_status":"open","ping_status":"open","sticky":false,"template":"","format":"standard","meta":{"cybocfi_hide_featured_image":"","footnotes":""},"categories":[6],"tags":[34,9,33],"class_list":["post-12","post","type-post","status-publish","format-standard","hentry","category-religione","tag-chiesa","tag-religione","tag-santantonio"],"yoast_head":"<!-- This site is optimized with the Yoast SEO plugin v27.0 - https:\/\/yoast.com\/product\/yoast-seo-wordpress\/ -->\n<title>La vita del Santo pi\u00f9 famoso d&#039;Italia - Article Marketing<\/title>\n<meta name=\"robots\" content=\"index, follow, max-snippet:-1, max-image-preview:large, max-video-preview:-1\" \/>\n<link rel=\"canonical\" href=\"https:\/\/www.article-marketing.eu\/comunicati\/societa\/religione\/la-vita-del-santo-piu-famoso-ditalia\/\" \/>\n<meta property=\"og:locale\" content=\"it_IT\" \/>\n<meta property=\"og:type\" content=\"article\" \/>\n<meta property=\"og:title\" content=\"La vita del Santo pi\u00f9 famoso d&#039;Italia - Article Marketing\" \/>\n<meta property=\"og:description\" content=\"Figlio del nobile Martino De&#039; Buglioni e di Maria Taveira, nato nella capitale portoghese nell&#039;Agosto del 1195, Fernando, questo il nome di battessimo del futuro Sant&#039;Antonio, abitava a poche decine di metri dalla cattedrale di Lisbona. All&#039;et\u00e0 di quindici anni decide di farsi prete e abbracciare l&#039;ideale monastico.\" \/>\n<meta property=\"og:url\" content=\"https:\/\/www.article-marketing.eu\/comunicati\/societa\/religione\/la-vita-del-santo-piu-famoso-ditalia\/\" \/>\n<meta property=\"og:site_name\" content=\"Article Marketing\" \/>\n<meta property=\"article:published_time\" content=\"2007-09-22T14:30:42+00:00\" \/>\n<meta name=\"author\" content=\"Redazione Comunicati Stampa\" \/>\n<meta name=\"twitter:card\" content=\"summary_large_image\" \/>\n<meta name=\"twitter:label1\" content=\"Scritto da\" \/>\n\t<meta name=\"twitter:data1\" content=\"Redazione Comunicati Stampa\" \/>\n\t<meta name=\"twitter:label2\" content=\"Tempo di lettura stimato\" \/>\n\t<meta name=\"twitter:data2\" content=\"3 minuti\" \/>\n<script type=\"application\/ld+json\" class=\"yoast-schema-graph\">{\"@context\":\"https:\/\/schema.org\",\"@graph\":[{\"@type\":\"Article\",\"@id\":\"https:\/\/www.article-marketing.eu\/comunicati\/societa\/religione\/la-vita-del-santo-piu-famoso-ditalia\/#article\",\"isPartOf\":{\"@id\":\"https:\/\/www.article-marketing.eu\/comunicati\/societa\/religione\/la-vita-del-santo-piu-famoso-ditalia\/\"},\"author\":{\"name\":\"Redazione Comunicati Stampa\",\"@id\":\"https:\/\/www.article-marketing.eu\/comunicati\/#\/schema\/person\/44372e4d4d0fa797b18e03ed1ace9017\"},\"headline\":\"La vita del Santo pi\u00f9 famoso d&#8217;Italia\",\"datePublished\":\"2007-09-22T14:30:42+00:00\",\"mainEntityOfPage\":{\"@id\":\"https:\/\/www.article-marketing.eu\/comunicati\/societa\/religione\/la-vita-del-santo-piu-famoso-ditalia\/\"},\"wordCount\":567,\"commentCount\":0,\"keywords\":[\"chiesa\",\"religione\",\"Sant'Antonio\"],\"articleSection\":[\"Religione\"],\"inLanguage\":\"it-IT\",\"potentialAction\":[{\"@type\":\"CommentAction\",\"name\":\"Comment\",\"target\":[\"https:\/\/www.article-marketing.eu\/comunicati\/societa\/religione\/la-vita-del-santo-piu-famoso-ditalia\/#respond\"]}]},{\"@type\":\"WebPage\",\"@id\":\"https:\/\/www.article-marketing.eu\/comunicati\/societa\/religione\/la-vita-del-santo-piu-famoso-ditalia\/\",\"url\":\"https:\/\/www.article-marketing.eu\/comunicati\/societa\/religione\/la-vita-del-santo-piu-famoso-ditalia\/\",\"name\":\"La vita del Santo pi\u00f9 famoso d'Italia - Article Marketing\",\"isPartOf\":{\"@id\":\"https:\/\/www.article-marketing.eu\/comunicati\/#website\"},\"datePublished\":\"2007-09-22T14:30:42+00:00\",\"author\":{\"@id\":\"https:\/\/www.article-marketing.eu\/comunicati\/#\/schema\/person\/44372e4d4d0fa797b18e03ed1ace9017\"},\"breadcrumb\":{\"@id\":\"https:\/\/www.article-marketing.eu\/comunicati\/societa\/religione\/la-vita-del-santo-piu-famoso-ditalia\/#breadcrumb\"},\"inLanguage\":\"it-IT\",\"potentialAction\":[{\"@type\":\"ReadAction\",\"target\":[\"https:\/\/www.article-marketing.eu\/comunicati\/societa\/religione\/la-vita-del-santo-piu-famoso-ditalia\/\"]}]},{\"@type\":\"BreadcrumbList\",\"@id\":\"https:\/\/www.article-marketing.eu\/comunicati\/societa\/religione\/la-vita-del-santo-piu-famoso-ditalia\/#breadcrumb\",\"itemListElement\":[{\"@type\":\"ListItem\",\"position\":1,\"name\":\"Home\",\"item\":\"https:\/\/www.article-marketing.eu\/comunicati\/\"},{\"@type\":\"ListItem\",\"position\":2,\"name\":\"La vita del Santo pi\u00f9 famoso d&#8217;Italia\"}]},{\"@type\":\"WebSite\",\"@id\":\"https:\/\/www.article-marketing.eu\/comunicati\/#website\",\"url\":\"https:\/\/www.article-marketing.eu\/comunicati\/\",\"name\":\"Article Marketing\",\"description\":\"article marketing &amp; press release\",\"potentialAction\":[{\"@type\":\"SearchAction\",\"target\":{\"@type\":\"EntryPoint\",\"urlTemplate\":\"https:\/\/www.article-marketing.eu\/comunicati\/?s={search_term_string}\"},\"query-input\":{\"@type\":\"PropertyValueSpecification\",\"valueRequired\":true,\"valueName\":\"search_term_string\"}}],\"inLanguage\":\"it-IT\"},{\"@type\":\"Person\",\"@id\":\"https:\/\/www.article-marketing.eu\/comunicati\/#\/schema\/person\/44372e4d4d0fa797b18e03ed1ace9017\",\"name\":\"Redazione Comunicati Stampa\",\"image\":{\"@type\":\"ImageObject\",\"inLanguage\":\"it-IT\",\"@id\":\"https:\/\/www.article-marketing.eu\/comunicati\/#\/schema\/person\/image\/\",\"url\":\"https:\/\/secure.gravatar.com\/avatar\/50e5c6421d3072f42e7ace803501602c60d75233d34e29fd05feb91c8760b792?s=96&d=mm&r=g\",\"contentUrl\":\"https:\/\/secure.gravatar.com\/avatar\/50e5c6421d3072f42e7ace803501602c60d75233d34e29fd05feb91c8760b792?s=96&d=mm&r=g\",\"caption\":\"Redazione Comunicati Stampa\"},\"url\":\"https:\/\/www.article-marketing.eu\/comunicati\/author\/redazione-comunicati-stampa\/\"}]}<\/script>\n<!-- \/ Yoast SEO plugin. -->","yoast_head_json":{"title":"La vita del Santo pi\u00f9 famoso d'Italia - Article Marketing","robots":{"index":"index","follow":"follow","max-snippet":"max-snippet:-1","max-image-preview":"max-image-preview:large","max-video-preview":"max-video-preview:-1"},"canonical":"https:\/\/www.article-marketing.eu\/comunicati\/societa\/religione\/la-vita-del-santo-piu-famoso-ditalia\/","og_locale":"it_IT","og_type":"article","og_title":"La vita del Santo pi\u00f9 famoso d'Italia - Article Marketing","og_description":"Figlio del nobile Martino De' Buglioni e di Maria Taveira, nato nella capitale portoghese nell'Agosto del 1195, Fernando, questo il nome di battessimo del futuro Sant'Antonio, abitava a poche decine di metri dalla cattedrale di Lisbona. All'et\u00e0 di quindici anni decide di farsi prete e abbracciare l'ideale monastico.","og_url":"https:\/\/www.article-marketing.eu\/comunicati\/societa\/religione\/la-vita-del-santo-piu-famoso-ditalia\/","og_site_name":"Article Marketing","article_published_time":"2007-09-22T14:30:42+00:00","author":"Redazione Comunicati Stampa","twitter_card":"summary_large_image","twitter_misc":{"Scritto da":"Redazione Comunicati Stampa","Tempo di lettura stimato":"3 minuti"},"schema":{"@context":"https:\/\/schema.org","@graph":[{"@type":"Article","@id":"https:\/\/www.article-marketing.eu\/comunicati\/societa\/religione\/la-vita-del-santo-piu-famoso-ditalia\/#article","isPartOf":{"@id":"https:\/\/www.article-marketing.eu\/comunicati\/societa\/religione\/la-vita-del-santo-piu-famoso-ditalia\/"},"author":{"name":"Redazione Comunicati Stampa","@id":"https:\/\/www.article-marketing.eu\/comunicati\/#\/schema\/person\/44372e4d4d0fa797b18e03ed1ace9017"},"headline":"La vita del Santo pi\u00f9 famoso d&#8217;Italia","datePublished":"2007-09-22T14:30:42+00:00","mainEntityOfPage":{"@id":"https:\/\/www.article-marketing.eu\/comunicati\/societa\/religione\/la-vita-del-santo-piu-famoso-ditalia\/"},"wordCount":567,"commentCount":0,"keywords":["chiesa","religione","Sant'Antonio"],"articleSection":["Religione"],"inLanguage":"it-IT","potentialAction":[{"@type":"CommentAction","name":"Comment","target":["https:\/\/www.article-marketing.eu\/comunicati\/societa\/religione\/la-vita-del-santo-piu-famoso-ditalia\/#respond"]}]},{"@type":"WebPage","@id":"https:\/\/www.article-marketing.eu\/comunicati\/societa\/religione\/la-vita-del-santo-piu-famoso-ditalia\/","url":"https:\/\/www.article-marketing.eu\/comunicati\/societa\/religione\/la-vita-del-santo-piu-famoso-ditalia\/","name":"La vita del Santo pi\u00f9 famoso d'Italia - Article Marketing","isPartOf":{"@id":"https:\/\/www.article-marketing.eu\/comunicati\/#website"},"datePublished":"2007-09-22T14:30:42+00:00","author":{"@id":"https:\/\/www.article-marketing.eu\/comunicati\/#\/schema\/person\/44372e4d4d0fa797b18e03ed1ace9017"},"breadcrumb":{"@id":"https:\/\/www.article-marketing.eu\/comunicati\/societa\/religione\/la-vita-del-santo-piu-famoso-ditalia\/#breadcrumb"},"inLanguage":"it-IT","potentialAction":[{"@type":"ReadAction","target":["https:\/\/www.article-marketing.eu\/comunicati\/societa\/religione\/la-vita-del-santo-piu-famoso-ditalia\/"]}]},{"@type":"BreadcrumbList","@id":"https:\/\/www.article-marketing.eu\/comunicati\/societa\/religione\/la-vita-del-santo-piu-famoso-ditalia\/#breadcrumb","itemListElement":[{"@type":"ListItem","position":1,"name":"Home","item":"https:\/\/www.article-marketing.eu\/comunicati\/"},{"@type":"ListItem","position":2,"name":"La vita del Santo pi\u00f9 famoso d&#8217;Italia"}]},{"@type":"WebSite","@id":"https:\/\/www.article-marketing.eu\/comunicati\/#website","url":"https:\/\/www.article-marketing.eu\/comunicati\/","name":"Article Marketing","description":"article marketing &amp; press release","potentialAction":[{"@type":"SearchAction","target":{"@type":"EntryPoint","urlTemplate":"https:\/\/www.article-marketing.eu\/comunicati\/?s={search_term_string}"},"query-input":{"@type":"PropertyValueSpecification","valueRequired":true,"valueName":"search_term_string"}}],"inLanguage":"it-IT"},{"@type":"Person","@id":"https:\/\/www.article-marketing.eu\/comunicati\/#\/schema\/person\/44372e4d4d0fa797b18e03ed1ace9017","name":"Redazione Comunicati Stampa","image":{"@type":"ImageObject","inLanguage":"it-IT","@id":"https:\/\/www.article-marketing.eu\/comunicati\/#\/schema\/person\/image\/","url":"https:\/\/secure.gravatar.com\/avatar\/50e5c6421d3072f42e7ace803501602c60d75233d34e29fd05feb91c8760b792?s=96&d=mm&r=g","contentUrl":"https:\/\/secure.gravatar.com\/avatar\/50e5c6421d3072f42e7ace803501602c60d75233d34e29fd05feb91c8760b792?s=96&d=mm&r=g","caption":"Redazione Comunicati Stampa"},"url":"https:\/\/www.article-marketing.eu\/comunicati\/author\/redazione-comunicati-stampa\/"}]}},"_links":{"self":[{"href":"https:\/\/www.article-marketing.eu\/comunicati\/wp-json\/wp\/v2\/posts\/12","targetHints":{"allow":["GET"]}}],"collection":[{"href":"https:\/\/www.article-marketing.eu\/comunicati\/wp-json\/wp\/v2\/posts"}],"about":[{"href":"https:\/\/www.article-marketing.eu\/comunicati\/wp-json\/wp\/v2\/types\/post"}],"author":[{"embeddable":true,"href":"https:\/\/www.article-marketing.eu\/comunicati\/wp-json\/wp\/v2\/users\/10"}],"replies":[{"embeddable":true,"href":"https:\/\/www.article-marketing.eu\/comunicati\/wp-json\/wp\/v2\/comments?post=12"}],"version-history":[{"count":0,"href":"https:\/\/www.article-marketing.eu\/comunicati\/wp-json\/wp\/v2\/posts\/12\/revisions"}],"wp:attachment":[{"href":"https:\/\/www.article-marketing.eu\/comunicati\/wp-json\/wp\/v2\/media?parent=12"}],"wp:term":[{"taxonomy":"category","embeddable":true,"href":"https:\/\/www.article-marketing.eu\/comunicati\/wp-json\/wp\/v2\/categories?post=12"},{"taxonomy":"post_tag","embeddable":true,"href":"https:\/\/www.article-marketing.eu\/comunicati\/wp-json\/wp\/v2\/tags?post=12"}],"curies":[{"name":"wp","href":"https:\/\/api.w.org\/{rel}","templated":true}]}}