{"id":1200,"date":"2009-01-21T14:50:04","date_gmt":"2009-01-21T13:50:04","guid":{"rendered":"http:\/\/www.article-marketing.eu\/comunicati\/senza-categoria\/sef-car-24-e-25-gennaio-nuovo-porte-aperte-per-il-grande-successo-della-nuova-iq\/"},"modified":"2018-06-04T20:11:49","modified_gmt":"2018-06-04T18:11:49","slug":"sef-car-24-e-25-gennaio-nuovo-porte-aperte-per-il-grande-successo-della-nuova-iq","status":"publish","type":"post","link":"https:\/\/www.article-marketing.eu\/comunicati\/motori\/auto\/sef-car-24-e-25-gennaio-nuovo-porte-aperte-per-il-grande-successo-della-nuova-iq\/","title":{"rendered":"SEF CAR: 24 e 25 Gennaio nuovo porte aperte per il grande successo della nuova iQ"},"content":{"rendered":"<p>Si \u00e8 fatta tanto desiderare, ma ora che \u00e8 finalmente arrivata <strong>iQ<\/strong> \u00e8 impaziente di mettersi alla prova: soddisfa ogni tua curiosit\u00e0 e vieni da <strong>SEF CAR<\/strong> <a href=\"http:\/\/www.sefcar.it\/\" target=\"_blank\">www.sefcar.it<\/a> per provare la <strong>nuova Toyota IQ<\/strong> l&#8217;unica city car 4 posti in meno di 3mt. <\/p>\n<p>Dopo il grande successo dell\u2019evento di lancio ed un primo Porte Aperte, partendo <em>da Sabato 24 e Domenica 25 gennaio da Sef Car, concessionaria Toyota a Milano, <\/em>si replica il week-end Porte Aperte che proseguir\u00e0 per tutta la settimana. <\/p>\n<p>Toyota iQ vi aspetta sicura di farvi innamorare grazie alla sua linea elegante e innovativa, alla sua incredibile maneggevolezza, all\u2019agilit\u00e0 con cui gira su se stessa, alla stabilit\u00e0 con cui affronta le curve, al grande comfort di marcia, all\u2019efficienza dei suoi motori, alla spaziosit\u00e0 del suo abitacolo.<\/p>\n<p>Per credere all\u2019amore a prima guida basta provare iQ, perch\u00e9 niente \u00e8 pi\u00f9 sexy dell\u2019intelligenza.<br \/><strong>SefCar ti aspetta con iQ per farti provare un nuovo piacere di guida<\/strong><\/p>\n<p><strong>&nbsp;&nbsp;&nbsp;&nbsp;&nbsp;&nbsp;&nbsp;&nbsp;&nbsp;&nbsp;&nbsp;&nbsp;&nbsp;&nbsp;&nbsp;&nbsp;&nbsp;&nbsp;&nbsp;&nbsp;&nbsp;&nbsp;&nbsp; Porte Aperte Sef Car per Toyota iQ<\/strong><\/p>\n<p><strong>&nbsp;&nbsp;&nbsp;&nbsp;&nbsp;&nbsp;&nbsp;&nbsp;&nbsp;&nbsp;&nbsp;&nbsp;&nbsp;&nbsp;&nbsp;&nbsp;&nbsp;&nbsp;&nbsp;&nbsp;&nbsp;&nbsp;&nbsp;&nbsp;&nbsp;&nbsp;&nbsp; Da Sabato 24 e Domenica 25 gennaio 2009<br \/>&nbsp;&nbsp;&nbsp;&nbsp;&nbsp;&nbsp;&nbsp;&nbsp;&nbsp;&nbsp;&nbsp;&nbsp;&nbsp;&nbsp;&nbsp;&nbsp;&nbsp;&nbsp;&nbsp;&nbsp;&nbsp;&nbsp;&nbsp;&nbsp;&nbsp;&nbsp;&nbsp;&nbsp;&nbsp;&nbsp;&nbsp;&nbsp;&nbsp;&nbsp;&nbsp; Orari 9:00 &#8211; 12:30 \/ 14:30-19:00<br \/>&nbsp;&nbsp;&nbsp;&nbsp;&nbsp;&nbsp;&nbsp;&nbsp;&nbsp;&nbsp;&nbsp;&nbsp;&nbsp;&nbsp;&nbsp;&nbsp;&nbsp; Via Pizzoni Alfredo, 14 (ang. V.le De Gasperi) &#8211; Milano.<\/strong><\/p>\n<p><strong><\/strong>&nbsp;<\/p>\n<p><em>SEF CAR: storia e futuro nella distribuzione auto e nei servizi di mobilit\u00e0 per il cliente<\/em><\/p>\n<p><strong>SEFCAR \u00e8 la nuova Concessionaria Toyota di Milano<\/strong>, a garantirne professionalit\u00e0 e seriet\u00e0 \u00e8 la struttura aziendale collaudata da quasi 50 anni di attivit\u00e0 nel settore automobilistico: in tutte le fasi di vita dell\u2019automobile, dall&#8217;acquisto alla manutenzione. <br \/>Il cliente \u00e8 il punto focale delle proposte della societ\u00e0 che mira a soddisfare i bisogni dell&#8217;utenza, la concessionaria Toyota SEF CAR ha infatti come missione l&#8217;offerta di servizi di mobilit\u00e0 personale centrati sull&#8217;utente finale: sia esso acquirente individuale, azienda, noleggiatore o altro soggetto. <\/p>\n<p><strong>Per Informazioni:<\/strong><\/p>\n<p><strong>SEF CAR &#8211; Concessionaria Toyota<br \/><\/strong>Via Pizzoni Alfredo, 14 &#8211; 20151 &#8211; Milano (Facilmente raggiungibile, da Piazzale Kennedy e dell&#8217;uscita Viale Certosa autostrada MI-VE)<br \/>Telefono: &nbsp;02\/39275020&nbsp;&nbsp; Fax: 02\/33431866<br \/>Sito: www.sefcar.it <br \/>E-mail: info@sefcar.it<\/p>\n<p>&nbsp;<\/p>\n<p><strong>Ufficio Stampa Art\u00e9mida<\/strong><br \/>Per SEF CAR: Emanuela Lodolo &#8211; mailto: e.lodolo@artemida.it <\/p>\n","protected":false},"excerpt":{"rendered":"<p>Si \u00e8 fatta tanto desiderare, ma ora che \u00e8 finalmente arrivata iQ \u00e8 impaziente di mettersi alla prova: soddisfa ogni tua curiosit\u00e0 e vieni da SEF CAR www.sefcar.it per provare la nuova Toyota IQ l&#8217;unica city car 4 posti in meno di 3mt. <\/p>\n<p>Per credere all\u2019amore a prima guida basta provare iQ, perch\u00e9 niente \u00e8 pi\u00f9 sexy dell\u2019intelligenza.<br \/>\nSefCar ti aspetta con iQ per farti provare un nuovo piacere di guida<\/p>\n<p>Porte Aperte Sef Car per Toyota iQ<\/p>\n<p>Da Sabato 24 e Domenica 25 gennaio 2009<br \/>\nOrari 9:00 &#8211; 12:30 \/ 14:30-19:00<br \/>\nVia Pizzoni Alfredo, 14 (ang. V.le De Gasperi) &#8211; Milano.<\/p>\n","protected":false},"author":10,"featured_media":0,"comment_status":"open","ping_status":"open","sticky":false,"template":"","format":"standard","meta":{"cybocfi_hide_featured_image":"","footnotes":""},"categories":[352],"tags":[4078,353,4081,4076,3012,4079,4072,4080,4086,4085,4071,4084,1343,2617,4082,785,4083,4073,4074,4075,4070,2731,4077],"class_list":["post-1200","post","type-post","status-publish","format-standard","hentry","category-auto","tag-auris","tag-auto","tag-avensis","tag-aygo","tag-carcomauto","tag-city-car","tag-concessionaria","tag-coraolla-verso","tag-hiace","tag-hilux","tag-iq","tag-land-criuser","tag-milano","tag-nuovo","tag-prius","tag-promozione","tag-rav4","tag-sef-car","tag-sefcar","tag-smart","tag-toyota","tag-usato","tag-yaris"],"yoast_head":"<!-- This site is optimized with the Yoast SEO plugin v27.0 - https:\/\/yoast.com\/product\/yoast-seo-wordpress\/ -->\n<title>SEF CAR: 24 e 25 Gennaio nuovo porte aperte per il grande successo della nuova iQ - Article Marketing<\/title>\n<meta name=\"robots\" content=\"index, follow, max-snippet:-1, max-image-preview:large, max-video-preview:-1\" \/>\n<link rel=\"canonical\" href=\"https:\/\/www.article-marketing.eu\/comunicati\/motori\/auto\/sef-car-24-e-25-gennaio-nuovo-porte-aperte-per-il-grande-successo-della-nuova-iq\/\" \/>\n<meta property=\"og:locale\" content=\"it_IT\" \/>\n<meta property=\"og:type\" content=\"article\" \/>\n<meta property=\"og:title\" content=\"SEF CAR: 24 e 25 Gennaio nuovo porte aperte per il grande successo della nuova iQ - Article Marketing\" \/>\n<meta property=\"og:description\" content=\"Si \u00e8 fatta tanto desiderare, ma ora che \u00e8 finalmente arrivata iQ \u00e8 impaziente di mettersi alla prova: soddisfa ogni tua curiosit\u00e0 e vieni da SEF CAR www.sefcar.it per provare la nuova Toyota IQ l&#039;unica city car 4 posti in meno di 3mt.  Per credere all\u2019amore a prima guida basta provare iQ, perch\u00e9 niente \u00e8 pi\u00f9 sexy dell\u2019intelligenza. SefCar ti aspetta con iQ per farti provare un nuovo piacere di guida Porte Aperte Sef Car per Toyota iQ Da Sabato 24 e Domenica 25 gennaio 2009 Orari 9:00 - 12:30 \/ 14:30-19:00 Via Pizzoni Alfredo, 14 (ang. V.le De Gasperi) - Milano.\" \/>\n<meta property=\"og:url\" content=\"https:\/\/www.article-marketing.eu\/comunicati\/motori\/auto\/sef-car-24-e-25-gennaio-nuovo-porte-aperte-per-il-grande-successo-della-nuova-iq\/\" \/>\n<meta property=\"og:site_name\" content=\"Article Marketing\" \/>\n<meta property=\"article:published_time\" content=\"2009-01-21T13:50:04+00:00\" \/>\n<meta property=\"article:modified_time\" content=\"2018-06-04T18:11:49+00:00\" \/>\n<meta name=\"author\" content=\"Redazione Comunicati Stampa\" \/>\n<meta name=\"twitter:card\" content=\"summary_large_image\" \/>\n<meta name=\"twitter:label1\" content=\"Scritto da\" \/>\n\t<meta name=\"twitter:data1\" content=\"Redazione Comunicati Stampa\" \/>\n\t<meta name=\"twitter:label2\" content=\"Tempo di lettura stimato\" \/>\n\t<meta name=\"twitter:data2\" content=\"2 minuti\" \/>\n<script type=\"application\/ld+json\" class=\"yoast-schema-graph\">{\"@context\":\"https:\/\/schema.org\",\"@graph\":[{\"@type\":\"Article\",\"@id\":\"https:\/\/www.article-marketing.eu\/comunicati\/motori\/auto\/sef-car-24-e-25-gennaio-nuovo-porte-aperte-per-il-grande-successo-della-nuova-iq\/#article\",\"isPartOf\":{\"@id\":\"https:\/\/www.article-marketing.eu\/comunicati\/motori\/auto\/sef-car-24-e-25-gennaio-nuovo-porte-aperte-per-il-grande-successo-della-nuova-iq\/\"},\"author\":{\"name\":\"Redazione Comunicati Stampa\",\"@id\":\"https:\/\/www.article-marketing.eu\/comunicati\/#\/schema\/person\/44372e4d4d0fa797b18e03ed1ace9017\"},\"headline\":\"SEF CAR: 24 e 25 Gennaio nuovo porte aperte per il grande successo della nuova iQ\",\"datePublished\":\"2009-01-21T13:50:04+00:00\",\"dateModified\":\"2018-06-04T18:11:49+00:00\",\"mainEntityOfPage\":{\"@id\":\"https:\/\/www.article-marketing.eu\/comunicati\/motori\/auto\/sef-car-24-e-25-gennaio-nuovo-porte-aperte-per-il-grande-successo-della-nuova-iq\/\"},\"wordCount\":446,\"commentCount\":0,\"keywords\":[\"auris\",\"auto\",\"avensis\",\"aygo\",\"carcomauto\",\"city car\",\"concessionaria\",\"coraolla verso\",\"hiace\",\"hilux\",\"iq\",\"land criuser\",\"milano\",\"nuovo\",\"prius\",\"promozione\",\"rav4\",\"sef car\",\"sefcar\",\"smart\",\"Toyota\",\"usato\",\"yaris\"],\"articleSection\":[\"Auto\"],\"inLanguage\":\"it-IT\",\"potentialAction\":[{\"@type\":\"CommentAction\",\"name\":\"Comment\",\"target\":[\"https:\/\/www.article-marketing.eu\/comunicati\/motori\/auto\/sef-car-24-e-25-gennaio-nuovo-porte-aperte-per-il-grande-successo-della-nuova-iq\/#respond\"]}]},{\"@type\":\"WebPage\",\"@id\":\"https:\/\/www.article-marketing.eu\/comunicati\/motori\/auto\/sef-car-24-e-25-gennaio-nuovo-porte-aperte-per-il-grande-successo-della-nuova-iq\/\",\"url\":\"https:\/\/www.article-marketing.eu\/comunicati\/motori\/auto\/sef-car-24-e-25-gennaio-nuovo-porte-aperte-per-il-grande-successo-della-nuova-iq\/\",\"name\":\"SEF CAR: 24 e 25 Gennaio nuovo porte aperte per il grande successo della nuova iQ - Article Marketing\",\"isPartOf\":{\"@id\":\"https:\/\/www.article-marketing.eu\/comunicati\/#website\"},\"datePublished\":\"2009-01-21T13:50:04+00:00\",\"dateModified\":\"2018-06-04T18:11:49+00:00\",\"author\":{\"@id\":\"https:\/\/www.article-marketing.eu\/comunicati\/#\/schema\/person\/44372e4d4d0fa797b18e03ed1ace9017\"},\"breadcrumb\":{\"@id\":\"https:\/\/www.article-marketing.eu\/comunicati\/motori\/auto\/sef-car-24-e-25-gennaio-nuovo-porte-aperte-per-il-grande-successo-della-nuova-iq\/#breadcrumb\"},\"inLanguage\":\"it-IT\",\"potentialAction\":[{\"@type\":\"ReadAction\",\"target\":[\"https:\/\/www.article-marketing.eu\/comunicati\/motori\/auto\/sef-car-24-e-25-gennaio-nuovo-porte-aperte-per-il-grande-successo-della-nuova-iq\/\"]}]},{\"@type\":\"BreadcrumbList\",\"@id\":\"https:\/\/www.article-marketing.eu\/comunicati\/motori\/auto\/sef-car-24-e-25-gennaio-nuovo-porte-aperte-per-il-grande-successo-della-nuova-iq\/#breadcrumb\",\"itemListElement\":[{\"@type\":\"ListItem\",\"position\":1,\"name\":\"Home\",\"item\":\"https:\/\/www.article-marketing.eu\/comunicati\/\"},{\"@type\":\"ListItem\",\"position\":2,\"name\":\"SEF CAR: 24 e 25 Gennaio nuovo porte aperte per il grande successo della nuova iQ\"}]},{\"@type\":\"WebSite\",\"@id\":\"https:\/\/www.article-marketing.eu\/comunicati\/#website\",\"url\":\"https:\/\/www.article-marketing.eu\/comunicati\/\",\"name\":\"Article Marketing\",\"description\":\"article marketing &amp; press release\",\"potentialAction\":[{\"@type\":\"SearchAction\",\"target\":{\"@type\":\"EntryPoint\",\"urlTemplate\":\"https:\/\/www.article-marketing.eu\/comunicati\/?s={search_term_string}\"},\"query-input\":{\"@type\":\"PropertyValueSpecification\",\"valueRequired\":true,\"valueName\":\"search_term_string\"}}],\"inLanguage\":\"it-IT\"},{\"@type\":\"Person\",\"@id\":\"https:\/\/www.article-marketing.eu\/comunicati\/#\/schema\/person\/44372e4d4d0fa797b18e03ed1ace9017\",\"name\":\"Redazione Comunicati Stampa\",\"image\":{\"@type\":\"ImageObject\",\"inLanguage\":\"it-IT\",\"@id\":\"https:\/\/www.article-marketing.eu\/comunicati\/#\/schema\/person\/image\/\",\"url\":\"https:\/\/secure.gravatar.com\/avatar\/50e5c6421d3072f42e7ace803501602c60d75233d34e29fd05feb91c8760b792?s=96&d=mm&r=g\",\"contentUrl\":\"https:\/\/secure.gravatar.com\/avatar\/50e5c6421d3072f42e7ace803501602c60d75233d34e29fd05feb91c8760b792?s=96&d=mm&r=g\",\"caption\":\"Redazione Comunicati Stampa\"},\"url\":\"https:\/\/www.article-marketing.eu\/comunicati\/author\/redazione-comunicati-stampa\/\"}]}<\/script>\n<!-- \/ Yoast SEO plugin. -->","yoast_head_json":{"title":"SEF CAR: 24 e 25 Gennaio nuovo porte aperte per il grande successo della nuova iQ - Article Marketing","robots":{"index":"index","follow":"follow","max-snippet":"max-snippet:-1","max-image-preview":"max-image-preview:large","max-video-preview":"max-video-preview:-1"},"canonical":"https:\/\/www.article-marketing.eu\/comunicati\/motori\/auto\/sef-car-24-e-25-gennaio-nuovo-porte-aperte-per-il-grande-successo-della-nuova-iq\/","og_locale":"it_IT","og_type":"article","og_title":"SEF CAR: 24 e 25 Gennaio nuovo porte aperte per il grande successo della nuova iQ - Article Marketing","og_description":"Si \u00e8 fatta tanto desiderare, ma ora che \u00e8 finalmente arrivata iQ \u00e8 impaziente di mettersi alla prova: soddisfa ogni tua curiosit\u00e0 e vieni da SEF CAR www.sefcar.it per provare la nuova Toyota IQ l'unica city car 4 posti in meno di 3mt.  Per credere all\u2019amore a prima guida basta provare iQ, perch\u00e9 niente \u00e8 pi\u00f9 sexy dell\u2019intelligenza. SefCar ti aspetta con iQ per farti provare un nuovo piacere di guida Porte Aperte Sef Car per Toyota iQ Da Sabato 24 e Domenica 25 gennaio 2009 Orari 9:00 - 12:30 \/ 14:30-19:00 Via Pizzoni Alfredo, 14 (ang. V.le De Gasperi) - Milano.","og_url":"https:\/\/www.article-marketing.eu\/comunicati\/motori\/auto\/sef-car-24-e-25-gennaio-nuovo-porte-aperte-per-il-grande-successo-della-nuova-iq\/","og_site_name":"Article Marketing","article_published_time":"2009-01-21T13:50:04+00:00","article_modified_time":"2018-06-04T18:11:49+00:00","author":"Redazione Comunicati Stampa","twitter_card":"summary_large_image","twitter_misc":{"Scritto da":"Redazione Comunicati Stampa","Tempo di lettura stimato":"2 minuti"},"schema":{"@context":"https:\/\/schema.org","@graph":[{"@type":"Article","@id":"https:\/\/www.article-marketing.eu\/comunicati\/motori\/auto\/sef-car-24-e-25-gennaio-nuovo-porte-aperte-per-il-grande-successo-della-nuova-iq\/#article","isPartOf":{"@id":"https:\/\/www.article-marketing.eu\/comunicati\/motori\/auto\/sef-car-24-e-25-gennaio-nuovo-porte-aperte-per-il-grande-successo-della-nuova-iq\/"},"author":{"name":"Redazione Comunicati Stampa","@id":"https:\/\/www.article-marketing.eu\/comunicati\/#\/schema\/person\/44372e4d4d0fa797b18e03ed1ace9017"},"headline":"SEF CAR: 24 e 25 Gennaio nuovo porte aperte per il grande successo della nuova iQ","datePublished":"2009-01-21T13:50:04+00:00","dateModified":"2018-06-04T18:11:49+00:00","mainEntityOfPage":{"@id":"https:\/\/www.article-marketing.eu\/comunicati\/motori\/auto\/sef-car-24-e-25-gennaio-nuovo-porte-aperte-per-il-grande-successo-della-nuova-iq\/"},"wordCount":446,"commentCount":0,"keywords":["auris","auto","avensis","aygo","carcomauto","city car","concessionaria","coraolla verso","hiace","hilux","iq","land criuser","milano","nuovo","prius","promozione","rav4","sef car","sefcar","smart","Toyota","usato","yaris"],"articleSection":["Auto"],"inLanguage":"it-IT","potentialAction":[{"@type":"CommentAction","name":"Comment","target":["https:\/\/www.article-marketing.eu\/comunicati\/motori\/auto\/sef-car-24-e-25-gennaio-nuovo-porte-aperte-per-il-grande-successo-della-nuova-iq\/#respond"]}]},{"@type":"WebPage","@id":"https:\/\/www.article-marketing.eu\/comunicati\/motori\/auto\/sef-car-24-e-25-gennaio-nuovo-porte-aperte-per-il-grande-successo-della-nuova-iq\/","url":"https:\/\/www.article-marketing.eu\/comunicati\/motori\/auto\/sef-car-24-e-25-gennaio-nuovo-porte-aperte-per-il-grande-successo-della-nuova-iq\/","name":"SEF CAR: 24 e 25 Gennaio nuovo porte aperte per il grande successo della nuova iQ - Article Marketing","isPartOf":{"@id":"https:\/\/www.article-marketing.eu\/comunicati\/#website"},"datePublished":"2009-01-21T13:50:04+00:00","dateModified":"2018-06-04T18:11:49+00:00","author":{"@id":"https:\/\/www.article-marketing.eu\/comunicati\/#\/schema\/person\/44372e4d4d0fa797b18e03ed1ace9017"},"breadcrumb":{"@id":"https:\/\/www.article-marketing.eu\/comunicati\/motori\/auto\/sef-car-24-e-25-gennaio-nuovo-porte-aperte-per-il-grande-successo-della-nuova-iq\/#breadcrumb"},"inLanguage":"it-IT","potentialAction":[{"@type":"ReadAction","target":["https:\/\/www.article-marketing.eu\/comunicati\/motori\/auto\/sef-car-24-e-25-gennaio-nuovo-porte-aperte-per-il-grande-successo-della-nuova-iq\/"]}]},{"@type":"BreadcrumbList","@id":"https:\/\/www.article-marketing.eu\/comunicati\/motori\/auto\/sef-car-24-e-25-gennaio-nuovo-porte-aperte-per-il-grande-successo-della-nuova-iq\/#breadcrumb","itemListElement":[{"@type":"ListItem","position":1,"name":"Home","item":"https:\/\/www.article-marketing.eu\/comunicati\/"},{"@type":"ListItem","position":2,"name":"SEF CAR: 24 e 25 Gennaio nuovo porte aperte per il grande successo della nuova iQ"}]},{"@type":"WebSite","@id":"https:\/\/www.article-marketing.eu\/comunicati\/#website","url":"https:\/\/www.article-marketing.eu\/comunicati\/","name":"Article Marketing","description":"article marketing &amp; press release","potentialAction":[{"@type":"SearchAction","target":{"@type":"EntryPoint","urlTemplate":"https:\/\/www.article-marketing.eu\/comunicati\/?s={search_term_string}"},"query-input":{"@type":"PropertyValueSpecification","valueRequired":true,"valueName":"search_term_string"}}],"inLanguage":"it-IT"},{"@type":"Person","@id":"https:\/\/www.article-marketing.eu\/comunicati\/#\/schema\/person\/44372e4d4d0fa797b18e03ed1ace9017","name":"Redazione Comunicati Stampa","image":{"@type":"ImageObject","inLanguage":"it-IT","@id":"https:\/\/www.article-marketing.eu\/comunicati\/#\/schema\/person\/image\/","url":"https:\/\/secure.gravatar.com\/avatar\/50e5c6421d3072f42e7ace803501602c60d75233d34e29fd05feb91c8760b792?s=96&d=mm&r=g","contentUrl":"https:\/\/secure.gravatar.com\/avatar\/50e5c6421d3072f42e7ace803501602c60d75233d34e29fd05feb91c8760b792?s=96&d=mm&r=g","caption":"Redazione Comunicati Stampa"},"url":"https:\/\/www.article-marketing.eu\/comunicati\/author\/redazione-comunicati-stampa\/"}]}},"_links":{"self":[{"href":"https:\/\/www.article-marketing.eu\/comunicati\/wp-json\/wp\/v2\/posts\/1200","targetHints":{"allow":["GET"]}}],"collection":[{"href":"https:\/\/www.article-marketing.eu\/comunicati\/wp-json\/wp\/v2\/posts"}],"about":[{"href":"https:\/\/www.article-marketing.eu\/comunicati\/wp-json\/wp\/v2\/types\/post"}],"author":[{"embeddable":true,"href":"https:\/\/www.article-marketing.eu\/comunicati\/wp-json\/wp\/v2\/users\/10"}],"replies":[{"embeddable":true,"href":"https:\/\/www.article-marketing.eu\/comunicati\/wp-json\/wp\/v2\/comments?post=1200"}],"version-history":[{"count":1,"href":"https:\/\/www.article-marketing.eu\/comunicati\/wp-json\/wp\/v2\/posts\/1200\/revisions"}],"predecessor-version":[{"id":55280,"href":"https:\/\/www.article-marketing.eu\/comunicati\/wp-json\/wp\/v2\/posts\/1200\/revisions\/55280"}],"wp:attachment":[{"href":"https:\/\/www.article-marketing.eu\/comunicati\/wp-json\/wp\/v2\/media?parent=1200"}],"wp:term":[{"taxonomy":"category","embeddable":true,"href":"https:\/\/www.article-marketing.eu\/comunicati\/wp-json\/wp\/v2\/categories?post=1200"},{"taxonomy":"post_tag","embeddable":true,"href":"https:\/\/www.article-marketing.eu\/comunicati\/wp-json\/wp\/v2\/tags?post=1200"}],"curies":[{"name":"wp","href":"https:\/\/api.w.org\/{rel}","templated":true}]}}