{"id":1221,"date":"2009-01-24T16:47:56","date_gmt":"2009-01-24T15:47:56","guid":{"rendered":"http:\/\/www.article-marketing.eu\/comunicati\/senza-categoria\/a-cerea-patria-del-mobile-in-stile-apre-mercatopoli\/"},"modified":"2009-01-24T16:47:56","modified_gmt":"2009-01-24T15:47:56","slug":"a-cerea-patria-del-mobile-in-stile-apre-mercatopoli","status":"publish","type":"post","link":"https:\/\/www.article-marketing.eu\/comunicati\/economia-e-lavoro\/attivita-commerciali\/a-cerea-patria-del-mobile-in-stile-apre-mercatopoli\/","title":{"rendered":"A Cerea, patria del mobile in stile, apre Mercatopoli."},"content":{"rendered":"<p><a href=\"http:\/\/cerea.mercatopoli.it\">Mercatopoli Cerea<\/a><\/p>\n<p>Segnatevi l&#8217;indirizzo internet del nuovo <b>mercatino dell&#8217;usato<\/b> Mercatopoli operativo a Cerea, provincia di Verona.<\/p>\n<p>Mercatopoli \u00e8 un modo moderno di concepire il mercatino dell&#8217;usato. E&#8217; un punto d&#8217;incontro per tutti coloro che desiderano un punto d&#8217;incontro eco-compatibile, che sposi la filosofia del riuso e del riciclo, all&#8217;insegna del risparmio, delle opportunit\u00e0 e dell&#8217;affare. E&#8217; un luogo diverso dal solito ma dove tutti, appena entrati, si trovano a proprio agio.<\/p>\n<p>Nicola e Stefano, amici da sempre, hanno deciso di rendere operativo questo particolare mercatino dell&#8217;usato spinti soprattutto dalla passione.<\/p>\n<p>Stefano (Dongi per gli amici) \u00e8 un appassionato di modernariato, colleziona di tutto e possiede una splendida collezione Brionvega.<br \/>\nGi\u00e0 ai tempi della scuola commerciava Swatch, con i compagni sull&#8217;autobus scolastico.<\/p>\n<p>Nicola (Niko) \u00e8 un esperto fabbricante di mobili con diverse esperienze alle spalle.<\/p>\n<p>Assieme hanno unito le forze per affrontare un nuovo mercato che sta imperversando in tutta Italia: il mercato dell&#8217;usato di Mercatopoli.<\/p>\n<p>Mercatopoli \u00e8 un mercatino dell&#8217;usato impostato come un negozio: pulito, ordinato e con oggetti molto selezionati.<\/p>\n<p>Il concetto \u00e8 molto semplice: far vendere un oggetto da chi non lo usa pi\u00f9 a chi ne pu\u00f2 ancora apprezzare l&#8217;utilizzo. Mercatopoli funziona perch\u00e8 \u00e8 semplice! Anche tu puoi portare i tuoi oggetti a Mercatopoli, metterli in vendita e realizzare, alla vendita, fino al 65% del prezzo.<\/p>\n<p>Ovviamente gli oggetti sono assolutamente selezionati per garantire il massimo della vendibilit\u00e0. Vendere con Mercatopoli Cerea \u00e8 semplicissimo: gli articoli devono essere puliti (tutti gli articoli), stirati (abbigliamento), perfettamente funzionanti (articoli elettrici), della stagione giusta (abbigliamento ma anche per gli altri articoli, ad esempio stufette, condizionatori, attrezzature da sci). Se hai un mobile da vendere puoi contattare il punto vendita per un sopralluogo ed una valutazione gratuita a casa tua. <\/p>\n<p>Quindi \u00e8 sufficiente recarsi nel punto vendita con gli oggetti che si vogliono vendere. Il prezzo viene concordato di comune accordo con il gestore e l&#8217;esposizione, gratuita, dura 60 giorni. Alla vendita il rimborso \u00e8 in contanti.<\/p>\n<p>Le tipologie di oggetti in vendita sono tra le pi\u00f9 disparate: mobili, oggettistica, libri, cd, vhs, modernariato, antiquariato, vintage, abbigliamento, retr\u00f2, comodini, letti a castello, scarpe, stivali, scarpe sportive, decolt\u00e8, infradito, festoni, mantovane, copridivani, tappeti, phon, tostapane, impastatrici, frullatori, mixer, robot da cucina, sbattitori, coltelli elettrici, girarrosti, gelatiere, affettatrici, macchine per caff\u00e8, piatti, bicchieri, ninnoli vari: insomma l&#8217;assortimento \u00e8 garantito e gli arrivi sono giornalieri.<\/p>\n<p>Semplice no? Mercatopoli di Cerea \u00e8 in via Calcara 119. Sul sito la mappa per arrivare!<\/p>\n<p>Dongi e Niko vi aspettano e &#8230; tenete d&#8217;occhio il sito e il blog &#8230;c&#8217;\u00e8 aria di inaugurazione.<\/p>\n","protected":false},"excerpt":{"rendered":"<p>Pu\u00f2 essere considerata una scommessa. Pu\u00f2 un mercatino dell&#8217;usato competere, vendendo oggetti usati, con le migliaia di produttori di mobili della zona?<\/p>\n","protected":false},"author":10,"featured_media":0,"comment_status":"open","ping_status":"open","sticky":false,"template":"","format":"standard","meta":{"cybocfi_hide_featured_image":"","footnotes":""},"categories":[413],"tags":[4159,4158,447,4157],"class_list":["post-1221","post","type-post","status-publish","format-standard","hentry","category-attivita-commerciali","tag-mercatini-dellusato","tag-mercatini-usato","tag-mercatino","tag-mercatino-usato"],"yoast_head":"<!-- This site is optimized with the Yoast SEO plugin v27.0 - https:\/\/yoast.com\/product\/yoast-seo-wordpress\/ -->\n<title>A Cerea, patria del mobile in stile, apre Mercatopoli. - Article Marketing<\/title>\n<meta name=\"robots\" content=\"index, follow, max-snippet:-1, max-image-preview:large, max-video-preview:-1\" \/>\n<link rel=\"canonical\" href=\"https:\/\/www.article-marketing.eu\/comunicati\/economia-e-lavoro\/attivita-commerciali\/a-cerea-patria-del-mobile-in-stile-apre-mercatopoli\/\" \/>\n<meta property=\"og:locale\" content=\"it_IT\" \/>\n<meta property=\"og:type\" content=\"article\" \/>\n<meta property=\"og:title\" content=\"A Cerea, patria del mobile in stile, apre Mercatopoli. - Article Marketing\" \/>\n<meta property=\"og:description\" content=\"Pu\u00f2 essere considerata una scommessa. Pu\u00f2 un mercatino dell&#039;usato competere, vendendo oggetti usati, con le migliaia di produttori di mobili della zona?\" \/>\n<meta property=\"og:url\" content=\"https:\/\/www.article-marketing.eu\/comunicati\/economia-e-lavoro\/attivita-commerciali\/a-cerea-patria-del-mobile-in-stile-apre-mercatopoli\/\" \/>\n<meta property=\"og:site_name\" content=\"Article Marketing\" \/>\n<meta property=\"article:published_time\" content=\"2009-01-24T15:47:56+00:00\" \/>\n<meta name=\"author\" content=\"Redazione Comunicati Stampa\" \/>\n<meta name=\"twitter:card\" content=\"summary_large_image\" \/>\n<meta name=\"twitter:label1\" content=\"Scritto da\" \/>\n\t<meta name=\"twitter:data1\" content=\"Redazione Comunicati Stampa\" \/>\n\t<meta name=\"twitter:label2\" content=\"Tempo di lettura stimato\" \/>\n\t<meta name=\"twitter:data2\" content=\"2 minuti\" \/>\n<script type=\"application\/ld+json\" class=\"yoast-schema-graph\">{\"@context\":\"https:\/\/schema.org\",\"@graph\":[{\"@type\":\"Article\",\"@id\":\"https:\/\/www.article-marketing.eu\/comunicati\/economia-e-lavoro\/attivita-commerciali\/a-cerea-patria-del-mobile-in-stile-apre-mercatopoli\/#article\",\"isPartOf\":{\"@id\":\"https:\/\/www.article-marketing.eu\/comunicati\/economia-e-lavoro\/attivita-commerciali\/a-cerea-patria-del-mobile-in-stile-apre-mercatopoli\/\"},\"author\":{\"name\":\"Redazione Comunicati Stampa\",\"@id\":\"https:\/\/www.article-marketing.eu\/comunicati\/#\/schema\/person\/44372e4d4d0fa797b18e03ed1ace9017\"},\"headline\":\"A Cerea, patria del mobile in stile, apre Mercatopoli.\",\"datePublished\":\"2009-01-24T15:47:56+00:00\",\"mainEntityOfPage\":{\"@id\":\"https:\/\/www.article-marketing.eu\/comunicati\/economia-e-lavoro\/attivita-commerciali\/a-cerea-patria-del-mobile-in-stile-apre-mercatopoli\/\"},\"wordCount\":419,\"commentCount\":0,\"keywords\":[\"mercatini dell'usato\",\"mercatini usato\",\"mercatino\",\"mercatino usato\"],\"articleSection\":[\"Attivit\u00e0 Commerciali\"],\"inLanguage\":\"it-IT\",\"potentialAction\":[{\"@type\":\"CommentAction\",\"name\":\"Comment\",\"target\":[\"https:\/\/www.article-marketing.eu\/comunicati\/economia-e-lavoro\/attivita-commerciali\/a-cerea-patria-del-mobile-in-stile-apre-mercatopoli\/#respond\"]}]},{\"@type\":\"WebPage\",\"@id\":\"https:\/\/www.article-marketing.eu\/comunicati\/economia-e-lavoro\/attivita-commerciali\/a-cerea-patria-del-mobile-in-stile-apre-mercatopoli\/\",\"url\":\"https:\/\/www.article-marketing.eu\/comunicati\/economia-e-lavoro\/attivita-commerciali\/a-cerea-patria-del-mobile-in-stile-apre-mercatopoli\/\",\"name\":\"A Cerea, patria del mobile in stile, apre Mercatopoli. - Article Marketing\",\"isPartOf\":{\"@id\":\"https:\/\/www.article-marketing.eu\/comunicati\/#website\"},\"datePublished\":\"2009-01-24T15:47:56+00:00\",\"author\":{\"@id\":\"https:\/\/www.article-marketing.eu\/comunicati\/#\/schema\/person\/44372e4d4d0fa797b18e03ed1ace9017\"},\"breadcrumb\":{\"@id\":\"https:\/\/www.article-marketing.eu\/comunicati\/economia-e-lavoro\/attivita-commerciali\/a-cerea-patria-del-mobile-in-stile-apre-mercatopoli\/#breadcrumb\"},\"inLanguage\":\"it-IT\",\"potentialAction\":[{\"@type\":\"ReadAction\",\"target\":[\"https:\/\/www.article-marketing.eu\/comunicati\/economia-e-lavoro\/attivita-commerciali\/a-cerea-patria-del-mobile-in-stile-apre-mercatopoli\/\"]}]},{\"@type\":\"BreadcrumbList\",\"@id\":\"https:\/\/www.article-marketing.eu\/comunicati\/economia-e-lavoro\/attivita-commerciali\/a-cerea-patria-del-mobile-in-stile-apre-mercatopoli\/#breadcrumb\",\"itemListElement\":[{\"@type\":\"ListItem\",\"position\":1,\"name\":\"Home\",\"item\":\"https:\/\/www.article-marketing.eu\/comunicati\/\"},{\"@type\":\"ListItem\",\"position\":2,\"name\":\"A Cerea, patria del mobile in stile, apre Mercatopoli.\"}]},{\"@type\":\"WebSite\",\"@id\":\"https:\/\/www.article-marketing.eu\/comunicati\/#website\",\"url\":\"https:\/\/www.article-marketing.eu\/comunicati\/\",\"name\":\"Article Marketing\",\"description\":\"article marketing &amp; press release\",\"potentialAction\":[{\"@type\":\"SearchAction\",\"target\":{\"@type\":\"EntryPoint\",\"urlTemplate\":\"https:\/\/www.article-marketing.eu\/comunicati\/?s={search_term_string}\"},\"query-input\":{\"@type\":\"PropertyValueSpecification\",\"valueRequired\":true,\"valueName\":\"search_term_string\"}}],\"inLanguage\":\"it-IT\"},{\"@type\":\"Person\",\"@id\":\"https:\/\/www.article-marketing.eu\/comunicati\/#\/schema\/person\/44372e4d4d0fa797b18e03ed1ace9017\",\"name\":\"Redazione Comunicati Stampa\",\"image\":{\"@type\":\"ImageObject\",\"inLanguage\":\"it-IT\",\"@id\":\"https:\/\/www.article-marketing.eu\/comunicati\/#\/schema\/person\/image\/\",\"url\":\"https:\/\/secure.gravatar.com\/avatar\/50e5c6421d3072f42e7ace803501602c60d75233d34e29fd05feb91c8760b792?s=96&d=mm&r=g\",\"contentUrl\":\"https:\/\/secure.gravatar.com\/avatar\/50e5c6421d3072f42e7ace803501602c60d75233d34e29fd05feb91c8760b792?s=96&d=mm&r=g\",\"caption\":\"Redazione Comunicati Stampa\"},\"url\":\"https:\/\/www.article-marketing.eu\/comunicati\/author\/redazione-comunicati-stampa\/\"}]}<\/script>\n<!-- \/ Yoast SEO plugin. -->","yoast_head_json":{"title":"A Cerea, patria del mobile in stile, apre Mercatopoli. - Article Marketing","robots":{"index":"index","follow":"follow","max-snippet":"max-snippet:-1","max-image-preview":"max-image-preview:large","max-video-preview":"max-video-preview:-1"},"canonical":"https:\/\/www.article-marketing.eu\/comunicati\/economia-e-lavoro\/attivita-commerciali\/a-cerea-patria-del-mobile-in-stile-apre-mercatopoli\/","og_locale":"it_IT","og_type":"article","og_title":"A Cerea, patria del mobile in stile, apre Mercatopoli. - Article Marketing","og_description":"Pu\u00f2 essere considerata una scommessa. Pu\u00f2 un mercatino dell'usato competere, vendendo oggetti usati, con le migliaia di produttori di mobili della zona?","og_url":"https:\/\/www.article-marketing.eu\/comunicati\/economia-e-lavoro\/attivita-commerciali\/a-cerea-patria-del-mobile-in-stile-apre-mercatopoli\/","og_site_name":"Article Marketing","article_published_time":"2009-01-24T15:47:56+00:00","author":"Redazione Comunicati Stampa","twitter_card":"summary_large_image","twitter_misc":{"Scritto da":"Redazione Comunicati Stampa","Tempo di lettura stimato":"2 minuti"},"schema":{"@context":"https:\/\/schema.org","@graph":[{"@type":"Article","@id":"https:\/\/www.article-marketing.eu\/comunicati\/economia-e-lavoro\/attivita-commerciali\/a-cerea-patria-del-mobile-in-stile-apre-mercatopoli\/#article","isPartOf":{"@id":"https:\/\/www.article-marketing.eu\/comunicati\/economia-e-lavoro\/attivita-commerciali\/a-cerea-patria-del-mobile-in-stile-apre-mercatopoli\/"},"author":{"name":"Redazione Comunicati Stampa","@id":"https:\/\/www.article-marketing.eu\/comunicati\/#\/schema\/person\/44372e4d4d0fa797b18e03ed1ace9017"},"headline":"A Cerea, patria del mobile in stile, apre Mercatopoli.","datePublished":"2009-01-24T15:47:56+00:00","mainEntityOfPage":{"@id":"https:\/\/www.article-marketing.eu\/comunicati\/economia-e-lavoro\/attivita-commerciali\/a-cerea-patria-del-mobile-in-stile-apre-mercatopoli\/"},"wordCount":419,"commentCount":0,"keywords":["mercatini dell'usato","mercatini usato","mercatino","mercatino usato"],"articleSection":["Attivit\u00e0 Commerciali"],"inLanguage":"it-IT","potentialAction":[{"@type":"CommentAction","name":"Comment","target":["https:\/\/www.article-marketing.eu\/comunicati\/economia-e-lavoro\/attivita-commerciali\/a-cerea-patria-del-mobile-in-stile-apre-mercatopoli\/#respond"]}]},{"@type":"WebPage","@id":"https:\/\/www.article-marketing.eu\/comunicati\/economia-e-lavoro\/attivita-commerciali\/a-cerea-patria-del-mobile-in-stile-apre-mercatopoli\/","url":"https:\/\/www.article-marketing.eu\/comunicati\/economia-e-lavoro\/attivita-commerciali\/a-cerea-patria-del-mobile-in-stile-apre-mercatopoli\/","name":"A Cerea, patria del mobile in stile, apre Mercatopoli. - Article Marketing","isPartOf":{"@id":"https:\/\/www.article-marketing.eu\/comunicati\/#website"},"datePublished":"2009-01-24T15:47:56+00:00","author":{"@id":"https:\/\/www.article-marketing.eu\/comunicati\/#\/schema\/person\/44372e4d4d0fa797b18e03ed1ace9017"},"breadcrumb":{"@id":"https:\/\/www.article-marketing.eu\/comunicati\/economia-e-lavoro\/attivita-commerciali\/a-cerea-patria-del-mobile-in-stile-apre-mercatopoli\/#breadcrumb"},"inLanguage":"it-IT","potentialAction":[{"@type":"ReadAction","target":["https:\/\/www.article-marketing.eu\/comunicati\/economia-e-lavoro\/attivita-commerciali\/a-cerea-patria-del-mobile-in-stile-apre-mercatopoli\/"]}]},{"@type":"BreadcrumbList","@id":"https:\/\/www.article-marketing.eu\/comunicati\/economia-e-lavoro\/attivita-commerciali\/a-cerea-patria-del-mobile-in-stile-apre-mercatopoli\/#breadcrumb","itemListElement":[{"@type":"ListItem","position":1,"name":"Home","item":"https:\/\/www.article-marketing.eu\/comunicati\/"},{"@type":"ListItem","position":2,"name":"A Cerea, patria del mobile in stile, apre Mercatopoli."}]},{"@type":"WebSite","@id":"https:\/\/www.article-marketing.eu\/comunicati\/#website","url":"https:\/\/www.article-marketing.eu\/comunicati\/","name":"Article Marketing","description":"article marketing &amp; press release","potentialAction":[{"@type":"SearchAction","target":{"@type":"EntryPoint","urlTemplate":"https:\/\/www.article-marketing.eu\/comunicati\/?s={search_term_string}"},"query-input":{"@type":"PropertyValueSpecification","valueRequired":true,"valueName":"search_term_string"}}],"inLanguage":"it-IT"},{"@type":"Person","@id":"https:\/\/www.article-marketing.eu\/comunicati\/#\/schema\/person\/44372e4d4d0fa797b18e03ed1ace9017","name":"Redazione Comunicati Stampa","image":{"@type":"ImageObject","inLanguage":"it-IT","@id":"https:\/\/www.article-marketing.eu\/comunicati\/#\/schema\/person\/image\/","url":"https:\/\/secure.gravatar.com\/avatar\/50e5c6421d3072f42e7ace803501602c60d75233d34e29fd05feb91c8760b792?s=96&d=mm&r=g","contentUrl":"https:\/\/secure.gravatar.com\/avatar\/50e5c6421d3072f42e7ace803501602c60d75233d34e29fd05feb91c8760b792?s=96&d=mm&r=g","caption":"Redazione Comunicati Stampa"},"url":"https:\/\/www.article-marketing.eu\/comunicati\/author\/redazione-comunicati-stampa\/"}]}},"_links":{"self":[{"href":"https:\/\/www.article-marketing.eu\/comunicati\/wp-json\/wp\/v2\/posts\/1221","targetHints":{"allow":["GET"]}}],"collection":[{"href":"https:\/\/www.article-marketing.eu\/comunicati\/wp-json\/wp\/v2\/posts"}],"about":[{"href":"https:\/\/www.article-marketing.eu\/comunicati\/wp-json\/wp\/v2\/types\/post"}],"author":[{"embeddable":true,"href":"https:\/\/www.article-marketing.eu\/comunicati\/wp-json\/wp\/v2\/users\/10"}],"replies":[{"embeddable":true,"href":"https:\/\/www.article-marketing.eu\/comunicati\/wp-json\/wp\/v2\/comments?post=1221"}],"version-history":[{"count":0,"href":"https:\/\/www.article-marketing.eu\/comunicati\/wp-json\/wp\/v2\/posts\/1221\/revisions"}],"wp:attachment":[{"href":"https:\/\/www.article-marketing.eu\/comunicati\/wp-json\/wp\/v2\/media?parent=1221"}],"wp:term":[{"taxonomy":"category","embeddable":true,"href":"https:\/\/www.article-marketing.eu\/comunicati\/wp-json\/wp\/v2\/categories?post=1221"},{"taxonomy":"post_tag","embeddable":true,"href":"https:\/\/www.article-marketing.eu\/comunicati\/wp-json\/wp\/v2\/tags?post=1221"}],"curies":[{"name":"wp","href":"https:\/\/api.w.org\/{rel}","templated":true}]}}