{"id":12376,"date":"2011-01-31T16:57:12","date_gmt":"2011-01-31T15:57:12","guid":{"rendered":"http:\/\/www.article-marketing.eu\/comunicati\/senza-categoria\/uomini-e-donne-scelte-e-anticipazioni\/"},"modified":"2011-01-31T16:57:12","modified_gmt":"2011-01-31T15:57:12","slug":"uomini-e-donne-scelte-e-anticipazioni","status":"publish","type":"post","link":"https:\/\/www.article-marketing.eu\/comunicati\/telecomunicazioni\/radio-e-tv-satellitare\/uomini-e-donne-scelte-e-anticipazioni\/","title":{"rendered":"Uomini e Donne : Scelte e Anticipazioni"},"content":{"rendered":"<p><strong>Come &egrave; risaputo, il tronista di Uomini e Donne<\/strong>, Andre Angelini ha fatto la sua scelta : ovvero la corteggiatrice pi&ugrave; amata dal pubblico di Uomini e Donne e non solo. Stiamo parlando di Perla.<br \/><strong>Tale scelta<\/strong>, sicuramente ha portato un po&#8217; di serenit&agrave; da parte del pubblico, il quale, per&ograve;, &egrave; ben riflessivo sulla motivazione. Si pensa, infatti, che Andrea Angelini, abbia scelto Perla solo per rimediare il cosiddetto colpo di scena finale, oppure per creare il classico bel finale.<br \/><strong>La maggioranza degli spettatori<\/strong>, pensa che la scelta di Andrea sia motivata sopratutto dalla volont&agrave; di chiudere decentemente la sua avventura sul trono blu di <strong><a href=\"http:\/\/www.uominidonne.net\/\" target=\"_blank\" title=\"uomini e donne\">Uomini e Donne<\/a><\/strong>, in quanto era fin troppo evidente il disinteresse da parte del giovane nei confronti di tutte le corteggiatrici.<br \/><strong>Si pensa, quindi, solo ad una grande mossa di gossip<\/strong>. Cosi facendo, infatti, il caro tronista Andrea Angelini &egrave; riuscito ad evitare una figuraccia e andarsene dallo studio in maniera elegante. A dire il vero non &egrave; del tutto, in quanto la faccenda puzza un bel po&#8217; e quasi tutti gli spettatori sono molto sospettosi a riguardo. Ma ora, dopo questa scelta, le cose come vanno tra Andrea e Perla.<br \/><strong>Al momento non ci sono indiscrezioni a riguardo<\/strong>, i due si fanno vedere e sentire poco, ma sicuramente Perla non &egrave; una ragazza stupida, anzi, si &egrave; dimostrata la corteggiatrice pi&ugrave; coerente e vera di Uomini e Donne, quindi sicuramente non si far&agrave; imbambolare da Andrea, o almeno non facilmente. A questo punto ci chiediamo cosa possa nascere tra i due, se c&#8217;&egrave; del tenero o meno. A quanto pare dovremmo aspettare.<br \/><strong>Frattanto, il trono Blu di Uomini e Donne &egrave; ancora impegnato da Leonardo<\/strong>, il quale si trova di fronte ad una difficilissima scelta, e alquanto lunga oserei aggiungere.<br \/><strong>Tra le belle<\/strong>, anzi tra le due preferite, vediamo la super criticata Bubi e la, diciamo amata, Diletta. Leonardo sembra un eterno indeciso tra le due, e oramai, la sua indecisione si sta dilungando ampiamente. A quanto pare, anche il pubblico si &egrave; un po&#8217; stufato di questa situazione, e attende impaziente l&#8217;arrivo del trono rosa, previsto a breve e molto in bilico.<br \/><strong>Non si conoscono ancora i nomi delle fortunate troniste<\/strong>, ma qualche indiscrezione in rete gi&agrave; si sente. Si parla di un possibile rientro di Ramona Amodeo, la tronista che ha colpito in pieno l&#8217;anno scorso e si &egrave; sentito parlare molto anche di Teresa Langella. Inoltre, sorprese delle sorprese, si parla anche di un possibile ritorno di Federico Mastrostefano. Nomi alquanto popolari, e sicuramente degni di nota. Il pubblico, infatti, ama e ha amato molto sia Ramona, sia Federico che Teresa, quindi una bella lotta, magari vederli tutti e tre insieme non sarebbe affatto male, anzi.<br \/><strong>In dubbio la posizione del trono over<\/strong>, in quanto non si &egrave; certi di un rinnovo, oppure se verr&agrave; sostituito. Forse la decisione render&agrave; felice il pubblico giovanile, il quale preferisce di gran lunga ragazze e ragazzi giovani e vivaci. Magari anche qualche volto nuovo non sarebbe male.<\/p>\n<p><strong>Non ci resta che<\/strong> attendere e continuare ad allietarci con l&#8217;appuntamento quotidiano con Uomini e Donne.<\/p>\n","protected":false},"excerpt":{"rendered":"<p>Per tutti gli appassionati di Uomini e Donne, sicuramente non \u00e8 una novit\u00e0 la scelta di Andrea, come non \u00e8 una novit\u00e0 l&#8217;indecisione di Leonardo. Vediamo cosa succede negli studi.<\/p>\n","protected":false},"author":10,"featured_media":0,"comment_status":"open","ping_status":"open","sticky":false,"template":"","format":"standard","meta":{"cybocfi_hide_featured_image":"","footnotes":""},"categories":[805],"tags":[22640,806,22639,20027],"class_list":["post-12376","post","type-post","status-publish","format-standard","hentry","category-radio-e-tv-satellitare","tag-gossip","tag-tv","tag-ued","tag-uomini-e-donne"],"yoast_head":"<!-- This site is optimized with the Yoast SEO plugin v27.0 - https:\/\/yoast.com\/product\/yoast-seo-wordpress\/ -->\n<title>Uomini e Donne : Scelte e Anticipazioni - Article Marketing<\/title>\n<meta name=\"robots\" content=\"index, follow, max-snippet:-1, max-image-preview:large, max-video-preview:-1\" \/>\n<link rel=\"canonical\" href=\"https:\/\/www.article-marketing.eu\/comunicati\/telecomunicazioni\/radio-e-tv-satellitare\/uomini-e-donne-scelte-e-anticipazioni\/\" \/>\n<meta property=\"og:locale\" content=\"it_IT\" \/>\n<meta property=\"og:type\" content=\"article\" \/>\n<meta property=\"og:title\" content=\"Uomini e Donne : Scelte e Anticipazioni - Article Marketing\" \/>\n<meta property=\"og:description\" content=\"Per tutti gli appassionati di Uomini e Donne, sicuramente non \u00e8 una novit\u00e0 la scelta di Andrea, come non \u00e8 una novit\u00e0 l&#039;indecisione di Leonardo. Vediamo cosa succede negli studi.\" \/>\n<meta property=\"og:url\" content=\"https:\/\/www.article-marketing.eu\/comunicati\/telecomunicazioni\/radio-e-tv-satellitare\/uomini-e-donne-scelte-e-anticipazioni\/\" \/>\n<meta property=\"og:site_name\" content=\"Article Marketing\" \/>\n<meta property=\"article:published_time\" content=\"2011-01-31T15:57:12+00:00\" \/>\n<meta name=\"author\" content=\"Redazione Comunicati Stampa\" \/>\n<meta name=\"twitter:card\" content=\"summary_large_image\" \/>\n<meta name=\"twitter:label1\" content=\"Scritto da\" \/>\n\t<meta name=\"twitter:data1\" content=\"Redazione Comunicati Stampa\" \/>\n\t<meta name=\"twitter:label2\" content=\"Tempo di lettura stimato\" \/>\n\t<meta name=\"twitter:data2\" content=\"3 minuti\" \/>\n<script type=\"application\/ld+json\" class=\"yoast-schema-graph\">{\"@context\":\"https:\/\/schema.org\",\"@graph\":[{\"@type\":\"Article\",\"@id\":\"https:\/\/www.article-marketing.eu\/comunicati\/telecomunicazioni\/radio-e-tv-satellitare\/uomini-e-donne-scelte-e-anticipazioni\/#article\",\"isPartOf\":{\"@id\":\"https:\/\/www.article-marketing.eu\/comunicati\/telecomunicazioni\/radio-e-tv-satellitare\/uomini-e-donne-scelte-e-anticipazioni\/\"},\"author\":{\"name\":\"Redazione Comunicati Stampa\",\"@id\":\"https:\/\/www.article-marketing.eu\/comunicati\/#\/schema\/person\/44372e4d4d0fa797b18e03ed1ace9017\"},\"headline\":\"Uomini e Donne : Scelte e Anticipazioni\",\"datePublished\":\"2011-01-31T15:57:12+00:00\",\"mainEntityOfPage\":{\"@id\":\"https:\/\/www.article-marketing.eu\/comunicati\/telecomunicazioni\/radio-e-tv-satellitare\/uomini-e-donne-scelte-e-anticipazioni\/\"},\"wordCount\":535,\"commentCount\":0,\"keywords\":[\"gossip\",\"tv\",\"ued\",\"uomini e donne\"],\"articleSection\":[\"Radio e TV satellitare\"],\"inLanguage\":\"it-IT\",\"potentialAction\":[{\"@type\":\"CommentAction\",\"name\":\"Comment\",\"target\":[\"https:\/\/www.article-marketing.eu\/comunicati\/telecomunicazioni\/radio-e-tv-satellitare\/uomini-e-donne-scelte-e-anticipazioni\/#respond\"]}]},{\"@type\":\"WebPage\",\"@id\":\"https:\/\/www.article-marketing.eu\/comunicati\/telecomunicazioni\/radio-e-tv-satellitare\/uomini-e-donne-scelte-e-anticipazioni\/\",\"url\":\"https:\/\/www.article-marketing.eu\/comunicati\/telecomunicazioni\/radio-e-tv-satellitare\/uomini-e-donne-scelte-e-anticipazioni\/\",\"name\":\"Uomini e Donne : Scelte e Anticipazioni - Article Marketing\",\"isPartOf\":{\"@id\":\"https:\/\/www.article-marketing.eu\/comunicati\/#website\"},\"datePublished\":\"2011-01-31T15:57:12+00:00\",\"author\":{\"@id\":\"https:\/\/www.article-marketing.eu\/comunicati\/#\/schema\/person\/44372e4d4d0fa797b18e03ed1ace9017\"},\"breadcrumb\":{\"@id\":\"https:\/\/www.article-marketing.eu\/comunicati\/telecomunicazioni\/radio-e-tv-satellitare\/uomini-e-donne-scelte-e-anticipazioni\/#breadcrumb\"},\"inLanguage\":\"it-IT\",\"potentialAction\":[{\"@type\":\"ReadAction\",\"target\":[\"https:\/\/www.article-marketing.eu\/comunicati\/telecomunicazioni\/radio-e-tv-satellitare\/uomini-e-donne-scelte-e-anticipazioni\/\"]}]},{\"@type\":\"BreadcrumbList\",\"@id\":\"https:\/\/www.article-marketing.eu\/comunicati\/telecomunicazioni\/radio-e-tv-satellitare\/uomini-e-donne-scelte-e-anticipazioni\/#breadcrumb\",\"itemListElement\":[{\"@type\":\"ListItem\",\"position\":1,\"name\":\"Home\",\"item\":\"https:\/\/www.article-marketing.eu\/comunicati\/\"},{\"@type\":\"ListItem\",\"position\":2,\"name\":\"Uomini e Donne : Scelte e Anticipazioni\"}]},{\"@type\":\"WebSite\",\"@id\":\"https:\/\/www.article-marketing.eu\/comunicati\/#website\",\"url\":\"https:\/\/www.article-marketing.eu\/comunicati\/\",\"name\":\"Article Marketing\",\"description\":\"article marketing &amp; press release\",\"potentialAction\":[{\"@type\":\"SearchAction\",\"target\":{\"@type\":\"EntryPoint\",\"urlTemplate\":\"https:\/\/www.article-marketing.eu\/comunicati\/?s={search_term_string}\"},\"query-input\":{\"@type\":\"PropertyValueSpecification\",\"valueRequired\":true,\"valueName\":\"search_term_string\"}}],\"inLanguage\":\"it-IT\"},{\"@type\":\"Person\",\"@id\":\"https:\/\/www.article-marketing.eu\/comunicati\/#\/schema\/person\/44372e4d4d0fa797b18e03ed1ace9017\",\"name\":\"Redazione Comunicati Stampa\",\"image\":{\"@type\":\"ImageObject\",\"inLanguage\":\"it-IT\",\"@id\":\"https:\/\/www.article-marketing.eu\/comunicati\/#\/schema\/person\/image\/\",\"url\":\"https:\/\/secure.gravatar.com\/avatar\/50e5c6421d3072f42e7ace803501602c60d75233d34e29fd05feb91c8760b792?s=96&d=mm&r=g\",\"contentUrl\":\"https:\/\/secure.gravatar.com\/avatar\/50e5c6421d3072f42e7ace803501602c60d75233d34e29fd05feb91c8760b792?s=96&d=mm&r=g\",\"caption\":\"Redazione Comunicati Stampa\"},\"url\":\"https:\/\/www.article-marketing.eu\/comunicati\/author\/redazione-comunicati-stampa\/\"}]}<\/script>\n<!-- \/ Yoast SEO plugin. -->","yoast_head_json":{"title":"Uomini e Donne : Scelte e Anticipazioni - Article Marketing","robots":{"index":"index","follow":"follow","max-snippet":"max-snippet:-1","max-image-preview":"max-image-preview:large","max-video-preview":"max-video-preview:-1"},"canonical":"https:\/\/www.article-marketing.eu\/comunicati\/telecomunicazioni\/radio-e-tv-satellitare\/uomini-e-donne-scelte-e-anticipazioni\/","og_locale":"it_IT","og_type":"article","og_title":"Uomini e Donne : Scelte e Anticipazioni - Article Marketing","og_description":"Per tutti gli appassionati di Uomini e Donne, sicuramente non \u00e8 una novit\u00e0 la scelta di Andrea, come non \u00e8 una novit\u00e0 l'indecisione di Leonardo. Vediamo cosa succede negli studi.","og_url":"https:\/\/www.article-marketing.eu\/comunicati\/telecomunicazioni\/radio-e-tv-satellitare\/uomini-e-donne-scelte-e-anticipazioni\/","og_site_name":"Article Marketing","article_published_time":"2011-01-31T15:57:12+00:00","author":"Redazione Comunicati Stampa","twitter_card":"summary_large_image","twitter_misc":{"Scritto da":"Redazione Comunicati Stampa","Tempo di lettura stimato":"3 minuti"},"schema":{"@context":"https:\/\/schema.org","@graph":[{"@type":"Article","@id":"https:\/\/www.article-marketing.eu\/comunicati\/telecomunicazioni\/radio-e-tv-satellitare\/uomini-e-donne-scelte-e-anticipazioni\/#article","isPartOf":{"@id":"https:\/\/www.article-marketing.eu\/comunicati\/telecomunicazioni\/radio-e-tv-satellitare\/uomini-e-donne-scelte-e-anticipazioni\/"},"author":{"name":"Redazione Comunicati Stampa","@id":"https:\/\/www.article-marketing.eu\/comunicati\/#\/schema\/person\/44372e4d4d0fa797b18e03ed1ace9017"},"headline":"Uomini e Donne : Scelte e Anticipazioni","datePublished":"2011-01-31T15:57:12+00:00","mainEntityOfPage":{"@id":"https:\/\/www.article-marketing.eu\/comunicati\/telecomunicazioni\/radio-e-tv-satellitare\/uomini-e-donne-scelte-e-anticipazioni\/"},"wordCount":535,"commentCount":0,"keywords":["gossip","tv","ued","uomini e donne"],"articleSection":["Radio e TV satellitare"],"inLanguage":"it-IT","potentialAction":[{"@type":"CommentAction","name":"Comment","target":["https:\/\/www.article-marketing.eu\/comunicati\/telecomunicazioni\/radio-e-tv-satellitare\/uomini-e-donne-scelte-e-anticipazioni\/#respond"]}]},{"@type":"WebPage","@id":"https:\/\/www.article-marketing.eu\/comunicati\/telecomunicazioni\/radio-e-tv-satellitare\/uomini-e-donne-scelte-e-anticipazioni\/","url":"https:\/\/www.article-marketing.eu\/comunicati\/telecomunicazioni\/radio-e-tv-satellitare\/uomini-e-donne-scelte-e-anticipazioni\/","name":"Uomini e Donne : Scelte e Anticipazioni - Article Marketing","isPartOf":{"@id":"https:\/\/www.article-marketing.eu\/comunicati\/#website"},"datePublished":"2011-01-31T15:57:12+00:00","author":{"@id":"https:\/\/www.article-marketing.eu\/comunicati\/#\/schema\/person\/44372e4d4d0fa797b18e03ed1ace9017"},"breadcrumb":{"@id":"https:\/\/www.article-marketing.eu\/comunicati\/telecomunicazioni\/radio-e-tv-satellitare\/uomini-e-donne-scelte-e-anticipazioni\/#breadcrumb"},"inLanguage":"it-IT","potentialAction":[{"@type":"ReadAction","target":["https:\/\/www.article-marketing.eu\/comunicati\/telecomunicazioni\/radio-e-tv-satellitare\/uomini-e-donne-scelte-e-anticipazioni\/"]}]},{"@type":"BreadcrumbList","@id":"https:\/\/www.article-marketing.eu\/comunicati\/telecomunicazioni\/radio-e-tv-satellitare\/uomini-e-donne-scelte-e-anticipazioni\/#breadcrumb","itemListElement":[{"@type":"ListItem","position":1,"name":"Home","item":"https:\/\/www.article-marketing.eu\/comunicati\/"},{"@type":"ListItem","position":2,"name":"Uomini e Donne : Scelte e Anticipazioni"}]},{"@type":"WebSite","@id":"https:\/\/www.article-marketing.eu\/comunicati\/#website","url":"https:\/\/www.article-marketing.eu\/comunicati\/","name":"Article Marketing","description":"article marketing &amp; press release","potentialAction":[{"@type":"SearchAction","target":{"@type":"EntryPoint","urlTemplate":"https:\/\/www.article-marketing.eu\/comunicati\/?s={search_term_string}"},"query-input":{"@type":"PropertyValueSpecification","valueRequired":true,"valueName":"search_term_string"}}],"inLanguage":"it-IT"},{"@type":"Person","@id":"https:\/\/www.article-marketing.eu\/comunicati\/#\/schema\/person\/44372e4d4d0fa797b18e03ed1ace9017","name":"Redazione Comunicati Stampa","image":{"@type":"ImageObject","inLanguage":"it-IT","@id":"https:\/\/www.article-marketing.eu\/comunicati\/#\/schema\/person\/image\/","url":"https:\/\/secure.gravatar.com\/avatar\/50e5c6421d3072f42e7ace803501602c60d75233d34e29fd05feb91c8760b792?s=96&d=mm&r=g","contentUrl":"https:\/\/secure.gravatar.com\/avatar\/50e5c6421d3072f42e7ace803501602c60d75233d34e29fd05feb91c8760b792?s=96&d=mm&r=g","caption":"Redazione Comunicati Stampa"},"url":"https:\/\/www.article-marketing.eu\/comunicati\/author\/redazione-comunicati-stampa\/"}]}},"_links":{"self":[{"href":"https:\/\/www.article-marketing.eu\/comunicati\/wp-json\/wp\/v2\/posts\/12376","targetHints":{"allow":["GET"]}}],"collection":[{"href":"https:\/\/www.article-marketing.eu\/comunicati\/wp-json\/wp\/v2\/posts"}],"about":[{"href":"https:\/\/www.article-marketing.eu\/comunicati\/wp-json\/wp\/v2\/types\/post"}],"author":[{"embeddable":true,"href":"https:\/\/www.article-marketing.eu\/comunicati\/wp-json\/wp\/v2\/users\/10"}],"replies":[{"embeddable":true,"href":"https:\/\/www.article-marketing.eu\/comunicati\/wp-json\/wp\/v2\/comments?post=12376"}],"version-history":[{"count":0,"href":"https:\/\/www.article-marketing.eu\/comunicati\/wp-json\/wp\/v2\/posts\/12376\/revisions"}],"wp:attachment":[{"href":"https:\/\/www.article-marketing.eu\/comunicati\/wp-json\/wp\/v2\/media?parent=12376"}],"wp:term":[{"taxonomy":"category","embeddable":true,"href":"https:\/\/www.article-marketing.eu\/comunicati\/wp-json\/wp\/v2\/categories?post=12376"},{"taxonomy":"post_tag","embeddable":true,"href":"https:\/\/www.article-marketing.eu\/comunicati\/wp-json\/wp\/v2\/tags?post=12376"}],"curies":[{"name":"wp","href":"https:\/\/api.w.org\/{rel}","templated":true}]}}