{"id":1264,"date":"2009-02-01T03:27:22","date_gmt":"2009-02-01T02:27:22","guid":{"rendered":"http:\/\/www.article-marketing.eu\/comunicati\/senza-categoria\/viaggio-in-irlanda-alle-origini-del-tempo\/"},"modified":"2009-02-01T03:27:22","modified_gmt":"2009-02-01T02:27:22","slug":"viaggio-in-irlanda-alle-origini-del-tempo","status":"publish","type":"post","link":"https:\/\/www.article-marketing.eu\/comunicati\/viaggi-e-vacanze\/viaggio-in-irlanda-alle-origini-del-tempo\/","title":{"rendered":"Viaggio in Irlanda: alle Origini del Tempo"},"content":{"rendered":"<p>L\u2019associazione culturale <strong><em>Oracolo di Wilde<\/em> <\/strong>propone <strong><em>un magico viaggio sull\u2019Isola di Smeraldo, <\/em><\/strong>dove Natura, Tradizione e Cultura si incontrano per incantare il visitatore.<\/p>\n<p>L\u2019itinerario proposto toccher\u00e0 i <strong><em>luoghi pi\u00f9 antichi d\u2019Irlanda<\/em><\/strong>, offrendo la possibilit\u00e0 di godere di tutte le <strong><em>comodit\u00e0 del viaggio organizzato<\/em><\/strong> senza perdere lo <strong><em>spirito del viaggio indipendente di avventura e di scoperta<\/em><\/strong> che lo rendono un\u2019esperienza unica di crescita e di conoscenza.<\/p>\n<p>Durante il viaggio sar\u00e0 inoltre possibile sperimentare un <strong><em>contatto pi\u00f9 profondo con la Natura<\/em><\/strong> grazie alle meditazioni guidate dallo staff dell\u2019associazione <strong><em>Oracolo di Wilde<\/em><\/strong>, che propone svariati e originali percorsi per il benessere emozionale e psicofisico, consultabili al sito <a href=\"http:\/\/www.oracolodiwilde.it\/\">www.oracolodiwilde.it<\/a>. <\/p>\n<p>&nbsp;&nbsp;<\/p>\n<p><strong>Il pacchetto comprende:<\/strong><\/p>\n<p><strong>&nbsp;<\/strong><\/p>\n<p>&#8211;&nbsp;viaggio aereo A\/R con volo di linea AerLingus Milano Linate\/Dublino<\/p>\n<p>&nbsp;<\/p>\n<p style=\"MARGIN: 0cm 0.75pt 0pt 11pt; TEXT-INDENT: -11pt; TEXT-ALIGN: justify\">&#8211;&nbsp;pullman privato a disposizione per tutta la durata del soggiorno<\/p>\n<p>&nbsp;<\/p>\n<p>&#8211;&nbsp;visita guidata in italiano dell\u2019antico monastero di St.Kevin a Glendalough<\/p>\n<p>&nbsp;<\/p>\n<p>&#8211;&nbsp;visita guidata in italiano del sito megalitico di Newgrange e Knowth<\/p>\n<p>&nbsp;<\/p>\n<p>&#8211;&nbsp;visita guidata in italiano della Hill of Tara<\/p>\n<p>&nbsp;<\/p>\n<p>&#8211;&nbsp;visita guidata in italiano di Dublino<\/p>\n<p>&nbsp;<\/p>\n<p>&#8211;&nbsp;trattamento bed &amp; breakfast in camere doppie e triple per tutta la durata del soggiorno<\/p>\n<p>&nbsp;<\/p>\n<p>&#8211;&nbsp;cena del 9\/04<\/p>\n<p>&nbsp;<\/p>\n<p>&#8211;&nbsp;guida\/interprete italiana per tutta la durata del viaggio<\/p>\n<p>&nbsp;&nbsp;<\/p>\n<p>&#8211;&nbsp;l\u2019associazione si far\u00e0 carico di organizzare e prenotare le cene di gruppo, qualora richiesto.<\/p>\n<p><strong><br style=\"PAGE-BREAK-BEFORE: always\" clear=\"all\" \/><\/strong><\/p>\n<p style=\"MARGIN: 0cm 1.05pt 3pt 0cm; LINE-HEIGHT: 125%; TEXT-ALIGN: justify\">&nbsp;<\/p>\n<p style=\"MARGIN: 0cm 1.05pt 3pt 0cm; LINE-HEIGHT: 125%; TEXT-ALIGN: justify\">&nbsp;<\/p>\n<p style=\"MARGIN: 0cm 1.05pt 3pt 0cm; LINE-HEIGHT: 125%; TEXT-ALIGN: justify\"><strong>I LUOGHI<\/strong><\/p>\n<p>&nbsp;<\/p>\n<p><strong>Newgrange &amp; Knowth<\/strong><\/p>\n<p>Uno dei luoghi pi\u00f9 affascinanti d\u2019Irlanda, questa vasta necropoli neolitica conosciuta con il nome di Br\u00fa na B\u00f3inne (palazzo del Boyne) \u00e8 anche uno dei pi\u00f9 straordinari siti archeologici d\u2019Europa. Costruita un migliaio di anni prima di Stonehenge, \u00e8 un potente e suggestivo testamento delle imprese straordinarie compiute dagli uomini preistorici.<\/p>\n<p>&nbsp;<\/p>\n<p><strong>Tara<\/strong><\/p>\n<p>Tara \u00e8 la torbiera pi\u00f9 sacra d\u2019Irlanda, un luogo che occupa un posto speciale nella storia, nelle leggende e nella tradizione popolare irlandesi. Fu infatti anticamente dimora dei druidi e pi\u00f9 tardi fu la capitale cerimoniale degli \u201calti re\u201d \u2013 142 in tutto \u2013 che governarono il paese fino all\u2019avvento del cristianesimo, nel VI secolo. I Celti pensavano che Tara fosse la sacra dimora delle divinit\u00e0 e la porta d\u2019accesso all\u2019oltretomba. La tomba a corridoio era considerata l\u2019ultima dimora dei Tuahta de Danann, i primi ad abitare l\u2019Irlanda, ricordati come creature elfiche e semidivine.<\/p>\n<p>&nbsp;<\/p>\n<p><strong>Glendalough<\/strong><\/p>\n<p>Glendalough e&#8217; una localit\u00e0 che incanta i visitatori sia per il celebre sito monastico di St. Kevin \u2013 risalente al VI secolo \u2013 sia per la bellezza della natura circostante. Gli importanti resti di questo antico insediamento monastico sono estremamente suggestivi, ma la vera attrazione sta nello splendido scenario: due misteriosi laghi scuri incastonati in una profonda vallata ricoperta di foreste. <\/p>\n<p>&nbsp;<\/p>\n<p><strong>Doolin<\/strong><\/p>\n<p>Immaginate la Contea degli Hobbit nel Signore degli Anelli e avrete davanti ai vostri occhi la piccola ma suggestiva Doolin. Si dice infatti che proprio qui, a due passi dalle Cliffs of Moher, Tolkien abbia avuto l\u2019ispirazione per scrivere il suo celebre romanzo. Doolin \u00e8 anche il luogo migliore per gustare lo Stufato Irlandese alla Guinness in uno dei tipici pub dove la musica dal vivo \u00e8 d\u2019obbligo, infatti Doolin \u00e8 anche considerata la capitale della musica tradizionale irlandese.<\/p>\n<p>&nbsp;<\/p>\n<p><strong>Cliffs of Moher<\/strong><\/p>\n<p>Le Cliffs of Moher, una delle pi\u00f9 celebri attrazioni turistiche d\u2019Irlanda, si innalzano, ripidissime e scoscese fino a raggiungere i 203 metri d\u2019altezza. Nelle giornate limpide il panorama \u00e8 spettacolare; le Aran Islands si profilano nitide sulle acque della Baia di Galway, e alle loro spalle si ergono le alture del Connemara.<\/p>\n<p>&nbsp;<\/p>\n<p style=\"MARGIN: 0cm 1.05pt 0pt 0cm; TEXT-ALIGN: justify\"><strong>Dublino<\/strong><\/p>\n<p style=\"MARGIN: 0cm 1.05pt 0pt 0cm; TEXT-ALIGN: justify\">Nonostante sia la capitale della Repubblica d\u2019Irlanda, Dublino \u00e8 ancora una citt\u00e0 a misura d&#8217;uomo, particolare e variopinta, ricca di eleganti edifici in stile georgiano, di una celebre cultura letteraria, sede dell\u2019antica Trinity College Library che racchiude pregevoli tesori letterari miniati a mano. E naturalmente non manca il \u201cprofano\u201d: pub estremamente accoglienti, musica dal vivo, negozi alla moda, e \u2013 <em>last but not least <\/em>\u2013 la Guinness Storehouse, la pi\u00f9 moderna e interessante birreria-museo d\u2019Europa.<\/p>\n<p>&nbsp;<\/p>\n<p><em>Per informazioni e prenotazioni:<\/em><\/p>\n<p><em>www.oracolodiwilde.it<\/em><\/p>\n<p><em>info@oracolodiwilde.it<\/em><\/p>\n<p><em>tel. <\/em><em>338.9866577 <strong>&#8211; <\/strong>347.4586287<\/em><\/p>\n<p>&nbsp;<\/p>\n","protected":false},"excerpt":{"rendered":"<p>Un magico viaggio sull\u2019Isola di Smeraldo, dove Natura, Tradizione e Cultura si incontrano per incantare il visitatore.<\/p>\n","protected":false},"author":10,"featured_media":0,"comment_status":"open","ping_status":"open","sticky":false,"template":"","format":"standard","meta":{"cybocfi_hide_featured_image":"","footnotes":""},"categories":[280],"tags":[4311,250,2323,595,1235,4315,596,4314,4317,4313,4319,4308,4318,3717,1343,58,4320,4310,4316,4321,4309,2955,4312],"class_list":["post-1264","post","type-post","status-publish","format-standard","hentry","category-viaggi-e-vacanze","tag-antica-irlanda","tag-bb","tag-bed-breakfast","tag-bed-and-breakfast","tag-benessere","tag-cliffs-of-moher","tag-cultura","tag-doolin","tag-dublino","tag-glendalough","tag-guinness-storehouse","tag-irlanda","tag-itinerario","tag-meditazione","tag-milano","tag-natura","tag-newgrange","tag-origini","tag-pullman","tag-tara","tag-tempo","tag-tour","tag-valle-del-boyne"],"yoast_head":"<!-- This site is optimized with the Yoast SEO plugin v27.0 - https:\/\/yoast.com\/product\/yoast-seo-wordpress\/ -->\n<title>Viaggio in Irlanda: alle Origini del Tempo - Article Marketing<\/title>\n<meta name=\"robots\" content=\"index, follow, max-snippet:-1, max-image-preview:large, max-video-preview:-1\" \/>\n<link rel=\"canonical\" href=\"https:\/\/www.article-marketing.eu\/comunicati\/viaggi-e-vacanze\/viaggio-in-irlanda-alle-origini-del-tempo\/\" \/>\n<meta property=\"og:locale\" content=\"it_IT\" \/>\n<meta property=\"og:type\" content=\"article\" \/>\n<meta property=\"og:title\" content=\"Viaggio in Irlanda: alle Origini del Tempo - Article Marketing\" \/>\n<meta property=\"og:description\" content=\"Un magico viaggio sull\u2019Isola di Smeraldo, dove Natura, Tradizione e Cultura si incontrano per incantare il visitatore.\" \/>\n<meta property=\"og:url\" content=\"https:\/\/www.article-marketing.eu\/comunicati\/viaggi-e-vacanze\/viaggio-in-irlanda-alle-origini-del-tempo\/\" \/>\n<meta property=\"og:site_name\" content=\"Article Marketing\" \/>\n<meta property=\"article:published_time\" content=\"2009-02-01T02:27:22+00:00\" \/>\n<meta name=\"author\" content=\"Redazione Comunicati Stampa\" \/>\n<meta name=\"twitter:card\" content=\"summary_large_image\" \/>\n<meta name=\"twitter:label1\" content=\"Scritto da\" \/>\n\t<meta name=\"twitter:data1\" content=\"Redazione Comunicati Stampa\" \/>\n\t<meta name=\"twitter:label2\" content=\"Tempo di lettura stimato\" \/>\n\t<meta name=\"twitter:data2\" content=\"3 minuti\" \/>\n<script type=\"application\/ld+json\" class=\"yoast-schema-graph\">{\"@context\":\"https:\/\/schema.org\",\"@graph\":[{\"@type\":\"Article\",\"@id\":\"https:\/\/www.article-marketing.eu\/comunicati\/viaggi-e-vacanze\/viaggio-in-irlanda-alle-origini-del-tempo\/#article\",\"isPartOf\":{\"@id\":\"https:\/\/www.article-marketing.eu\/comunicati\/viaggi-e-vacanze\/viaggio-in-irlanda-alle-origini-del-tempo\/\"},\"author\":{\"name\":\"Redazione Comunicati Stampa\",\"@id\":\"https:\/\/www.article-marketing.eu\/comunicati\/#\/schema\/person\/44372e4d4d0fa797b18e03ed1ace9017\"},\"headline\":\"Viaggio in Irlanda: alle Origini del Tempo\",\"datePublished\":\"2009-02-01T02:27:22+00:00\",\"mainEntityOfPage\":{\"@id\":\"https:\/\/www.article-marketing.eu\/comunicati\/viaggi-e-vacanze\/viaggio-in-irlanda-alle-origini-del-tempo\/\"},\"wordCount\":702,\"commentCount\":0,\"keywords\":[\"antica irlanda\",\"b&amp;b\",\"bed &amp; breakfast\",\"Bed and Breakfast\",\"benessere\",\"cliffs of moher\",\"cultura\",\"doolin\",\"dublino\",\"glendalough\",\"guinness storehouse\",\"irlanda\",\"itinerario\",\"meditazione\",\"milano\",\"natura\",\"newgrange\",\"origini\",\"pullman\",\"tara\",\"tempo\",\"tour\",\"valle del Boyne\"],\"articleSection\":[\"Viaggi e vacanze\"],\"inLanguage\":\"it-IT\",\"potentialAction\":[{\"@type\":\"CommentAction\",\"name\":\"Comment\",\"target\":[\"https:\/\/www.article-marketing.eu\/comunicati\/viaggi-e-vacanze\/viaggio-in-irlanda-alle-origini-del-tempo\/#respond\"]}]},{\"@type\":\"WebPage\",\"@id\":\"https:\/\/www.article-marketing.eu\/comunicati\/viaggi-e-vacanze\/viaggio-in-irlanda-alle-origini-del-tempo\/\",\"url\":\"https:\/\/www.article-marketing.eu\/comunicati\/viaggi-e-vacanze\/viaggio-in-irlanda-alle-origini-del-tempo\/\",\"name\":\"Viaggio in Irlanda: alle Origini del Tempo - Article Marketing\",\"isPartOf\":{\"@id\":\"https:\/\/www.article-marketing.eu\/comunicati\/#website\"},\"datePublished\":\"2009-02-01T02:27:22+00:00\",\"author\":{\"@id\":\"https:\/\/www.article-marketing.eu\/comunicati\/#\/schema\/person\/44372e4d4d0fa797b18e03ed1ace9017\"},\"breadcrumb\":{\"@id\":\"https:\/\/www.article-marketing.eu\/comunicati\/viaggi-e-vacanze\/viaggio-in-irlanda-alle-origini-del-tempo\/#breadcrumb\"},\"inLanguage\":\"it-IT\",\"potentialAction\":[{\"@type\":\"ReadAction\",\"target\":[\"https:\/\/www.article-marketing.eu\/comunicati\/viaggi-e-vacanze\/viaggio-in-irlanda-alle-origini-del-tempo\/\"]}]},{\"@type\":\"BreadcrumbList\",\"@id\":\"https:\/\/www.article-marketing.eu\/comunicati\/viaggi-e-vacanze\/viaggio-in-irlanda-alle-origini-del-tempo\/#breadcrumb\",\"itemListElement\":[{\"@type\":\"ListItem\",\"position\":1,\"name\":\"Home\",\"item\":\"https:\/\/www.article-marketing.eu\/comunicati\/\"},{\"@type\":\"ListItem\",\"position\":2,\"name\":\"Viaggio in Irlanda: alle Origini del Tempo\"}]},{\"@type\":\"WebSite\",\"@id\":\"https:\/\/www.article-marketing.eu\/comunicati\/#website\",\"url\":\"https:\/\/www.article-marketing.eu\/comunicati\/\",\"name\":\"Article Marketing\",\"description\":\"article marketing &amp; press release\",\"potentialAction\":[{\"@type\":\"SearchAction\",\"target\":{\"@type\":\"EntryPoint\",\"urlTemplate\":\"https:\/\/www.article-marketing.eu\/comunicati\/?s={search_term_string}\"},\"query-input\":{\"@type\":\"PropertyValueSpecification\",\"valueRequired\":true,\"valueName\":\"search_term_string\"}}],\"inLanguage\":\"it-IT\"},{\"@type\":\"Person\",\"@id\":\"https:\/\/www.article-marketing.eu\/comunicati\/#\/schema\/person\/44372e4d4d0fa797b18e03ed1ace9017\",\"name\":\"Redazione Comunicati Stampa\",\"image\":{\"@type\":\"ImageObject\",\"inLanguage\":\"it-IT\",\"@id\":\"https:\/\/www.article-marketing.eu\/comunicati\/#\/schema\/person\/image\/\",\"url\":\"https:\/\/secure.gravatar.com\/avatar\/50e5c6421d3072f42e7ace803501602c60d75233d34e29fd05feb91c8760b792?s=96&d=mm&r=g\",\"contentUrl\":\"https:\/\/secure.gravatar.com\/avatar\/50e5c6421d3072f42e7ace803501602c60d75233d34e29fd05feb91c8760b792?s=96&d=mm&r=g\",\"caption\":\"Redazione Comunicati Stampa\"},\"url\":\"https:\/\/www.article-marketing.eu\/comunicati\/author\/redazione-comunicati-stampa\/\"}]}<\/script>\n<!-- \/ Yoast SEO plugin. -->","yoast_head_json":{"title":"Viaggio in Irlanda: alle Origini del Tempo - Article Marketing","robots":{"index":"index","follow":"follow","max-snippet":"max-snippet:-1","max-image-preview":"max-image-preview:large","max-video-preview":"max-video-preview:-1"},"canonical":"https:\/\/www.article-marketing.eu\/comunicati\/viaggi-e-vacanze\/viaggio-in-irlanda-alle-origini-del-tempo\/","og_locale":"it_IT","og_type":"article","og_title":"Viaggio in Irlanda: alle Origini del Tempo - Article Marketing","og_description":"Un magico viaggio sull\u2019Isola di Smeraldo, dove Natura, Tradizione e Cultura si incontrano per incantare il visitatore.","og_url":"https:\/\/www.article-marketing.eu\/comunicati\/viaggi-e-vacanze\/viaggio-in-irlanda-alle-origini-del-tempo\/","og_site_name":"Article Marketing","article_published_time":"2009-02-01T02:27:22+00:00","author":"Redazione Comunicati Stampa","twitter_card":"summary_large_image","twitter_misc":{"Scritto da":"Redazione Comunicati Stampa","Tempo di lettura stimato":"3 minuti"},"schema":{"@context":"https:\/\/schema.org","@graph":[{"@type":"Article","@id":"https:\/\/www.article-marketing.eu\/comunicati\/viaggi-e-vacanze\/viaggio-in-irlanda-alle-origini-del-tempo\/#article","isPartOf":{"@id":"https:\/\/www.article-marketing.eu\/comunicati\/viaggi-e-vacanze\/viaggio-in-irlanda-alle-origini-del-tempo\/"},"author":{"name":"Redazione Comunicati Stampa","@id":"https:\/\/www.article-marketing.eu\/comunicati\/#\/schema\/person\/44372e4d4d0fa797b18e03ed1ace9017"},"headline":"Viaggio in Irlanda: alle Origini del Tempo","datePublished":"2009-02-01T02:27:22+00:00","mainEntityOfPage":{"@id":"https:\/\/www.article-marketing.eu\/comunicati\/viaggi-e-vacanze\/viaggio-in-irlanda-alle-origini-del-tempo\/"},"wordCount":702,"commentCount":0,"keywords":["antica irlanda","b&amp;b","bed &amp; breakfast","Bed and Breakfast","benessere","cliffs of moher","cultura","doolin","dublino","glendalough","guinness storehouse","irlanda","itinerario","meditazione","milano","natura","newgrange","origini","pullman","tara","tempo","tour","valle del Boyne"],"articleSection":["Viaggi e vacanze"],"inLanguage":"it-IT","potentialAction":[{"@type":"CommentAction","name":"Comment","target":["https:\/\/www.article-marketing.eu\/comunicati\/viaggi-e-vacanze\/viaggio-in-irlanda-alle-origini-del-tempo\/#respond"]}]},{"@type":"WebPage","@id":"https:\/\/www.article-marketing.eu\/comunicati\/viaggi-e-vacanze\/viaggio-in-irlanda-alle-origini-del-tempo\/","url":"https:\/\/www.article-marketing.eu\/comunicati\/viaggi-e-vacanze\/viaggio-in-irlanda-alle-origini-del-tempo\/","name":"Viaggio in Irlanda: alle Origini del Tempo - Article Marketing","isPartOf":{"@id":"https:\/\/www.article-marketing.eu\/comunicati\/#website"},"datePublished":"2009-02-01T02:27:22+00:00","author":{"@id":"https:\/\/www.article-marketing.eu\/comunicati\/#\/schema\/person\/44372e4d4d0fa797b18e03ed1ace9017"},"breadcrumb":{"@id":"https:\/\/www.article-marketing.eu\/comunicati\/viaggi-e-vacanze\/viaggio-in-irlanda-alle-origini-del-tempo\/#breadcrumb"},"inLanguage":"it-IT","potentialAction":[{"@type":"ReadAction","target":["https:\/\/www.article-marketing.eu\/comunicati\/viaggi-e-vacanze\/viaggio-in-irlanda-alle-origini-del-tempo\/"]}]},{"@type":"BreadcrumbList","@id":"https:\/\/www.article-marketing.eu\/comunicati\/viaggi-e-vacanze\/viaggio-in-irlanda-alle-origini-del-tempo\/#breadcrumb","itemListElement":[{"@type":"ListItem","position":1,"name":"Home","item":"https:\/\/www.article-marketing.eu\/comunicati\/"},{"@type":"ListItem","position":2,"name":"Viaggio in Irlanda: alle Origini del Tempo"}]},{"@type":"WebSite","@id":"https:\/\/www.article-marketing.eu\/comunicati\/#website","url":"https:\/\/www.article-marketing.eu\/comunicati\/","name":"Article Marketing","description":"article marketing &amp; press release","potentialAction":[{"@type":"SearchAction","target":{"@type":"EntryPoint","urlTemplate":"https:\/\/www.article-marketing.eu\/comunicati\/?s={search_term_string}"},"query-input":{"@type":"PropertyValueSpecification","valueRequired":true,"valueName":"search_term_string"}}],"inLanguage":"it-IT"},{"@type":"Person","@id":"https:\/\/www.article-marketing.eu\/comunicati\/#\/schema\/person\/44372e4d4d0fa797b18e03ed1ace9017","name":"Redazione Comunicati Stampa","image":{"@type":"ImageObject","inLanguage":"it-IT","@id":"https:\/\/www.article-marketing.eu\/comunicati\/#\/schema\/person\/image\/","url":"https:\/\/secure.gravatar.com\/avatar\/50e5c6421d3072f42e7ace803501602c60d75233d34e29fd05feb91c8760b792?s=96&d=mm&r=g","contentUrl":"https:\/\/secure.gravatar.com\/avatar\/50e5c6421d3072f42e7ace803501602c60d75233d34e29fd05feb91c8760b792?s=96&d=mm&r=g","caption":"Redazione Comunicati Stampa"},"url":"https:\/\/www.article-marketing.eu\/comunicati\/author\/redazione-comunicati-stampa\/"}]}},"_links":{"self":[{"href":"https:\/\/www.article-marketing.eu\/comunicati\/wp-json\/wp\/v2\/posts\/1264","targetHints":{"allow":["GET"]}}],"collection":[{"href":"https:\/\/www.article-marketing.eu\/comunicati\/wp-json\/wp\/v2\/posts"}],"about":[{"href":"https:\/\/www.article-marketing.eu\/comunicati\/wp-json\/wp\/v2\/types\/post"}],"author":[{"embeddable":true,"href":"https:\/\/www.article-marketing.eu\/comunicati\/wp-json\/wp\/v2\/users\/10"}],"replies":[{"embeddable":true,"href":"https:\/\/www.article-marketing.eu\/comunicati\/wp-json\/wp\/v2\/comments?post=1264"}],"version-history":[{"count":0,"href":"https:\/\/www.article-marketing.eu\/comunicati\/wp-json\/wp\/v2\/posts\/1264\/revisions"}],"wp:attachment":[{"href":"https:\/\/www.article-marketing.eu\/comunicati\/wp-json\/wp\/v2\/media?parent=1264"}],"wp:term":[{"taxonomy":"category","embeddable":true,"href":"https:\/\/www.article-marketing.eu\/comunicati\/wp-json\/wp\/v2\/categories?post=1264"},{"taxonomy":"post_tag","embeddable":true,"href":"https:\/\/www.article-marketing.eu\/comunicati\/wp-json\/wp\/v2\/tags?post=1264"}],"curies":[{"name":"wp","href":"https:\/\/api.w.org\/{rel}","templated":true}]}}