{"id":1266,"date":"2009-02-01T03:30:40","date_gmt":"2009-02-01T02:30:40","guid":{"rendered":"http:\/\/www.article-marketing.eu\/comunicati\/senza-categoria\/conoscere-e-conoscersi-alla-luce-dei-cristalli\/"},"modified":"2009-02-01T03:30:40","modified_gmt":"2009-02-01T02:30:40","slug":"conoscere-e-conoscersi-alla-luce-dei-cristalli","status":"publish","type":"post","link":"https:\/\/www.article-marketing.eu\/comunicati\/salute-e-benessere\/conoscere-e-conoscersi-alla-luce-dei-cristalli\/","title":{"rendered":"Conoscere e conoscersi alla Luce dei Cristalli"},"content":{"rendered":"<p>Lavorare con i cristalli permette di far affiorare blocchi mentali ed emozionali al fine di osservarli da una prospettiva pi\u00f9 ampia. <br \/>Le pietre portano luce nell&#8217;aura e un incremento di energia. <br \/>Sono viaggi introspettivi che donano insegnamenti preziosi e potere alla persona coinvolta. <\/p>\n<p><strong>Cosa succede?<\/strong> Aumentando la frequenza vibratoria dell&#8217;aura, le energie mentali, emozionali o inconsce, che sono ad una frequenza inferiore, affioreranno alla mente <br \/>e al cuore per essere purificate, curate e trasformate.<\/p>\n<p>Quando l&#8217;energia guaritrice passa attraverso il cristallo entra nel corpo, come se un&#8217;intelligenza la guidasse e si distribuisce nelle zone che pi\u00f9 necessitano di equilibrio energetico.<br \/>I cristalli possono rimuovere dolore, elevare le vibrazioni di una persona, aumentare la chiarezza di pensiero, aiutare a essere meno reattivi, agire sui sogni, \u2026<\/p>\n<p><strong>Durante una seduta di<\/strong> cristalloterapia si dischiude l&#8217;aura, ci\u00f2 significa diventare molto vulnerabile agli influssi psichici ed eterici, per questo motivo \u00e8 indispensabile lavorare nella luce e con una particolare predisposizione d&#8217;animo.<br \/>I cristalli ci danno la possibilit\u00e0 di osservare la vita e ci\u00f2 che ci accade da una diversa prospettiva, sicuramente pi\u00f9 ampia e ci permettono di intravedere o vedere lo scopo degli accadimenti o della nostra missione. <\/p>\n<p style=\"PADDING-RIGHT: 0px; PADDING-LEFT: 0px; PADDING-BOTTOM: 0px; MARGIN: 0px; PADDING-TOP: 0px; TEXT-ALIGN: justify\"><\/p>\n<p style=\"TEXT-JUSTIFY: inter-ideograph; LINE-HEIGHT: 150%; TEXT-ALIGN: justify\"><em>Il corso proposto dall&#8217;associazione Oracolo di Wilde \u00e8 basato sulla <strong>sperimentazione attraverso esercizi e meditazioni per \u201centrare\u201d nel linguaggio energetico dei cristalli<\/strong>. Si analizzer\u00e0 il significato di cristalloterapia, si studieranno le pietre, la loro relativa applicazione ai chakras, si imparer\u00e0 come purificarle e utilizzarle.<\/em><\/p>\n<p style=\"TEXT-JUSTIFY: inter-ideograph; LINE-HEIGHT: 150%; TEXT-ALIGN: justify\"><em>Di grande interesse la parte esperienziale del corso, durante la quale sar\u00e0 possibile sperimentare direttamente l\u2019energia delle pietre anche attraverso l\u2019essenza di cristalli e l\u2019autotrattamento.<\/em><em> <\/em><em>Sono previste esercitazioni pratiche singole e di gruppo, composizione di mandala personali e collettivi, analisi e scelta personale dei cristalli. <\/em><\/p>\n<p style=\"TEXT-JUSTIFY: inter-ideograph; LINE-HEIGHT: 150%; TEXT-ALIGN: justify\">&nbsp;<\/p>\n<p style=\"TEXT-JUSTIFY: inter-ideograph; LINE-HEIGHT: 150%; TEXT-ALIGN: justify\"><em>Parte integrante del lavoro sar\u00e0 inoltre lo<\/em><strong><em> Stone Reading<\/em><\/strong><em>, un antico metodo di <strong>lettura dei cristalli <\/strong>attraverso il quale sar\u00e0 possibile creare uno \u201cscambio\u201d energetico che permetter\u00e0 di ascoltare i messaggi che le pietre trasmettono.<\/em><\/p>\n<p style=\"TEXT-JUSTIFY: inter-ideograph; TEXT-ALIGN: justify\">&nbsp;<\/p>\n<p style=\"TEXT-JUSTIFY: inter-ideograph; TEXT-ALIGN: justify\">&nbsp;<\/p>\n<p style=\"TEXT-JUSTIFY: inter-ideograph; TEXT-ALIGN: justify\"><em>Per informazioni e prenotazioni:<\/em><\/p>\n<p style=\"TEXT-JUSTIFY: inter-ideograph; TEXT-ALIGN: justify\"><em><a href=\"http:\/\/www.oracolodiwilde.it\/\">www.oracolodiwilde.it<\/a><\/em><\/p>\n<p style=\"TEXT-JUSTIFY: inter-ideograph; TEXT-ALIGN: justify\"><em>info@oracolodiwilde.it<\/em><\/p>\n<p style=\"TEXT-JUSTIFY: inter-ideograph; TEXT-ALIGN: justify\"><em>tel. <\/em><em>338.9866577 <strong>&#8211; <\/strong>347.4586287<\/em><\/p>\n<p style=\"PADDING-RIGHT: 0px; PADDING-LEFT: 0px; PADDING-BOTTOM: 0px; MARGIN: 0px; PADDING-TOP: 0px; TEXT-ALIGN: justify\">&nbsp;<\/p>\n","protected":false},"excerpt":{"rendered":"<p>Sabato 14 e domenica 15 febbraio l\u2019associazione culturale Oracolo di Wilde propone due giornate di lavoro sui cristalli per conoscere il potere terapeutico ed energetico delle pietre e gli usi che se ne possono fare.<\/p>\n","protected":false},"author":10,"featured_media":0,"comment_status":"open","ping_status":"open","sticky":false,"template":"","format":"standard","meta":{"cybocfi_hide_featured_image":"","footnotes":""},"categories":[265],"tags":[1235,169,3723,4325,4326,111,1343,58,1528,4306,4307,4295,4301],"class_list":["post-1266","post","type-post","status-publish","format-standard","hentry","category-salute-e-benessere","tag-benessere","tag-colori","tag-cristalli","tag-cristalloterapia","tag-luce","tag-medicina-alternativa","tag-milano","tag-natura","tag-pietre","tag-pietre-dure","tag-rho","tag-vanzago","tag-wwf"],"yoast_head":"<!-- This site is optimized with the Yoast SEO plugin v27.0 - https:\/\/yoast.com\/product\/yoast-seo-wordpress\/ -->\n<title>Conoscere e conoscersi alla Luce dei Cristalli - Article Marketing<\/title>\n<meta name=\"robots\" content=\"index, follow, max-snippet:-1, max-image-preview:large, max-video-preview:-1\" \/>\n<link rel=\"canonical\" href=\"https:\/\/www.article-marketing.eu\/comunicati\/salute-e-benessere\/conoscere-e-conoscersi-alla-luce-dei-cristalli\/\" \/>\n<meta property=\"og:locale\" content=\"it_IT\" \/>\n<meta property=\"og:type\" content=\"article\" \/>\n<meta property=\"og:title\" content=\"Conoscere e conoscersi alla Luce dei Cristalli - Article Marketing\" \/>\n<meta property=\"og:description\" content=\"Sabato 14 e domenica 15 febbraio l\u2019associazione culturale Oracolo di Wilde propone due giornate di lavoro sui cristalli per conoscere il potere terapeutico ed energetico delle pietre e gli usi che se ne possono fare.\" \/>\n<meta property=\"og:url\" content=\"https:\/\/www.article-marketing.eu\/comunicati\/salute-e-benessere\/conoscere-e-conoscersi-alla-luce-dei-cristalli\/\" \/>\n<meta property=\"og:site_name\" content=\"Article Marketing\" \/>\n<meta property=\"article:published_time\" content=\"2009-02-01T02:30:40+00:00\" \/>\n<meta name=\"author\" content=\"Redazione Comunicati Stampa\" \/>\n<meta name=\"twitter:card\" content=\"summary_large_image\" \/>\n<meta name=\"twitter:label1\" content=\"Scritto da\" \/>\n\t<meta name=\"twitter:data1\" content=\"Redazione Comunicati Stampa\" \/>\n\t<meta name=\"twitter:label2\" content=\"Tempo di lettura stimato\" \/>\n\t<meta name=\"twitter:data2\" content=\"2 minuti\" \/>\n<script type=\"application\/ld+json\" class=\"yoast-schema-graph\">{\"@context\":\"https:\/\/schema.org\",\"@graph\":[{\"@type\":\"Article\",\"@id\":\"https:\/\/www.article-marketing.eu\/comunicati\/salute-e-benessere\/conoscere-e-conoscersi-alla-luce-dei-cristalli\/#article\",\"isPartOf\":{\"@id\":\"https:\/\/www.article-marketing.eu\/comunicati\/salute-e-benessere\/conoscere-e-conoscersi-alla-luce-dei-cristalli\/\"},\"author\":{\"name\":\"Redazione Comunicati Stampa\",\"@id\":\"https:\/\/www.article-marketing.eu\/comunicati\/#\/schema\/person\/44372e4d4d0fa797b18e03ed1ace9017\"},\"headline\":\"Conoscere e conoscersi alla Luce dei Cristalli\",\"datePublished\":\"2009-02-01T02:30:40+00:00\",\"mainEntityOfPage\":{\"@id\":\"https:\/\/www.article-marketing.eu\/comunicati\/salute-e-benessere\/conoscere-e-conoscersi-alla-luce-dei-cristalli\/\"},\"wordCount\":341,\"commentCount\":0,\"keywords\":[\"benessere\",\"colori\",\"cristalli\",\"cristalloterapia\",\"luce\",\"medicina alternativa\",\"milano\",\"natura\",\"pietre\",\"pietre dure\",\"rho\",\"vanzago\",\"WWF\"],\"articleSection\":[\"Salute e benessere\"],\"inLanguage\":\"it-IT\",\"potentialAction\":[{\"@type\":\"CommentAction\",\"name\":\"Comment\",\"target\":[\"https:\/\/www.article-marketing.eu\/comunicati\/salute-e-benessere\/conoscere-e-conoscersi-alla-luce-dei-cristalli\/#respond\"]}]},{\"@type\":\"WebPage\",\"@id\":\"https:\/\/www.article-marketing.eu\/comunicati\/salute-e-benessere\/conoscere-e-conoscersi-alla-luce-dei-cristalli\/\",\"url\":\"https:\/\/www.article-marketing.eu\/comunicati\/salute-e-benessere\/conoscere-e-conoscersi-alla-luce-dei-cristalli\/\",\"name\":\"Conoscere e conoscersi alla Luce dei Cristalli - Article Marketing\",\"isPartOf\":{\"@id\":\"https:\/\/www.article-marketing.eu\/comunicati\/#website\"},\"datePublished\":\"2009-02-01T02:30:40+00:00\",\"author\":{\"@id\":\"https:\/\/www.article-marketing.eu\/comunicati\/#\/schema\/person\/44372e4d4d0fa797b18e03ed1ace9017\"},\"breadcrumb\":{\"@id\":\"https:\/\/www.article-marketing.eu\/comunicati\/salute-e-benessere\/conoscere-e-conoscersi-alla-luce-dei-cristalli\/#breadcrumb\"},\"inLanguage\":\"it-IT\",\"potentialAction\":[{\"@type\":\"ReadAction\",\"target\":[\"https:\/\/www.article-marketing.eu\/comunicati\/salute-e-benessere\/conoscere-e-conoscersi-alla-luce-dei-cristalli\/\"]}]},{\"@type\":\"BreadcrumbList\",\"@id\":\"https:\/\/www.article-marketing.eu\/comunicati\/salute-e-benessere\/conoscere-e-conoscersi-alla-luce-dei-cristalli\/#breadcrumb\",\"itemListElement\":[{\"@type\":\"ListItem\",\"position\":1,\"name\":\"Home\",\"item\":\"https:\/\/www.article-marketing.eu\/comunicati\/\"},{\"@type\":\"ListItem\",\"position\":2,\"name\":\"Conoscere e conoscersi alla Luce dei Cristalli\"}]},{\"@type\":\"WebSite\",\"@id\":\"https:\/\/www.article-marketing.eu\/comunicati\/#website\",\"url\":\"https:\/\/www.article-marketing.eu\/comunicati\/\",\"name\":\"Article Marketing\",\"description\":\"article marketing &amp; press release\",\"potentialAction\":[{\"@type\":\"SearchAction\",\"target\":{\"@type\":\"EntryPoint\",\"urlTemplate\":\"https:\/\/www.article-marketing.eu\/comunicati\/?s={search_term_string}\"},\"query-input\":{\"@type\":\"PropertyValueSpecification\",\"valueRequired\":true,\"valueName\":\"search_term_string\"}}],\"inLanguage\":\"it-IT\"},{\"@type\":\"Person\",\"@id\":\"https:\/\/www.article-marketing.eu\/comunicati\/#\/schema\/person\/44372e4d4d0fa797b18e03ed1ace9017\",\"name\":\"Redazione Comunicati Stampa\",\"image\":{\"@type\":\"ImageObject\",\"inLanguage\":\"it-IT\",\"@id\":\"https:\/\/www.article-marketing.eu\/comunicati\/#\/schema\/person\/image\/\",\"url\":\"https:\/\/secure.gravatar.com\/avatar\/50e5c6421d3072f42e7ace803501602c60d75233d34e29fd05feb91c8760b792?s=96&d=mm&r=g\",\"contentUrl\":\"https:\/\/secure.gravatar.com\/avatar\/50e5c6421d3072f42e7ace803501602c60d75233d34e29fd05feb91c8760b792?s=96&d=mm&r=g\",\"caption\":\"Redazione Comunicati Stampa\"},\"url\":\"https:\/\/www.article-marketing.eu\/comunicati\/author\/redazione-comunicati-stampa\/\"}]}<\/script>\n<!-- \/ Yoast SEO plugin. -->","yoast_head_json":{"title":"Conoscere e conoscersi alla Luce dei Cristalli - Article Marketing","robots":{"index":"index","follow":"follow","max-snippet":"max-snippet:-1","max-image-preview":"max-image-preview:large","max-video-preview":"max-video-preview:-1"},"canonical":"https:\/\/www.article-marketing.eu\/comunicati\/salute-e-benessere\/conoscere-e-conoscersi-alla-luce-dei-cristalli\/","og_locale":"it_IT","og_type":"article","og_title":"Conoscere e conoscersi alla Luce dei Cristalli - Article Marketing","og_description":"Sabato 14 e domenica 15 febbraio l\u2019associazione culturale Oracolo di Wilde propone due giornate di lavoro sui cristalli per conoscere il potere terapeutico ed energetico delle pietre e gli usi che se ne possono fare.","og_url":"https:\/\/www.article-marketing.eu\/comunicati\/salute-e-benessere\/conoscere-e-conoscersi-alla-luce-dei-cristalli\/","og_site_name":"Article Marketing","article_published_time":"2009-02-01T02:30:40+00:00","author":"Redazione Comunicati Stampa","twitter_card":"summary_large_image","twitter_misc":{"Scritto da":"Redazione Comunicati Stampa","Tempo di lettura stimato":"2 minuti"},"schema":{"@context":"https:\/\/schema.org","@graph":[{"@type":"Article","@id":"https:\/\/www.article-marketing.eu\/comunicati\/salute-e-benessere\/conoscere-e-conoscersi-alla-luce-dei-cristalli\/#article","isPartOf":{"@id":"https:\/\/www.article-marketing.eu\/comunicati\/salute-e-benessere\/conoscere-e-conoscersi-alla-luce-dei-cristalli\/"},"author":{"name":"Redazione Comunicati Stampa","@id":"https:\/\/www.article-marketing.eu\/comunicati\/#\/schema\/person\/44372e4d4d0fa797b18e03ed1ace9017"},"headline":"Conoscere e conoscersi alla Luce dei Cristalli","datePublished":"2009-02-01T02:30:40+00:00","mainEntityOfPage":{"@id":"https:\/\/www.article-marketing.eu\/comunicati\/salute-e-benessere\/conoscere-e-conoscersi-alla-luce-dei-cristalli\/"},"wordCount":341,"commentCount":0,"keywords":["benessere","colori","cristalli","cristalloterapia","luce","medicina alternativa","milano","natura","pietre","pietre dure","rho","vanzago","WWF"],"articleSection":["Salute e benessere"],"inLanguage":"it-IT","potentialAction":[{"@type":"CommentAction","name":"Comment","target":["https:\/\/www.article-marketing.eu\/comunicati\/salute-e-benessere\/conoscere-e-conoscersi-alla-luce-dei-cristalli\/#respond"]}]},{"@type":"WebPage","@id":"https:\/\/www.article-marketing.eu\/comunicati\/salute-e-benessere\/conoscere-e-conoscersi-alla-luce-dei-cristalli\/","url":"https:\/\/www.article-marketing.eu\/comunicati\/salute-e-benessere\/conoscere-e-conoscersi-alla-luce-dei-cristalli\/","name":"Conoscere e conoscersi alla Luce dei Cristalli - Article Marketing","isPartOf":{"@id":"https:\/\/www.article-marketing.eu\/comunicati\/#website"},"datePublished":"2009-02-01T02:30:40+00:00","author":{"@id":"https:\/\/www.article-marketing.eu\/comunicati\/#\/schema\/person\/44372e4d4d0fa797b18e03ed1ace9017"},"breadcrumb":{"@id":"https:\/\/www.article-marketing.eu\/comunicati\/salute-e-benessere\/conoscere-e-conoscersi-alla-luce-dei-cristalli\/#breadcrumb"},"inLanguage":"it-IT","potentialAction":[{"@type":"ReadAction","target":["https:\/\/www.article-marketing.eu\/comunicati\/salute-e-benessere\/conoscere-e-conoscersi-alla-luce-dei-cristalli\/"]}]},{"@type":"BreadcrumbList","@id":"https:\/\/www.article-marketing.eu\/comunicati\/salute-e-benessere\/conoscere-e-conoscersi-alla-luce-dei-cristalli\/#breadcrumb","itemListElement":[{"@type":"ListItem","position":1,"name":"Home","item":"https:\/\/www.article-marketing.eu\/comunicati\/"},{"@type":"ListItem","position":2,"name":"Conoscere e conoscersi alla Luce dei Cristalli"}]},{"@type":"WebSite","@id":"https:\/\/www.article-marketing.eu\/comunicati\/#website","url":"https:\/\/www.article-marketing.eu\/comunicati\/","name":"Article Marketing","description":"article marketing &amp; press release","potentialAction":[{"@type":"SearchAction","target":{"@type":"EntryPoint","urlTemplate":"https:\/\/www.article-marketing.eu\/comunicati\/?s={search_term_string}"},"query-input":{"@type":"PropertyValueSpecification","valueRequired":true,"valueName":"search_term_string"}}],"inLanguage":"it-IT"},{"@type":"Person","@id":"https:\/\/www.article-marketing.eu\/comunicati\/#\/schema\/person\/44372e4d4d0fa797b18e03ed1ace9017","name":"Redazione Comunicati Stampa","image":{"@type":"ImageObject","inLanguage":"it-IT","@id":"https:\/\/www.article-marketing.eu\/comunicati\/#\/schema\/person\/image\/","url":"https:\/\/secure.gravatar.com\/avatar\/50e5c6421d3072f42e7ace803501602c60d75233d34e29fd05feb91c8760b792?s=96&d=mm&r=g","contentUrl":"https:\/\/secure.gravatar.com\/avatar\/50e5c6421d3072f42e7ace803501602c60d75233d34e29fd05feb91c8760b792?s=96&d=mm&r=g","caption":"Redazione Comunicati Stampa"},"url":"https:\/\/www.article-marketing.eu\/comunicati\/author\/redazione-comunicati-stampa\/"}]}},"_links":{"self":[{"href":"https:\/\/www.article-marketing.eu\/comunicati\/wp-json\/wp\/v2\/posts\/1266","targetHints":{"allow":["GET"]}}],"collection":[{"href":"https:\/\/www.article-marketing.eu\/comunicati\/wp-json\/wp\/v2\/posts"}],"about":[{"href":"https:\/\/www.article-marketing.eu\/comunicati\/wp-json\/wp\/v2\/types\/post"}],"author":[{"embeddable":true,"href":"https:\/\/www.article-marketing.eu\/comunicati\/wp-json\/wp\/v2\/users\/10"}],"replies":[{"embeddable":true,"href":"https:\/\/www.article-marketing.eu\/comunicati\/wp-json\/wp\/v2\/comments?post=1266"}],"version-history":[{"count":0,"href":"https:\/\/www.article-marketing.eu\/comunicati\/wp-json\/wp\/v2\/posts\/1266\/revisions"}],"wp:attachment":[{"href":"https:\/\/www.article-marketing.eu\/comunicati\/wp-json\/wp\/v2\/media?parent=1266"}],"wp:term":[{"taxonomy":"category","embeddable":true,"href":"https:\/\/www.article-marketing.eu\/comunicati\/wp-json\/wp\/v2\/categories?post=1266"},{"taxonomy":"post_tag","embeddable":true,"href":"https:\/\/www.article-marketing.eu\/comunicati\/wp-json\/wp\/v2\/tags?post=1266"}],"curies":[{"name":"wp","href":"https:\/\/api.w.org\/{rel}","templated":true}]}}