{"id":1278,"date":"2009-02-03T12:12:16","date_gmt":"2009-02-03T11:12:16","guid":{"rendered":"http:\/\/www.article-marketing.eu\/comunicati\/senza-categoria\/vacanze-romane-il-sogno-di-vivere-e-respirare-la-storia\/"},"modified":"2018-06-04T20:11:58","modified_gmt":"2018-06-04T18:11:58","slug":"vacanze-romane-il-sogno-di-vivere-e-respirare-la-storia","status":"publish","type":"post","link":"https:\/\/www.article-marketing.eu\/comunicati\/viaggi-e-vacanze\/vacanze-romane-il-sogno-di-vivere-e-respirare-la-storia\/","title":{"rendered":"Vacanze Romane, il sogno di vivere e respirare la storia"},"content":{"rendered":"<p>Capitale<br \/>\nd&#8217;Italia, Roma \u00e8 una delle citt\u00e0 italiane pi\u00f9 belle, con monumenti<br \/>\nfantastici, unici. Roma \u00e8 una citt\u00e0 da visitare senza fretta per non<br \/>\nperdersi nemmeno una bellezza. <\/p>\n<p>Numerosi i monumenti di questa<br \/>\ncitt\u00e0, unica nel suo genere. Iniziamo dai Fori Imperiali e dal Foro<br \/>\nRomano. Proseguendo si arriva fino alla Basilica di Santissimi Cosma e<br \/>\nDamiano, la Chiesa di Santa Francesca Romana e infine, uno dei simboli<br \/>\ndi Roma, il Colosseo, facilmente raggiungibili dai fortunati turisti<br \/>\nche possono prendere in affitto appartamento Roma<br \/>\ncentro. Denominato anticamente \u201cAnfiteatro Flavio\u201d, un tempo era sede<br \/>\ndi spettacoli e combattimenti. Altre bellezze di Roma sono il Palazzo<br \/>\nDoria Pamphily, situato in una via importante della Capitale, Via del<br \/>\nCorso. Nelle vicinanze ci sono anche anche Piazza di Spagna e la<br \/>\nScalinata di Trinit\u00e0 dei Monti. Da segnalare inoltre Via Condotti, dove<br \/>\nprotagonista assoluto \u00e8 lo shopping, poi Palazzo Borghese, il Palazzo<br \/>\ndella Borsa e la sede del Governo con il Palazzo di Montecitorio e la<br \/>\nCamera dei Deputati. <\/p>\n<p>Spostiamoci al Campidoglio dove possiamo<br \/>\nvisitare il Palazzo Nuovo, il Palazzo dei Conservatori e il Palazzo<br \/>\nSenatorio. Da non perdere nemmeno il Complesso Vittoriano che ospita<br \/>\nl&#8217;Altare della Patria e la Tomba del Milite Ignoto. Visita obbligata<br \/>\nanche sul Lungotevere e poi verso le altre bellezze: il Pantheon, la<br \/>\nFontana di Trevi, Piazza Navona, Piazza di Spagna, la Basilica di San<br \/>\nPietro, i Palazzi Vaticani, i Musei Capitolini che raccolgono<br \/>\ntantissimi dipinti che vanno dal 1300 al 1700. Tante le feste e gli<br \/>\neventi che vengono organizzati nei vari quartieri e dai proprietari di appartamenti Roma villa.<\/p>\n<p>Segnaliamo<br \/>\nquelli che riteniamo pi\u00f9 importanti. Nel mese di gennaio si celebra \u201cLa<br \/>\nbenedizione degli animali\u201d a Sant&#8217;Eusebio. Oggi si tratta di benedire<br \/>\nanimali domestici come cani e gatti, mentre un tempo i protagonisti<br \/>\nerano gli asini e i cavalli. Nel mese di marzo invece, vi \u00e8 la<br \/>\n\u201cBenedizione delle automobili\u201d. Questa tradizione romana risale agli<br \/>\nanni &#8217;30. Nel mese di maggio segnaliamo l&#8217;evento \u201cShavuot\u201d, una delle<br \/>\nprincipali ricorrenze ebraiche. Sempre nel mese di maggio e comunque<br \/>\nentro il giorno dell&#8217;Ascensione, un&#8217;altra tradizione \u00e8 \u201cLa visita alle<br \/>\nsette Chiese\u201d, di cui quattro basiliche maggiori. Le sette chiese cui<br \/>\nci si reca in preghiera per l&#8217;occasione sono le seguenti: la Chiesa di<br \/>\nSanta Maria Maggiore, la Chiesa di San Lorenzo fuori le mura, la Chiesa<br \/>\ndi San Paolo fuori le mura, la Chiesa di San Sebastiano all&#8217;Appia<br \/>\nAntica, la Chiesa di Santa Croce in Gerusalemme, la Chiesa di San<br \/>\nGiovanni in Laterano, la Chiesa di San Pietro in Vaticano. Un altro<br \/>\nevento degno di nota che richiama ogni anno tantissima gente \u00e8 il<br \/>\nCapodanno romano, ma anche negli altri periodi vi sono feste e<br \/>\niniziative per tutta la citt\u00e0. Impossibile segnalarle tutte. Quelle che<br \/>\nho elencato sono solo alcune delle bellezze e degli eventi romani. <\/p>\n<p>Per<br \/>\nvisitare Roma non basta un giorno, e nemmeno la fretta, quindi se si<br \/>\nriesce meglio prenotare per una decina di giorni uno dei tanti appartamenti piazza Navona.<br \/>\nA tal proposito, meglio organizzare una bella gita di una settimana e<br \/>\ndividere le visite nei vari giorni, con la massima calma e<br \/>\ntranquillit\u00e0. Per il pernottamento non avrete che l&#8217;imbarazzo della<br \/>\nscelta: alberghi di lusso, hotel economici, bed and breakfast, con<br \/>\nprezzi per tutte le tasche. Sul web potete sicuramente trovare quello<br \/>\nche fa al caso vostro. <\/p>\n<p><\/p>\n","protected":false},"excerpt":{"rendered":"<p>Capitale d&#8217;Italia, Roma \u00e8 una delle citt\u00e0 italiane pi\u00f9 belle, con monumenti fantastici, unici. Roma \u00e8 una citt\u00e0 da visitare senza fretta per non perdersi nemmeno una bellezza.<\/p>\n","protected":false},"author":10,"featured_media":0,"comment_status":"open","ping_status":"open","sticky":false,"template":"","format":"standard","meta":{"cybocfi_hide_featured_image":"","footnotes":""},"categories":[280],"tags":[4361,4362,4364,4363,251],"class_list":["post-1278","post","type-post","status-publish","format-standard","hentry","category-viaggi-e-vacanze","tag-bellezze-architettoniche","tag-chiese","tag-feste-romane","tag-palazzi-storici","tag-roma"],"yoast_head":"<!-- This site is optimized with the Yoast SEO plugin v27.0 - https:\/\/yoast.com\/product\/yoast-seo-wordpress\/ -->\n<title>Vacanze Romane, il sogno di vivere e respirare la storia - Article Marketing<\/title>\n<meta name=\"robots\" content=\"index, follow, max-snippet:-1, max-image-preview:large, max-video-preview:-1\" \/>\n<link rel=\"canonical\" href=\"https:\/\/www.article-marketing.eu\/comunicati\/viaggi-e-vacanze\/vacanze-romane-il-sogno-di-vivere-e-respirare-la-storia\/\" \/>\n<meta property=\"og:locale\" content=\"it_IT\" \/>\n<meta property=\"og:type\" content=\"article\" \/>\n<meta property=\"og:title\" content=\"Vacanze Romane, il sogno di vivere e respirare la storia - Article Marketing\" \/>\n<meta property=\"og:description\" content=\"Capitale d&#039;Italia, Roma \u00e8 una delle citt\u00e0 italiane pi\u00f9 belle, con monumenti fantastici, unici. Roma \u00e8 una citt\u00e0 da visitare senza fretta per non perdersi nemmeno una bellezza.\" \/>\n<meta property=\"og:url\" content=\"https:\/\/www.article-marketing.eu\/comunicati\/viaggi-e-vacanze\/vacanze-romane-il-sogno-di-vivere-e-respirare-la-storia\/\" \/>\n<meta property=\"og:site_name\" content=\"Article Marketing\" \/>\n<meta property=\"article:published_time\" content=\"2009-02-03T11:12:16+00:00\" \/>\n<meta property=\"article:modified_time\" content=\"2018-06-04T18:11:58+00:00\" \/>\n<meta name=\"author\" content=\"Redazione Comunicati Stampa\" \/>\n<meta name=\"twitter:card\" content=\"summary_large_image\" \/>\n<meta name=\"twitter:label1\" content=\"Scritto da\" \/>\n\t<meta name=\"twitter:data1\" content=\"Redazione Comunicati Stampa\" \/>\n\t<meta name=\"twitter:label2\" content=\"Tempo di lettura stimato\" \/>\n\t<meta name=\"twitter:data2\" content=\"3 minuti\" \/>\n<script type=\"application\/ld+json\" class=\"yoast-schema-graph\">{\"@context\":\"https:\/\/schema.org\",\"@graph\":[{\"@type\":\"Article\",\"@id\":\"https:\/\/www.article-marketing.eu\/comunicati\/viaggi-e-vacanze\/vacanze-romane-il-sogno-di-vivere-e-respirare-la-storia\/#article\",\"isPartOf\":{\"@id\":\"https:\/\/www.article-marketing.eu\/comunicati\/viaggi-e-vacanze\/vacanze-romane-il-sogno-di-vivere-e-respirare-la-storia\/\"},\"author\":{\"name\":\"Redazione Comunicati Stampa\",\"@id\":\"https:\/\/www.article-marketing.eu\/comunicati\/#\/schema\/person\/44372e4d4d0fa797b18e03ed1ace9017\"},\"headline\":\"Vacanze Romane, il sogno di vivere e respirare la storia\",\"datePublished\":\"2009-02-03T11:12:16+00:00\",\"dateModified\":\"2018-06-04T18:11:58+00:00\",\"mainEntityOfPage\":{\"@id\":\"https:\/\/www.article-marketing.eu\/comunicati\/viaggi-e-vacanze\/vacanze-romane-il-sogno-di-vivere-e-respirare-la-storia\/\"},\"wordCount\":554,\"commentCount\":0,\"keywords\":[\"bellezze architettoniche\",\"chiese\",\"feste romane\",\"palazzi storici\",\"roma\"],\"articleSection\":[\"Viaggi e vacanze\"],\"inLanguage\":\"it-IT\",\"potentialAction\":[{\"@type\":\"CommentAction\",\"name\":\"Comment\",\"target\":[\"https:\/\/www.article-marketing.eu\/comunicati\/viaggi-e-vacanze\/vacanze-romane-il-sogno-di-vivere-e-respirare-la-storia\/#respond\"]}]},{\"@type\":\"WebPage\",\"@id\":\"https:\/\/www.article-marketing.eu\/comunicati\/viaggi-e-vacanze\/vacanze-romane-il-sogno-di-vivere-e-respirare-la-storia\/\",\"url\":\"https:\/\/www.article-marketing.eu\/comunicati\/viaggi-e-vacanze\/vacanze-romane-il-sogno-di-vivere-e-respirare-la-storia\/\",\"name\":\"Vacanze Romane, il sogno di vivere e respirare la storia - Article Marketing\",\"isPartOf\":{\"@id\":\"https:\/\/www.article-marketing.eu\/comunicati\/#website\"},\"datePublished\":\"2009-02-03T11:12:16+00:00\",\"dateModified\":\"2018-06-04T18:11:58+00:00\",\"author\":{\"@id\":\"https:\/\/www.article-marketing.eu\/comunicati\/#\/schema\/person\/44372e4d4d0fa797b18e03ed1ace9017\"},\"breadcrumb\":{\"@id\":\"https:\/\/www.article-marketing.eu\/comunicati\/viaggi-e-vacanze\/vacanze-romane-il-sogno-di-vivere-e-respirare-la-storia\/#breadcrumb\"},\"inLanguage\":\"it-IT\",\"potentialAction\":[{\"@type\":\"ReadAction\",\"target\":[\"https:\/\/www.article-marketing.eu\/comunicati\/viaggi-e-vacanze\/vacanze-romane-il-sogno-di-vivere-e-respirare-la-storia\/\"]}]},{\"@type\":\"BreadcrumbList\",\"@id\":\"https:\/\/www.article-marketing.eu\/comunicati\/viaggi-e-vacanze\/vacanze-romane-il-sogno-di-vivere-e-respirare-la-storia\/#breadcrumb\",\"itemListElement\":[{\"@type\":\"ListItem\",\"position\":1,\"name\":\"Home\",\"item\":\"https:\/\/www.article-marketing.eu\/comunicati\/\"},{\"@type\":\"ListItem\",\"position\":2,\"name\":\"Vacanze Romane, il sogno di vivere e respirare la storia\"}]},{\"@type\":\"WebSite\",\"@id\":\"https:\/\/www.article-marketing.eu\/comunicati\/#website\",\"url\":\"https:\/\/www.article-marketing.eu\/comunicati\/\",\"name\":\"Article Marketing\",\"description\":\"article marketing &amp; press release\",\"potentialAction\":[{\"@type\":\"SearchAction\",\"target\":{\"@type\":\"EntryPoint\",\"urlTemplate\":\"https:\/\/www.article-marketing.eu\/comunicati\/?s={search_term_string}\"},\"query-input\":{\"@type\":\"PropertyValueSpecification\",\"valueRequired\":true,\"valueName\":\"search_term_string\"}}],\"inLanguage\":\"it-IT\"},{\"@type\":\"Person\",\"@id\":\"https:\/\/www.article-marketing.eu\/comunicati\/#\/schema\/person\/44372e4d4d0fa797b18e03ed1ace9017\",\"name\":\"Redazione Comunicati Stampa\",\"image\":{\"@type\":\"ImageObject\",\"inLanguage\":\"it-IT\",\"@id\":\"https:\/\/www.article-marketing.eu\/comunicati\/#\/schema\/person\/image\/\",\"url\":\"https:\/\/secure.gravatar.com\/avatar\/50e5c6421d3072f42e7ace803501602c60d75233d34e29fd05feb91c8760b792?s=96&d=mm&r=g\",\"contentUrl\":\"https:\/\/secure.gravatar.com\/avatar\/50e5c6421d3072f42e7ace803501602c60d75233d34e29fd05feb91c8760b792?s=96&d=mm&r=g\",\"caption\":\"Redazione Comunicati Stampa\"},\"url\":\"https:\/\/www.article-marketing.eu\/comunicati\/author\/redazione-comunicati-stampa\/\"}]}<\/script>\n<!-- \/ Yoast SEO plugin. -->","yoast_head_json":{"title":"Vacanze Romane, il sogno di vivere e respirare la storia - Article Marketing","robots":{"index":"index","follow":"follow","max-snippet":"max-snippet:-1","max-image-preview":"max-image-preview:large","max-video-preview":"max-video-preview:-1"},"canonical":"https:\/\/www.article-marketing.eu\/comunicati\/viaggi-e-vacanze\/vacanze-romane-il-sogno-di-vivere-e-respirare-la-storia\/","og_locale":"it_IT","og_type":"article","og_title":"Vacanze Romane, il sogno di vivere e respirare la storia - Article Marketing","og_description":"Capitale d'Italia, Roma \u00e8 una delle citt\u00e0 italiane pi\u00f9 belle, con monumenti fantastici, unici. Roma \u00e8 una citt\u00e0 da visitare senza fretta per non perdersi nemmeno una bellezza.","og_url":"https:\/\/www.article-marketing.eu\/comunicati\/viaggi-e-vacanze\/vacanze-romane-il-sogno-di-vivere-e-respirare-la-storia\/","og_site_name":"Article Marketing","article_published_time":"2009-02-03T11:12:16+00:00","article_modified_time":"2018-06-04T18:11:58+00:00","author":"Redazione Comunicati Stampa","twitter_card":"summary_large_image","twitter_misc":{"Scritto da":"Redazione Comunicati Stampa","Tempo di lettura stimato":"3 minuti"},"schema":{"@context":"https:\/\/schema.org","@graph":[{"@type":"Article","@id":"https:\/\/www.article-marketing.eu\/comunicati\/viaggi-e-vacanze\/vacanze-romane-il-sogno-di-vivere-e-respirare-la-storia\/#article","isPartOf":{"@id":"https:\/\/www.article-marketing.eu\/comunicati\/viaggi-e-vacanze\/vacanze-romane-il-sogno-di-vivere-e-respirare-la-storia\/"},"author":{"name":"Redazione Comunicati Stampa","@id":"https:\/\/www.article-marketing.eu\/comunicati\/#\/schema\/person\/44372e4d4d0fa797b18e03ed1ace9017"},"headline":"Vacanze Romane, il sogno di vivere e respirare la storia","datePublished":"2009-02-03T11:12:16+00:00","dateModified":"2018-06-04T18:11:58+00:00","mainEntityOfPage":{"@id":"https:\/\/www.article-marketing.eu\/comunicati\/viaggi-e-vacanze\/vacanze-romane-il-sogno-di-vivere-e-respirare-la-storia\/"},"wordCount":554,"commentCount":0,"keywords":["bellezze architettoniche","chiese","feste romane","palazzi storici","roma"],"articleSection":["Viaggi e vacanze"],"inLanguage":"it-IT","potentialAction":[{"@type":"CommentAction","name":"Comment","target":["https:\/\/www.article-marketing.eu\/comunicati\/viaggi-e-vacanze\/vacanze-romane-il-sogno-di-vivere-e-respirare-la-storia\/#respond"]}]},{"@type":"WebPage","@id":"https:\/\/www.article-marketing.eu\/comunicati\/viaggi-e-vacanze\/vacanze-romane-il-sogno-di-vivere-e-respirare-la-storia\/","url":"https:\/\/www.article-marketing.eu\/comunicati\/viaggi-e-vacanze\/vacanze-romane-il-sogno-di-vivere-e-respirare-la-storia\/","name":"Vacanze Romane, il sogno di vivere e respirare la storia - Article Marketing","isPartOf":{"@id":"https:\/\/www.article-marketing.eu\/comunicati\/#website"},"datePublished":"2009-02-03T11:12:16+00:00","dateModified":"2018-06-04T18:11:58+00:00","author":{"@id":"https:\/\/www.article-marketing.eu\/comunicati\/#\/schema\/person\/44372e4d4d0fa797b18e03ed1ace9017"},"breadcrumb":{"@id":"https:\/\/www.article-marketing.eu\/comunicati\/viaggi-e-vacanze\/vacanze-romane-il-sogno-di-vivere-e-respirare-la-storia\/#breadcrumb"},"inLanguage":"it-IT","potentialAction":[{"@type":"ReadAction","target":["https:\/\/www.article-marketing.eu\/comunicati\/viaggi-e-vacanze\/vacanze-romane-il-sogno-di-vivere-e-respirare-la-storia\/"]}]},{"@type":"BreadcrumbList","@id":"https:\/\/www.article-marketing.eu\/comunicati\/viaggi-e-vacanze\/vacanze-romane-il-sogno-di-vivere-e-respirare-la-storia\/#breadcrumb","itemListElement":[{"@type":"ListItem","position":1,"name":"Home","item":"https:\/\/www.article-marketing.eu\/comunicati\/"},{"@type":"ListItem","position":2,"name":"Vacanze Romane, il sogno di vivere e respirare la storia"}]},{"@type":"WebSite","@id":"https:\/\/www.article-marketing.eu\/comunicati\/#website","url":"https:\/\/www.article-marketing.eu\/comunicati\/","name":"Article Marketing","description":"article marketing &amp; press release","potentialAction":[{"@type":"SearchAction","target":{"@type":"EntryPoint","urlTemplate":"https:\/\/www.article-marketing.eu\/comunicati\/?s={search_term_string}"},"query-input":{"@type":"PropertyValueSpecification","valueRequired":true,"valueName":"search_term_string"}}],"inLanguage":"it-IT"},{"@type":"Person","@id":"https:\/\/www.article-marketing.eu\/comunicati\/#\/schema\/person\/44372e4d4d0fa797b18e03ed1ace9017","name":"Redazione Comunicati Stampa","image":{"@type":"ImageObject","inLanguage":"it-IT","@id":"https:\/\/www.article-marketing.eu\/comunicati\/#\/schema\/person\/image\/","url":"https:\/\/secure.gravatar.com\/avatar\/50e5c6421d3072f42e7ace803501602c60d75233d34e29fd05feb91c8760b792?s=96&d=mm&r=g","contentUrl":"https:\/\/secure.gravatar.com\/avatar\/50e5c6421d3072f42e7ace803501602c60d75233d34e29fd05feb91c8760b792?s=96&d=mm&r=g","caption":"Redazione Comunicati Stampa"},"url":"https:\/\/www.article-marketing.eu\/comunicati\/author\/redazione-comunicati-stampa\/"}]}},"_links":{"self":[{"href":"https:\/\/www.article-marketing.eu\/comunicati\/wp-json\/wp\/v2\/posts\/1278","targetHints":{"allow":["GET"]}}],"collection":[{"href":"https:\/\/www.article-marketing.eu\/comunicati\/wp-json\/wp\/v2\/posts"}],"about":[{"href":"https:\/\/www.article-marketing.eu\/comunicati\/wp-json\/wp\/v2\/types\/post"}],"author":[{"embeddable":true,"href":"https:\/\/www.article-marketing.eu\/comunicati\/wp-json\/wp\/v2\/users\/10"}],"replies":[{"embeddable":true,"href":"https:\/\/www.article-marketing.eu\/comunicati\/wp-json\/wp\/v2\/comments?post=1278"}],"version-history":[{"count":1,"href":"https:\/\/www.article-marketing.eu\/comunicati\/wp-json\/wp\/v2\/posts\/1278\/revisions"}],"predecessor-version":[{"id":55307,"href":"https:\/\/www.article-marketing.eu\/comunicati\/wp-json\/wp\/v2\/posts\/1278\/revisions\/55307"}],"wp:attachment":[{"href":"https:\/\/www.article-marketing.eu\/comunicati\/wp-json\/wp\/v2\/media?parent=1278"}],"wp:term":[{"taxonomy":"category","embeddable":true,"href":"https:\/\/www.article-marketing.eu\/comunicati\/wp-json\/wp\/v2\/categories?post=1278"},{"taxonomy":"post_tag","embeddable":true,"href":"https:\/\/www.article-marketing.eu\/comunicati\/wp-json\/wp\/v2\/tags?post=1278"}],"curies":[{"name":"wp","href":"https:\/\/api.w.org\/{rel}","templated":true}]}}