{"id":12872,"date":"2011-02-16T17:54:43","date_gmt":"2011-02-16T16:54:43","guid":{"rendered":"http:\/\/www.article-marketing.eu\/comunicati\/senza-categoria\/parigi-da-film-2\/"},"modified":"2011-02-16T17:54:43","modified_gmt":"2011-02-16T16:54:43","slug":"parigi-da-film-2","status":"publish","type":"post","link":"https:\/\/www.article-marketing.eu\/comunicati\/arte-e-cultura\/cinema\/parigi-da-film-2\/","title":{"rendered":"Parigi da film"},"content":{"rendered":"<p>Da allora ne &egrave; passato di tempo e la bellissima Parigi &egrave; stata a sua volta sia set che protagonista di film che vi venivano girati. La lista sarebbe praticamente infinita, tre dei pi&ugrave; attuali e particolari sono sicuramente questi: Il favoloso mondo di Am&eacute;lie (2001) con Audrey Tautou The Truth About Charlie (2003) a sua volta remake di Sciarada (1963) con Audrey Hepburn e Cary Grant Before Sunset (2004) con Ethan Hawke e Julie Delpy, inaspettato seguito di Before Sunrise  Quest&rsquo;oggi vorrei soffermarmi proprio su quest&rsquo;ultimo film: Before Sunset e suggerirvi alcuni alcuni luoghi da visitare, riconoscibili da chi ha visto il film. Queste tappe, che si snodano principalmente tra l&rsquo;undicesimo ed il dodicesimo arrondissement, cio&egrave; i quartieri pi&ugrave; ad est di Parigi, rappresentano alcune mete per la visita di una Parigi insolita, o quanto meno fuori dai soliti percorsi dei turisti. Una passeggiata lungo la Promenade Plant&eacute;e, ad esempio, non pu&ograve; mancare nel curriculum del viaggiatore, amante del film. Questo caratteristico percorso, dedicato a chi ha il tempo per gustare la Parigi dei Parigini, &egrave; lungo quatto chilometri e mezzo ed attraversa in lunghezza tutto il dodicesimo arrondissement di Parigi. Originariamente una tratta ferroviaria sopraelevata, ora dismessa, &egrave; stata trasformata in una romantica passeggiata. Il tempo che impiegherete per vederla &egrave; di circa un&rsquo;ora.  Un luogo particolarmente caratteristico in cui fare una sosta &egrave; il &ldquo;Pure Cafe&rdquo; in 14 rue Jean-Mac&egrave;, nell&rsquo;undicesimo arrondissement, zona in cui si trovano i pi&ugrave; belli tra gli <a href=\"http:\/\/www.scoobit.com\/it\/hotel-parigi.html\" target=\"_self\" title=\"Hotel Parigi\">hotel di Parigi<\/a>, che &egrave; il caff&egrave; in cui Jesse (Ethan Hawke) e C&eacute;line (Julie Delpy) si fermano a parlare ad inizio film. I caff&egrave; di Parigi sono da sempre un&rsquo;istituzione e probabilmente uno dei luoghi in cui si pu&ograve; entrare in contatto davvero con l&rsquo;anima dei parigi, da sempre cos&igrave; riservati.  Il pomeriggio potrebbe essere dedicato ad un giro di Parigi lungo la Senna, magari partendo proprio da Quai de la Tournelle, come nel film. Quai de la Tournelle resta sulla rive Gauche pi&ugrave; o meno all&rsquo;altezza dell&rsquo;&Icirc;le Saint &ndash; Luis. Dal battello potrete ammirare splendidi paesaggi di Parigi (considerate che la Senna bagna dieci dei venti arrondissement della citt&agrave;), della piccola &Icirc;le de la Cit&eacute; (che &egrave; poi il nucleo originario di Parigi) e di Notre Dame de Paris. Una storia molto particolare su Notre Dame viene raccontata proprio da Jesse (Ethan Hawke): quando i tedeschi, che stavano occupavano Parigi, dovettero ritirarsi minarono Notre Dame con l&rsquo;intenzione di farla esplodere dopo la loro fuga. Partiti i reggimenti, lasciarono un soldato con il compito di farla saltare, ma il soldato &hellip; non pot&egrave; farlo. Rimase seduto a guardarla, colpito dalla sua incredibile bellezza. Cos&igrave; quando le truppe alleate arrivarono trovarono l&rsquo;esplosivo, ma la miccia non era stata infiammata. E trovarono la stessa situazione anche al Sacre Coeur e alla Tour Eiffel.  Se cercate un hotel Parigi negli arrondissement ad est, magari vicino a Notre Dame, il motore di ricerca Scoobit.com vi viene sicuramente in aiuto, baster&agrave; scrivere Parigi, Notre Dame e vi appariranno una lista di hotel, ordinati per distanza, tra cui scegliere. Allora sar&agrave; davvero possibile sentire la magia di Parigi e del film Before Sunset.<\/p>\n","protected":false},"excerpt":{"rendered":"<p>Parigi viene chiamata anche Ville Lumi\u00e8re, probabilmente perch\u00e9 fu una delle prime citt\u00e0 in cui fu introdotta l\u2019elettricit\u00e0. Il richiamo ai fratelli Lumi\u00e8re e alla loro invenzione (nell\u2019ormai lontano 1895) del \u201ccinematografo\u201d per\u00f2 \u00e8 automatico.<\/p>\n","protected":false},"author":10,"featured_media":0,"comment_status":"open","ping_status":"open","sticky":false,"template":"","format":"standard","meta":{"cybocfi_hide_featured_image":"","footnotes":""},"categories":[202],"tags":[],"class_list":["post-12872","post","type-post","status-publish","format-standard","hentry","category-cinema"],"yoast_head":"<!-- This site is optimized with the Yoast SEO plugin v27.0 - https:\/\/yoast.com\/product\/yoast-seo-wordpress\/ -->\n<title>Parigi da film - Article Marketing<\/title>\n<meta name=\"robots\" content=\"index, follow, max-snippet:-1, max-image-preview:large, max-video-preview:-1\" \/>\n<link rel=\"canonical\" href=\"https:\/\/www.article-marketing.eu\/comunicati\/arte-e-cultura\/cinema\/parigi-da-film-2\/\" \/>\n<meta property=\"og:locale\" content=\"it_IT\" \/>\n<meta property=\"og:type\" content=\"article\" \/>\n<meta property=\"og:title\" content=\"Parigi da film - Article Marketing\" \/>\n<meta property=\"og:description\" content=\"Parigi viene chiamata anche Ville Lumi\u00e8re, probabilmente perch\u00e9 fu una delle prime citt\u00e0 in cui fu introdotta l\u2019elettricit\u00e0. Il richiamo ai fratelli Lumi\u00e8re e alla loro invenzione (nell\u2019ormai lontano 1895) del \u201ccinematografo\u201d per\u00f2 \u00e8 automatico.\" \/>\n<meta property=\"og:url\" content=\"https:\/\/www.article-marketing.eu\/comunicati\/arte-e-cultura\/cinema\/parigi-da-film-2\/\" \/>\n<meta property=\"og:site_name\" content=\"Article Marketing\" \/>\n<meta property=\"article:published_time\" content=\"2011-02-16T16:54:43+00:00\" \/>\n<meta name=\"author\" content=\"Redazione Comunicati Stampa\" \/>\n<meta name=\"twitter:card\" content=\"summary_large_image\" \/>\n<meta name=\"twitter:label1\" content=\"Scritto da\" \/>\n\t<meta name=\"twitter:data1\" content=\"Redazione Comunicati Stampa\" \/>\n\t<meta name=\"twitter:label2\" content=\"Tempo di lettura stimato\" \/>\n\t<meta name=\"twitter:data2\" content=\"3 minuti\" \/>\n<script type=\"application\/ld+json\" class=\"yoast-schema-graph\">{\"@context\":\"https:\/\/schema.org\",\"@graph\":[{\"@type\":\"Article\",\"@id\":\"https:\/\/www.article-marketing.eu\/comunicati\/arte-e-cultura\/cinema\/parigi-da-film-2\/#article\",\"isPartOf\":{\"@id\":\"https:\/\/www.article-marketing.eu\/comunicati\/arte-e-cultura\/cinema\/parigi-da-film-2\/\"},\"author\":{\"name\":\"Redazione Comunicati Stampa\",\"@id\":\"https:\/\/www.article-marketing.eu\/comunicati\/#\/schema\/person\/44372e4d4d0fa797b18e03ed1ace9017\"},\"headline\":\"Parigi da film\",\"datePublished\":\"2011-02-16T16:54:43+00:00\",\"mainEntityOfPage\":{\"@id\":\"https:\/\/www.article-marketing.eu\/comunicati\/arte-e-cultura\/cinema\/parigi-da-film-2\/\"},\"wordCount\":571,\"commentCount\":0,\"articleSection\":[\"Cinema\"],\"inLanguage\":\"it-IT\",\"potentialAction\":[{\"@type\":\"CommentAction\",\"name\":\"Comment\",\"target\":[\"https:\/\/www.article-marketing.eu\/comunicati\/arte-e-cultura\/cinema\/parigi-da-film-2\/#respond\"]}]},{\"@type\":\"WebPage\",\"@id\":\"https:\/\/www.article-marketing.eu\/comunicati\/arte-e-cultura\/cinema\/parigi-da-film-2\/\",\"url\":\"https:\/\/www.article-marketing.eu\/comunicati\/arte-e-cultura\/cinema\/parigi-da-film-2\/\",\"name\":\"Parigi da film - Article Marketing\",\"isPartOf\":{\"@id\":\"https:\/\/www.article-marketing.eu\/comunicati\/#website\"},\"datePublished\":\"2011-02-16T16:54:43+00:00\",\"author\":{\"@id\":\"https:\/\/www.article-marketing.eu\/comunicati\/#\/schema\/person\/44372e4d4d0fa797b18e03ed1ace9017\"},\"breadcrumb\":{\"@id\":\"https:\/\/www.article-marketing.eu\/comunicati\/arte-e-cultura\/cinema\/parigi-da-film-2\/#breadcrumb\"},\"inLanguage\":\"it-IT\",\"potentialAction\":[{\"@type\":\"ReadAction\",\"target\":[\"https:\/\/www.article-marketing.eu\/comunicati\/arte-e-cultura\/cinema\/parigi-da-film-2\/\"]}]},{\"@type\":\"BreadcrumbList\",\"@id\":\"https:\/\/www.article-marketing.eu\/comunicati\/arte-e-cultura\/cinema\/parigi-da-film-2\/#breadcrumb\",\"itemListElement\":[{\"@type\":\"ListItem\",\"position\":1,\"name\":\"Home\",\"item\":\"https:\/\/www.article-marketing.eu\/comunicati\/\"},{\"@type\":\"ListItem\",\"position\":2,\"name\":\"Parigi da film\"}]},{\"@type\":\"WebSite\",\"@id\":\"https:\/\/www.article-marketing.eu\/comunicati\/#website\",\"url\":\"https:\/\/www.article-marketing.eu\/comunicati\/\",\"name\":\"Article Marketing\",\"description\":\"article marketing &amp; press release\",\"potentialAction\":[{\"@type\":\"SearchAction\",\"target\":{\"@type\":\"EntryPoint\",\"urlTemplate\":\"https:\/\/www.article-marketing.eu\/comunicati\/?s={search_term_string}\"},\"query-input\":{\"@type\":\"PropertyValueSpecification\",\"valueRequired\":true,\"valueName\":\"search_term_string\"}}],\"inLanguage\":\"it-IT\"},{\"@type\":\"Person\",\"@id\":\"https:\/\/www.article-marketing.eu\/comunicati\/#\/schema\/person\/44372e4d4d0fa797b18e03ed1ace9017\",\"name\":\"Redazione Comunicati Stampa\",\"image\":{\"@type\":\"ImageObject\",\"inLanguage\":\"it-IT\",\"@id\":\"https:\/\/www.article-marketing.eu\/comunicati\/#\/schema\/person\/image\/\",\"url\":\"https:\/\/secure.gravatar.com\/avatar\/50e5c6421d3072f42e7ace803501602c60d75233d34e29fd05feb91c8760b792?s=96&d=mm&r=g\",\"contentUrl\":\"https:\/\/secure.gravatar.com\/avatar\/50e5c6421d3072f42e7ace803501602c60d75233d34e29fd05feb91c8760b792?s=96&d=mm&r=g\",\"caption\":\"Redazione Comunicati Stampa\"},\"url\":\"https:\/\/www.article-marketing.eu\/comunicati\/author\/redazione-comunicati-stampa\/\"}]}<\/script>\n<!-- \/ Yoast SEO plugin. -->","yoast_head_json":{"title":"Parigi da film - Article Marketing","robots":{"index":"index","follow":"follow","max-snippet":"max-snippet:-1","max-image-preview":"max-image-preview:large","max-video-preview":"max-video-preview:-1"},"canonical":"https:\/\/www.article-marketing.eu\/comunicati\/arte-e-cultura\/cinema\/parigi-da-film-2\/","og_locale":"it_IT","og_type":"article","og_title":"Parigi da film - Article Marketing","og_description":"Parigi viene chiamata anche Ville Lumi\u00e8re, probabilmente perch\u00e9 fu una delle prime citt\u00e0 in cui fu introdotta l\u2019elettricit\u00e0. Il richiamo ai fratelli Lumi\u00e8re e alla loro invenzione (nell\u2019ormai lontano 1895) del \u201ccinematografo\u201d per\u00f2 \u00e8 automatico.","og_url":"https:\/\/www.article-marketing.eu\/comunicati\/arte-e-cultura\/cinema\/parigi-da-film-2\/","og_site_name":"Article Marketing","article_published_time":"2011-02-16T16:54:43+00:00","author":"Redazione Comunicati Stampa","twitter_card":"summary_large_image","twitter_misc":{"Scritto da":"Redazione Comunicati Stampa","Tempo di lettura stimato":"3 minuti"},"schema":{"@context":"https:\/\/schema.org","@graph":[{"@type":"Article","@id":"https:\/\/www.article-marketing.eu\/comunicati\/arte-e-cultura\/cinema\/parigi-da-film-2\/#article","isPartOf":{"@id":"https:\/\/www.article-marketing.eu\/comunicati\/arte-e-cultura\/cinema\/parigi-da-film-2\/"},"author":{"name":"Redazione Comunicati Stampa","@id":"https:\/\/www.article-marketing.eu\/comunicati\/#\/schema\/person\/44372e4d4d0fa797b18e03ed1ace9017"},"headline":"Parigi da film","datePublished":"2011-02-16T16:54:43+00:00","mainEntityOfPage":{"@id":"https:\/\/www.article-marketing.eu\/comunicati\/arte-e-cultura\/cinema\/parigi-da-film-2\/"},"wordCount":571,"commentCount":0,"articleSection":["Cinema"],"inLanguage":"it-IT","potentialAction":[{"@type":"CommentAction","name":"Comment","target":["https:\/\/www.article-marketing.eu\/comunicati\/arte-e-cultura\/cinema\/parigi-da-film-2\/#respond"]}]},{"@type":"WebPage","@id":"https:\/\/www.article-marketing.eu\/comunicati\/arte-e-cultura\/cinema\/parigi-da-film-2\/","url":"https:\/\/www.article-marketing.eu\/comunicati\/arte-e-cultura\/cinema\/parigi-da-film-2\/","name":"Parigi da film - Article Marketing","isPartOf":{"@id":"https:\/\/www.article-marketing.eu\/comunicati\/#website"},"datePublished":"2011-02-16T16:54:43+00:00","author":{"@id":"https:\/\/www.article-marketing.eu\/comunicati\/#\/schema\/person\/44372e4d4d0fa797b18e03ed1ace9017"},"breadcrumb":{"@id":"https:\/\/www.article-marketing.eu\/comunicati\/arte-e-cultura\/cinema\/parigi-da-film-2\/#breadcrumb"},"inLanguage":"it-IT","potentialAction":[{"@type":"ReadAction","target":["https:\/\/www.article-marketing.eu\/comunicati\/arte-e-cultura\/cinema\/parigi-da-film-2\/"]}]},{"@type":"BreadcrumbList","@id":"https:\/\/www.article-marketing.eu\/comunicati\/arte-e-cultura\/cinema\/parigi-da-film-2\/#breadcrumb","itemListElement":[{"@type":"ListItem","position":1,"name":"Home","item":"https:\/\/www.article-marketing.eu\/comunicati\/"},{"@type":"ListItem","position":2,"name":"Parigi da film"}]},{"@type":"WebSite","@id":"https:\/\/www.article-marketing.eu\/comunicati\/#website","url":"https:\/\/www.article-marketing.eu\/comunicati\/","name":"Article Marketing","description":"article marketing &amp; press release","potentialAction":[{"@type":"SearchAction","target":{"@type":"EntryPoint","urlTemplate":"https:\/\/www.article-marketing.eu\/comunicati\/?s={search_term_string}"},"query-input":{"@type":"PropertyValueSpecification","valueRequired":true,"valueName":"search_term_string"}}],"inLanguage":"it-IT"},{"@type":"Person","@id":"https:\/\/www.article-marketing.eu\/comunicati\/#\/schema\/person\/44372e4d4d0fa797b18e03ed1ace9017","name":"Redazione Comunicati Stampa","image":{"@type":"ImageObject","inLanguage":"it-IT","@id":"https:\/\/www.article-marketing.eu\/comunicati\/#\/schema\/person\/image\/","url":"https:\/\/secure.gravatar.com\/avatar\/50e5c6421d3072f42e7ace803501602c60d75233d34e29fd05feb91c8760b792?s=96&d=mm&r=g","contentUrl":"https:\/\/secure.gravatar.com\/avatar\/50e5c6421d3072f42e7ace803501602c60d75233d34e29fd05feb91c8760b792?s=96&d=mm&r=g","caption":"Redazione Comunicati Stampa"},"url":"https:\/\/www.article-marketing.eu\/comunicati\/author\/redazione-comunicati-stampa\/"}]}},"_links":{"self":[{"href":"https:\/\/www.article-marketing.eu\/comunicati\/wp-json\/wp\/v2\/posts\/12872","targetHints":{"allow":["GET"]}}],"collection":[{"href":"https:\/\/www.article-marketing.eu\/comunicati\/wp-json\/wp\/v2\/posts"}],"about":[{"href":"https:\/\/www.article-marketing.eu\/comunicati\/wp-json\/wp\/v2\/types\/post"}],"author":[{"embeddable":true,"href":"https:\/\/www.article-marketing.eu\/comunicati\/wp-json\/wp\/v2\/users\/10"}],"replies":[{"embeddable":true,"href":"https:\/\/www.article-marketing.eu\/comunicati\/wp-json\/wp\/v2\/comments?post=12872"}],"version-history":[{"count":0,"href":"https:\/\/www.article-marketing.eu\/comunicati\/wp-json\/wp\/v2\/posts\/12872\/revisions"}],"wp:attachment":[{"href":"https:\/\/www.article-marketing.eu\/comunicati\/wp-json\/wp\/v2\/media?parent=12872"}],"wp:term":[{"taxonomy":"category","embeddable":true,"href":"https:\/\/www.article-marketing.eu\/comunicati\/wp-json\/wp\/v2\/categories?post=12872"},{"taxonomy":"post_tag","embeddable":true,"href":"https:\/\/www.article-marketing.eu\/comunicati\/wp-json\/wp\/v2\/tags?post=12872"}],"curies":[{"name":"wp","href":"https:\/\/api.w.org\/{rel}","templated":true}]}}